{"id":1862,"date":"2020-10-14T14:58:57","date_gmt":"2020-10-14T17:58:57","guid":{"rendered":"https:\/\/tribunadapraia.com.br\/?p=1862"},"modified":"2020-10-14T15:01:46","modified_gmt":"2020-10-14T18:01:46","slug":"medica-silvia-cruz-inaugura-comite-central-em-pirambu-e-promete-uma-gestao-transparente","status":"publish","type":"post","link":"https:\/\/tribunadapraia.com.br\/?p=1862","title":{"rendered":"M\u00e9dica Silvia Cruz inaugura Comit\u00ea Central em Pirambu e promete uma gest\u00e3o transparente"},"content":{"rendered":"<p>A m\u00e9dica pediatra e candidata a prefeita pelo munic\u00edpio de Pirambu, Dra Silvia Cruz (PSB), com o slogan de campanha \u201cPirambu Livre\u201d, inaugurou no \u00faltimo domingo, 11, seu Comit\u00ea Central da Coliga\u00e7\u00e3o Uni\u00e3o para Reconstru\u00e7\u00e3o de Pirambu (PSB\/PSL), localizado na Avenida Augustinho Trindade, 126, Centro. O evento aconteceu seguindo os protocolos de sa\u00fade por conta da Covid-19, como o uso obrigat\u00f3rio de m\u00e1scaras, aferi\u00e7\u00e3o de temperatura e utiliza\u00e7\u00e3o de \u00e1lcool em gel.<\/p>\n<p>Antes da inaugura\u00e7\u00e3o, Dra Silvia Cruz fez caminhada pelas ruas da cidade ao lado do seu vice, Vado de Gago, de lideran\u00e7as comunit\u00e1rias e pol\u00edticas, da juventude, familiares, candidatos a vereadores, apoiadores e popula\u00e7\u00e3o. \u201cFoi um momento emocionante ao ver os jovens, adultos, e crian\u00e7as cantarem e curtirem o nosso jingle, chamarem meu nome e demonstrarem o quanto querem um munic\u00edpio livre do descaso e do desrespeito. Gestos estes que s\u00f3 me fortalece e me encoraja a continuar lutando por um futuro melhor para esse povo t\u00e3o sofrido e esquecido pelas autoridades\u201d, disse emocionada.<\/p>\n<p><img loading=\"lazy\" class=\"alignnone size-medium wp-image-1865\" src=\"https:\/\/tribunadapraia.com.br\/wp-content\/uploads\/2020\/10\/IMG-20201014-WA0085-300x225.jpg\" alt=\"\" width=\"300\" height=\"225\" srcset=\"https:\/\/tribunadapraia.com.br\/wp-content\/uploads\/2020\/10\/IMG-20201014-WA0085-300x225.jpg 300w, https:\/\/tribunadapraia.com.br\/wp-content\/uploads\/2020\/10\/IMG-20201014-WA0085-1024x768.jpg 1024w, https:\/\/tribunadapraia.com.br\/wp-content\/uploads\/2020\/10\/IMG-20201014-WA0085-768x576.jpg 768w, https:\/\/tribunadapraia.com.br\/wp-content\/uploads\/2020\/10\/IMG-20201014-WA0085.jpg 1280w\" sizes=\"(max-width: 300px) 100vw, 300px\" \/><\/p>\n<p>Em seu discurso, Dra Silvia Cruz reafirmou o compromisso de retomar o crescimento do munic\u00edpio. \u201cNossa gest\u00e3o ser\u00e1 transparente e pautada na educa\u00e7\u00e3o, sa\u00fade, agricultura, pesca e turismo de qualidade. Precisamos tirar Pirambu do atraso e do retrocesso, devolvendo ao povo uma cidade digna e com melhor qualidade de vida para todos\u201d, destacou.<\/p>\n<p>A solenidade de inaugura\u00e7\u00e3o contou com a participa\u00e7\u00e3o de 18 candidatos a vereador, que tamb\u00e9m discursaram durante o evento; do ex-secret\u00e1rio de Estado de Planejamento, Rosman Pereira e da suplente de deputada federal, Sueli Ouro.<\/p>\n<p>por Ascom | S\u00edlvia Cruz<\/p>\n","protected":false},"excerpt":{"rendered":"<p>A m\u00e9dica pediatra e candidata a prefeita pelo munic\u00edpio de Pirambu, Dra Silvia Cruz (PSB), com o slogan de campanha \u201cPirambu Livre\u201d, inaugurou no \u00faltimo domingo, 11, seu Comit\u00ea Central da Coliga\u00e7\u00e3o Uni\u00e3o para Reconstru\u00e7\u00e3o de Pirambu (PSB\/PSL), localizado na Avenida Augustinho Trindade, 126, Centro. O evento aconteceu seguindo os protocolos de sa\u00fade por conta da Covid-19, como o uso obrigat\u00f3rio de m\u00e1scaras, aferi\u00e7\u00e3o de temperatura e utiliza\u00e7\u00e3o de \u00e1lcool<\/p>\n","protected":false},"author":1,"featured_media":1863,"comment_status":"open","ping_status":"open","sticky":false,"template":"","format":"standard","meta":[],"categories":[18],"tags":[],"yoast_head":"<!-- This site is optimized with the Yoast SEO plugin v16.3 - https:\/\/yoast.com\/wordpress\/plugins\/seo\/ -->\n<title>M\u00e9dica Silvia Cruz inaugura Comit\u00ea Central em Pirambu e promete uma gest\u00e3o transparente - TRIBUNA DA PRAIA<\/title>\n<meta name=\"robots\" content=\"index, follow, max-snippet:-1, max-image-preview:large, max-video-preview:-1\" \/>\n<link rel=\"canonical\" href=\"https:\/\/tribunadapraia.com.br\/?p=1862\" \/>\n<meta property=\"og:locale\" content=\"pt_BR\" \/>\n<meta property=\"og:type\" content=\"article\" \/>\n<meta property=\"og:title\" content=\"M\u00e9dica Silvia Cruz inaugura Comit\u00ea Central em Pirambu e promete uma gest\u00e3o transparente - TRIBUNA DA PRAIA\" \/>\n<meta property=\"og:description\" content=\"A m\u00e9dica pediatra e candidata a prefeita pelo munic\u00edpio de Pirambu, Dra Silvia Cruz (PSB), com o slogan de campanha \u201cPirambu Livre\u201d, inaugurou no \u00faltimo domingo, 11, seu Comit\u00ea Central da Coliga\u00e7\u00e3o Uni\u00e3o para Reconstru\u00e7\u00e3o de Pirambu (PSB\/PSL), localizado na Avenida Augustinho Trindade, 126, Centro. O evento aconteceu seguindo os protocolos de sa\u00fade por conta da Covid-19, como o uso obrigat\u00f3rio de m\u00e1scaras, aferi\u00e7\u00e3o de temperatura e utiliza\u00e7\u00e3o de \u00e1lcool\" \/>\n<meta property=\"og:url\" content=\"https:\/\/tribunadapraia.com.br\/?p=1862\" \/>\n<meta property=\"og:site_name\" content=\"TRIBUNA DA PRAIA\" \/>\n<meta property=\"article:publisher\" content=\"https:\/\/www.facebook.com\/tribunadapraiaonline\/\" \/>\n<meta property=\"article:published_time\" content=\"2020-10-14T17:58:57+00:00\" \/>\n<meta property=\"article:modified_time\" content=\"2020-10-14T18:01:46+00:00\" \/>\n<meta property=\"og:image\" content=\"https:\/\/tribunadapraia.com.br\/wp-content\/uploads\/2020\/10\/IMG-20201014-WA0084.jpg\" \/>\n\t<meta property=\"og:image:width\" content=\"1200\" \/>\n\t<meta property=\"og:image:height\" content=\"800\" \/>\n<meta name=\"twitter:card\" content=\"summary_large_image\" \/>\n<meta name=\"twitter:creator\" content=\"@Claudomir21\" \/>\n<meta name=\"twitter:site\" content=\"@Claudomir21\" \/>\n<meta name=\"twitter:label1\" content=\"Est. tempo de leitura\">\n\t<meta name=\"twitter:data1\" content=\"1 minuto\">\n<script type=\"application\/ld+json\" class=\"yoast-schema-graph\">{\"@context\":\"https:\/\/schema.org\",\"@graph\":[{\"@type\":\"Organization\",\"@id\":\"https:\/\/tribunadapraia.com.br\/#organization\",\"name\":\"Tribuna da Praia\",\"url\":\"https:\/\/tribunadapraia.com.br\/\",\"sameAs\":[\"https:\/\/www.facebook.com\/tribunadapraiaonline\/\",\"https:\/\/www.instagram.com\/claudomirtavares\/\",\"https:\/\/www.youtube.com\/channel\/UCwQf80nxiMzCefAyjbp53Rw\",\"https:\/\/twitter.com\/Claudomir21\"],\"logo\":{\"@type\":\"ImageObject\",\"@id\":\"https:\/\/tribunadapraia.com.br\/#logo\",\"inLanguage\":\"pt-BR\",\"url\":\"https:\/\/tribunadapraia.com.br\/wp-content\/uploads\/2020\/02\/logo.png\",\"contentUrl\":\"https:\/\/tribunadapraia.com.br\/wp-content\/uploads\/2020\/02\/logo.png\",\"width\":501,\"height\":121,\"caption\":\"Tribuna da Praia\"},\"image\":{\"@id\":\"https:\/\/tribunadapraia.com.br\/#logo\"}},{\"@type\":\"WebSite\",\"@id\":\"https:\/\/tribunadapraia.com.br\/#website\",\"url\":\"https:\/\/tribunadapraia.com.br\/\",\"name\":\"TRIBUNA DA PRAIA\",\"description\":\"O 1\\u00ba jornal do interior de Sergipe na internet\",\"publisher\":{\"@id\":\"https:\/\/tribunadapraia.com.br\/#organization\"},\"potentialAction\":[{\"@type\":\"SearchAction\",\"target\":\"https:\/\/tribunadapraia.com.br\/?s={search_term_string}\",\"query-input\":\"required name=search_term_string\"}],\"inLanguage\":\"pt-BR\"},{\"@type\":\"ImageObject\",\"@id\":\"https:\/\/tribunadapraia.com.br\/?p=1862#primaryimage\",\"inLanguage\":\"pt-BR\",\"url\":\"https:\/\/tribunadapraia.com.br\/wp-content\/uploads\/2020\/10\/IMG-20201014-WA0084.jpg\",\"contentUrl\":\"https:\/\/tribunadapraia.com.br\/wp-content\/uploads\/2020\/10\/IMG-20201014-WA0084.jpg\",\"width\":1200,\"height\":800},{\"@type\":\"WebPage\",\"@id\":\"https:\/\/tribunadapraia.com.br\/?p=1862#webpage\",\"url\":\"https:\/\/tribunadapraia.com.br\/?p=1862\",\"name\":\"M\\u00e9dica Silvia Cruz inaugura Comit\\u00ea Central em Pirambu e promete uma gest\\u00e3o transparente - TRIBUNA DA PRAIA\",\"isPartOf\":{\"@id\":\"https:\/\/tribunadapraia.com.br\/#website\"},\"primaryImageOfPage\":{\"@id\":\"https:\/\/tribunadapraia.com.br\/?p=1862#primaryimage\"},\"datePublished\":\"2020-10-14T17:58:57+00:00\",\"dateModified\":\"2020-10-14T18:01:46+00:00\",\"breadcrumb\":{\"@id\":\"https:\/\/tribunadapraia.com.br\/?p=1862#breadcrumb\"},\"inLanguage\":\"pt-BR\",\"potentialAction\":[{\"@type\":\"ReadAction\",\"target\":[\"https:\/\/tribunadapraia.com.br\/?p=1862\"]}]},{\"@type\":\"BreadcrumbList\",\"@id\":\"https:\/\/tribunadapraia.com.br\/?p=1862#breadcrumb\",\"itemListElement\":[{\"@type\":\"ListItem\",\"position\":1,\"item\":{\"@type\":\"WebPage\",\"@id\":\"https:\/\/tribunadapraia.com.br\/\",\"url\":\"https:\/\/tribunadapraia.com.br\/\",\"name\":\"In\\u00edcio\"}},{\"@type\":\"ListItem\",\"position\":2,\"item\":{\"@id\":\"https:\/\/tribunadapraia.com.br\/?p=1862#webpage\"}}]},{\"@type\":\"Article\",\"@id\":\"https:\/\/tribunadapraia.com.br\/?p=1862#article\",\"isPartOf\":{\"@id\":\"https:\/\/tribunadapraia.com.br\/?p=1862#webpage\"},\"author\":{\"@id\":\"https:\/\/tribunadapraia.com.br\/#\/schema\/person\/326b0a9f3163b479142c64eba4928de0\"},\"headline\":\"M\\u00e9dica Silvia Cruz inaugura Comit\\u00ea Central em Pirambu e promete uma gest\\u00e3o transparente\",\"datePublished\":\"2020-10-14T17:58:57+00:00\",\"dateModified\":\"2020-10-14T18:01:46+00:00\",\"mainEntityOfPage\":{\"@id\":\"https:\/\/tribunadapraia.com.br\/?p=1862#webpage\"},\"wordCount\":298,\"commentCount\":0,\"publisher\":{\"@id\":\"https:\/\/tribunadapraia.com.br\/#organization\"},\"image\":{\"@id\":\"https:\/\/tribunadapraia.com.br\/?p=1862#primaryimage\"},\"thumbnailUrl\":\"https:\/\/tribunadapraia.com.br\/wp-content\/uploads\/2020\/10\/IMG-20201014-WA0084.jpg\",\"articleSection\":[\"Not\\u00edcias\"],\"inLanguage\":\"pt-BR\",\"potentialAction\":[{\"@type\":\"CommentAction\",\"name\":\"Comment\",\"target\":[\"https:\/\/tribunadapraia.com.br\/?p=1862#respond\"]}]},{\"@type\":\"Person\",\"@id\":\"https:\/\/tribunadapraia.com.br\/#\/schema\/person\/326b0a9f3163b479142c64eba4928de0\",\"name\":\"tribunadapraia\",\"image\":{\"@type\":\"ImageObject\",\"@id\":\"https:\/\/tribunadapraia.com.br\/#personlogo\",\"inLanguage\":\"pt-BR\",\"url\":\"https:\/\/secure.gravatar.com\/avatar\/38b019c74762496076b7355024a0dad9?s=96&d=identicon&r=g\",\"contentUrl\":\"https:\/\/secure.gravatar.com\/avatar\/38b019c74762496076b7355024a0dad9?s=96&d=identicon&r=g\",\"caption\":\"tribunadapraia\"}}]}<\/script>\n<!-- \/ Yoast SEO plugin. -->","wps_subtitle":"","_links":{"self":[{"href":"https:\/\/tribunadapraia.com.br\/index.php?rest_route=\/wp\/v2\/posts\/1862"}],"collection":[{"href":"https:\/\/tribunadapraia.com.br\/index.php?rest_route=\/wp\/v2\/posts"}],"about":[{"href":"https:\/\/tribunadapraia.com.br\/index.php?rest_route=\/wp\/v2\/types\/post"}],"author":[{"embeddable":true,"href":"https:\/\/tribunadapraia.com.br\/index.php?rest_route=\/wp\/v2\/users\/1"}],"replies":[{"embeddable":true,"href":"https:\/\/tribunadapraia.com.br\/index.php?rest_route=%2Fwp%2Fv2%2Fcomments&post=1862"}],"version-history":[{"count":3,"href":"https:\/\/tribunadapraia.com.br\/index.php?rest_route=\/wp\/v2\/posts\/1862\/revisions"}],"predecessor-version":[{"id":1867,"href":"https:\/\/tribunadapraia.com.br\/index.php?rest_route=\/wp\/v2\/posts\/1862\/revisions\/1867"}],"wp:featuredmedia":[{"embeddable":true,"href":"https:\/\/tribunadapraia.com.br\/index.php?rest_route=\/wp\/v2\/media\/1863"}],"wp:attachment":[{"href":"https:\/\/tribunadapraia.com.br\/index.php?rest_route=%2Fwp%2Fv2%2Fmedia&parent=1862"}],"wp:term":[{"taxonomy":"category","embeddable":true,"href":"https:\/\/tribunadapraia.com.br\/index.php?rest_route=%2Fwp%2Fv2%2Fcategories&post=1862"},{"taxonomy":"post_tag","embeddable":true,"href":"https:\/\/tribunadapraia.com.br\/index.php?rest_route=%2Fwp%2Fv2%2Ftags&post=1862"}],"curies":[{"name":"wp","href":"https:\/\/api.w.org\/{rel}","templated":true}]}}