{"id":1853,"date":"2020-10-12T20:02:14","date_gmt":"2020-10-12T23:02:14","guid":{"rendered":"https:\/\/tribunadapraia.com.br\/?p=1853"},"modified":"2020-10-12T20:17:18","modified_gmt":"2020-10-12T23:17:18","slug":"niltinho-mdb-realiza-a-sua-primeira-carreata-e-inaugura-comite","status":"publish","type":"post","link":"https:\/\/tribunadapraia.com.br\/?p=1853","title":{"rendered":"Niltinho (MDB) realiza a sua primeira carreata e inaugura comit\u00ea"},"content":{"rendered":"<p>Na \u00faltimo s\u00e1bado, 10, o candidato a prefeito de Pirambu, Niltinho (MDB), realizou uma carreata e finalizou o dia inaugurando o Comit\u00ea do MDB, localizado na Rua Jo\u00e3o Pereira do Nascimento (Rua da Lot\u00e9rica).<\/p>\n<p><img loading=\"lazy\" class=\"alignnone size-medium wp-image-1858\" src=\"https:\/\/tribunadapraia.com.br\/wp-content\/uploads\/2020\/10\/IMG-20201012-WA0103-300x200.jpg\" alt=\"\" width=\"300\" height=\"200\" srcset=\"https:\/\/tribunadapraia.com.br\/wp-content\/uploads\/2020\/10\/IMG-20201012-WA0103-300x200.jpg 300w, https:\/\/tribunadapraia.com.br\/wp-content\/uploads\/2020\/10\/IMG-20201012-WA0103-768x512.jpg 768w, https:\/\/tribunadapraia.com.br\/wp-content\/uploads\/2020\/10\/IMG-20201012-WA0103-600x400.jpg 600w, https:\/\/tribunadapraia.com.br\/wp-content\/uploads\/2020\/10\/IMG-20201012-WA0103-272x182.jpg 272w, https:\/\/tribunadapraia.com.br\/wp-content\/uploads\/2020\/10\/IMG-20201012-WA0103.jpg 1024w\" sizes=\"(max-width: 300px) 100vw, 300px\" \/><\/p>\n<p>Com passagem por todos os povoados do munic\u00edpio, a &#8216;Carreata Chegou a Hora de Mudar&#8217; foi acompanhada por centenas de pessoas em seus carros que vibravam com os jingles oficiais da campanha &#8211; j\u00e1 que andam fazendo bastante sucesso.<\/p>\n<ol>\n<li><img loading=\"lazy\" class=\"alignnone size-medium wp-image-1859\" src=\"https:\/\/tribunadapraia.com.br\/wp-content\/uploads\/2020\/10\/IMG-20201012-WA0105-300x200.jpg\" alt=\"\" width=\"300\" height=\"200\" srcset=\"https:\/\/tribunadapraia.com.br\/wp-content\/uploads\/2020\/10\/IMG-20201012-WA0105-300x200.jpg 300w, https:\/\/tribunadapraia.com.br\/wp-content\/uploads\/2020\/10\/IMG-20201012-WA0105-768x512.jpg 768w, https:\/\/tribunadapraia.com.br\/wp-content\/uploads\/2020\/10\/IMG-20201012-WA0105-600x400.jpg 600w, https:\/\/tribunadapraia.com.br\/wp-content\/uploads\/2020\/10\/IMG-20201012-WA0105-272x182.jpg 272w, https:\/\/tribunadapraia.com.br\/wp-content\/uploads\/2020\/10\/IMG-20201012-WA0105.jpg 1024w\" sizes=\"(max-width: 300px) 100vw, 300px\" \/><\/li>\n<\/ol>\n<p>Discursaram na abertura do comit\u00ea os 12 candidatos a vereadores do partido, o ex-prefeito de Pirambu, Dr. Nilton, o candidato a vice, Dr. Z\u00e9 Luiz e Niltinho.<\/p>\n<p>por Ascom | Niltinho<\/p>\n","protected":false},"excerpt":{"rendered":"<p>Na \u00faltimo s\u00e1bado, 10, o candidato a prefeito de Pirambu, Niltinho (MDB), realizou uma carreata e finalizou o dia inaugurando o Comit\u00ea do MDB, localizado na Rua Jo\u00e3o Pereira do Nascimento (Rua da Lot\u00e9rica). Com passagem por todos os povoados do munic\u00edpio, a &#8216;Carreata Chegou a Hora de Mudar&#8217; foi acompanhada por centenas de pessoas em seus carros que vibravam com os jingles oficiais da campanha &#8211; j\u00e1 que andam<\/p>\n","protected":false},"author":1,"featured_media":1856,"comment_status":"open","ping_status":"open","sticky":false,"template":"","format":"standard","meta":[],"categories":[18],"tags":[],"yoast_head":"<!-- This site is optimized with the Yoast SEO plugin v16.3 - https:\/\/yoast.com\/wordpress\/plugins\/seo\/ -->\n<title>Niltinho (MDB) realiza a sua primeira carreata e inaugura comit\u00ea - TRIBUNA DA PRAIA<\/title>\n<meta name=\"robots\" content=\"index, follow, max-snippet:-1, max-image-preview:large, max-video-preview:-1\" \/>\n<link rel=\"canonical\" href=\"https:\/\/tribunadapraia.com.br\/?p=1853\" \/>\n<meta property=\"og:locale\" content=\"pt_BR\" \/>\n<meta property=\"og:type\" content=\"article\" \/>\n<meta property=\"og:title\" content=\"Niltinho (MDB) realiza a sua primeira carreata e inaugura comit\u00ea - TRIBUNA DA PRAIA\" \/>\n<meta property=\"og:description\" content=\"Na \u00faltimo s\u00e1bado, 10, o candidato a prefeito de Pirambu, Niltinho (MDB), realizou uma carreata e finalizou o dia inaugurando o Comit\u00ea do MDB, localizado na Rua Jo\u00e3o Pereira do Nascimento (Rua da Lot\u00e9rica). Com passagem por todos os povoados do munic\u00edpio, a &#8216;Carreata Chegou a Hora de Mudar&#8217; foi acompanhada por centenas de pessoas em seus carros que vibravam com os jingles oficiais da campanha &#8211; j\u00e1 que andam\" \/>\n<meta property=\"og:url\" content=\"https:\/\/tribunadapraia.com.br\/?p=1853\" \/>\n<meta property=\"og:site_name\" content=\"TRIBUNA DA PRAIA\" \/>\n<meta property=\"article:publisher\" content=\"https:\/\/www.facebook.com\/tribunadapraiaonline\/\" \/>\n<meta property=\"article:published_time\" content=\"2020-10-12T23:02:14+00:00\" \/>\n<meta property=\"article:modified_time\" content=\"2020-10-12T23:17:18+00:00\" \/>\n<meta property=\"og:image\" content=\"https:\/\/tribunadapraia.com.br\/wp-content\/uploads\/2020\/10\/IMG-20201012-WA0101.jpg\" \/>\n\t<meta property=\"og:image:width\" content=\"1024\" \/>\n\t<meta property=\"og:image:height\" content=\"682\" \/>\n<meta name=\"twitter:card\" content=\"summary_large_image\" \/>\n<meta name=\"twitter:creator\" content=\"@Claudomir21\" \/>\n<meta name=\"twitter:site\" content=\"@Claudomir21\" \/>\n<meta name=\"twitter:label1\" content=\"Est. tempo de leitura\">\n\t<meta name=\"twitter:data1\" content=\"1 minuto\">\n<script type=\"application\/ld+json\" class=\"yoast-schema-graph\">{\"@context\":\"https:\/\/schema.org\",\"@graph\":[{\"@type\":\"Organization\",\"@id\":\"https:\/\/tribunadapraia.com.br\/#organization\",\"name\":\"Tribuna da Praia\",\"url\":\"https:\/\/tribunadapraia.com.br\/\",\"sameAs\":[\"https:\/\/www.facebook.com\/tribunadapraiaonline\/\",\"https:\/\/www.instagram.com\/claudomirtavares\/\",\"https:\/\/www.youtube.com\/channel\/UCwQf80nxiMzCefAyjbp53Rw\",\"https:\/\/twitter.com\/Claudomir21\"],\"logo\":{\"@type\":\"ImageObject\",\"@id\":\"https:\/\/tribunadapraia.com.br\/#logo\",\"inLanguage\":\"pt-BR\",\"url\":\"https:\/\/tribunadapraia.com.br\/wp-content\/uploads\/2020\/02\/logo.png\",\"contentUrl\":\"https:\/\/tribunadapraia.com.br\/wp-content\/uploads\/2020\/02\/logo.png\",\"width\":501,\"height\":121,\"caption\":\"Tribuna da Praia\"},\"image\":{\"@id\":\"https:\/\/tribunadapraia.com.br\/#logo\"}},{\"@type\":\"WebSite\",\"@id\":\"https:\/\/tribunadapraia.com.br\/#website\",\"url\":\"https:\/\/tribunadapraia.com.br\/\",\"name\":\"TRIBUNA DA PRAIA\",\"description\":\"O 1\\u00ba jornal do interior de Sergipe na internet\",\"publisher\":{\"@id\":\"https:\/\/tribunadapraia.com.br\/#organization\"},\"potentialAction\":[{\"@type\":\"SearchAction\",\"target\":\"https:\/\/tribunadapraia.com.br\/?s={search_term_string}\",\"query-input\":\"required name=search_term_string\"}],\"inLanguage\":\"pt-BR\"},{\"@type\":\"ImageObject\",\"@id\":\"https:\/\/tribunadapraia.com.br\/?p=1853#primaryimage\",\"inLanguage\":\"pt-BR\",\"url\":\"https:\/\/tribunadapraia.com.br\/wp-content\/uploads\/2020\/10\/IMG-20201012-WA0101.jpg\",\"contentUrl\":\"https:\/\/tribunadapraia.com.br\/wp-content\/uploads\/2020\/10\/IMG-20201012-WA0101.jpg\",\"width\":1024,\"height\":682},{\"@type\":\"WebPage\",\"@id\":\"https:\/\/tribunadapraia.com.br\/?p=1853#webpage\",\"url\":\"https:\/\/tribunadapraia.com.br\/?p=1853\",\"name\":\"Niltinho (MDB) realiza a sua primeira carreata e inaugura comit\\u00ea - TRIBUNA DA PRAIA\",\"isPartOf\":{\"@id\":\"https:\/\/tribunadapraia.com.br\/#website\"},\"primaryImageOfPage\":{\"@id\":\"https:\/\/tribunadapraia.com.br\/?p=1853#primaryimage\"},\"datePublished\":\"2020-10-12T23:02:14+00:00\",\"dateModified\":\"2020-10-12T23:17:18+00:00\",\"breadcrumb\":{\"@id\":\"https:\/\/tribunadapraia.com.br\/?p=1853#breadcrumb\"},\"inLanguage\":\"pt-BR\",\"potentialAction\":[{\"@type\":\"ReadAction\",\"target\":[\"https:\/\/tribunadapraia.com.br\/?p=1853\"]}]},{\"@type\":\"BreadcrumbList\",\"@id\":\"https:\/\/tribunadapraia.com.br\/?p=1853#breadcrumb\",\"itemListElement\":[{\"@type\":\"ListItem\",\"position\":1,\"item\":{\"@type\":\"WebPage\",\"@id\":\"https:\/\/tribunadapraia.com.br\/\",\"url\":\"https:\/\/tribunadapraia.com.br\/\",\"name\":\"In\\u00edcio\"}},{\"@type\":\"ListItem\",\"position\":2,\"item\":{\"@id\":\"https:\/\/tribunadapraia.com.br\/?p=1853#webpage\"}}]},{\"@type\":\"Article\",\"@id\":\"https:\/\/tribunadapraia.com.br\/?p=1853#article\",\"isPartOf\":{\"@id\":\"https:\/\/tribunadapraia.com.br\/?p=1853#webpage\"},\"author\":{\"@id\":\"https:\/\/tribunadapraia.com.br\/#\/schema\/person\/326b0a9f3163b479142c64eba4928de0\"},\"headline\":\"Niltinho (MDB) realiza a sua primeira carreata e inaugura comit\\u00ea\",\"datePublished\":\"2020-10-12T23:02:14+00:00\",\"dateModified\":\"2020-10-12T23:17:18+00:00\",\"mainEntityOfPage\":{\"@id\":\"https:\/\/tribunadapraia.com.br\/?p=1853#webpage\"},\"wordCount\":115,\"commentCount\":0,\"publisher\":{\"@id\":\"https:\/\/tribunadapraia.com.br\/#organization\"},\"image\":{\"@id\":\"https:\/\/tribunadapraia.com.br\/?p=1853#primaryimage\"},\"thumbnailUrl\":\"https:\/\/tribunadapraia.com.br\/wp-content\/uploads\/2020\/10\/IMG-20201012-WA0101.jpg\",\"articleSection\":[\"Not\\u00edcias\"],\"inLanguage\":\"pt-BR\",\"potentialAction\":[{\"@type\":\"CommentAction\",\"name\":\"Comment\",\"target\":[\"https:\/\/tribunadapraia.com.br\/?p=1853#respond\"]}]},{\"@type\":\"Person\",\"@id\":\"https:\/\/tribunadapraia.com.br\/#\/schema\/person\/326b0a9f3163b479142c64eba4928de0\",\"name\":\"tribunadapraia\",\"image\":{\"@type\":\"ImageObject\",\"@id\":\"https:\/\/tribunadapraia.com.br\/#personlogo\",\"inLanguage\":\"pt-BR\",\"url\":\"https:\/\/secure.gravatar.com\/avatar\/38b019c74762496076b7355024a0dad9?s=96&d=identicon&r=g\",\"contentUrl\":\"https:\/\/secure.gravatar.com\/avatar\/38b019c74762496076b7355024a0dad9?s=96&d=identicon&r=g\",\"caption\":\"tribunadapraia\"}}]}<\/script>\n<!-- \/ Yoast SEO plugin. -->","wps_subtitle":"","_links":{"self":[{"href":"https:\/\/tribunadapraia.com.br\/index.php?rest_route=\/wp\/v2\/posts\/1853"}],"collection":[{"href":"https:\/\/tribunadapraia.com.br\/index.php?rest_route=\/wp\/v2\/posts"}],"about":[{"href":"https:\/\/tribunadapraia.com.br\/index.php?rest_route=\/wp\/v2\/types\/post"}],"author":[{"embeddable":true,"href":"https:\/\/tribunadapraia.com.br\/index.php?rest_route=\/wp\/v2\/users\/1"}],"replies":[{"embeddable":true,"href":"https:\/\/tribunadapraia.com.br\/index.php?rest_route=%2Fwp%2Fv2%2Fcomments&post=1853"}],"version-history":[{"count":3,"href":"https:\/\/tribunadapraia.com.br\/index.php?rest_route=\/wp\/v2\/posts\/1853\/revisions"}],"predecessor-version":[{"id":1860,"href":"https:\/\/tribunadapraia.com.br\/index.php?rest_route=\/wp\/v2\/posts\/1853\/revisions\/1860"}],"wp:featuredmedia":[{"embeddable":true,"href":"https:\/\/tribunadapraia.com.br\/index.php?rest_route=\/wp\/v2\/media\/1856"}],"wp:attachment":[{"href":"https:\/\/tribunadapraia.com.br\/index.php?rest_route=%2Fwp%2Fv2%2Fmedia&parent=1853"}],"wp:term":[{"taxonomy":"category","embeddable":true,"href":"https:\/\/tribunadapraia.com.br\/index.php?rest_route=%2Fwp%2Fv2%2Fcategories&post=1853"},{"taxonomy":"post_tag","embeddable":true,"href":"https:\/\/tribunadapraia.com.br\/index.php?rest_route=%2Fwp%2Fv2%2Ftags&post=1853"}],"curies":[{"name":"wp","href":"https:\/\/api.w.org\/{rel}","templated":true}]}}