{"id":1847,"date":"2020-10-12T10:51:20","date_gmt":"2020-10-12T13:51:20","guid":{"rendered":"https:\/\/tribunadapraia.com.br\/?p=1847"},"modified":"2020-10-12T10:51:57","modified_gmt":"2020-10-12T13:51:57","slug":"feirantes-aprovam-revitalizacao-da-feira-de-propria-proposta-por-dr-valberto","status":"publish","type":"post","link":"https:\/\/tribunadapraia.com.br\/?p=1847","title":{"rendered":"Feirantes aprovam revitaliza\u00e7\u00e3o da feira de Propri\u00e1 proposta por Dr Valberto"},"content":{"rendered":"<p>Na manh\u00e3 deste s\u00e1bado, 10, o candidato a prefeito de Propri\u00e1 Dr. Valberto e seu vice Rafael Sandes estiveram na feira do munic\u00edpio conversando com os feirantes onde foram muito bem recebidos.<\/p>\n<p>Durante a visita Dr Valberto conversou com os comerciantes daquela \u00e1rea onde apresentou sua proposta de revitaliza\u00e7\u00e3o para feira que h\u00e1 15 anos n\u00e3o passa por uma reforma. Ele aproveitou para desmentir os boatos dos advers\u00e1rios de que quando assumisse a prefeitura iria tirar a feira de lugar. \u201cA feira vai continuar no mesmo lugar. O que vamos fazer \u00e9 uma revitaliza\u00e7\u00e3o desse espa\u00e7o. A nossa meta \u00e9 melhorar a vida dos feirantes, comerciantes e da popula\u00e7\u00e3o em geral que frequentam essa localidade,\u201d destacou Dr Valberto.<\/p>\n<p>Os feirantes foram unanimes em concordar que a feira de Propri\u00e1 permanece onde est\u00e1, mas \u00e9 urgente e necess\u00e1rio uma revitaliza\u00e7\u00e3o, um local para escoamento de pessoas que melhore a mobilidade desse espa\u00e7o. Dentre as propostas de governo do candidato para a essa localidade est\u00e1 o projeto \u201cSa\u00fade na Feira\u201d, onde Dr Valberto ir\u00e1 contratar uma equipe com ambul\u00e2ncia para garantir um bom atendimento a todos e tamb\u00e9m possibilitar aqueles que n\u00e3o tem tempo de ir nas unidades de sa\u00fade para fazer exames simples como teste de glicemia e aferi\u00e7\u00e3o de press\u00e3o, entre outros.<\/p>\n<p>por Ascom | Dr. Valberto<\/p>\n","protected":false},"excerpt":{"rendered":"<p>Na manh\u00e3 deste s\u00e1bado, 10, o candidato a prefeito de Propri\u00e1 Dr. Valberto e seu vice Rafael Sandes estiveram na feira do munic\u00edpio conversando com os feirantes onde foram muito bem recebidos. Durante a visita Dr Valberto conversou com os comerciantes daquela \u00e1rea onde apresentou sua proposta de revitaliza\u00e7\u00e3o para feira que h\u00e1 15 anos n\u00e3o passa por uma reforma. Ele aproveitou para desmentir os boatos dos advers\u00e1rios de que<\/p>\n","protected":false},"author":1,"featured_media":1848,"comment_status":"open","ping_status":"open","sticky":false,"template":"","format":"standard","meta":[],"categories":[18],"tags":[],"yoast_head":"<!-- This site is optimized with the Yoast SEO plugin v16.3 - https:\/\/yoast.com\/wordpress\/plugins\/seo\/ -->\n<title>Feirantes aprovam revitaliza\u00e7\u00e3o da feira de Propri\u00e1 proposta por Dr Valberto - TRIBUNA DA PRAIA<\/title>\n<meta name=\"robots\" content=\"index, follow, max-snippet:-1, max-image-preview:large, max-video-preview:-1\" \/>\n<link rel=\"canonical\" href=\"https:\/\/tribunadapraia.com.br\/?p=1847\" \/>\n<meta property=\"og:locale\" content=\"pt_BR\" \/>\n<meta property=\"og:type\" content=\"article\" \/>\n<meta property=\"og:title\" content=\"Feirantes aprovam revitaliza\u00e7\u00e3o da feira de Propri\u00e1 proposta por Dr Valberto - TRIBUNA DA PRAIA\" \/>\n<meta property=\"og:description\" content=\"Na manh\u00e3 deste s\u00e1bado, 10, o candidato a prefeito de Propri\u00e1 Dr. Valberto e seu vice Rafael Sandes estiveram na feira do munic\u00edpio conversando com os feirantes onde foram muito bem recebidos. Durante a visita Dr Valberto conversou com os comerciantes daquela \u00e1rea onde apresentou sua proposta de revitaliza\u00e7\u00e3o para feira que h\u00e1 15 anos n\u00e3o passa por uma reforma. Ele aproveitou para desmentir os boatos dos advers\u00e1rios de que\" \/>\n<meta property=\"og:url\" content=\"https:\/\/tribunadapraia.com.br\/?p=1847\" \/>\n<meta property=\"og:site_name\" content=\"TRIBUNA DA PRAIA\" \/>\n<meta property=\"article:publisher\" content=\"https:\/\/www.facebook.com\/tribunadapraiaonline\/\" \/>\n<meta property=\"article:published_time\" content=\"2020-10-12T13:51:20+00:00\" \/>\n<meta property=\"article:modified_time\" content=\"2020-10-12T13:51:57+00:00\" \/>\n<meta property=\"og:image\" content=\"https:\/\/tribunadapraia.com.br\/wp-content\/uploads\/2020\/10\/IMG-20201012-WA0030.jpg\" \/>\n\t<meta property=\"og:image:width\" content=\"1280\" \/>\n\t<meta property=\"og:image:height\" content=\"853\" \/>\n<meta name=\"twitter:card\" content=\"summary_large_image\" \/>\n<meta name=\"twitter:creator\" content=\"@Claudomir21\" \/>\n<meta name=\"twitter:site\" content=\"@Claudomir21\" \/>\n<meta name=\"twitter:label1\" content=\"Est. tempo de leitura\">\n\t<meta name=\"twitter:data1\" content=\"1 minuto\">\n<script type=\"application\/ld+json\" class=\"yoast-schema-graph\">{\"@context\":\"https:\/\/schema.org\",\"@graph\":[{\"@type\":\"Organization\",\"@id\":\"https:\/\/tribunadapraia.com.br\/#organization\",\"name\":\"Tribuna da Praia\",\"url\":\"https:\/\/tribunadapraia.com.br\/\",\"sameAs\":[\"https:\/\/www.facebook.com\/tribunadapraiaonline\/\",\"https:\/\/www.instagram.com\/claudomirtavares\/\",\"https:\/\/www.youtube.com\/channel\/UCwQf80nxiMzCefAyjbp53Rw\",\"https:\/\/twitter.com\/Claudomir21\"],\"logo\":{\"@type\":\"ImageObject\",\"@id\":\"https:\/\/tribunadapraia.com.br\/#logo\",\"inLanguage\":\"pt-BR\",\"url\":\"https:\/\/tribunadapraia.com.br\/wp-content\/uploads\/2020\/02\/logo.png\",\"contentUrl\":\"https:\/\/tribunadapraia.com.br\/wp-content\/uploads\/2020\/02\/logo.png\",\"width\":501,\"height\":121,\"caption\":\"Tribuna da Praia\"},\"image\":{\"@id\":\"https:\/\/tribunadapraia.com.br\/#logo\"}},{\"@type\":\"WebSite\",\"@id\":\"https:\/\/tribunadapraia.com.br\/#website\",\"url\":\"https:\/\/tribunadapraia.com.br\/\",\"name\":\"TRIBUNA DA PRAIA\",\"description\":\"O 1\\u00ba jornal do interior de Sergipe na internet\",\"publisher\":{\"@id\":\"https:\/\/tribunadapraia.com.br\/#organization\"},\"potentialAction\":[{\"@type\":\"SearchAction\",\"target\":\"https:\/\/tribunadapraia.com.br\/?s={search_term_string}\",\"query-input\":\"required name=search_term_string\"}],\"inLanguage\":\"pt-BR\"},{\"@type\":\"ImageObject\",\"@id\":\"https:\/\/tribunadapraia.com.br\/?p=1847#primaryimage\",\"inLanguage\":\"pt-BR\",\"url\":\"https:\/\/tribunadapraia.com.br\/wp-content\/uploads\/2020\/10\/IMG-20201012-WA0030.jpg\",\"contentUrl\":\"https:\/\/tribunadapraia.com.br\/wp-content\/uploads\/2020\/10\/IMG-20201012-WA0030.jpg\",\"width\":1280,\"height\":853},{\"@type\":\"WebPage\",\"@id\":\"https:\/\/tribunadapraia.com.br\/?p=1847#webpage\",\"url\":\"https:\/\/tribunadapraia.com.br\/?p=1847\",\"name\":\"Feirantes aprovam revitaliza\\u00e7\\u00e3o da feira de Propri\\u00e1 proposta por Dr Valberto - TRIBUNA DA PRAIA\",\"isPartOf\":{\"@id\":\"https:\/\/tribunadapraia.com.br\/#website\"},\"primaryImageOfPage\":{\"@id\":\"https:\/\/tribunadapraia.com.br\/?p=1847#primaryimage\"},\"datePublished\":\"2020-10-12T13:51:20+00:00\",\"dateModified\":\"2020-10-12T13:51:57+00:00\",\"breadcrumb\":{\"@id\":\"https:\/\/tribunadapraia.com.br\/?p=1847#breadcrumb\"},\"inLanguage\":\"pt-BR\",\"potentialAction\":[{\"@type\":\"ReadAction\",\"target\":[\"https:\/\/tribunadapraia.com.br\/?p=1847\"]}]},{\"@type\":\"BreadcrumbList\",\"@id\":\"https:\/\/tribunadapraia.com.br\/?p=1847#breadcrumb\",\"itemListElement\":[{\"@type\":\"ListItem\",\"position\":1,\"item\":{\"@type\":\"WebPage\",\"@id\":\"https:\/\/tribunadapraia.com.br\/\",\"url\":\"https:\/\/tribunadapraia.com.br\/\",\"name\":\"In\\u00edcio\"}},{\"@type\":\"ListItem\",\"position\":2,\"item\":{\"@id\":\"https:\/\/tribunadapraia.com.br\/?p=1847#webpage\"}}]},{\"@type\":\"Article\",\"@id\":\"https:\/\/tribunadapraia.com.br\/?p=1847#article\",\"isPartOf\":{\"@id\":\"https:\/\/tribunadapraia.com.br\/?p=1847#webpage\"},\"author\":{\"@id\":\"https:\/\/tribunadapraia.com.br\/#\/schema\/person\/326b0a9f3163b479142c64eba4928de0\"},\"headline\":\"Feirantes aprovam revitaliza\\u00e7\\u00e3o da feira de Propri\\u00e1 proposta por Dr Valberto\",\"datePublished\":\"2020-10-12T13:51:20+00:00\",\"dateModified\":\"2020-10-12T13:51:57+00:00\",\"mainEntityOfPage\":{\"@id\":\"https:\/\/tribunadapraia.com.br\/?p=1847#webpage\"},\"wordCount\":241,\"commentCount\":0,\"publisher\":{\"@id\":\"https:\/\/tribunadapraia.com.br\/#organization\"},\"image\":{\"@id\":\"https:\/\/tribunadapraia.com.br\/?p=1847#primaryimage\"},\"thumbnailUrl\":\"https:\/\/tribunadapraia.com.br\/wp-content\/uploads\/2020\/10\/IMG-20201012-WA0030.jpg\",\"articleSection\":[\"Not\\u00edcias\"],\"inLanguage\":\"pt-BR\",\"potentialAction\":[{\"@type\":\"CommentAction\",\"name\":\"Comment\",\"target\":[\"https:\/\/tribunadapraia.com.br\/?p=1847#respond\"]}]},{\"@type\":\"Person\",\"@id\":\"https:\/\/tribunadapraia.com.br\/#\/schema\/person\/326b0a9f3163b479142c64eba4928de0\",\"name\":\"tribunadapraia\",\"image\":{\"@type\":\"ImageObject\",\"@id\":\"https:\/\/tribunadapraia.com.br\/#personlogo\",\"inLanguage\":\"pt-BR\",\"url\":\"https:\/\/secure.gravatar.com\/avatar\/38b019c74762496076b7355024a0dad9?s=96&d=identicon&r=g\",\"contentUrl\":\"https:\/\/secure.gravatar.com\/avatar\/38b019c74762496076b7355024a0dad9?s=96&d=identicon&r=g\",\"caption\":\"tribunadapraia\"}}]}<\/script>\n<!-- \/ Yoast SEO plugin. -->","wps_subtitle":"","_links":{"self":[{"href":"https:\/\/tribunadapraia.com.br\/index.php?rest_route=\/wp\/v2\/posts\/1847"}],"collection":[{"href":"https:\/\/tribunadapraia.com.br\/index.php?rest_route=\/wp\/v2\/posts"}],"about":[{"href":"https:\/\/tribunadapraia.com.br\/index.php?rest_route=\/wp\/v2\/types\/post"}],"author":[{"embeddable":true,"href":"https:\/\/tribunadapraia.com.br\/index.php?rest_route=\/wp\/v2\/users\/1"}],"replies":[{"embeddable":true,"href":"https:\/\/tribunadapraia.com.br\/index.php?rest_route=%2Fwp%2Fv2%2Fcomments&post=1847"}],"version-history":[{"count":1,"href":"https:\/\/tribunadapraia.com.br\/index.php?rest_route=\/wp\/v2\/posts\/1847\/revisions"}],"predecessor-version":[{"id":1849,"href":"https:\/\/tribunadapraia.com.br\/index.php?rest_route=\/wp\/v2\/posts\/1847\/revisions\/1849"}],"wp:featuredmedia":[{"embeddable":true,"href":"https:\/\/tribunadapraia.com.br\/index.php?rest_route=\/wp\/v2\/media\/1848"}],"wp:attachment":[{"href":"https:\/\/tribunadapraia.com.br\/index.php?rest_route=%2Fwp%2Fv2%2Fmedia&parent=1847"}],"wp:term":[{"taxonomy":"category","embeddable":true,"href":"https:\/\/tribunadapraia.com.br\/index.php?rest_route=%2Fwp%2Fv2%2Fcategories&post=1847"},{"taxonomy":"post_tag","embeddable":true,"href":"https:\/\/tribunadapraia.com.br\/index.php?rest_route=%2Fwp%2Fv2%2Ftags&post=1847"}],"curies":[{"name":"wp","href":"https:\/\/api.w.org\/{rel}","templated":true}]}}