{"id":1839,"date":"2020-10-11T22:19:56","date_gmt":"2020-10-12T01:19:56","guid":{"rendered":"https:\/\/tribunadapraia.com.br\/?p=1839"},"modified":"2020-10-11T22:37:12","modified_gmt":"2020-10-12T01:37:12","slug":"clebio-gomes-inaugura-comite-eleitoral-com-gigante-onda-azul","status":"publish","type":"post","link":"https:\/\/tribunadapraia.com.br\/?p=1839","title":{"rendered":"Clebio Gomes inaugura comit\u00ea eleitoral com gigante onda azul"},"content":{"rendered":"<p>Seguindo as orienta\u00e7\u00f5es das autoridades sanit\u00e1rias, o candidato Clebio Gomes deu in\u00edcio \u00e0s atividades do comit\u00ea localizado na rua da Palmeira<\/p>\n<p>A tarde deste domingo (11) foi de festa para Pirambu com a abertura do Espa\u00e7o do Povo, da coliga\u00e7\u00e3o \u201cPirambu nas m\u00e3os do povo\u201d. A inaugura\u00e7\u00e3o contou com a presen\u00e7a dos candidatos a vereadores, correligion\u00e1rios e da popula\u00e7\u00e3o que, abrilhantou o evento formando uma gigante onda azul.<\/p>\n<p>A agenda come\u00e7ou com uma caminhada pelas ruas da cidade. Clebio junto com Deda seu candidato a vice-prefeito e da sua esposa Cristiane Gomes receberam o carinho dos eleitores, desde os mais jovens at\u00e9 pessoas da terceira idade. E finalizou na rua das Palmeiras com a abertura do comit\u00ea.<\/p>\n<p>\u201cEstamos inaugurando um espa\u00e7o democr\u00e1tico, aqui ser\u00e1 o elo de liga\u00e7\u00e3o entre mim e a popula\u00e7\u00e3o. Vamos falar de nossas propostas e tamb\u00e9m ouvir os eleitores. Este local servir\u00e1 de refer\u00eancia para informa\u00e7\u00f5es. Com a ajuda do povo, vamos recolocar Pirambu no lugar certo, nosso povo merece viver com dignidade. Enfatizou Clebio Gomes.<\/p>\n<p>O candidato a vice-prefeito destacou que foi dada a largada da caminhada da vit\u00f3ria. \u201cCom a inaugura\u00e7\u00e3o do nosso comit\u00ea ficou evidente que dia 15 de novembro Pirambu ter\u00e1 uma nova administra\u00e7\u00e3o, ningu\u00e9m aguenta mais essa situa\u00e7\u00e3o que vivemos aqui. Em 2021 Pirambu vai saber o que \u00e9 ter uma gest\u00e3o formada pelo povo e que vai trabalhar pelo povo\u201d. Declarou o candidato Deda.<\/p>\n<p>\u201cMeu cora\u00e7\u00e3o est\u00e1 cheio de alegria e satisfa\u00e7\u00e3o de ver nosso grupo receber tanto carinho e apoio. S\u00f3 senti falta mesmo de ver os sorrisos, mas tenho certeza que eles estavam por tr\u00e1s das m\u00e1scaras. O povo sabe que somos moradores de Pirambu e que vivemos dia a dia as dificuldades enfrentadas em nosso munic\u00edpio, sabe do nosso compromisso, sabe que n\u00e3o estamos em Pirambu de passagem apenas para fazer campanha pol\u00edtica e depois desaparecer. S\u00f3 tenho a agradecer aos meus conterr\u00e2neos por este lindo momento que tivemos hoje. Finalizou Cristiane Gomes, presidente municipal do Partido Social Democr\u00e1tico (PSD).<\/p>\n<p>por Ascom | Cl\u00e9bio Gomes<\/p>\n","protected":false},"excerpt":{"rendered":"<p>Seguindo as orienta\u00e7\u00f5es das autoridades sanit\u00e1rias, o candidato Clebio Gomes deu in\u00edcio \u00e0s atividades do comit\u00ea localizado na rua da Palmeira A tarde deste domingo (11) foi de festa para Pirambu com a abertura do Espa\u00e7o do Povo, da coliga\u00e7\u00e3o \u201cPirambu nas m\u00e3os do povo\u201d. A inaugura\u00e7\u00e3o contou com a presen\u00e7a dos candidatos a vereadores, correligion\u00e1rios e da popula\u00e7\u00e3o que, abrilhantou o evento formando uma gigante onda azul. A agenda<\/p>\n","protected":false},"author":1,"featured_media":1841,"comment_status":"open","ping_status":"open","sticky":false,"template":"","format":"standard","meta":[],"categories":[18],"tags":[],"yoast_head":"<!-- This site is optimized with the Yoast SEO plugin v16.3 - https:\/\/yoast.com\/wordpress\/plugins\/seo\/ -->\n<title>Clebio Gomes inaugura comit\u00ea eleitoral com gigante onda azul - TRIBUNA DA PRAIA<\/title>\n<meta name=\"robots\" content=\"index, follow, max-snippet:-1, max-image-preview:large, max-video-preview:-1\" \/>\n<link rel=\"canonical\" href=\"https:\/\/tribunadapraia.com.br\/?p=1839\" \/>\n<meta property=\"og:locale\" content=\"pt_BR\" \/>\n<meta property=\"og:type\" content=\"article\" \/>\n<meta property=\"og:title\" content=\"Clebio Gomes inaugura comit\u00ea eleitoral com gigante onda azul - TRIBUNA DA PRAIA\" \/>\n<meta property=\"og:description\" content=\"Seguindo as orienta\u00e7\u00f5es das autoridades sanit\u00e1rias, o candidato Clebio Gomes deu in\u00edcio \u00e0s atividades do comit\u00ea localizado na rua da Palmeira A tarde deste domingo (11) foi de festa para Pirambu com a abertura do Espa\u00e7o do Povo, da coliga\u00e7\u00e3o \u201cPirambu nas m\u00e3os do povo\u201d. A inaugura\u00e7\u00e3o contou com a presen\u00e7a dos candidatos a vereadores, correligion\u00e1rios e da popula\u00e7\u00e3o que, abrilhantou o evento formando uma gigante onda azul. A agenda\" \/>\n<meta property=\"og:url\" content=\"https:\/\/tribunadapraia.com.br\/?p=1839\" \/>\n<meta property=\"og:site_name\" content=\"TRIBUNA DA PRAIA\" \/>\n<meta property=\"article:publisher\" content=\"https:\/\/www.facebook.com\/tribunadapraiaonline\/\" \/>\n<meta property=\"article:published_time\" content=\"2020-10-12T01:19:56+00:00\" \/>\n<meta property=\"article:modified_time\" content=\"2020-10-12T01:37:12+00:00\" \/>\n<meta property=\"og:image\" content=\"https:\/\/tribunadapraia.com.br\/wp-content\/uploads\/2020\/10\/IMG-20201011-WA0072.jpg\" \/>\n\t<meta property=\"og:image:width\" content=\"1024\" \/>\n\t<meta property=\"og:image:height\" content=\"768\" \/>\n<meta name=\"twitter:card\" content=\"summary_large_image\" \/>\n<meta name=\"twitter:creator\" content=\"@Claudomir21\" \/>\n<meta name=\"twitter:site\" content=\"@Claudomir21\" \/>\n<meta name=\"twitter:label1\" content=\"Est. tempo de leitura\">\n\t<meta name=\"twitter:data1\" content=\"2 minutos\">\n<script type=\"application\/ld+json\" class=\"yoast-schema-graph\">{\"@context\":\"https:\/\/schema.org\",\"@graph\":[{\"@type\":\"Organization\",\"@id\":\"https:\/\/tribunadapraia.com.br\/#organization\",\"name\":\"Tribuna da Praia\",\"url\":\"https:\/\/tribunadapraia.com.br\/\",\"sameAs\":[\"https:\/\/www.facebook.com\/tribunadapraiaonline\/\",\"https:\/\/www.instagram.com\/claudomirtavares\/\",\"https:\/\/www.youtube.com\/channel\/UCwQf80nxiMzCefAyjbp53Rw\",\"https:\/\/twitter.com\/Claudomir21\"],\"logo\":{\"@type\":\"ImageObject\",\"@id\":\"https:\/\/tribunadapraia.com.br\/#logo\",\"inLanguage\":\"pt-BR\",\"url\":\"https:\/\/tribunadapraia.com.br\/wp-content\/uploads\/2020\/02\/logo.png\",\"contentUrl\":\"https:\/\/tribunadapraia.com.br\/wp-content\/uploads\/2020\/02\/logo.png\",\"width\":501,\"height\":121,\"caption\":\"Tribuna da Praia\"},\"image\":{\"@id\":\"https:\/\/tribunadapraia.com.br\/#logo\"}},{\"@type\":\"WebSite\",\"@id\":\"https:\/\/tribunadapraia.com.br\/#website\",\"url\":\"https:\/\/tribunadapraia.com.br\/\",\"name\":\"TRIBUNA DA PRAIA\",\"description\":\"O 1\\u00ba jornal do interior de Sergipe na internet\",\"publisher\":{\"@id\":\"https:\/\/tribunadapraia.com.br\/#organization\"},\"potentialAction\":[{\"@type\":\"SearchAction\",\"target\":\"https:\/\/tribunadapraia.com.br\/?s={search_term_string}\",\"query-input\":\"required name=search_term_string\"}],\"inLanguage\":\"pt-BR\"},{\"@type\":\"ImageObject\",\"@id\":\"https:\/\/tribunadapraia.com.br\/?p=1839#primaryimage\",\"inLanguage\":\"pt-BR\",\"url\":\"https:\/\/tribunadapraia.com.br\/wp-content\/uploads\/2020\/10\/IMG-20201011-WA0072.jpg\",\"contentUrl\":\"https:\/\/tribunadapraia.com.br\/wp-content\/uploads\/2020\/10\/IMG-20201011-WA0072.jpg\",\"width\":1024,\"height\":768},{\"@type\":\"WebPage\",\"@id\":\"https:\/\/tribunadapraia.com.br\/?p=1839#webpage\",\"url\":\"https:\/\/tribunadapraia.com.br\/?p=1839\",\"name\":\"Clebio Gomes inaugura comit\\u00ea eleitoral com gigante onda azul - TRIBUNA DA PRAIA\",\"isPartOf\":{\"@id\":\"https:\/\/tribunadapraia.com.br\/#website\"},\"primaryImageOfPage\":{\"@id\":\"https:\/\/tribunadapraia.com.br\/?p=1839#primaryimage\"},\"datePublished\":\"2020-10-12T01:19:56+00:00\",\"dateModified\":\"2020-10-12T01:37:12+00:00\",\"breadcrumb\":{\"@id\":\"https:\/\/tribunadapraia.com.br\/?p=1839#breadcrumb\"},\"inLanguage\":\"pt-BR\",\"potentialAction\":[{\"@type\":\"ReadAction\",\"target\":[\"https:\/\/tribunadapraia.com.br\/?p=1839\"]}]},{\"@type\":\"BreadcrumbList\",\"@id\":\"https:\/\/tribunadapraia.com.br\/?p=1839#breadcrumb\",\"itemListElement\":[{\"@type\":\"ListItem\",\"position\":1,\"item\":{\"@type\":\"WebPage\",\"@id\":\"https:\/\/tribunadapraia.com.br\/\",\"url\":\"https:\/\/tribunadapraia.com.br\/\",\"name\":\"In\\u00edcio\"}},{\"@type\":\"ListItem\",\"position\":2,\"item\":{\"@id\":\"https:\/\/tribunadapraia.com.br\/?p=1839#webpage\"}}]},{\"@type\":\"Article\",\"@id\":\"https:\/\/tribunadapraia.com.br\/?p=1839#article\",\"isPartOf\":{\"@id\":\"https:\/\/tribunadapraia.com.br\/?p=1839#webpage\"},\"author\":{\"@id\":\"https:\/\/tribunadapraia.com.br\/#\/schema\/person\/326b0a9f3163b479142c64eba4928de0\"},\"headline\":\"Clebio Gomes inaugura comit\\u00ea eleitoral com gigante onda azul\",\"datePublished\":\"2020-10-12T01:19:56+00:00\",\"dateModified\":\"2020-10-12T01:37:12+00:00\",\"mainEntityOfPage\":{\"@id\":\"https:\/\/tribunadapraia.com.br\/?p=1839#webpage\"},\"wordCount\":376,\"commentCount\":0,\"publisher\":{\"@id\":\"https:\/\/tribunadapraia.com.br\/#organization\"},\"image\":{\"@id\":\"https:\/\/tribunadapraia.com.br\/?p=1839#primaryimage\"},\"thumbnailUrl\":\"https:\/\/tribunadapraia.com.br\/wp-content\/uploads\/2020\/10\/IMG-20201011-WA0072.jpg\",\"articleSection\":[\"Not\\u00edcias\"],\"inLanguage\":\"pt-BR\",\"potentialAction\":[{\"@type\":\"CommentAction\",\"name\":\"Comment\",\"target\":[\"https:\/\/tribunadapraia.com.br\/?p=1839#respond\"]}]},{\"@type\":\"Person\",\"@id\":\"https:\/\/tribunadapraia.com.br\/#\/schema\/person\/326b0a9f3163b479142c64eba4928de0\",\"name\":\"tribunadapraia\",\"image\":{\"@type\":\"ImageObject\",\"@id\":\"https:\/\/tribunadapraia.com.br\/#personlogo\",\"inLanguage\":\"pt-BR\",\"url\":\"https:\/\/secure.gravatar.com\/avatar\/38b019c74762496076b7355024a0dad9?s=96&d=identicon&r=g\",\"contentUrl\":\"https:\/\/secure.gravatar.com\/avatar\/38b019c74762496076b7355024a0dad9?s=96&d=identicon&r=g\",\"caption\":\"tribunadapraia\"}}]}<\/script>\n<!-- \/ Yoast SEO plugin. -->","wps_subtitle":"","_links":{"self":[{"href":"https:\/\/tribunadapraia.com.br\/index.php?rest_route=\/wp\/v2\/posts\/1839"}],"collection":[{"href":"https:\/\/tribunadapraia.com.br\/index.php?rest_route=\/wp\/v2\/posts"}],"about":[{"href":"https:\/\/tribunadapraia.com.br\/index.php?rest_route=\/wp\/v2\/types\/post"}],"author":[{"embeddable":true,"href":"https:\/\/tribunadapraia.com.br\/index.php?rest_route=\/wp\/v2\/users\/1"}],"replies":[{"embeddable":true,"href":"https:\/\/tribunadapraia.com.br\/index.php?rest_route=%2Fwp%2Fv2%2Fcomments&post=1839"}],"version-history":[{"count":4,"href":"https:\/\/tribunadapraia.com.br\/index.php?rest_route=\/wp\/v2\/posts\/1839\/revisions"}],"predecessor-version":[{"id":1846,"href":"https:\/\/tribunadapraia.com.br\/index.php?rest_route=\/wp\/v2\/posts\/1839\/revisions\/1846"}],"wp:featuredmedia":[{"embeddable":true,"href":"https:\/\/tribunadapraia.com.br\/index.php?rest_route=\/wp\/v2\/media\/1841"}],"wp:attachment":[{"href":"https:\/\/tribunadapraia.com.br\/index.php?rest_route=%2Fwp%2Fv2%2Fmedia&parent=1839"}],"wp:term":[{"taxonomy":"category","embeddable":true,"href":"https:\/\/tribunadapraia.com.br\/index.php?rest_route=%2Fwp%2Fv2%2Fcategories&post=1839"},{"taxonomy":"post_tag","embeddable":true,"href":"https:\/\/tribunadapraia.com.br\/index.php?rest_route=%2Fwp%2Fv2%2Ftags&post=1839"}],"curies":[{"name":"wp","href":"https:\/\/api.w.org\/{rel}","templated":true}]}}