{"id":1831,"date":"2020-10-06T13:01:23","date_gmt":"2020-10-06T16:01:23","guid":{"rendered":"https:\/\/tribunadapraia.com.br\/?p=1831"},"modified":"2020-10-06T13:02:12","modified_gmt":"2020-10-06T16:02:12","slug":"propria-dr-valberto-realizou-grande-carreata-pelas-ruas-da-cidade","status":"publish","type":"post","link":"https:\/\/tribunadapraia.com.br\/?p=1831","title":{"rendered":"Propri\u00e1: Dr Valberto realizou grande carreata pelas ruas da cidade"},"content":{"rendered":"<p dir=\"ltr\">No \u00faltimo s\u00e1bado, 03, o candidato a prefeito de Propri\u00e1 Dr Valberto e seu vice Rafael Sandes, realizaram uma grande carreata pelas ruas da cidade. Durante todo o dia eles fizeram o adesiva\u00e7o, a cada momento mais carros se juntavam para mostrar seu apoio a coliga\u00e7\u00e3o \u201cesperan\u00e7a na mudan\u00e7a\u201d.\u00a0 Por onde passaram foram recebidos com alegria por crian\u00e7as, jovens, adultos e idosos e todos fazendo o V com as m\u00e3os, marca registrada dos candidatos. A noite foi encerrada com a inaugura\u00e7\u00e3o do comit\u00ea.<\/p>\n<p dir=\"ltr\">Uma das coisas que mais chamou a aten\u00e7\u00e3o foi a quantidade de jovens presentes na carreata de Dr. Valberto e seu vice Rafael Sandes, mostrando que na cidade os jovens s\u00e3o participativos e antenados com a pol\u00edtica. Al\u00e9m da galera que estava participando da imensa carreata os candidatos foram recebidos com muita alegria pelos jovens que estavam na orla da cidade. Em qualquer dire\u00e7\u00e3o que se olhasse tinha pessoas com as m\u00e3os levantadas fazendo o tradicional V dos candidatos, a alegria realmente tomou conta da cidade.<\/p>\n<p dir=\"ltr\"><i>por Herieta Shuster | Ascom<\/i><\/p>\n","protected":false},"excerpt":{"rendered":"<p>No \u00faltimo s\u00e1bado, 03, o candidato a prefeito de Propri\u00e1 Dr Valberto e seu vice Rafael Sandes, realizaram uma grande carreata pelas ruas da cidade. Durante todo o dia eles fizeram o adesiva\u00e7o, a cada momento mais carros se juntavam para mostrar seu apoio a coliga\u00e7\u00e3o \u201cesperan\u00e7a na mudan\u00e7a\u201d.\u00a0 Por onde passaram foram recebidos com alegria por crian\u00e7as, jovens, adultos e idosos e todos fazendo o V com as m\u00e3os,<\/p>\n","protected":false},"author":1,"featured_media":1832,"comment_status":"open","ping_status":"open","sticky":false,"template":"","format":"standard","meta":[],"categories":[18],"tags":[],"yoast_head":"<!-- This site is optimized with the Yoast SEO plugin v16.3 - https:\/\/yoast.com\/wordpress\/plugins\/seo\/ -->\n<title>Propri\u00e1: Dr Valberto realizou grande carreata pelas ruas da cidade - TRIBUNA DA PRAIA<\/title>\n<meta name=\"robots\" content=\"index, follow, max-snippet:-1, max-image-preview:large, max-video-preview:-1\" \/>\n<link rel=\"canonical\" href=\"https:\/\/tribunadapraia.com.br\/?p=1831\" \/>\n<meta property=\"og:locale\" content=\"pt_BR\" \/>\n<meta property=\"og:type\" content=\"article\" \/>\n<meta property=\"og:title\" content=\"Propri\u00e1: Dr Valberto realizou grande carreata pelas ruas da cidade - TRIBUNA DA PRAIA\" \/>\n<meta property=\"og:description\" content=\"No \u00faltimo s\u00e1bado, 03, o candidato a prefeito de Propri\u00e1 Dr Valberto e seu vice Rafael Sandes, realizaram uma grande carreata pelas ruas da cidade. Durante todo o dia eles fizeram o adesiva\u00e7o, a cada momento mais carros se juntavam para mostrar seu apoio a coliga\u00e7\u00e3o \u201cesperan\u00e7a na mudan\u00e7a\u201d.\u00a0 Por onde passaram foram recebidos com alegria por crian\u00e7as, jovens, adultos e idosos e todos fazendo o V com as m\u00e3os,\" \/>\n<meta property=\"og:url\" content=\"https:\/\/tribunadapraia.com.br\/?p=1831\" \/>\n<meta property=\"og:site_name\" content=\"TRIBUNA DA PRAIA\" \/>\n<meta property=\"article:publisher\" content=\"https:\/\/www.facebook.com\/tribunadapraiaonline\/\" \/>\n<meta property=\"article:published_time\" content=\"2020-10-06T16:01:23+00:00\" \/>\n<meta property=\"article:modified_time\" content=\"2020-10-06T16:02:12+00:00\" \/>\n<meta property=\"og:image\" content=\"https:\/\/tribunadapraia.com.br\/wp-content\/uploads\/2020\/10\/IMG-20201006-WA0064.jpg\" \/>\n\t<meta property=\"og:image:width\" content=\"1280\" \/>\n\t<meta property=\"og:image:height\" content=\"850\" \/>\n<meta name=\"twitter:card\" content=\"summary_large_image\" \/>\n<meta name=\"twitter:creator\" content=\"@Claudomir21\" \/>\n<meta name=\"twitter:site\" content=\"@Claudomir21\" \/>\n<meta name=\"twitter:label1\" content=\"Est. tempo de leitura\">\n\t<meta name=\"twitter:data1\" content=\"1 minuto\">\n<script type=\"application\/ld+json\" class=\"yoast-schema-graph\">{\"@context\":\"https:\/\/schema.org\",\"@graph\":[{\"@type\":\"Organization\",\"@id\":\"https:\/\/tribunadapraia.com.br\/#organization\",\"name\":\"Tribuna da Praia\",\"url\":\"https:\/\/tribunadapraia.com.br\/\",\"sameAs\":[\"https:\/\/www.facebook.com\/tribunadapraiaonline\/\",\"https:\/\/www.instagram.com\/claudomirtavares\/\",\"https:\/\/www.youtube.com\/channel\/UCwQf80nxiMzCefAyjbp53Rw\",\"https:\/\/twitter.com\/Claudomir21\"],\"logo\":{\"@type\":\"ImageObject\",\"@id\":\"https:\/\/tribunadapraia.com.br\/#logo\",\"inLanguage\":\"pt-BR\",\"url\":\"https:\/\/tribunadapraia.com.br\/wp-content\/uploads\/2020\/02\/logo.png\",\"contentUrl\":\"https:\/\/tribunadapraia.com.br\/wp-content\/uploads\/2020\/02\/logo.png\",\"width\":501,\"height\":121,\"caption\":\"Tribuna da Praia\"},\"image\":{\"@id\":\"https:\/\/tribunadapraia.com.br\/#logo\"}},{\"@type\":\"WebSite\",\"@id\":\"https:\/\/tribunadapraia.com.br\/#website\",\"url\":\"https:\/\/tribunadapraia.com.br\/\",\"name\":\"TRIBUNA DA PRAIA\",\"description\":\"O 1\\u00ba jornal do interior de Sergipe na internet\",\"publisher\":{\"@id\":\"https:\/\/tribunadapraia.com.br\/#organization\"},\"potentialAction\":[{\"@type\":\"SearchAction\",\"target\":\"https:\/\/tribunadapraia.com.br\/?s={search_term_string}\",\"query-input\":\"required name=search_term_string\"}],\"inLanguage\":\"pt-BR\"},{\"@type\":\"ImageObject\",\"@id\":\"https:\/\/tribunadapraia.com.br\/?p=1831#primaryimage\",\"inLanguage\":\"pt-BR\",\"url\":\"https:\/\/tribunadapraia.com.br\/wp-content\/uploads\/2020\/10\/IMG-20201006-WA0064.jpg\",\"contentUrl\":\"https:\/\/tribunadapraia.com.br\/wp-content\/uploads\/2020\/10\/IMG-20201006-WA0064.jpg\",\"width\":1280,\"height\":850},{\"@type\":\"WebPage\",\"@id\":\"https:\/\/tribunadapraia.com.br\/?p=1831#webpage\",\"url\":\"https:\/\/tribunadapraia.com.br\/?p=1831\",\"name\":\"Propri\\u00e1: Dr Valberto realizou grande carreata pelas ruas da cidade - TRIBUNA DA PRAIA\",\"isPartOf\":{\"@id\":\"https:\/\/tribunadapraia.com.br\/#website\"},\"primaryImageOfPage\":{\"@id\":\"https:\/\/tribunadapraia.com.br\/?p=1831#primaryimage\"},\"datePublished\":\"2020-10-06T16:01:23+00:00\",\"dateModified\":\"2020-10-06T16:02:12+00:00\",\"breadcrumb\":{\"@id\":\"https:\/\/tribunadapraia.com.br\/?p=1831#breadcrumb\"},\"inLanguage\":\"pt-BR\",\"potentialAction\":[{\"@type\":\"ReadAction\",\"target\":[\"https:\/\/tribunadapraia.com.br\/?p=1831\"]}]},{\"@type\":\"BreadcrumbList\",\"@id\":\"https:\/\/tribunadapraia.com.br\/?p=1831#breadcrumb\",\"itemListElement\":[{\"@type\":\"ListItem\",\"position\":1,\"item\":{\"@type\":\"WebPage\",\"@id\":\"https:\/\/tribunadapraia.com.br\/\",\"url\":\"https:\/\/tribunadapraia.com.br\/\",\"name\":\"In\\u00edcio\"}},{\"@type\":\"ListItem\",\"position\":2,\"item\":{\"@id\":\"https:\/\/tribunadapraia.com.br\/?p=1831#webpage\"}}]},{\"@type\":\"Article\",\"@id\":\"https:\/\/tribunadapraia.com.br\/?p=1831#article\",\"isPartOf\":{\"@id\":\"https:\/\/tribunadapraia.com.br\/?p=1831#webpage\"},\"author\":{\"@id\":\"https:\/\/tribunadapraia.com.br\/#\/schema\/person\/326b0a9f3163b479142c64eba4928de0\"},\"headline\":\"Propri\\u00e1: Dr Valberto realizou grande carreata pelas ruas da cidade\",\"datePublished\":\"2020-10-06T16:01:23+00:00\",\"dateModified\":\"2020-10-06T16:02:12+00:00\",\"mainEntityOfPage\":{\"@id\":\"https:\/\/tribunadapraia.com.br\/?p=1831#webpage\"},\"wordCount\":196,\"commentCount\":0,\"publisher\":{\"@id\":\"https:\/\/tribunadapraia.com.br\/#organization\"},\"image\":{\"@id\":\"https:\/\/tribunadapraia.com.br\/?p=1831#primaryimage\"},\"thumbnailUrl\":\"https:\/\/tribunadapraia.com.br\/wp-content\/uploads\/2020\/10\/IMG-20201006-WA0064.jpg\",\"articleSection\":[\"Not\\u00edcias\"],\"inLanguage\":\"pt-BR\",\"potentialAction\":[{\"@type\":\"CommentAction\",\"name\":\"Comment\",\"target\":[\"https:\/\/tribunadapraia.com.br\/?p=1831#respond\"]}]},{\"@type\":\"Person\",\"@id\":\"https:\/\/tribunadapraia.com.br\/#\/schema\/person\/326b0a9f3163b479142c64eba4928de0\",\"name\":\"tribunadapraia\",\"image\":{\"@type\":\"ImageObject\",\"@id\":\"https:\/\/tribunadapraia.com.br\/#personlogo\",\"inLanguage\":\"pt-BR\",\"url\":\"https:\/\/secure.gravatar.com\/avatar\/38b019c74762496076b7355024a0dad9?s=96&d=identicon&r=g\",\"contentUrl\":\"https:\/\/secure.gravatar.com\/avatar\/38b019c74762496076b7355024a0dad9?s=96&d=identicon&r=g\",\"caption\":\"tribunadapraia\"}}]}<\/script>\n<!-- \/ Yoast SEO plugin. -->","wps_subtitle":"","_links":{"self":[{"href":"https:\/\/tribunadapraia.com.br\/index.php?rest_route=\/wp\/v2\/posts\/1831"}],"collection":[{"href":"https:\/\/tribunadapraia.com.br\/index.php?rest_route=\/wp\/v2\/posts"}],"about":[{"href":"https:\/\/tribunadapraia.com.br\/index.php?rest_route=\/wp\/v2\/types\/post"}],"author":[{"embeddable":true,"href":"https:\/\/tribunadapraia.com.br\/index.php?rest_route=\/wp\/v2\/users\/1"}],"replies":[{"embeddable":true,"href":"https:\/\/tribunadapraia.com.br\/index.php?rest_route=%2Fwp%2Fv2%2Fcomments&post=1831"}],"version-history":[{"count":1,"href":"https:\/\/tribunadapraia.com.br\/index.php?rest_route=\/wp\/v2\/posts\/1831\/revisions"}],"predecessor-version":[{"id":1833,"href":"https:\/\/tribunadapraia.com.br\/index.php?rest_route=\/wp\/v2\/posts\/1831\/revisions\/1833"}],"wp:featuredmedia":[{"embeddable":true,"href":"https:\/\/tribunadapraia.com.br\/index.php?rest_route=\/wp\/v2\/media\/1832"}],"wp:attachment":[{"href":"https:\/\/tribunadapraia.com.br\/index.php?rest_route=%2Fwp%2Fv2%2Fmedia&parent=1831"}],"wp:term":[{"taxonomy":"category","embeddable":true,"href":"https:\/\/tribunadapraia.com.br\/index.php?rest_route=%2Fwp%2Fv2%2Fcategories&post=1831"},{"taxonomy":"post_tag","embeddable":true,"href":"https:\/\/tribunadapraia.com.br\/index.php?rest_route=%2Fwp%2Fv2%2Ftags&post=1831"}],"curies":[{"name":"wp","href":"https:\/\/api.w.org\/{rel}","templated":true}]}}