{"id":1827,"date":"2020-10-04T18:09:31","date_gmt":"2020-10-04T21:09:31","guid":{"rendered":"https:\/\/tribunadapraia.com.br\/?p=1827"},"modified":"2020-10-04T18:11:07","modified_gmt":"2020-10-04T21:11:07","slug":"esta-semana-guilherme-iokanaan-e-alysson-na-agenda-de-entrevistas","status":"publish","type":"post","link":"https:\/\/tribunadapraia.com.br\/?p=1827","title":{"rendered":"Esta semana: Guilherme, Iokanaan e Alysson na agenda de entrevistas"},"content":{"rendered":"<p>Os candidatos a prefeito Guilherme Melo (PSC\/Pirambu), Iokanaan Santana (PL\/Propri\u00e1) e Alysson Souza (SD\/Barra dos Coqueiros), ser\u00e3o os entrevistados desta semana (ter\u00e7a, 06, quarta, 07 e quinta, 08, as 10 da manh\u00e3) no programa Canal de Not\u00edcias, apresentado por ClaudOmir Herzog na R\u00e1dio Pomonga\/Tribuna da Praia.<\/p>\n<p>por Reda\u00e7\u00e3o<\/p>\n","protected":false},"excerpt":{"rendered":"<p>Os candidatos a prefeito Guilherme Melo (PSC\/Pirambu), Iokanaan Santana (PL\/Propri\u00e1) e Alysson Souza (SD\/Barra dos Coqueiros), ser\u00e3o os entrevistados desta semana (ter\u00e7a, 06, quarta, 07 e quinta, 08, as 10 da manh\u00e3) no programa Canal de Not\u00edcias, apresentado por ClaudOmir Herzog na R\u00e1dio Pomonga\/Tribuna da Praia. por Reda\u00e7\u00e3o<\/p>\n","protected":false},"author":1,"featured_media":1828,"comment_status":"open","ping_status":"open","sticky":false,"template":"","format":"standard","meta":[],"categories":[18],"tags":[],"yoast_head":"<!-- This site is optimized with the Yoast SEO plugin v16.3 - https:\/\/yoast.com\/wordpress\/plugins\/seo\/ -->\n<title>Esta semana: Guilherme, Iokanaan e Alysson na agenda de entrevistas - TRIBUNA DA PRAIA<\/title>\n<meta name=\"robots\" content=\"index, follow, max-snippet:-1, max-image-preview:large, max-video-preview:-1\" \/>\n<link rel=\"canonical\" href=\"https:\/\/tribunadapraia.com.br\/?p=1827\" \/>\n<meta property=\"og:locale\" content=\"pt_BR\" \/>\n<meta property=\"og:type\" content=\"article\" \/>\n<meta property=\"og:title\" content=\"Esta semana: Guilherme, Iokanaan e Alysson na agenda de entrevistas - TRIBUNA DA PRAIA\" \/>\n<meta property=\"og:description\" content=\"Os candidatos a prefeito Guilherme Melo (PSC\/Pirambu), Iokanaan Santana (PL\/Propri\u00e1) e Alysson Souza (SD\/Barra dos Coqueiros), ser\u00e3o os entrevistados desta semana (ter\u00e7a, 06, quarta, 07 e quinta, 08, as 10 da manh\u00e3) no programa Canal de Not\u00edcias, apresentado por ClaudOmir Herzog na R\u00e1dio Pomonga\/Tribuna da Praia. por Reda\u00e7\u00e3o\" \/>\n<meta property=\"og:url\" content=\"https:\/\/tribunadapraia.com.br\/?p=1827\" \/>\n<meta property=\"og:site_name\" content=\"TRIBUNA DA PRAIA\" \/>\n<meta property=\"article:publisher\" content=\"https:\/\/www.facebook.com\/tribunadapraiaonline\/\" \/>\n<meta property=\"article:published_time\" content=\"2020-10-04T21:09:31+00:00\" \/>\n<meta property=\"article:modified_time\" content=\"2020-10-04T21:11:07+00:00\" \/>\n<meta property=\"og:image\" content=\"https:\/\/tribunadapraia.com.br\/wp-content\/uploads\/2020\/10\/IMG-20201004-WA0044.jpg\" \/>\n\t<meta property=\"og:image:width\" content=\"720\" \/>\n\t<meta property=\"og:image:height\" content=\"634\" \/>\n<meta name=\"twitter:card\" content=\"summary_large_image\" \/>\n<meta name=\"twitter:creator\" content=\"@Claudomir21\" \/>\n<meta name=\"twitter:site\" content=\"@Claudomir21\" \/>\n<script type=\"application\/ld+json\" class=\"yoast-schema-graph\">{\"@context\":\"https:\/\/schema.org\",\"@graph\":[{\"@type\":\"Organization\",\"@id\":\"https:\/\/tribunadapraia.com.br\/#organization\",\"name\":\"Tribuna da Praia\",\"url\":\"https:\/\/tribunadapraia.com.br\/\",\"sameAs\":[\"https:\/\/www.facebook.com\/tribunadapraiaonline\/\",\"https:\/\/www.instagram.com\/claudomirtavares\/\",\"https:\/\/www.youtube.com\/channel\/UCwQf80nxiMzCefAyjbp53Rw\",\"https:\/\/twitter.com\/Claudomir21\"],\"logo\":{\"@type\":\"ImageObject\",\"@id\":\"https:\/\/tribunadapraia.com.br\/#logo\",\"inLanguage\":\"pt-BR\",\"url\":\"https:\/\/tribunadapraia.com.br\/wp-content\/uploads\/2020\/02\/logo.png\",\"contentUrl\":\"https:\/\/tribunadapraia.com.br\/wp-content\/uploads\/2020\/02\/logo.png\",\"width\":501,\"height\":121,\"caption\":\"Tribuna da Praia\"},\"image\":{\"@id\":\"https:\/\/tribunadapraia.com.br\/#logo\"}},{\"@type\":\"WebSite\",\"@id\":\"https:\/\/tribunadapraia.com.br\/#website\",\"url\":\"https:\/\/tribunadapraia.com.br\/\",\"name\":\"TRIBUNA DA PRAIA\",\"description\":\"O 1\\u00ba jornal do interior de Sergipe na internet\",\"publisher\":{\"@id\":\"https:\/\/tribunadapraia.com.br\/#organization\"},\"potentialAction\":[{\"@type\":\"SearchAction\",\"target\":\"https:\/\/tribunadapraia.com.br\/?s={search_term_string}\",\"query-input\":\"required name=search_term_string\"}],\"inLanguage\":\"pt-BR\"},{\"@type\":\"ImageObject\",\"@id\":\"https:\/\/tribunadapraia.com.br\/?p=1827#primaryimage\",\"inLanguage\":\"pt-BR\",\"url\":\"https:\/\/tribunadapraia.com.br\/wp-content\/uploads\/2020\/10\/IMG-20201004-WA0044.jpg\",\"contentUrl\":\"https:\/\/tribunadapraia.com.br\/wp-content\/uploads\/2020\/10\/IMG-20201004-WA0044.jpg\",\"width\":720,\"height\":634},{\"@type\":\"WebPage\",\"@id\":\"https:\/\/tribunadapraia.com.br\/?p=1827#webpage\",\"url\":\"https:\/\/tribunadapraia.com.br\/?p=1827\",\"name\":\"Esta semana: Guilherme, Iokanaan e Alysson na agenda de entrevistas - TRIBUNA DA PRAIA\",\"isPartOf\":{\"@id\":\"https:\/\/tribunadapraia.com.br\/#website\"},\"primaryImageOfPage\":{\"@id\":\"https:\/\/tribunadapraia.com.br\/?p=1827#primaryimage\"},\"datePublished\":\"2020-10-04T21:09:31+00:00\",\"dateModified\":\"2020-10-04T21:11:07+00:00\",\"breadcrumb\":{\"@id\":\"https:\/\/tribunadapraia.com.br\/?p=1827#breadcrumb\"},\"inLanguage\":\"pt-BR\",\"potentialAction\":[{\"@type\":\"ReadAction\",\"target\":[\"https:\/\/tribunadapraia.com.br\/?p=1827\"]}]},{\"@type\":\"BreadcrumbList\",\"@id\":\"https:\/\/tribunadapraia.com.br\/?p=1827#breadcrumb\",\"itemListElement\":[{\"@type\":\"ListItem\",\"position\":1,\"item\":{\"@type\":\"WebPage\",\"@id\":\"https:\/\/tribunadapraia.com.br\/\",\"url\":\"https:\/\/tribunadapraia.com.br\/\",\"name\":\"In\\u00edcio\"}},{\"@type\":\"ListItem\",\"position\":2,\"item\":{\"@id\":\"https:\/\/tribunadapraia.com.br\/?p=1827#webpage\"}}]},{\"@type\":\"Article\",\"@id\":\"https:\/\/tribunadapraia.com.br\/?p=1827#article\",\"isPartOf\":{\"@id\":\"https:\/\/tribunadapraia.com.br\/?p=1827#webpage\"},\"author\":{\"@id\":\"https:\/\/tribunadapraia.com.br\/#\/schema\/person\/326b0a9f3163b479142c64eba4928de0\"},\"headline\":\"Esta semana: Guilherme, Iokanaan e Alysson na agenda de entrevistas\",\"datePublished\":\"2020-10-04T21:09:31+00:00\",\"dateModified\":\"2020-10-04T21:11:07+00:00\",\"mainEntityOfPage\":{\"@id\":\"https:\/\/tribunadapraia.com.br\/?p=1827#webpage\"},\"wordCount\":63,\"commentCount\":0,\"publisher\":{\"@id\":\"https:\/\/tribunadapraia.com.br\/#organization\"},\"image\":{\"@id\":\"https:\/\/tribunadapraia.com.br\/?p=1827#primaryimage\"},\"thumbnailUrl\":\"https:\/\/tribunadapraia.com.br\/wp-content\/uploads\/2020\/10\/IMG-20201004-WA0044.jpg\",\"articleSection\":[\"Not\\u00edcias\"],\"inLanguage\":\"pt-BR\",\"potentialAction\":[{\"@type\":\"CommentAction\",\"name\":\"Comment\",\"target\":[\"https:\/\/tribunadapraia.com.br\/?p=1827#respond\"]}]},{\"@type\":\"Person\",\"@id\":\"https:\/\/tribunadapraia.com.br\/#\/schema\/person\/326b0a9f3163b479142c64eba4928de0\",\"name\":\"tribunadapraia\",\"image\":{\"@type\":\"ImageObject\",\"@id\":\"https:\/\/tribunadapraia.com.br\/#personlogo\",\"inLanguage\":\"pt-BR\",\"url\":\"https:\/\/secure.gravatar.com\/avatar\/38b019c74762496076b7355024a0dad9?s=96&d=identicon&r=g\",\"contentUrl\":\"https:\/\/secure.gravatar.com\/avatar\/38b019c74762496076b7355024a0dad9?s=96&d=identicon&r=g\",\"caption\":\"tribunadapraia\"}}]}<\/script>\n<!-- \/ Yoast SEO plugin. -->","wps_subtitle":"","_links":{"self":[{"href":"https:\/\/tribunadapraia.com.br\/index.php?rest_route=\/wp\/v2\/posts\/1827"}],"collection":[{"href":"https:\/\/tribunadapraia.com.br\/index.php?rest_route=\/wp\/v2\/posts"}],"about":[{"href":"https:\/\/tribunadapraia.com.br\/index.php?rest_route=\/wp\/v2\/types\/post"}],"author":[{"embeddable":true,"href":"https:\/\/tribunadapraia.com.br\/index.php?rest_route=\/wp\/v2\/users\/1"}],"replies":[{"embeddable":true,"href":"https:\/\/tribunadapraia.com.br\/index.php?rest_route=%2Fwp%2Fv2%2Fcomments&post=1827"}],"version-history":[{"count":1,"href":"https:\/\/tribunadapraia.com.br\/index.php?rest_route=\/wp\/v2\/posts\/1827\/revisions"}],"predecessor-version":[{"id":1829,"href":"https:\/\/tribunadapraia.com.br\/index.php?rest_route=\/wp\/v2\/posts\/1827\/revisions\/1829"}],"wp:featuredmedia":[{"embeddable":true,"href":"https:\/\/tribunadapraia.com.br\/index.php?rest_route=\/wp\/v2\/media\/1828"}],"wp:attachment":[{"href":"https:\/\/tribunadapraia.com.br\/index.php?rest_route=%2Fwp%2Fv2%2Fmedia&parent=1827"}],"wp:term":[{"taxonomy":"category","embeddable":true,"href":"https:\/\/tribunadapraia.com.br\/index.php?rest_route=%2Fwp%2Fv2%2Fcategories&post=1827"},{"taxonomy":"post_tag","embeddable":true,"href":"https:\/\/tribunadapraia.com.br\/index.php?rest_route=%2Fwp%2Fv2%2Ftags&post=1827"}],"curies":[{"name":"wp","href":"https:\/\/api.w.org\/{rel}","templated":true}]}}