{"id":1821,"date":"2020-10-03T16:58:41","date_gmt":"2020-10-03T19:58:41","guid":{"rendered":"https:\/\/tribunadapraia.com.br\/?p=1821"},"modified":"2020-10-03T17:07:29","modified_gmt":"2020-10-03T20:07:29","slug":"guilherme-melo-hoje-se-inicia-nossa-caminhada-a-caminhada-de-quem-quer-o-melhor-para-pirambu","status":"publish","type":"post","link":"https:\/\/tribunadapraia.com.br\/?p=1821","title":{"rendered":"Guilherme Melo: \u201cHoje se inicia nossa caminhada, a caminhada de quem quer o melhor para Pirambu.\u201d"},"content":{"rendered":"<p>O candidato a prefeito Guilherme (PSC), junto de sua vice Detinha (PL), inaugurou na noite desta sexta (2) o Comit\u00ea Central em Pirambu.<br \/>\nAl\u00e9m dos candidatos a vereadores, estavam presentes o ex-deputado Andr\u00e9 Moura e lideran\u00e7as pol\u00edticas da cidade.<br \/>\n\u201cHoje se inicia nossa caminhada, a caminhada da vit\u00f3ria, a caminhada do bem, a caminhada de quem quer o melhor para Pirambu.\u201d, disse Guilherme.<br \/>\nA vice Detinha destacou a sua representa\u00e7\u00e3o do povo e de minorias, \u201csou mulher, negra e de fam\u00edlia simples e tenho a certeza que vou ser a melhor vice que Pirambu j\u00e1 teve\u201d, falou emocionada.<\/p>\n<p><img loading=\"lazy\" src=\"https:\/\/tribunadapraia.com.br\/wp-content\/uploads\/2020\/10\/IMG-20201003-WA0038-300x200.jpg\" alt=\"\" width=\"300\" height=\"200\" \/><br \/>\nPara Andr\u00e9 Moura, Guilherme est\u00e1 preparado para assumir a prefeitura de Pirambu, \u201cA fam\u00edlia Moura teve ao lado o amigo Guilherme, quando fez a melhor gest\u00e3o que a cidade j\u00e1 teve.\u201d, disse o ex-deputado.<br \/>\nNa realiza\u00e7\u00e3o do evento foram adotadas todas as medidas necess\u00e1rias para evitar o cont\u00e1gio do novo Coronav\u00edrus, como o uso obrigat\u00f3rio de m\u00e1scara, medi\u00e7\u00e3o da temperatura corporal dos participantes e distribui\u00e7\u00e3o de \u00e1lcool em gel.<\/p>\n<p><img loading=\"lazy\" class=\"alignnone size-medium wp-image-1823\" src=\"https:\/\/tribunadapraia.com.br\/wp-content\/uploads\/2020\/10\/IMG-20201003-WA0037-300x200.jpg\" alt=\"\" width=\"300\" height=\"200\" srcset=\"https:\/\/tribunadapraia.com.br\/wp-content\/uploads\/2020\/10\/IMG-20201003-WA0037-300x200.jpg 300w, https:\/\/tribunadapraia.com.br\/wp-content\/uploads\/2020\/10\/IMG-20201003-WA0037-1024x682.jpg 1024w, https:\/\/tribunadapraia.com.br\/wp-content\/uploads\/2020\/10\/IMG-20201003-WA0037-768x512.jpg 768w, https:\/\/tribunadapraia.com.br\/wp-content\/uploads\/2020\/10\/IMG-20201003-WA0037-600x400.jpg 600w, https:\/\/tribunadapraia.com.br\/wp-content\/uploads\/2020\/10\/IMG-20201003-WA0037-272x182.jpg 272w, https:\/\/tribunadapraia.com.br\/wp-content\/uploads\/2020\/10\/IMG-20201003-WA0037.jpg 1280w\" sizes=\"(max-width: 300px) 100vw, 300px\" \/><\/p>\n<p>por Ascom Guilherme<\/p>\n","protected":false},"excerpt":{"rendered":"<p>O candidato a prefeito Guilherme (PSC), junto de sua vice Detinha (PL), inaugurou na noite desta sexta (2) o Comit\u00ea Central em Pirambu. Al\u00e9m dos candidatos a vereadores, estavam presentes o ex-deputado Andr\u00e9 Moura e lideran\u00e7as pol\u00edticas da cidade. \u201cHoje se inicia nossa caminhada, a caminhada da vit\u00f3ria, a caminhada do bem, a caminhada de quem quer o melhor para Pirambu.\u201d, disse Guilherme. A vice Detinha destacou a sua representa\u00e7\u00e3o<\/p>\n","protected":false},"author":1,"featured_media":1822,"comment_status":"open","ping_status":"open","sticky":false,"template":"","format":"standard","meta":[],"categories":[18],"tags":[],"yoast_head":"<!-- This site is optimized with the Yoast SEO plugin v16.3 - https:\/\/yoast.com\/wordpress\/plugins\/seo\/ -->\n<title>Guilherme Melo: \u201cHoje se inicia nossa caminhada, a caminhada de quem quer o melhor para Pirambu.\u201d - TRIBUNA DA PRAIA<\/title>\n<meta name=\"robots\" content=\"index, follow, max-snippet:-1, max-image-preview:large, max-video-preview:-1\" \/>\n<link rel=\"canonical\" href=\"https:\/\/tribunadapraia.com.br\/?p=1821\" \/>\n<meta property=\"og:locale\" content=\"pt_BR\" \/>\n<meta property=\"og:type\" content=\"article\" \/>\n<meta property=\"og:title\" content=\"Guilherme Melo: \u201cHoje se inicia nossa caminhada, a caminhada de quem quer o melhor para Pirambu.\u201d - TRIBUNA DA PRAIA\" \/>\n<meta property=\"og:description\" content=\"O candidato a prefeito Guilherme (PSC), junto de sua vice Detinha (PL), inaugurou na noite desta sexta (2) o Comit\u00ea Central em Pirambu. Al\u00e9m dos candidatos a vereadores, estavam presentes o ex-deputado Andr\u00e9 Moura e lideran\u00e7as pol\u00edticas da cidade. \u201cHoje se inicia nossa caminhada, a caminhada da vit\u00f3ria, a caminhada do bem, a caminhada de quem quer o melhor para Pirambu.\u201d, disse Guilherme. A vice Detinha destacou a sua representa\u00e7\u00e3o\" \/>\n<meta property=\"og:url\" content=\"https:\/\/tribunadapraia.com.br\/?p=1821\" \/>\n<meta property=\"og:site_name\" content=\"TRIBUNA DA PRAIA\" \/>\n<meta property=\"article:publisher\" content=\"https:\/\/www.facebook.com\/tribunadapraiaonline\/\" \/>\n<meta property=\"article:published_time\" content=\"2020-10-03T19:58:41+00:00\" \/>\n<meta property=\"article:modified_time\" content=\"2020-10-03T20:07:29+00:00\" \/>\n<meta property=\"og:image\" content=\"https:\/\/tribunadapraia.com.br\/wp-content\/uploads\/2020\/10\/IMG-20201003-WA0039.jpg\" \/>\n\t<meta property=\"og:image:width\" content=\"1280\" \/>\n\t<meta property=\"og:image:height\" content=\"853\" \/>\n<meta name=\"twitter:card\" content=\"summary_large_image\" \/>\n<meta name=\"twitter:creator\" content=\"@Claudomir21\" \/>\n<meta name=\"twitter:site\" content=\"@Claudomir21\" \/>\n<meta name=\"twitter:label1\" content=\"Est. tempo de leitura\">\n\t<meta name=\"twitter:data1\" content=\"1 minuto\">\n<script type=\"application\/ld+json\" class=\"yoast-schema-graph\">{\"@context\":\"https:\/\/schema.org\",\"@graph\":[{\"@type\":\"Organization\",\"@id\":\"https:\/\/tribunadapraia.com.br\/#organization\",\"name\":\"Tribuna da Praia\",\"url\":\"https:\/\/tribunadapraia.com.br\/\",\"sameAs\":[\"https:\/\/www.facebook.com\/tribunadapraiaonline\/\",\"https:\/\/www.instagram.com\/claudomirtavares\/\",\"https:\/\/www.youtube.com\/channel\/UCwQf80nxiMzCefAyjbp53Rw\",\"https:\/\/twitter.com\/Claudomir21\"],\"logo\":{\"@type\":\"ImageObject\",\"@id\":\"https:\/\/tribunadapraia.com.br\/#logo\",\"inLanguage\":\"pt-BR\",\"url\":\"https:\/\/tribunadapraia.com.br\/wp-content\/uploads\/2020\/02\/logo.png\",\"contentUrl\":\"https:\/\/tribunadapraia.com.br\/wp-content\/uploads\/2020\/02\/logo.png\",\"width\":501,\"height\":121,\"caption\":\"Tribuna da Praia\"},\"image\":{\"@id\":\"https:\/\/tribunadapraia.com.br\/#logo\"}},{\"@type\":\"WebSite\",\"@id\":\"https:\/\/tribunadapraia.com.br\/#website\",\"url\":\"https:\/\/tribunadapraia.com.br\/\",\"name\":\"TRIBUNA DA PRAIA\",\"description\":\"O 1\\u00ba jornal do interior de Sergipe na internet\",\"publisher\":{\"@id\":\"https:\/\/tribunadapraia.com.br\/#organization\"},\"potentialAction\":[{\"@type\":\"SearchAction\",\"target\":\"https:\/\/tribunadapraia.com.br\/?s={search_term_string}\",\"query-input\":\"required name=search_term_string\"}],\"inLanguage\":\"pt-BR\"},{\"@type\":\"ImageObject\",\"@id\":\"https:\/\/tribunadapraia.com.br\/?p=1821#primaryimage\",\"inLanguage\":\"pt-BR\",\"url\":\"https:\/\/tribunadapraia.com.br\/wp-content\/uploads\/2020\/10\/IMG-20201003-WA0039.jpg\",\"contentUrl\":\"https:\/\/tribunadapraia.com.br\/wp-content\/uploads\/2020\/10\/IMG-20201003-WA0039.jpg\",\"width\":1280,\"height\":853},{\"@type\":\"WebPage\",\"@id\":\"https:\/\/tribunadapraia.com.br\/?p=1821#webpage\",\"url\":\"https:\/\/tribunadapraia.com.br\/?p=1821\",\"name\":\"Guilherme Melo: \\u201cHoje se inicia nossa caminhada, a caminhada de quem quer o melhor para Pirambu.\\u201d - TRIBUNA DA PRAIA\",\"isPartOf\":{\"@id\":\"https:\/\/tribunadapraia.com.br\/#website\"},\"primaryImageOfPage\":{\"@id\":\"https:\/\/tribunadapraia.com.br\/?p=1821#primaryimage\"},\"datePublished\":\"2020-10-03T19:58:41+00:00\",\"dateModified\":\"2020-10-03T20:07:29+00:00\",\"breadcrumb\":{\"@id\":\"https:\/\/tribunadapraia.com.br\/?p=1821#breadcrumb\"},\"inLanguage\":\"pt-BR\",\"potentialAction\":[{\"@type\":\"ReadAction\",\"target\":[\"https:\/\/tribunadapraia.com.br\/?p=1821\"]}]},{\"@type\":\"BreadcrumbList\",\"@id\":\"https:\/\/tribunadapraia.com.br\/?p=1821#breadcrumb\",\"itemListElement\":[{\"@type\":\"ListItem\",\"position\":1,\"item\":{\"@type\":\"WebPage\",\"@id\":\"https:\/\/tribunadapraia.com.br\/\",\"url\":\"https:\/\/tribunadapraia.com.br\/\",\"name\":\"In\\u00edcio\"}},{\"@type\":\"ListItem\",\"position\":2,\"item\":{\"@id\":\"https:\/\/tribunadapraia.com.br\/?p=1821#webpage\"}}]},{\"@type\":\"Article\",\"@id\":\"https:\/\/tribunadapraia.com.br\/?p=1821#article\",\"isPartOf\":{\"@id\":\"https:\/\/tribunadapraia.com.br\/?p=1821#webpage\"},\"author\":{\"@id\":\"https:\/\/tribunadapraia.com.br\/#\/schema\/person\/326b0a9f3163b479142c64eba4928de0\"},\"headline\":\"Guilherme Melo: \\u201cHoje se inicia nossa caminhada, a caminhada de quem quer o melhor para Pirambu.\\u201d\",\"datePublished\":\"2020-10-03T19:58:41+00:00\",\"dateModified\":\"2020-10-03T20:07:29+00:00\",\"mainEntityOfPage\":{\"@id\":\"https:\/\/tribunadapraia.com.br\/?p=1821#webpage\"},\"wordCount\":201,\"commentCount\":0,\"publisher\":{\"@id\":\"https:\/\/tribunadapraia.com.br\/#organization\"},\"image\":{\"@id\":\"https:\/\/tribunadapraia.com.br\/?p=1821#primaryimage\"},\"thumbnailUrl\":\"https:\/\/tribunadapraia.com.br\/wp-content\/uploads\/2020\/10\/IMG-20201003-WA0039.jpg\",\"articleSection\":[\"Not\\u00edcias\"],\"inLanguage\":\"pt-BR\",\"potentialAction\":[{\"@type\":\"CommentAction\",\"name\":\"Comment\",\"target\":[\"https:\/\/tribunadapraia.com.br\/?p=1821#respond\"]}]},{\"@type\":\"Person\",\"@id\":\"https:\/\/tribunadapraia.com.br\/#\/schema\/person\/326b0a9f3163b479142c64eba4928de0\",\"name\":\"tribunadapraia\",\"image\":{\"@type\":\"ImageObject\",\"@id\":\"https:\/\/tribunadapraia.com.br\/#personlogo\",\"inLanguage\":\"pt-BR\",\"url\":\"https:\/\/secure.gravatar.com\/avatar\/38b019c74762496076b7355024a0dad9?s=96&d=identicon&r=g\",\"contentUrl\":\"https:\/\/secure.gravatar.com\/avatar\/38b019c74762496076b7355024a0dad9?s=96&d=identicon&r=g\",\"caption\":\"tribunadapraia\"}}]}<\/script>\n<!-- \/ Yoast SEO plugin. -->","wps_subtitle":"","_links":{"self":[{"href":"https:\/\/tribunadapraia.com.br\/index.php?rest_route=\/wp\/v2\/posts\/1821"}],"collection":[{"href":"https:\/\/tribunadapraia.com.br\/index.php?rest_route=\/wp\/v2\/posts"}],"about":[{"href":"https:\/\/tribunadapraia.com.br\/index.php?rest_route=\/wp\/v2\/types\/post"}],"author":[{"embeddable":true,"href":"https:\/\/tribunadapraia.com.br\/index.php?rest_route=\/wp\/v2\/users\/1"}],"replies":[{"embeddable":true,"href":"https:\/\/tribunadapraia.com.br\/index.php?rest_route=%2Fwp%2Fv2%2Fcomments&post=1821"}],"version-history":[{"count":2,"href":"https:\/\/tribunadapraia.com.br\/index.php?rest_route=\/wp\/v2\/posts\/1821\/revisions"}],"predecessor-version":[{"id":1826,"href":"https:\/\/tribunadapraia.com.br\/index.php?rest_route=\/wp\/v2\/posts\/1821\/revisions\/1826"}],"wp:featuredmedia":[{"embeddable":true,"href":"https:\/\/tribunadapraia.com.br\/index.php?rest_route=\/wp\/v2\/media\/1822"}],"wp:attachment":[{"href":"https:\/\/tribunadapraia.com.br\/index.php?rest_route=%2Fwp%2Fv2%2Fmedia&parent=1821"}],"wp:term":[{"taxonomy":"category","embeddable":true,"href":"https:\/\/tribunadapraia.com.br\/index.php?rest_route=%2Fwp%2Fv2%2Fcategories&post=1821"},{"taxonomy":"post_tag","embeddable":true,"href":"https:\/\/tribunadapraia.com.br\/index.php?rest_route=%2Fwp%2Fv2%2Ftags&post=1821"}],"curies":[{"name":"wp","href":"https:\/\/api.w.org\/{rel}","templated":true}]}}