{"id":1818,"date":"2020-10-02T19:31:08","date_gmt":"2020-10-02T22:31:08","guid":{"rendered":"https:\/\/tribunadapraia.com.br\/?p=1818"},"modified":"2020-10-02T19:39:18","modified_gmt":"2020-10-02T22:39:18","slug":"acorda-pirambu-liberdade-de-expressao-e-tentativa-de-amordacar-os-que-denunciam-atos-de-maldade-em-pirambu","status":"publish","type":"post","link":"https:\/\/tribunadapraia.com.br\/?p=1818","title":{"rendered":"Acorda Pirambu: Liberdade de express\u00e3o amea\u00e7ada e tentativa de amorda\u00e7ar os que denunciam atos de maldade em Pirambu"},"content":{"rendered":"<p>O vice-prefeito Guilherme Melo,representa contra o SINTESE e o Partido dos Trabalhadores, por associ\u00e1-lo aos atos do prefeito Elio Martins, ambos do PSC, como se fosse poss\u00edvel &#8220;separar a cabe\u00e7a do corpo&#8221;. A condi\u00e7\u00e3o de vice-prefeito o faz compulsoriamente co-administrador de Pirambu at\u00e9 31 de dezembro de 2020, devendo dividir o b\u00f4nus e o \u00f4nus da atual gest\u00e3o desde 1\u00b0 de janeiro de 2013, inclusive em violar direitos dos estudantes, n\u00e3o assegurando \u00e0s condi\u00e7\u00f5es para a oferta das aulas n\u00e3o presenciais, suspensas em 16 de mar\u00e7o de 2020 e na sequ\u00eancia mutilar em 16% os sal\u00e1rios dos professores e professoras, com o corte desumano da reg\u00eancia de classe, deixando estes profissionais na insolv\u00eancia.<\/p>\n<p>por ClaudOmir Herzog<\/p>\n","protected":false},"excerpt":{"rendered":"<p>O vice-prefeito Guilherme Melo,representa contra o SINTESE e o Partido dos Trabalhadores, por associ\u00e1-lo aos atos do prefeito Elio Martins, ambos do PSC, como se fosse poss\u00edvel &#8220;separar a cabe\u00e7a do corpo&#8221;. A condi\u00e7\u00e3o de vice-prefeito o faz compulsoriamente co-administrador de Pirambu at\u00e9 31 de dezembro de 2020, devendo dividir o b\u00f4nus e o \u00f4nus da atual gest\u00e3o desde 1\u00b0 de janeiro de 2013, inclusive em violar direitos dos estudantes,<\/p>\n","protected":false},"author":3,"featured_media":1674,"comment_status":"open","ping_status":"open","sticky":false,"template":"","format":"standard","meta":[],"categories":[18],"tags":[],"yoast_head":"<!-- This site is optimized with the Yoast SEO plugin v16.3 - https:\/\/yoast.com\/wordpress\/plugins\/seo\/ -->\n<title>Acorda Pirambu: Liberdade de express\u00e3o amea\u00e7ada e tentativa de amorda\u00e7ar os que denunciam atos de maldade em Pirambu - TRIBUNA DA PRAIA<\/title>\n<meta name=\"robots\" content=\"index, follow, max-snippet:-1, max-image-preview:large, max-video-preview:-1\" \/>\n<link rel=\"canonical\" href=\"https:\/\/tribunadapraia.com.br\/?p=1818\" \/>\n<meta property=\"og:locale\" content=\"pt_BR\" \/>\n<meta property=\"og:type\" content=\"article\" \/>\n<meta property=\"og:title\" content=\"Acorda Pirambu: Liberdade de express\u00e3o amea\u00e7ada e tentativa de amorda\u00e7ar os que denunciam atos de maldade em Pirambu - TRIBUNA DA PRAIA\" \/>\n<meta property=\"og:description\" content=\"O vice-prefeito Guilherme Melo,representa contra o SINTESE e o Partido dos Trabalhadores, por associ\u00e1-lo aos atos do prefeito Elio Martins, ambos do PSC, como se fosse poss\u00edvel &#8220;separar a cabe\u00e7a do corpo&#8221;. A condi\u00e7\u00e3o de vice-prefeito o faz compulsoriamente co-administrador de Pirambu at\u00e9 31 de dezembro de 2020, devendo dividir o b\u00f4nus e o \u00f4nus da atual gest\u00e3o desde 1\u00b0 de janeiro de 2013, inclusive em violar direitos dos estudantes,\" \/>\n<meta property=\"og:url\" content=\"https:\/\/tribunadapraia.com.br\/?p=1818\" \/>\n<meta property=\"og:site_name\" content=\"TRIBUNA DA PRAIA\" \/>\n<meta property=\"article:publisher\" content=\"https:\/\/www.facebook.com\/tribunadapraiaonline\/\" \/>\n<meta property=\"article:published_time\" content=\"2020-10-02T22:31:08+00:00\" \/>\n<meta property=\"article:modified_time\" content=\"2020-10-02T22:39:18+00:00\" \/>\n<meta property=\"og:image\" content=\"https:\/\/tribunadapraia.com.br\/wp-content\/uploads\/2020\/09\/IMG-20200911-WA0082.jpg\" \/>\n\t<meta property=\"og:image:width\" content=\"720\" \/>\n\t<meta property=\"og:image:height\" content=\"726\" \/>\n<meta name=\"twitter:card\" content=\"summary_large_image\" \/>\n<meta name=\"twitter:creator\" content=\"@Claudomir21\" \/>\n<meta name=\"twitter:site\" content=\"@Claudomir21\" \/>\n<meta name=\"twitter:label1\" content=\"Est. tempo de leitura\">\n\t<meta name=\"twitter:data1\" content=\"1 minuto\">\n<script type=\"application\/ld+json\" class=\"yoast-schema-graph\">{\"@context\":\"https:\/\/schema.org\",\"@graph\":[{\"@type\":\"Organization\",\"@id\":\"https:\/\/tribunadapraia.com.br\/#organization\",\"name\":\"Tribuna da Praia\",\"url\":\"https:\/\/tribunadapraia.com.br\/\",\"sameAs\":[\"https:\/\/www.facebook.com\/tribunadapraiaonline\/\",\"https:\/\/www.instagram.com\/claudomirtavares\/\",\"https:\/\/www.youtube.com\/channel\/UCwQf80nxiMzCefAyjbp53Rw\",\"https:\/\/twitter.com\/Claudomir21\"],\"logo\":{\"@type\":\"ImageObject\",\"@id\":\"https:\/\/tribunadapraia.com.br\/#logo\",\"inLanguage\":\"pt-BR\",\"url\":\"https:\/\/tribunadapraia.com.br\/wp-content\/uploads\/2020\/02\/logo.png\",\"contentUrl\":\"https:\/\/tribunadapraia.com.br\/wp-content\/uploads\/2020\/02\/logo.png\",\"width\":501,\"height\":121,\"caption\":\"Tribuna da Praia\"},\"image\":{\"@id\":\"https:\/\/tribunadapraia.com.br\/#logo\"}},{\"@type\":\"WebSite\",\"@id\":\"https:\/\/tribunadapraia.com.br\/#website\",\"url\":\"https:\/\/tribunadapraia.com.br\/\",\"name\":\"TRIBUNA DA PRAIA\",\"description\":\"O 1\\u00ba jornal do interior de Sergipe na internet\",\"publisher\":{\"@id\":\"https:\/\/tribunadapraia.com.br\/#organization\"},\"potentialAction\":[{\"@type\":\"SearchAction\",\"target\":\"https:\/\/tribunadapraia.com.br\/?s={search_term_string}\",\"query-input\":\"required name=search_term_string\"}],\"inLanguage\":\"pt-BR\"},{\"@type\":\"ImageObject\",\"@id\":\"https:\/\/tribunadapraia.com.br\/?p=1818#primaryimage\",\"inLanguage\":\"pt-BR\",\"url\":\"https:\/\/tribunadapraia.com.br\/wp-content\/uploads\/2020\/09\/IMG-20200911-WA0082.jpg\",\"contentUrl\":\"https:\/\/tribunadapraia.com.br\/wp-content\/uploads\/2020\/09\/IMG-20200911-WA0082.jpg\",\"width\":720,\"height\":726},{\"@type\":\"WebPage\",\"@id\":\"https:\/\/tribunadapraia.com.br\/?p=1818#webpage\",\"url\":\"https:\/\/tribunadapraia.com.br\/?p=1818\",\"name\":\"Acorda Pirambu: Liberdade de express\\u00e3o amea\\u00e7ada e tentativa de amorda\\u00e7ar os que denunciam atos de maldade em Pirambu - TRIBUNA DA PRAIA\",\"isPartOf\":{\"@id\":\"https:\/\/tribunadapraia.com.br\/#website\"},\"primaryImageOfPage\":{\"@id\":\"https:\/\/tribunadapraia.com.br\/?p=1818#primaryimage\"},\"datePublished\":\"2020-10-02T22:31:08+00:00\",\"dateModified\":\"2020-10-02T22:39:18+00:00\",\"breadcrumb\":{\"@id\":\"https:\/\/tribunadapraia.com.br\/?p=1818#breadcrumb\"},\"inLanguage\":\"pt-BR\",\"potentialAction\":[{\"@type\":\"ReadAction\",\"target\":[\"https:\/\/tribunadapraia.com.br\/?p=1818\"]}]},{\"@type\":\"BreadcrumbList\",\"@id\":\"https:\/\/tribunadapraia.com.br\/?p=1818#breadcrumb\",\"itemListElement\":[{\"@type\":\"ListItem\",\"position\":1,\"item\":{\"@type\":\"WebPage\",\"@id\":\"https:\/\/tribunadapraia.com.br\/\",\"url\":\"https:\/\/tribunadapraia.com.br\/\",\"name\":\"In\\u00edcio\"}},{\"@type\":\"ListItem\",\"position\":2,\"item\":{\"@id\":\"https:\/\/tribunadapraia.com.br\/?p=1818#webpage\"}}]},{\"@type\":\"Article\",\"@id\":\"https:\/\/tribunadapraia.com.br\/?p=1818#article\",\"isPartOf\":{\"@id\":\"https:\/\/tribunadapraia.com.br\/?p=1818#webpage\"},\"author\":{\"@id\":\"https:\/\/tribunadapraia.com.br\/#\/schema\/person\/099fbbf59acc5895c0d7d52b4fc46c97\"},\"headline\":\"Acorda Pirambu: Liberdade de express\\u00e3o amea\\u00e7ada e tentativa de amorda\\u00e7ar os que denunciam atos de maldade em Pirambu\",\"datePublished\":\"2020-10-02T22:31:08+00:00\",\"dateModified\":\"2020-10-02T22:39:18+00:00\",\"mainEntityOfPage\":{\"@id\":\"https:\/\/tribunadapraia.com.br\/?p=1818#webpage\"},\"wordCount\":145,\"commentCount\":2,\"publisher\":{\"@id\":\"https:\/\/tribunadapraia.com.br\/#organization\"},\"image\":{\"@id\":\"https:\/\/tribunadapraia.com.br\/?p=1818#primaryimage\"},\"thumbnailUrl\":\"https:\/\/tribunadapraia.com.br\/wp-content\/uploads\/2020\/09\/IMG-20200911-WA0082.jpg\",\"articleSection\":[\"Not\\u00edcias\"],\"inLanguage\":\"pt-BR\",\"potentialAction\":[{\"@type\":\"CommentAction\",\"name\":\"Comment\",\"target\":[\"https:\/\/tribunadapraia.com.br\/?p=1818#respond\"]}]},{\"@type\":\"Person\",\"@id\":\"https:\/\/tribunadapraia.com.br\/#\/schema\/person\/099fbbf59acc5895c0d7d52b4fc46c97\",\"name\":\"Reda\\u00e7\\u00e3o\",\"image\":{\"@type\":\"ImageObject\",\"@id\":\"https:\/\/tribunadapraia.com.br\/#personlogo\",\"inLanguage\":\"pt-BR\",\"url\":\"https:\/\/secure.gravatar.com\/avatar\/91c8b91d2bfd7784eac5c3e055361f64?s=96&d=identicon&r=g\",\"contentUrl\":\"https:\/\/secure.gravatar.com\/avatar\/91c8b91d2bfd7784eac5c3e055361f64?s=96&d=identicon&r=g\",\"caption\":\"Reda\\u00e7\\u00e3o\"}}]}<\/script>\n<!-- \/ Yoast SEO plugin. -->","wps_subtitle":"","_links":{"self":[{"href":"https:\/\/tribunadapraia.com.br\/index.php?rest_route=\/wp\/v2\/posts\/1818"}],"collection":[{"href":"https:\/\/tribunadapraia.com.br\/index.php?rest_route=\/wp\/v2\/posts"}],"about":[{"href":"https:\/\/tribunadapraia.com.br\/index.php?rest_route=\/wp\/v2\/types\/post"}],"author":[{"embeddable":true,"href":"https:\/\/tribunadapraia.com.br\/index.php?rest_route=\/wp\/v2\/users\/3"}],"replies":[{"embeddable":true,"href":"https:\/\/tribunadapraia.com.br\/index.php?rest_route=%2Fwp%2Fv2%2Fcomments&post=1818"}],"version-history":[{"count":2,"href":"https:\/\/tribunadapraia.com.br\/index.php?rest_route=\/wp\/v2\/posts\/1818\/revisions"}],"predecessor-version":[{"id":1820,"href":"https:\/\/tribunadapraia.com.br\/index.php?rest_route=\/wp\/v2\/posts\/1818\/revisions\/1820"}],"wp:featuredmedia":[{"embeddable":true,"href":"https:\/\/tribunadapraia.com.br\/index.php?rest_route=\/wp\/v2\/media\/1674"}],"wp:attachment":[{"href":"https:\/\/tribunadapraia.com.br\/index.php?rest_route=%2Fwp%2Fv2%2Fmedia&parent=1818"}],"wp:term":[{"taxonomy":"category","embeddable":true,"href":"https:\/\/tribunadapraia.com.br\/index.php?rest_route=%2Fwp%2Fv2%2Fcategories&post=1818"},{"taxonomy":"post_tag","embeddable":true,"href":"https:\/\/tribunadapraia.com.br\/index.php?rest_route=%2Fwp%2Fv2%2Ftags&post=1818"}],"curies":[{"name":"wp","href":"https:\/\/api.w.org\/{rel}","templated":true}]}}