{"id":1808,"date":"2020-09-30T22:31:41","date_gmt":"2020-10-01T01:31:41","guid":{"rendered":"https:\/\/tribunadapraia.com.br\/?p=1808"},"modified":"2020-09-30T22:32:29","modified_gmt":"2020-10-01T01:32:29","slug":"em-campo-guilherme-melo-inicia-campanha-visitando-eleitores-em-lagoa-redonda","status":"publish","type":"post","link":"https:\/\/tribunadapraia.com.br\/?p=1808","title":{"rendered":"Em campo: Guilherme Melo inicia campanha visitando eleitores em Lagoa Redonda"},"content":{"rendered":"<p>Acompanhado da candidata a vice-prefeita Detinha da Farm\u00e1cia (PL), de candidato a vereadores e apoiadores, o candidato do PSC a prefeitura de Pirambu, Guilherme Melo deu a largada na campanha eleitoral visitando eleitores no povoado Lagoa Redonda, distsnte 14 km da sede do munic\u00edpio. &#8220;Hoje iniciei minha caminhada no povoado Lagoa Redonda, onde conversei com a popula\u00e7\u00e3o e com donos de estabelecimentos locais, que sonham com a expans\u00e3o do turismo no povoado. Na minha gest\u00e3o irei realizar melhorias na infraestrutura ao redor dos riachos, para atrair cada vez mais turistas para nossa Lagoa Redonda&#8221;, relatou o candidato do PSC.<\/p>\n<p>\u25cf Inaugura\u00e7\u00e3o do Comit\u00ea<\/p>\n<p>O primeiro grande ato da campanha est\u00e1 agendado para esta sexta-feira, 02, \u00e0s 17 horas, na Avenida Agostinho Trindade (Rua da Igreja Catolica). &#8220;Venho convidar voc\u00eas para estarem conosco na Inaugura\u00e7\u00e3o do nosso comit\u00ea, nesta sexta. Venha e traga a sua alegria, esperamos voc\u00eas&#8221;, completa Guilherme Melo.<\/p>\n<p>por Reda\u00e7\u00e3o, com informa\u00e7\u00f5es da assessoria<\/p>\n","protected":false},"excerpt":{"rendered":"<p>Acompanhado da candidata a vice-prefeita Detinha da Farm\u00e1cia (PL), de candidato a vereadores e apoiadores, o candidato do PSC a prefeitura de Pirambu, Guilherme Melo deu a largada na campanha eleitoral visitando eleitores no povoado Lagoa Redonda, distsnte 14 km da sede do munic\u00edpio. &#8220;Hoje iniciei minha caminhada no povoado Lagoa Redonda, onde conversei com a popula\u00e7\u00e3o e com donos de estabelecimentos locais, que sonham com a expans\u00e3o do turismo<\/p>\n","protected":false},"author":1,"featured_media":1809,"comment_status":"open","ping_status":"open","sticky":false,"template":"","format":"standard","meta":[],"categories":[18],"tags":[],"yoast_head":"<!-- This site is optimized with the Yoast SEO plugin v16.3 - https:\/\/yoast.com\/wordpress\/plugins\/seo\/ -->\n<title>Em campo: Guilherme Melo inicia campanha visitando eleitores em Lagoa Redonda - TRIBUNA DA PRAIA<\/title>\n<meta name=\"robots\" content=\"index, follow, max-snippet:-1, max-image-preview:large, max-video-preview:-1\" \/>\n<link rel=\"canonical\" href=\"https:\/\/tribunadapraia.com.br\/?p=1808\" \/>\n<meta property=\"og:locale\" content=\"pt_BR\" \/>\n<meta property=\"og:type\" content=\"article\" \/>\n<meta property=\"og:title\" content=\"Em campo: Guilherme Melo inicia campanha visitando eleitores em Lagoa Redonda - TRIBUNA DA PRAIA\" \/>\n<meta property=\"og:description\" content=\"Acompanhado da candidata a vice-prefeita Detinha da Farm\u00e1cia (PL), de candidato a vereadores e apoiadores, o candidato do PSC a prefeitura de Pirambu, Guilherme Melo deu a largada na campanha eleitoral visitando eleitores no povoado Lagoa Redonda, distsnte 14 km da sede do munic\u00edpio. &#8220;Hoje iniciei minha caminhada no povoado Lagoa Redonda, onde conversei com a popula\u00e7\u00e3o e com donos de estabelecimentos locais, que sonham com a expans\u00e3o do turismo\" \/>\n<meta property=\"og:url\" content=\"https:\/\/tribunadapraia.com.br\/?p=1808\" \/>\n<meta property=\"og:site_name\" content=\"TRIBUNA DA PRAIA\" \/>\n<meta property=\"article:publisher\" content=\"https:\/\/www.facebook.com\/tribunadapraiaonline\/\" \/>\n<meta property=\"article:published_time\" content=\"2020-10-01T01:31:41+00:00\" \/>\n<meta property=\"article:modified_time\" content=\"2020-10-01T01:32:29+00:00\" \/>\n<meta property=\"og:image\" content=\"https:\/\/tribunadapraia.com.br\/wp-content\/uploads\/2020\/09\/IMG-20200930-WA0101.jpg\" \/>\n\t<meta property=\"og:image:width\" content=\"1280\" \/>\n\t<meta property=\"og:image:height\" content=\"853\" \/>\n<meta name=\"twitter:card\" content=\"summary_large_image\" \/>\n<meta name=\"twitter:creator\" content=\"@Claudomir21\" \/>\n<meta name=\"twitter:site\" content=\"@Claudomir21\" \/>\n<meta name=\"twitter:label1\" content=\"Est. tempo de leitura\">\n\t<meta name=\"twitter:data1\" content=\"1 minuto\">\n<script type=\"application\/ld+json\" class=\"yoast-schema-graph\">{\"@context\":\"https:\/\/schema.org\",\"@graph\":[{\"@type\":\"Organization\",\"@id\":\"https:\/\/tribunadapraia.com.br\/#organization\",\"name\":\"Tribuna da Praia\",\"url\":\"https:\/\/tribunadapraia.com.br\/\",\"sameAs\":[\"https:\/\/www.facebook.com\/tribunadapraiaonline\/\",\"https:\/\/www.instagram.com\/claudomirtavares\/\",\"https:\/\/www.youtube.com\/channel\/UCwQf80nxiMzCefAyjbp53Rw\",\"https:\/\/twitter.com\/Claudomir21\"],\"logo\":{\"@type\":\"ImageObject\",\"@id\":\"https:\/\/tribunadapraia.com.br\/#logo\",\"inLanguage\":\"pt-BR\",\"url\":\"https:\/\/tribunadapraia.com.br\/wp-content\/uploads\/2020\/02\/logo.png\",\"contentUrl\":\"https:\/\/tribunadapraia.com.br\/wp-content\/uploads\/2020\/02\/logo.png\",\"width\":501,\"height\":121,\"caption\":\"Tribuna da Praia\"},\"image\":{\"@id\":\"https:\/\/tribunadapraia.com.br\/#logo\"}},{\"@type\":\"WebSite\",\"@id\":\"https:\/\/tribunadapraia.com.br\/#website\",\"url\":\"https:\/\/tribunadapraia.com.br\/\",\"name\":\"TRIBUNA DA PRAIA\",\"description\":\"O 1\\u00ba jornal do interior de Sergipe na internet\",\"publisher\":{\"@id\":\"https:\/\/tribunadapraia.com.br\/#organization\"},\"potentialAction\":[{\"@type\":\"SearchAction\",\"target\":\"https:\/\/tribunadapraia.com.br\/?s={search_term_string}\",\"query-input\":\"required name=search_term_string\"}],\"inLanguage\":\"pt-BR\"},{\"@type\":\"ImageObject\",\"@id\":\"https:\/\/tribunadapraia.com.br\/?p=1808#primaryimage\",\"inLanguage\":\"pt-BR\",\"url\":\"https:\/\/tribunadapraia.com.br\/wp-content\/uploads\/2020\/09\/IMG-20200930-WA0101.jpg\",\"contentUrl\":\"https:\/\/tribunadapraia.com.br\/wp-content\/uploads\/2020\/09\/IMG-20200930-WA0101.jpg\",\"width\":1280,\"height\":853},{\"@type\":\"WebPage\",\"@id\":\"https:\/\/tribunadapraia.com.br\/?p=1808#webpage\",\"url\":\"https:\/\/tribunadapraia.com.br\/?p=1808\",\"name\":\"Em campo: Guilherme Melo inicia campanha visitando eleitores em Lagoa Redonda - TRIBUNA DA PRAIA\",\"isPartOf\":{\"@id\":\"https:\/\/tribunadapraia.com.br\/#website\"},\"primaryImageOfPage\":{\"@id\":\"https:\/\/tribunadapraia.com.br\/?p=1808#primaryimage\"},\"datePublished\":\"2020-10-01T01:31:41+00:00\",\"dateModified\":\"2020-10-01T01:32:29+00:00\",\"breadcrumb\":{\"@id\":\"https:\/\/tribunadapraia.com.br\/?p=1808#breadcrumb\"},\"inLanguage\":\"pt-BR\",\"potentialAction\":[{\"@type\":\"ReadAction\",\"target\":[\"https:\/\/tribunadapraia.com.br\/?p=1808\"]}]},{\"@type\":\"BreadcrumbList\",\"@id\":\"https:\/\/tribunadapraia.com.br\/?p=1808#breadcrumb\",\"itemListElement\":[{\"@type\":\"ListItem\",\"position\":1,\"item\":{\"@type\":\"WebPage\",\"@id\":\"https:\/\/tribunadapraia.com.br\/\",\"url\":\"https:\/\/tribunadapraia.com.br\/\",\"name\":\"In\\u00edcio\"}},{\"@type\":\"ListItem\",\"position\":2,\"item\":{\"@id\":\"https:\/\/tribunadapraia.com.br\/?p=1808#webpage\"}}]},{\"@type\":\"Article\",\"@id\":\"https:\/\/tribunadapraia.com.br\/?p=1808#article\",\"isPartOf\":{\"@id\":\"https:\/\/tribunadapraia.com.br\/?p=1808#webpage\"},\"author\":{\"@id\":\"https:\/\/tribunadapraia.com.br\/#\/schema\/person\/326b0a9f3163b479142c64eba4928de0\"},\"headline\":\"Em campo: Guilherme Melo inicia campanha visitando eleitores em Lagoa Redonda\",\"datePublished\":\"2020-10-01T01:31:41+00:00\",\"dateModified\":\"2020-10-01T01:32:29+00:00\",\"mainEntityOfPage\":{\"@id\":\"https:\/\/tribunadapraia.com.br\/?p=1808#webpage\"},\"wordCount\":174,\"commentCount\":0,\"publisher\":{\"@id\":\"https:\/\/tribunadapraia.com.br\/#organization\"},\"image\":{\"@id\":\"https:\/\/tribunadapraia.com.br\/?p=1808#primaryimage\"},\"thumbnailUrl\":\"https:\/\/tribunadapraia.com.br\/wp-content\/uploads\/2020\/09\/IMG-20200930-WA0101.jpg\",\"articleSection\":[\"Not\\u00edcias\"],\"inLanguage\":\"pt-BR\",\"potentialAction\":[{\"@type\":\"CommentAction\",\"name\":\"Comment\",\"target\":[\"https:\/\/tribunadapraia.com.br\/?p=1808#respond\"]}]},{\"@type\":\"Person\",\"@id\":\"https:\/\/tribunadapraia.com.br\/#\/schema\/person\/326b0a9f3163b479142c64eba4928de0\",\"name\":\"tribunadapraia\",\"image\":{\"@type\":\"ImageObject\",\"@id\":\"https:\/\/tribunadapraia.com.br\/#personlogo\",\"inLanguage\":\"pt-BR\",\"url\":\"https:\/\/secure.gravatar.com\/avatar\/38b019c74762496076b7355024a0dad9?s=96&d=identicon&r=g\",\"contentUrl\":\"https:\/\/secure.gravatar.com\/avatar\/38b019c74762496076b7355024a0dad9?s=96&d=identicon&r=g\",\"caption\":\"tribunadapraia\"}}]}<\/script>\n<!-- \/ Yoast SEO plugin. -->","wps_subtitle":"","_links":{"self":[{"href":"https:\/\/tribunadapraia.com.br\/index.php?rest_route=\/wp\/v2\/posts\/1808"}],"collection":[{"href":"https:\/\/tribunadapraia.com.br\/index.php?rest_route=\/wp\/v2\/posts"}],"about":[{"href":"https:\/\/tribunadapraia.com.br\/index.php?rest_route=\/wp\/v2\/types\/post"}],"author":[{"embeddable":true,"href":"https:\/\/tribunadapraia.com.br\/index.php?rest_route=\/wp\/v2\/users\/1"}],"replies":[{"embeddable":true,"href":"https:\/\/tribunadapraia.com.br\/index.php?rest_route=%2Fwp%2Fv2%2Fcomments&post=1808"}],"version-history":[{"count":1,"href":"https:\/\/tribunadapraia.com.br\/index.php?rest_route=\/wp\/v2\/posts\/1808\/revisions"}],"predecessor-version":[{"id":1810,"href":"https:\/\/tribunadapraia.com.br\/index.php?rest_route=\/wp\/v2\/posts\/1808\/revisions\/1810"}],"wp:featuredmedia":[{"embeddable":true,"href":"https:\/\/tribunadapraia.com.br\/index.php?rest_route=\/wp\/v2\/media\/1809"}],"wp:attachment":[{"href":"https:\/\/tribunadapraia.com.br\/index.php?rest_route=%2Fwp%2Fv2%2Fmedia&parent=1808"}],"wp:term":[{"taxonomy":"category","embeddable":true,"href":"https:\/\/tribunadapraia.com.br\/index.php?rest_route=%2Fwp%2Fv2%2Fcategories&post=1808"},{"taxonomy":"post_tag","embeddable":true,"href":"https:\/\/tribunadapraia.com.br\/index.php?rest_route=%2Fwp%2Fv2%2Ftags&post=1808"}],"curies":[{"name":"wp","href":"https:\/\/api.w.org\/{rel}","templated":true}]}}