{"id":1791,"date":"2020-09-27T22:20:51","date_gmt":"2020-09-28T01:20:51","guid":{"rendered":"https:\/\/tribunadapraia.com.br\/?p=1791"},"modified":"2020-09-28T00:31:02","modified_gmt":"2020-09-28T03:31:02","slug":"%f0%9f%97%b3%ef%b8%8f-eleicoes-2020-na-agenda-de-entrevistas-desta-semana-alberto-macedo-29-09-clebio-gomes-30-09-e-anthony-britto-01-10-no-canal-de-noticias","status":"publish","type":"post","link":"https:\/\/tribunadapraia.com.br\/?p=1791","title":{"rendered":"ELEI\u00c7\u00d5ES 2020: Na agenda de entrevistas desta semana, Alberto Macedo (29\/09), Cl\u00e9bio Gomes (30\/09) e Anthony Britto (01\/10) no Canal de Not\u00edcias\u00a0 [atualizada]"},"content":{"rendered":"<p>Na agenda de entrevistas desta semana no programa CANAL DE NOT\u00cdCIAS, conforme cronograma encaminhado semana passada, ClaudOmir Herzog dialogar\u00e1 com os candidatos a prefeito Alberto Macedo, MDB\/Barra dos Coqueiros (Ter\u00e7a, 29\/09), Cl\u00e9bio Gomes, PSD\/Pirambu (Quarta, 30\/09) e Anthony Britto, PRB\/Propri\u00e1 (Quinta, 01\/10).<\/p>\n<p>Dentro do princ\u00edpio isot\u00f4nico, a escala das cidades e candidatos est\u00e1 distribu\u00edda por ordem alfab\u00e9tica, sendo feito um rod\u00edzio avan\u00e7ado semanalmente entre os munic\u00edpios, preservando os candidatos conforme registro de candidaturas, desconsiderando-se para este efeito qualificativo pr\u00e9-nominais.<\/p>\n<p>I &#8211; Cronograma completo:<\/p>\n<p>\u25a0 Semana 1.<\/p>\n<p>\u25aa\ufe0e29\/09 &#8211; Ter\u00e7a-feira: Cidade A, candidato A.<br \/>\n&#8211; Alberto Macedo (MDB\/Barra dos Coqueiros).<\/p>\n<p>\u25aa\ufe0e30\/09 &#8211; Quarta-feira: Cidade B, candidato A.<br \/>\n&#8211; Cl\u00e9bio Gomes (PSD\/Pirambu).<\/p>\n<p>\u25aa\ufe0e01\/10 &#8211; Quinta-feira: Cidade C, candidato A.<br \/>\n&#8211; Anthony Britto (Republicanos\/Propri\u00e1).<\/p>\n<p>\u25a0 Semana 2:<\/p>\n<p>\u25aa\ufe0e06\/10 &#8211; Ter\u00e7a-feira: Cidade B, candidato B.<br \/>\n&#8211; Guilherme Melo (PSC\/Pirambu).<\/p>\n<p>\u25aa\ufe0e07\/10 &#8211; Quarta-feira: Cidade C, candidato B.<br \/>\n&#8211; Iokanaan Santana (PL\/Propri\u00e1).<\/p>\n<p>\u25aa\ufe0e08\/10 &#8211; Quinta-feira: Cidade A, candidato B.<br \/>\n&#8211; Alysson Souza (SD\/Barra dos Coqueiros).<\/p>\n<p>\u25a0 Semana 3:<\/p>\n<p>\u25aa\ufe0e13\/10 &#8211; Ter\u00e7a-feira: Cidade C, candidato C<br \/>\n&#8211; Luciano Nascimento (DEM\/Propri\u00e1).<\/p>\n<p>\u25aa\ufe0e14\/10 &#8211; Quarta-feira: Cidade A, candidato C.<br \/>\n&#8211; Gilson dos Anjos (DEM\/Barra dos Coqueiros).<\/p>\n<p>\u25aa\ufe0e 15\/10 &#8211; Quinta-feira: Cidade B, candidato C.<br \/>\n&#8211; Niltinho_(MDB\/Pirambu).<\/p>\n<p>\u25a0 Semana 4:<\/p>\n<p>\u25aa\ufe0e 20\/10 &#8211; Ter\u00e7a-feira: Cidade A, candidato D.<br \/>\n&#8211; Hebert Pereira (Cidadania\/Barra dos Coqueiros).<\/p>\n<p>\u25aa\ufe0e 21\/10 &#8211; Quarta-feira: Cidade B, candidato D.<br \/>\n&#8211; S\u00edlvia Cruz (PSD\/Pirambu).<\/p>\n<p>\u25aa\ufe0e 22\/10 &#8211; Quinta-feira: Cidade C, candidato D.<br \/>\n&#8211; Valberto Lima (MDB\/Propri\u00e1).<\/p>\n<p>\u25a0 Semana 5:<\/p>\n<p>\u25aa\ufe0e 27\/10 &#8211; Ter\u00e7a-feira: Cidade B, candidato E.<br \/>\n&#8211; Z\u00e9 Cl\u00e1udio (PSOL\/Pirambu).<\/p>\n<p>\u25aa\ufe0e 28\/10 &#8211; Quarta-feira: Cidade A, candidato E.<br \/>\n&#8211; Ivan Gomes (Avante\/Barra dos Coqueiros)<\/p>\n<p>As entrevistas ser\u00e3o transmitidas pela RPCA Sergipe, atrav\u00e9s das r\u00e1dios POMONGA, VOZ DO S\u00c3O FRANCISCO e do portal TRIBUNA DA PRAIA, pelos diferentes caminhosc (sites, apps e links exclusivos).<\/p>\n<p>por Reda\u00e7\u00e3o<\/p>\n","protected":false},"excerpt":{"rendered":"<p>Na agenda de entrevistas desta semana no programa CANAL DE NOT\u00cdCIAS, conforme cronograma encaminhado semana passada, ClaudOmir Herzog dialogar\u00e1 com os candidatos a prefeito Alberto Macedo, MDB\/Barra dos Coqueiros (Ter\u00e7a, 29\/09), Cl\u00e9bio Gomes, PSD\/Pirambu (Quarta, 30\/09) e Anthony Britto, PRB\/Propri\u00e1 (Quinta, 01\/10). Dentro do princ\u00edpio isot\u00f4nico, a escala das cidades e candidatos est\u00e1 distribu\u00edda por ordem alfab\u00e9tica, sendo feito um rod\u00edzio avan\u00e7ado semanalmente entre os munic\u00edpios, preservando os candidatos conforme<\/p>\n","protected":false},"author":3,"featured_media":1792,"comment_status":"open","ping_status":"open","sticky":false,"template":"","format":"standard","meta":[],"categories":[18],"tags":[],"yoast_head":"<!-- This site is optimized with the Yoast SEO plugin v16.3 - https:\/\/yoast.com\/wordpress\/plugins\/seo\/ -->\n<title>ELEI\u00c7\u00d5ES 2020: Na agenda de entrevistas desta semana, Alberto Macedo (29\/09), Cl\u00e9bio Gomes (30\/09) e Anthony Britto (01\/10) no Canal de Not\u00edcias\u00a0 [atualizada] - TRIBUNA DA PRAIA<\/title>\n<meta name=\"robots\" content=\"index, follow, max-snippet:-1, max-image-preview:large, max-video-preview:-1\" \/>\n<link rel=\"canonical\" href=\"https:\/\/tribunadapraia.com.br\/?p=1791\" \/>\n<meta property=\"og:locale\" content=\"pt_BR\" \/>\n<meta property=\"og:type\" content=\"article\" \/>\n<meta property=\"og:title\" content=\"ELEI\u00c7\u00d5ES 2020: Na agenda de entrevistas desta semana, Alberto Macedo (29\/09), Cl\u00e9bio Gomes (30\/09) e Anthony Britto (01\/10) no Canal de Not\u00edcias\u00a0 [atualizada] - TRIBUNA DA PRAIA\" \/>\n<meta property=\"og:description\" content=\"Na agenda de entrevistas desta semana no programa CANAL DE NOT\u00cdCIAS, conforme cronograma encaminhado semana passada, ClaudOmir Herzog dialogar\u00e1 com os candidatos a prefeito Alberto Macedo, MDB\/Barra dos Coqueiros (Ter\u00e7a, 29\/09), Cl\u00e9bio Gomes, PSD\/Pirambu (Quarta, 30\/09) e Anthony Britto, PRB\/Propri\u00e1 (Quinta, 01\/10). Dentro do princ\u00edpio isot\u00f4nico, a escala das cidades e candidatos est\u00e1 distribu\u00edda por ordem alfab\u00e9tica, sendo feito um rod\u00edzio avan\u00e7ado semanalmente entre os munic\u00edpios, preservando os candidatos conforme\" \/>\n<meta property=\"og:url\" content=\"https:\/\/tribunadapraia.com.br\/?p=1791\" \/>\n<meta property=\"og:site_name\" content=\"TRIBUNA DA PRAIA\" \/>\n<meta property=\"article:publisher\" content=\"https:\/\/www.facebook.com\/tribunadapraiaonline\/\" \/>\n<meta property=\"article:published_time\" content=\"2020-09-28T01:20:51+00:00\" \/>\n<meta property=\"article:modified_time\" content=\"2020-09-28T03:31:02+00:00\" \/>\n<meta property=\"og:image\" content=\"https:\/\/tribunadapraia.com.br\/wp-content\/uploads\/2020\/09\/IMG-20200921-WA0012.jpg\" \/>\n\t<meta property=\"og:image:width\" content=\"720\" \/>\n\t<meta property=\"og:image:height\" content=\"731\" \/>\n<meta name=\"twitter:card\" content=\"summary_large_image\" \/>\n<meta name=\"twitter:creator\" content=\"@Claudomir21\" \/>\n<meta name=\"twitter:site\" content=\"@Claudomir21\" \/>\n<meta name=\"twitter:label1\" content=\"Est. tempo de leitura\">\n\t<meta name=\"twitter:data1\" content=\"2 minutos\">\n<script type=\"application\/ld+json\" class=\"yoast-schema-graph\">{\"@context\":\"https:\/\/schema.org\",\"@graph\":[{\"@type\":\"Organization\",\"@id\":\"https:\/\/tribunadapraia.com.br\/#organization\",\"name\":\"Tribuna da Praia\",\"url\":\"https:\/\/tribunadapraia.com.br\/\",\"sameAs\":[\"https:\/\/www.facebook.com\/tribunadapraiaonline\/\",\"https:\/\/www.instagram.com\/claudomirtavares\/\",\"https:\/\/www.youtube.com\/channel\/UCwQf80nxiMzCefAyjbp53Rw\",\"https:\/\/twitter.com\/Claudomir21\"],\"logo\":{\"@type\":\"ImageObject\",\"@id\":\"https:\/\/tribunadapraia.com.br\/#logo\",\"inLanguage\":\"pt-BR\",\"url\":\"https:\/\/tribunadapraia.com.br\/wp-content\/uploads\/2020\/02\/logo.png\",\"contentUrl\":\"https:\/\/tribunadapraia.com.br\/wp-content\/uploads\/2020\/02\/logo.png\",\"width\":501,\"height\":121,\"caption\":\"Tribuna da Praia\"},\"image\":{\"@id\":\"https:\/\/tribunadapraia.com.br\/#logo\"}},{\"@type\":\"WebSite\",\"@id\":\"https:\/\/tribunadapraia.com.br\/#website\",\"url\":\"https:\/\/tribunadapraia.com.br\/\",\"name\":\"TRIBUNA DA PRAIA\",\"description\":\"O 1\\u00ba jornal do interior de Sergipe na internet\",\"publisher\":{\"@id\":\"https:\/\/tribunadapraia.com.br\/#organization\"},\"potentialAction\":[{\"@type\":\"SearchAction\",\"target\":\"https:\/\/tribunadapraia.com.br\/?s={search_term_string}\",\"query-input\":\"required name=search_term_string\"}],\"inLanguage\":\"pt-BR\"},{\"@type\":\"ImageObject\",\"@id\":\"https:\/\/tribunadapraia.com.br\/?p=1791#primaryimage\",\"inLanguage\":\"pt-BR\",\"url\":\"https:\/\/tribunadapraia.com.br\/wp-content\/uploads\/2020\/09\/IMG-20200921-WA0012.jpg\",\"contentUrl\":\"https:\/\/tribunadapraia.com.br\/wp-content\/uploads\/2020\/09\/IMG-20200921-WA0012.jpg\",\"width\":720,\"height\":731},{\"@type\":\"WebPage\",\"@id\":\"https:\/\/tribunadapraia.com.br\/?p=1791#webpage\",\"url\":\"https:\/\/tribunadapraia.com.br\/?p=1791\",\"name\":\"ELEI\\u00c7\\u00d5ES 2020: Na agenda de entrevistas desta semana, Alberto Macedo (29\/09), Cl\\u00e9bio Gomes (30\/09) e Anthony Britto (01\/10) no Canal de Not\\u00edcias\\u00a0 [atualizada] - TRIBUNA DA PRAIA\",\"isPartOf\":{\"@id\":\"https:\/\/tribunadapraia.com.br\/#website\"},\"primaryImageOfPage\":{\"@id\":\"https:\/\/tribunadapraia.com.br\/?p=1791#primaryimage\"},\"datePublished\":\"2020-09-28T01:20:51+00:00\",\"dateModified\":\"2020-09-28T03:31:02+00:00\",\"breadcrumb\":{\"@id\":\"https:\/\/tribunadapraia.com.br\/?p=1791#breadcrumb\"},\"inLanguage\":\"pt-BR\",\"potentialAction\":[{\"@type\":\"ReadAction\",\"target\":[\"https:\/\/tribunadapraia.com.br\/?p=1791\"]}]},{\"@type\":\"BreadcrumbList\",\"@id\":\"https:\/\/tribunadapraia.com.br\/?p=1791#breadcrumb\",\"itemListElement\":[{\"@type\":\"ListItem\",\"position\":1,\"item\":{\"@type\":\"WebPage\",\"@id\":\"https:\/\/tribunadapraia.com.br\/\",\"url\":\"https:\/\/tribunadapraia.com.br\/\",\"name\":\"In\\u00edcio\"}},{\"@type\":\"ListItem\",\"position\":2,\"item\":{\"@id\":\"https:\/\/tribunadapraia.com.br\/?p=1791#webpage\"}}]},{\"@type\":\"Article\",\"@id\":\"https:\/\/tribunadapraia.com.br\/?p=1791#article\",\"isPartOf\":{\"@id\":\"https:\/\/tribunadapraia.com.br\/?p=1791#webpage\"},\"author\":{\"@id\":\"https:\/\/tribunadapraia.com.br\/#\/schema\/person\/099fbbf59acc5895c0d7d52b4fc46c97\"},\"headline\":\"ELEI\\u00c7\\u00d5ES 2020: Na agenda de entrevistas desta semana, Alberto Macedo (29\/09), Cl\\u00e9bio Gomes (30\/09) e Anthony Britto (01\/10) no Canal de Not\\u00edcias\\u00a0 [atualizada]\",\"datePublished\":\"2020-09-28T01:20:51+00:00\",\"dateModified\":\"2020-09-28T03:31:02+00:00\",\"mainEntityOfPage\":{\"@id\":\"https:\/\/tribunadapraia.com.br\/?p=1791#webpage\"},\"wordCount\":329,\"commentCount\":0,\"publisher\":{\"@id\":\"https:\/\/tribunadapraia.com.br\/#organization\"},\"image\":{\"@id\":\"https:\/\/tribunadapraia.com.br\/?p=1791#primaryimage\"},\"thumbnailUrl\":\"https:\/\/tribunadapraia.com.br\/wp-content\/uploads\/2020\/09\/IMG-20200921-WA0012.jpg\",\"articleSection\":[\"Not\\u00edcias\"],\"inLanguage\":\"pt-BR\",\"potentialAction\":[{\"@type\":\"CommentAction\",\"name\":\"Comment\",\"target\":[\"https:\/\/tribunadapraia.com.br\/?p=1791#respond\"]}]},{\"@type\":\"Person\",\"@id\":\"https:\/\/tribunadapraia.com.br\/#\/schema\/person\/099fbbf59acc5895c0d7d52b4fc46c97\",\"name\":\"Reda\\u00e7\\u00e3o\",\"image\":{\"@type\":\"ImageObject\",\"@id\":\"https:\/\/tribunadapraia.com.br\/#personlogo\",\"inLanguage\":\"pt-BR\",\"url\":\"https:\/\/secure.gravatar.com\/avatar\/91c8b91d2bfd7784eac5c3e055361f64?s=96&d=identicon&r=g\",\"contentUrl\":\"https:\/\/secure.gravatar.com\/avatar\/91c8b91d2bfd7784eac5c3e055361f64?s=96&d=identicon&r=g\",\"caption\":\"Reda\\u00e7\\u00e3o\"}}]}<\/script>\n<!-- \/ Yoast SEO plugin. -->","wps_subtitle":"","_links":{"self":[{"href":"https:\/\/tribunadapraia.com.br\/index.php?rest_route=\/wp\/v2\/posts\/1791"}],"collection":[{"href":"https:\/\/tribunadapraia.com.br\/index.php?rest_route=\/wp\/v2\/posts"}],"about":[{"href":"https:\/\/tribunadapraia.com.br\/index.php?rest_route=\/wp\/v2\/types\/post"}],"author":[{"embeddable":true,"href":"https:\/\/tribunadapraia.com.br\/index.php?rest_route=\/wp\/v2\/users\/3"}],"replies":[{"embeddable":true,"href":"https:\/\/tribunadapraia.com.br\/index.php?rest_route=%2Fwp%2Fv2%2Fcomments&post=1791"}],"version-history":[{"count":5,"href":"https:\/\/tribunadapraia.com.br\/index.php?rest_route=\/wp\/v2\/posts\/1791\/revisions"}],"predecessor-version":[{"id":1798,"href":"https:\/\/tribunadapraia.com.br\/index.php?rest_route=\/wp\/v2\/posts\/1791\/revisions\/1798"}],"wp:featuredmedia":[{"embeddable":true,"href":"https:\/\/tribunadapraia.com.br\/index.php?rest_route=\/wp\/v2\/media\/1792"}],"wp:attachment":[{"href":"https:\/\/tribunadapraia.com.br\/index.php?rest_route=%2Fwp%2Fv2%2Fmedia&parent=1791"}],"wp:term":[{"taxonomy":"category","embeddable":true,"href":"https:\/\/tribunadapraia.com.br\/index.php?rest_route=%2Fwp%2Fv2%2Fcategories&post=1791"},{"taxonomy":"post_tag","embeddable":true,"href":"https:\/\/tribunadapraia.com.br\/index.php?rest_route=%2Fwp%2Fv2%2Ftags&post=1791"}],"curies":[{"name":"wp","href":"https:\/\/api.w.org\/{rel}","templated":true}]}}