{"id":1788,"date":"2020-09-24T16:43:42","date_gmt":"2020-09-24T19:43:42","guid":{"rendered":"https:\/\/tribunadapraia.com.br\/?p=1788"},"modified":"2020-09-24T16:44:28","modified_gmt":"2020-09-24T19:44:28","slug":"parati-beach-club-lanca-projeto-musica-praia-tropical","status":"publish","type":"post","link":"https:\/\/tribunadapraia.com.br\/?p=1788","title":{"rendered":"Parati Beach Club lan\u00e7a Projeto M\u00fasica Praia Tropical"},"content":{"rendered":"<p>Estava com saudades de curtir uma praia, dan\u00e7ando e curtindo o sol, n\u00e9 minha filha? Chegou a hora de matar essa saudades, com todas as medidas de seguran\u00e7a sanit\u00e1ria para voc\u00ea curtir com tranquilidade o Projeto M\u00fasica Praia Tropical, a partir desta sexta-feira, 25 at\u00e9 domingo, 27, a partir das 11h da manh\u00e3, no bar e Restaurante Parati Beach Club, localizado na Av. In\u00e1cio Barbosa, 9201, Mosqueiro.<br \/>\nE para abrir o projeto com chave de ouro nesta sexta-feira, 25, os Djs XVavier e Malafaia estar\u00e3o comandando os decks entretendo a todos com o melhor da m\u00fasica nacional e internacional com um toque bem praiano e tropical, al\u00e9m de um card\u00e1pio saboroso e um ambiente agrad\u00e1vel, confort\u00e1vel e seguindo todas as determina\u00e7\u00f5es das autoridades sanit\u00e1rias exigidas no momento.<\/p>\n<p>O que? M\u00fasica Praia Tropical<br \/>\nQuando? A partir desta sexta-feira, 25<br \/>\nOnde? Bar Parati, localizado na Av. In\u00e1cio Barbosa, 9201, Mosqueiro.<br \/>\nHoras: A partir das 11h.<\/p>\n","protected":false},"excerpt":{"rendered":"<p>Estava com saudades de curtir uma praia, dan\u00e7ando e curtindo o sol, n\u00e9 minha filha? Chegou a hora de matar essa saudades, com todas as medidas de seguran\u00e7a sanit\u00e1ria para voc\u00ea curtir com tranquilidade o Projeto M\u00fasica Praia Tropical, a partir desta sexta-feira, 25 at\u00e9 domingo, 27, a partir das 11h da manh\u00e3, no bar e Restaurante Parati Beach Club, localizado na Av. In\u00e1cio Barbosa, 9201, Mosqueiro. E para abrir<\/p>\n","protected":false},"author":1,"featured_media":1789,"comment_status":"open","ping_status":"open","sticky":false,"template":"","format":"standard","meta":[],"categories":[18],"tags":[],"yoast_head":"<!-- This site is optimized with the Yoast SEO plugin v16.3 - https:\/\/yoast.com\/wordpress\/plugins\/seo\/ -->\n<title>Parati Beach Club lan\u00e7a Projeto M\u00fasica Praia Tropical - TRIBUNA DA PRAIA<\/title>\n<meta name=\"robots\" content=\"index, follow, max-snippet:-1, max-image-preview:large, max-video-preview:-1\" \/>\n<link rel=\"canonical\" href=\"https:\/\/tribunadapraia.com.br\/?p=1788\" \/>\n<meta property=\"og:locale\" content=\"pt_BR\" \/>\n<meta property=\"og:type\" content=\"article\" \/>\n<meta property=\"og:title\" content=\"Parati Beach Club lan\u00e7a Projeto M\u00fasica Praia Tropical - TRIBUNA DA PRAIA\" \/>\n<meta property=\"og:description\" content=\"Estava com saudades de curtir uma praia, dan\u00e7ando e curtindo o sol, n\u00e9 minha filha? Chegou a hora de matar essa saudades, com todas as medidas de seguran\u00e7a sanit\u00e1ria para voc\u00ea curtir com tranquilidade o Projeto M\u00fasica Praia Tropical, a partir desta sexta-feira, 25 at\u00e9 domingo, 27, a partir das 11h da manh\u00e3, no bar e Restaurante Parati Beach Club, localizado na Av. In\u00e1cio Barbosa, 9201, Mosqueiro. E para abrir\" \/>\n<meta property=\"og:url\" content=\"https:\/\/tribunadapraia.com.br\/?p=1788\" \/>\n<meta property=\"og:site_name\" content=\"TRIBUNA DA PRAIA\" \/>\n<meta property=\"article:publisher\" content=\"https:\/\/www.facebook.com\/tribunadapraiaonline\/\" \/>\n<meta property=\"article:published_time\" content=\"2020-09-24T19:43:42+00:00\" \/>\n<meta property=\"article:modified_time\" content=\"2020-09-24T19:44:28+00:00\" \/>\n<meta property=\"og:image\" content=\"https:\/\/tribunadapraia.com.br\/wp-content\/uploads\/2020\/09\/IMG-20200924-WA0120.jpg\" \/>\n\t<meta property=\"og:image:width\" content=\"1125\" \/>\n\t<meta property=\"og:image:height\" content=\"1144\" \/>\n<meta name=\"twitter:card\" content=\"summary_large_image\" \/>\n<meta name=\"twitter:creator\" content=\"@Claudomir21\" \/>\n<meta name=\"twitter:site\" content=\"@Claudomir21\" \/>\n<meta name=\"twitter:label1\" content=\"Est. tempo de leitura\">\n\t<meta name=\"twitter:data1\" content=\"1 minuto\">\n<script type=\"application\/ld+json\" class=\"yoast-schema-graph\">{\"@context\":\"https:\/\/schema.org\",\"@graph\":[{\"@type\":\"Organization\",\"@id\":\"https:\/\/tribunadapraia.com.br\/#organization\",\"name\":\"Tribuna da Praia\",\"url\":\"https:\/\/tribunadapraia.com.br\/\",\"sameAs\":[\"https:\/\/www.facebook.com\/tribunadapraiaonline\/\",\"https:\/\/www.instagram.com\/claudomirtavares\/\",\"https:\/\/www.youtube.com\/channel\/UCwQf80nxiMzCefAyjbp53Rw\",\"https:\/\/twitter.com\/Claudomir21\"],\"logo\":{\"@type\":\"ImageObject\",\"@id\":\"https:\/\/tribunadapraia.com.br\/#logo\",\"inLanguage\":\"pt-BR\",\"url\":\"https:\/\/tribunadapraia.com.br\/wp-content\/uploads\/2020\/02\/logo.png\",\"contentUrl\":\"https:\/\/tribunadapraia.com.br\/wp-content\/uploads\/2020\/02\/logo.png\",\"width\":501,\"height\":121,\"caption\":\"Tribuna da Praia\"},\"image\":{\"@id\":\"https:\/\/tribunadapraia.com.br\/#logo\"}},{\"@type\":\"WebSite\",\"@id\":\"https:\/\/tribunadapraia.com.br\/#website\",\"url\":\"https:\/\/tribunadapraia.com.br\/\",\"name\":\"TRIBUNA DA PRAIA\",\"description\":\"O 1\\u00ba jornal do interior de Sergipe na internet\",\"publisher\":{\"@id\":\"https:\/\/tribunadapraia.com.br\/#organization\"},\"potentialAction\":[{\"@type\":\"SearchAction\",\"target\":\"https:\/\/tribunadapraia.com.br\/?s={search_term_string}\",\"query-input\":\"required name=search_term_string\"}],\"inLanguage\":\"pt-BR\"},{\"@type\":\"ImageObject\",\"@id\":\"https:\/\/tribunadapraia.com.br\/?p=1788#primaryimage\",\"inLanguage\":\"pt-BR\",\"url\":\"https:\/\/tribunadapraia.com.br\/wp-content\/uploads\/2020\/09\/IMG-20200924-WA0120.jpg\",\"contentUrl\":\"https:\/\/tribunadapraia.com.br\/wp-content\/uploads\/2020\/09\/IMG-20200924-WA0120.jpg\",\"width\":1125,\"height\":1144},{\"@type\":\"WebPage\",\"@id\":\"https:\/\/tribunadapraia.com.br\/?p=1788#webpage\",\"url\":\"https:\/\/tribunadapraia.com.br\/?p=1788\",\"name\":\"Parati Beach Club lan\\u00e7a Projeto M\\u00fasica Praia Tropical - TRIBUNA DA PRAIA\",\"isPartOf\":{\"@id\":\"https:\/\/tribunadapraia.com.br\/#website\"},\"primaryImageOfPage\":{\"@id\":\"https:\/\/tribunadapraia.com.br\/?p=1788#primaryimage\"},\"datePublished\":\"2020-09-24T19:43:42+00:00\",\"dateModified\":\"2020-09-24T19:44:28+00:00\",\"breadcrumb\":{\"@id\":\"https:\/\/tribunadapraia.com.br\/?p=1788#breadcrumb\"},\"inLanguage\":\"pt-BR\",\"potentialAction\":[{\"@type\":\"ReadAction\",\"target\":[\"https:\/\/tribunadapraia.com.br\/?p=1788\"]}]},{\"@type\":\"BreadcrumbList\",\"@id\":\"https:\/\/tribunadapraia.com.br\/?p=1788#breadcrumb\",\"itemListElement\":[{\"@type\":\"ListItem\",\"position\":1,\"item\":{\"@type\":\"WebPage\",\"@id\":\"https:\/\/tribunadapraia.com.br\/\",\"url\":\"https:\/\/tribunadapraia.com.br\/\",\"name\":\"In\\u00edcio\"}},{\"@type\":\"ListItem\",\"position\":2,\"item\":{\"@id\":\"https:\/\/tribunadapraia.com.br\/?p=1788#webpage\"}}]},{\"@type\":\"Article\",\"@id\":\"https:\/\/tribunadapraia.com.br\/?p=1788#article\",\"isPartOf\":{\"@id\":\"https:\/\/tribunadapraia.com.br\/?p=1788#webpage\"},\"author\":{\"@id\":\"https:\/\/tribunadapraia.com.br\/#\/schema\/person\/326b0a9f3163b479142c64eba4928de0\"},\"headline\":\"Parati Beach Club lan\\u00e7a Projeto M\\u00fasica Praia Tropical\",\"datePublished\":\"2020-09-24T19:43:42+00:00\",\"dateModified\":\"2020-09-24T19:44:28+00:00\",\"mainEntityOfPage\":{\"@id\":\"https:\/\/tribunadapraia.com.br\/?p=1788#webpage\"},\"wordCount\":172,\"commentCount\":0,\"publisher\":{\"@id\":\"https:\/\/tribunadapraia.com.br\/#organization\"},\"image\":{\"@id\":\"https:\/\/tribunadapraia.com.br\/?p=1788#primaryimage\"},\"thumbnailUrl\":\"https:\/\/tribunadapraia.com.br\/wp-content\/uploads\/2020\/09\/IMG-20200924-WA0120.jpg\",\"articleSection\":[\"Not\\u00edcias\"],\"inLanguage\":\"pt-BR\",\"potentialAction\":[{\"@type\":\"CommentAction\",\"name\":\"Comment\",\"target\":[\"https:\/\/tribunadapraia.com.br\/?p=1788#respond\"]}]},{\"@type\":\"Person\",\"@id\":\"https:\/\/tribunadapraia.com.br\/#\/schema\/person\/326b0a9f3163b479142c64eba4928de0\",\"name\":\"tribunadapraia\",\"image\":{\"@type\":\"ImageObject\",\"@id\":\"https:\/\/tribunadapraia.com.br\/#personlogo\",\"inLanguage\":\"pt-BR\",\"url\":\"https:\/\/secure.gravatar.com\/avatar\/38b019c74762496076b7355024a0dad9?s=96&d=identicon&r=g\",\"contentUrl\":\"https:\/\/secure.gravatar.com\/avatar\/38b019c74762496076b7355024a0dad9?s=96&d=identicon&r=g\",\"caption\":\"tribunadapraia\"}}]}<\/script>\n<!-- \/ Yoast SEO plugin. -->","wps_subtitle":"","_links":{"self":[{"href":"https:\/\/tribunadapraia.com.br\/index.php?rest_route=\/wp\/v2\/posts\/1788"}],"collection":[{"href":"https:\/\/tribunadapraia.com.br\/index.php?rest_route=\/wp\/v2\/posts"}],"about":[{"href":"https:\/\/tribunadapraia.com.br\/index.php?rest_route=\/wp\/v2\/types\/post"}],"author":[{"embeddable":true,"href":"https:\/\/tribunadapraia.com.br\/index.php?rest_route=\/wp\/v2\/users\/1"}],"replies":[{"embeddable":true,"href":"https:\/\/tribunadapraia.com.br\/index.php?rest_route=%2Fwp%2Fv2%2Fcomments&post=1788"}],"version-history":[{"count":1,"href":"https:\/\/tribunadapraia.com.br\/index.php?rest_route=\/wp\/v2\/posts\/1788\/revisions"}],"predecessor-version":[{"id":1790,"href":"https:\/\/tribunadapraia.com.br\/index.php?rest_route=\/wp\/v2\/posts\/1788\/revisions\/1790"}],"wp:featuredmedia":[{"embeddable":true,"href":"https:\/\/tribunadapraia.com.br\/index.php?rest_route=\/wp\/v2\/media\/1789"}],"wp:attachment":[{"href":"https:\/\/tribunadapraia.com.br\/index.php?rest_route=%2Fwp%2Fv2%2Fmedia&parent=1788"}],"wp:term":[{"taxonomy":"category","embeddable":true,"href":"https:\/\/tribunadapraia.com.br\/index.php?rest_route=%2Fwp%2Fv2%2Fcategories&post=1788"},{"taxonomy":"post_tag","embeddable":true,"href":"https:\/\/tribunadapraia.com.br\/index.php?rest_route=%2Fwp%2Fv2%2Ftags&post=1788"}],"curies":[{"name":"wp","href":"https:\/\/api.w.org\/{rel}","templated":true}]}}