{"id":1779,"date":"2020-09-23T15:21:28","date_gmt":"2020-09-23T18:21:28","guid":{"rendered":"https:\/\/tribunadapraia.com.br\/?p=1779"},"modified":"2020-09-23T15:22:30","modified_gmt":"2020-09-23T18:22:30","slug":"feirantes-da-barra-dos-coqueiros-expoem-expectativas-da-categoria-ao-pre-candidato-alberto-macedo-mdb","status":"publish","type":"post","link":"https:\/\/tribunadapraia.com.br\/?p=1779","title":{"rendered":"Feirantes da Barra dos Coqueiros exp\u00f5em expectativas da categoria ao pr\u00e9-candidato Alberto Macedo (MDB)"},"content":{"rendered":"<p>Dando sequ\u00eancia as v\u00e1rias reuni\u00f5es com categorias de trabalhadores do munic\u00edpio de Barra dos Coqueiros, o pr\u00e9-candidato a prefeito Alberto Macedo (MDB) esteve reunido com l\u00edderes das feiras livres na segunda-feira (21 de setembro), acompanhado pelo pr\u00e9-candidato a vice-prefeito da chapa, Tinho Martins (PSD). Juntos, eles ouviram atentamente as reivindica\u00e7\u00f5es dos feirantes.<\/p>\n<p>Alberto Macedo disse que considera o trabalho dos feirantes de fundamental import\u00e2ncia para o com\u00e9rcio e o desenvolvimento local.<\/p>\n<p>Na oportunidade, o pr\u00e9-candidato a prefeito Alberto fez uma explana\u00e7\u00e3o de sua vida p\u00fablica como ex-prefeito da Barra dos Coqueiros dentre os anos 1989 a 1992. Ele lembrou que deu in\u00edcio \u00e0s obras estruturantes da sede e povoados do munic\u00edpio, numa \u00e9poca em que o com\u00e9rcio quase inexistia e a arrecada\u00e7\u00e3o p\u00fablica era m\u00ednima, a base de fundo de participa\u00e7\u00e3o.<br \/>\n\u201cOs recursos naquela \u00e9poca eram escassos, mas a vontade de trabalhar juntamente com nosso vice-prefeito da \u00e9poca, o atual deputado estadual, Adailton Martins era maior que as dificuldades, ent\u00e3o conseguimos realizar muitas obras e levamos benfeitorias para nosso povo\u201d, explicou.<\/p>\n<p>Alberto elencou uma s\u00e9rie de obras efetuadas em seu primeiro governo municipal. Lembrou que reabriu o hospital da cidade que estava fechado h\u00e1 muitos anos e logo voltou a funcionar com atendimentos de urg\u00eancia, maternidade e internamento, levando benef\u00edcios \u00e0 popula\u00e7\u00e3o na \u00e1rea da sa\u00fade.<\/p>\n<p>No setor habitacional, o ex-prefeito Alberto construiu casas populares dando dignidade para aproximadamente 42 fam\u00edlias que moravam com crian\u00e7as em um verdadeiro chiqueiro, convivendo com bichos de porco. \u201cConstrui com recursos pr\u00f3prios uma estrada que liga os povoados Canal e Touro, cujos moradores vivam isolados sem acesso terrestre\u201d, lembrou.<\/p>\n<p>No esporte, a constru\u00e7\u00e3o do est\u00e1dio de futebol do munic\u00edpio tamb\u00e9m foi obra do primeiro governo de Alberto, que admira as pr\u00e1ticas desportistas, j\u00e1 que elas d\u00e3o oportunidades de sa\u00fade para crian\u00e7as, jovens, adultos e idosos quando praticam atividades f\u00edsicas.<\/p>\n<p>O candidato lamentou que alguns prefeitos que administraram o munic\u00edpio ap\u00f3s ele, infelizmente n\u00e3o deram continuidade aos trabalhos de alcance social para o povo barracoqueirense, mas somente na atual gest\u00e3o do prefeito Airton Martins \u00e9 que o trabalho foi retomado em prol do povo.<\/p>\n<p>\u201cQuem j\u00e1 teve a oportunidade de fazer e n\u00e3o fez, hoje diz que vai fazer, enquanto isso, n\u00f3s que n\u00e3o t\u00ednhamos muitos recursos na \u00e9poca, fizemos muito pelo povo, imagina agora com uma nova realidade que temos em nosso munic\u00edpio! Quem me conhece sabe que amo trabalhar pela nossa Barra dos Coqueiros, com minha humildade e experi\u00eancia&#8221;, disse.<\/p>\n<p>EMPREGABILIDADE<\/p>\n<p>Dentre algumas propostas de governo, o pr\u00e9-candidato Alberto destacou que o munic\u00edpio precisa de uma escola de cursos profissionalizantes para promover a capacita\u00e7\u00e3o da m\u00e3o de obra local, visando encaminhar a juventude ao mercado de trabalho.<br \/>\nA expectativa de novos empregos no munic\u00edpio anima os populares com a chegada de uma unidade da f\u00e1brica da Marat\u00e1, constru\u00e7\u00e3o de um Shopping Center e a Usina Hidroel\u00e9trica a g\u00e1s natural, a maior da Am\u00e9rica Latina.<\/p>\n<p>O pr\u00e9-candidato a vice-prefeito, Tinho Martins, disse que atrav\u00e9s do trabalho construiu sua pr\u00f3pria imagem diante do povo barracoqueirense. Jovem atuante, 32 anos, administrador e empres\u00e1rio, ex-secret\u00e1rio de turismo no munic\u00edpio, foi assessor de assuntos parlamentares por 7 anos na atual gest\u00e3o, Tinho atuou tamb\u00e9m na \u00e1rea privada como produtor cultural em eventos e restaurante.<\/p>\n<p>Na oportunidade, Tinho lembrou que quando Alberto Macedo foi prefeito do munic\u00edpio nos anos 80, ele estava nascendo e hoje tem o privil\u00e9gio de ser o vice da chapa. \u201cCresci e aprendi a trabalhar pelo povo, hoje estou no lugar certo, n\u00e3o quero ser vice de enfeite, Alberto ter\u00e1 um bra\u00e7o direito na gest\u00e3o dele\u201d, disse.<\/p>\n<p>A reuni\u00e3o com os feirantes contou ainda com as presen\u00e7as dos pr\u00e9-candidatos a vereadores e apoiadores da chapa, o empres\u00e1rio Eletro e o professor de artes marciais, J\u00fanior Sobral, que pretende ampliar seu trabalho esportivo na Barra dos Coqueiros.<\/p>\n<p>Alberto entende que a participa\u00e7\u00e3o popular \u00e9 muito importante para a constru\u00e7\u00e3o da gest\u00e3o, por isso solicitou dos feirantes a lista de reivindica\u00e7\u00f5es para compor o plano de governo. O pr\u00e9-prefeitur\u00e1vel do MDB teve reuni\u00e3o ainda essa semana com trabalhadores taxistas e moradores do povoado Capu\u00e3, oportunizando assim ouvir demais categorias.<\/p>\n<p>Da Assessoria de Imprensa<br \/>\nCl\u00e1udia Meireles<br \/>\nJornalista DRT 650-SE<br \/>\nFoto: jornalista Jessica Lieko<\/p>\n","protected":false},"excerpt":{"rendered":"<p>Dando sequ\u00eancia as v\u00e1rias reuni\u00f5es com categorias de trabalhadores do munic\u00edpio de Barra dos Coqueiros, o pr\u00e9-candidato a prefeito Alberto Macedo (MDB) esteve reunido com l\u00edderes das feiras livres na segunda-feira (21 de setembro), acompanhado pelo pr\u00e9-candidato a vice-prefeito da chapa, Tinho Martins (PSD). Juntos, eles ouviram atentamente as reivindica\u00e7\u00f5es dos feirantes. Alberto Macedo disse que considera o trabalho dos feirantes de fundamental import\u00e2ncia para o com\u00e9rcio e o desenvolvimento<\/p>\n","protected":false},"author":1,"featured_media":1780,"comment_status":"open","ping_status":"open","sticky":false,"template":"","format":"standard","meta":[],"categories":[18],"tags":[],"yoast_head":"<!-- This site is optimized with the Yoast SEO plugin v16.3 - https:\/\/yoast.com\/wordpress\/plugins\/seo\/ -->\n<title>Feirantes da Barra dos Coqueiros exp\u00f5em expectativas da categoria ao pr\u00e9-candidato Alberto Macedo (MDB) - TRIBUNA DA PRAIA<\/title>\n<meta name=\"robots\" content=\"index, follow, max-snippet:-1, max-image-preview:large, max-video-preview:-1\" \/>\n<link rel=\"canonical\" href=\"https:\/\/tribunadapraia.com.br\/?p=1779\" \/>\n<meta property=\"og:locale\" content=\"pt_BR\" \/>\n<meta property=\"og:type\" content=\"article\" \/>\n<meta property=\"og:title\" content=\"Feirantes da Barra dos Coqueiros exp\u00f5em expectativas da categoria ao pr\u00e9-candidato Alberto Macedo (MDB) - TRIBUNA DA PRAIA\" \/>\n<meta property=\"og:description\" content=\"Dando sequ\u00eancia as v\u00e1rias reuni\u00f5es com categorias de trabalhadores do munic\u00edpio de Barra dos Coqueiros, o pr\u00e9-candidato a prefeito Alberto Macedo (MDB) esteve reunido com l\u00edderes das feiras livres na segunda-feira (21 de setembro), acompanhado pelo pr\u00e9-candidato a vice-prefeito da chapa, Tinho Martins (PSD). Juntos, eles ouviram atentamente as reivindica\u00e7\u00f5es dos feirantes. Alberto Macedo disse que considera o trabalho dos feirantes de fundamental import\u00e2ncia para o com\u00e9rcio e o desenvolvimento\" \/>\n<meta property=\"og:url\" content=\"https:\/\/tribunadapraia.com.br\/?p=1779\" \/>\n<meta property=\"og:site_name\" content=\"TRIBUNA DA PRAIA\" \/>\n<meta property=\"article:publisher\" content=\"https:\/\/www.facebook.com\/tribunadapraiaonline\/\" \/>\n<meta property=\"article:published_time\" content=\"2020-09-23T18:21:28+00:00\" \/>\n<meta property=\"article:modified_time\" content=\"2020-09-23T18:22:30+00:00\" \/>\n<meta property=\"og:image\" content=\"https:\/\/tribunadapraia.com.br\/wp-content\/uploads\/2020\/09\/IMG-20200923-WA0048.jpg\" \/>\n\t<meta property=\"og:image:width\" content=\"1280\" \/>\n\t<meta property=\"og:image:height\" content=\"960\" \/>\n<meta name=\"twitter:card\" content=\"summary_large_image\" \/>\n<meta name=\"twitter:creator\" content=\"@Claudomir21\" \/>\n<meta name=\"twitter:site\" content=\"@Claudomir21\" \/>\n<meta name=\"twitter:label1\" content=\"Est. tempo de leitura\">\n\t<meta name=\"twitter:data1\" content=\"4 minutos\">\n<script type=\"application\/ld+json\" class=\"yoast-schema-graph\">{\"@context\":\"https:\/\/schema.org\",\"@graph\":[{\"@type\":\"Organization\",\"@id\":\"https:\/\/tribunadapraia.com.br\/#organization\",\"name\":\"Tribuna da Praia\",\"url\":\"https:\/\/tribunadapraia.com.br\/\",\"sameAs\":[\"https:\/\/www.facebook.com\/tribunadapraiaonline\/\",\"https:\/\/www.instagram.com\/claudomirtavares\/\",\"https:\/\/www.youtube.com\/channel\/UCwQf80nxiMzCefAyjbp53Rw\",\"https:\/\/twitter.com\/Claudomir21\"],\"logo\":{\"@type\":\"ImageObject\",\"@id\":\"https:\/\/tribunadapraia.com.br\/#logo\",\"inLanguage\":\"pt-BR\",\"url\":\"https:\/\/tribunadapraia.com.br\/wp-content\/uploads\/2020\/02\/logo.png\",\"contentUrl\":\"https:\/\/tribunadapraia.com.br\/wp-content\/uploads\/2020\/02\/logo.png\",\"width\":501,\"height\":121,\"caption\":\"Tribuna da Praia\"},\"image\":{\"@id\":\"https:\/\/tribunadapraia.com.br\/#logo\"}},{\"@type\":\"WebSite\",\"@id\":\"https:\/\/tribunadapraia.com.br\/#website\",\"url\":\"https:\/\/tribunadapraia.com.br\/\",\"name\":\"TRIBUNA DA PRAIA\",\"description\":\"O 1\\u00ba jornal do interior de Sergipe na internet\",\"publisher\":{\"@id\":\"https:\/\/tribunadapraia.com.br\/#organization\"},\"potentialAction\":[{\"@type\":\"SearchAction\",\"target\":\"https:\/\/tribunadapraia.com.br\/?s={search_term_string}\",\"query-input\":\"required name=search_term_string\"}],\"inLanguage\":\"pt-BR\"},{\"@type\":\"ImageObject\",\"@id\":\"https:\/\/tribunadapraia.com.br\/?p=1779#primaryimage\",\"inLanguage\":\"pt-BR\",\"url\":\"https:\/\/tribunadapraia.com.br\/wp-content\/uploads\/2020\/09\/IMG-20200923-WA0048.jpg\",\"contentUrl\":\"https:\/\/tribunadapraia.com.br\/wp-content\/uploads\/2020\/09\/IMG-20200923-WA0048.jpg\",\"width\":1280,\"height\":960},{\"@type\":\"WebPage\",\"@id\":\"https:\/\/tribunadapraia.com.br\/?p=1779#webpage\",\"url\":\"https:\/\/tribunadapraia.com.br\/?p=1779\",\"name\":\"Feirantes da Barra dos Coqueiros exp\\u00f5em expectativas da categoria ao pr\\u00e9-candidato Alberto Macedo (MDB) - TRIBUNA DA PRAIA\",\"isPartOf\":{\"@id\":\"https:\/\/tribunadapraia.com.br\/#website\"},\"primaryImageOfPage\":{\"@id\":\"https:\/\/tribunadapraia.com.br\/?p=1779#primaryimage\"},\"datePublished\":\"2020-09-23T18:21:28+00:00\",\"dateModified\":\"2020-09-23T18:22:30+00:00\",\"breadcrumb\":{\"@id\":\"https:\/\/tribunadapraia.com.br\/?p=1779#breadcrumb\"},\"inLanguage\":\"pt-BR\",\"potentialAction\":[{\"@type\":\"ReadAction\",\"target\":[\"https:\/\/tribunadapraia.com.br\/?p=1779\"]}]},{\"@type\":\"BreadcrumbList\",\"@id\":\"https:\/\/tribunadapraia.com.br\/?p=1779#breadcrumb\",\"itemListElement\":[{\"@type\":\"ListItem\",\"position\":1,\"item\":{\"@type\":\"WebPage\",\"@id\":\"https:\/\/tribunadapraia.com.br\/\",\"url\":\"https:\/\/tribunadapraia.com.br\/\",\"name\":\"In\\u00edcio\"}},{\"@type\":\"ListItem\",\"position\":2,\"item\":{\"@id\":\"https:\/\/tribunadapraia.com.br\/?p=1779#webpage\"}}]},{\"@type\":\"Article\",\"@id\":\"https:\/\/tribunadapraia.com.br\/?p=1779#article\",\"isPartOf\":{\"@id\":\"https:\/\/tribunadapraia.com.br\/?p=1779#webpage\"},\"author\":{\"@id\":\"https:\/\/tribunadapraia.com.br\/#\/schema\/person\/326b0a9f3163b479142c64eba4928de0\"},\"headline\":\"Feirantes da Barra dos Coqueiros exp\\u00f5em expectativas da categoria ao pr\\u00e9-candidato Alberto Macedo (MDB)\",\"datePublished\":\"2020-09-23T18:21:28+00:00\",\"dateModified\":\"2020-09-23T18:22:30+00:00\",\"mainEntityOfPage\":{\"@id\":\"https:\/\/tribunadapraia.com.br\/?p=1779#webpage\"},\"wordCount\":785,\"commentCount\":0,\"publisher\":{\"@id\":\"https:\/\/tribunadapraia.com.br\/#organization\"},\"image\":{\"@id\":\"https:\/\/tribunadapraia.com.br\/?p=1779#primaryimage\"},\"thumbnailUrl\":\"https:\/\/tribunadapraia.com.br\/wp-content\/uploads\/2020\/09\/IMG-20200923-WA0048.jpg\",\"articleSection\":[\"Not\\u00edcias\"],\"inLanguage\":\"pt-BR\",\"potentialAction\":[{\"@type\":\"CommentAction\",\"name\":\"Comment\",\"target\":[\"https:\/\/tribunadapraia.com.br\/?p=1779#respond\"]}]},{\"@type\":\"Person\",\"@id\":\"https:\/\/tribunadapraia.com.br\/#\/schema\/person\/326b0a9f3163b479142c64eba4928de0\",\"name\":\"tribunadapraia\",\"image\":{\"@type\":\"ImageObject\",\"@id\":\"https:\/\/tribunadapraia.com.br\/#personlogo\",\"inLanguage\":\"pt-BR\",\"url\":\"https:\/\/secure.gravatar.com\/avatar\/38b019c74762496076b7355024a0dad9?s=96&d=identicon&r=g\",\"contentUrl\":\"https:\/\/secure.gravatar.com\/avatar\/38b019c74762496076b7355024a0dad9?s=96&d=identicon&r=g\",\"caption\":\"tribunadapraia\"}}]}<\/script>\n<!-- \/ Yoast SEO plugin. -->","wps_subtitle":"","_links":{"self":[{"href":"https:\/\/tribunadapraia.com.br\/index.php?rest_route=\/wp\/v2\/posts\/1779"}],"collection":[{"href":"https:\/\/tribunadapraia.com.br\/index.php?rest_route=\/wp\/v2\/posts"}],"about":[{"href":"https:\/\/tribunadapraia.com.br\/index.php?rest_route=\/wp\/v2\/types\/post"}],"author":[{"embeddable":true,"href":"https:\/\/tribunadapraia.com.br\/index.php?rest_route=\/wp\/v2\/users\/1"}],"replies":[{"embeddable":true,"href":"https:\/\/tribunadapraia.com.br\/index.php?rest_route=%2Fwp%2Fv2%2Fcomments&post=1779"}],"version-history":[{"count":1,"href":"https:\/\/tribunadapraia.com.br\/index.php?rest_route=\/wp\/v2\/posts\/1779\/revisions"}],"predecessor-version":[{"id":1781,"href":"https:\/\/tribunadapraia.com.br\/index.php?rest_route=\/wp\/v2\/posts\/1779\/revisions\/1781"}],"wp:featuredmedia":[{"embeddable":true,"href":"https:\/\/tribunadapraia.com.br\/index.php?rest_route=\/wp\/v2\/media\/1780"}],"wp:attachment":[{"href":"https:\/\/tribunadapraia.com.br\/index.php?rest_route=%2Fwp%2Fv2%2Fmedia&parent=1779"}],"wp:term":[{"taxonomy":"category","embeddable":true,"href":"https:\/\/tribunadapraia.com.br\/index.php?rest_route=%2Fwp%2Fv2%2Fcategories&post=1779"},{"taxonomy":"post_tag","embeddable":true,"href":"https:\/\/tribunadapraia.com.br\/index.php?rest_route=%2Fwp%2Fv2%2Ftags&post=1779"}],"curies":[{"name":"wp","href":"https:\/\/api.w.org\/{rel}","templated":true}]}}