{"id":1774,"date":"2020-09-22T09:00:49","date_gmt":"2020-09-22T12:00:49","guid":{"rendered":"https:\/\/tribunadapraia.com.br\/?p=1774"},"modified":"2020-09-22T11:37:37","modified_gmt":"2020-09-22T14:37:37","slug":"agenda-de-entrevistas-tribuna-da-praia-e-canal-de-noticias-entrevistara-candidatos-em-barra-dos-coqueiros-pirambu-e-propria","status":"publish","type":"post","link":"https:\/\/tribunadapraia.com.br\/?p=1774","title":{"rendered":"AGENDA DE ENTREVISTAS: Tribuna da Praia e Canal de Not\u00edcias entrevistar\u00e3o candidatos em Barra dos Coqueiros, Pirambu e Propri\u00e1"},"content":{"rendered":"<p>A Rede Popular de Comunica\u00e7\u00e3o Alternativa de Sergipe, atrav\u00e9s da Tribuna da Praia e do programa Canal de Not\u00edcias (r\u00e1dios Pomonga e Voz do S\u00e3o Francisco), entrevistar\u00e1 os candidatos a prefeito em Barra dos Coqueiros, Pirambu, Propri\u00e1 e possivelmente Japaratuba. Pelas regras estabelecidas pela RPCA Sergipe, \u00e0 s\u00e9rie ser\u00e1 iniciada em 29 de setembro, com dois blocos de at\u00e9 25 minutos para cada candidato, assegurando o princ\u00edpio da isonomia com perguntas gerais, espec\u00edficas e aberta a participa\u00e7\u00e3o dos ouvintes. As entrevistas ser\u00e3o realizadas nos est\u00fadios da RPCA Sergipe e obedecer\u00e3o ao seguinte calend\u00e1rio, estando as cidades distribu\u00eddas em rod\u00edzio alfab\u00e9tico e os candidatos nessa ordem, sem rod\u00edzio, conforme exemplo abaixo :<\/p>\n<p>\u25aa\ufe0e29\/09 &#8211; Ter\u00e7a-feira: Cidade A, candidato A.<\/p>\n<p>\u25aa\ufe0e30\/09 &#8211; Quarta-feira: Cidade B, candidato A.<\/p>\n<p>\u25aa\ufe0e01\/10 &#8211; Quinta-feira: Cidade C, candidato A.<\/p>\n<p>\u25aa\ufe0e06\/10 &#8211; Ter\u00e7a-feira: Cidade B, candidato B.<\/p>\n<p>\u25aa\ufe0e07\/10 &#8211; Quarta-feira: Cidade C, candidato B.<\/p>\n<p>\u25aa\ufe0e08\/10 &#8211; Quinta-feira: Cidade A, candidato B.<\/p>\n<p>\u25aa\ufe0e13\/10 &#8211; Ter\u00e7a-feira: Cidade C, candidato C<\/p>\n<p>\u25aa\ufe0e14\/10 &#8211; Quarta-feira: Cidade A, candidato C.<\/p>\n<p>\u25aa\ufe0e 15\/10 &#8211; Quinta-feira: Cidade B, candidato C.<\/p>\n<p>\u25aa\ufe0e 20\/10 &#8211; Ter\u00e7a-feira: Cidade A, candidato D.<\/p>\n<p>\u25aa\ufe0e 21\/10 &#8211; Quarta-feira: Cidade B, candidato D.<\/p>\n<p>\u25aa\ufe0e 22\/10 &#8211; Quinta-feira: Cidade C, candidato D.<\/p>\n<p>\u25aa\ufe0e 27\/10 &#8211; Ter\u00e7a-feira: Cidade B, candidato E.<\/p>\n<p>\u25aa\ufe0e 28\/10 &#8211; Quarta-feira: Cidade A, candidato E.<\/p>\n<p>Obs: Caso alguma entrevista n\u00e3o seja realizada por algum imprevisto em nosso sistema de transmiss\u00e3o, fica o dia 29 de outubro indicado para reposi\u00e7\u00e3o da mesma.<\/p>\n<p>Os candidatos receber\u00e3o at\u00e9 amanh\u00e3, 21, este cronograma com a indica\u00e7\u00e3o do dia da entrevista. As entrevistas no portal Tribuna da Praia ser\u00e3o publicadas a partir de 3 de novembro de 2020.<\/p>\n<p>Os candidatos dever\u00e3o receber o cronograma por e-mail e WathsApp cadastrados, sendo os nossos os seguintes: claudomir21@gmail.com e (079) 99973.6883.<\/p>\n<p>ClaudOmir Herzog, coordenador da RPCA Sergipe<\/p>\n","protected":false},"excerpt":{"rendered":"<p>A Rede Popular de Comunica\u00e7\u00e3o Alternativa de Sergipe, atrav\u00e9s da Tribuna da Praia e do programa Canal de Not\u00edcias (r\u00e1dios Pomonga e Voz do S\u00e3o Francisco), entrevistar\u00e1 os candidatos a prefeito em Barra dos Coqueiros, Pirambu, Propri\u00e1 e possivelmente Japaratuba. Pelas regras estabelecidas pela RPCA Sergipe, \u00e0 s\u00e9rie ser\u00e1 iniciada em 29 de setembro, com dois blocos de at\u00e9 25 minutos para cada candidato, assegurando o princ\u00edpio da isonomia com<\/p>\n","protected":false},"author":3,"featured_media":1523,"comment_status":"open","ping_status":"open","sticky":false,"template":"","format":"standard","meta":[],"categories":[18],"tags":[],"yoast_head":"<!-- This site is optimized with the Yoast SEO plugin v16.3 - https:\/\/yoast.com\/wordpress\/plugins\/seo\/ -->\n<title>AGENDA DE ENTREVISTAS: Tribuna da Praia e Canal de Not\u00edcias entrevistar\u00e3o candidatos em Barra dos Coqueiros, Pirambu e Propri\u00e1 - TRIBUNA DA PRAIA<\/title>\n<meta name=\"robots\" content=\"index, follow, max-snippet:-1, max-image-preview:large, max-video-preview:-1\" \/>\n<link rel=\"canonical\" href=\"https:\/\/tribunadapraia.com.br\/?p=1774\" \/>\n<meta property=\"og:locale\" content=\"pt_BR\" \/>\n<meta property=\"og:type\" content=\"article\" \/>\n<meta property=\"og:title\" content=\"AGENDA DE ENTREVISTAS: Tribuna da Praia e Canal de Not\u00edcias entrevistar\u00e3o candidatos em Barra dos Coqueiros, Pirambu e Propri\u00e1 - TRIBUNA DA PRAIA\" \/>\n<meta property=\"og:description\" content=\"A Rede Popular de Comunica\u00e7\u00e3o Alternativa de Sergipe, atrav\u00e9s da Tribuna da Praia e do programa Canal de Not\u00edcias (r\u00e1dios Pomonga e Voz do S\u00e3o Francisco), entrevistar\u00e1 os candidatos a prefeito em Barra dos Coqueiros, Pirambu, Propri\u00e1 e possivelmente Japaratuba. Pelas regras estabelecidas pela RPCA Sergipe, \u00e0 s\u00e9rie ser\u00e1 iniciada em 29 de setembro, com dois blocos de at\u00e9 25 minutos para cada candidato, assegurando o princ\u00edpio da isonomia com\" \/>\n<meta property=\"og:url\" content=\"https:\/\/tribunadapraia.com.br\/?p=1774\" \/>\n<meta property=\"og:site_name\" content=\"TRIBUNA DA PRAIA\" \/>\n<meta property=\"article:publisher\" content=\"https:\/\/www.facebook.com\/tribunadapraiaonline\/\" \/>\n<meta property=\"article:published_time\" content=\"2020-09-22T12:00:49+00:00\" \/>\n<meta property=\"article:modified_time\" content=\"2020-09-22T14:37:37+00:00\" \/>\n<meta property=\"og:image\" content=\"https:\/\/tribunadapraia.com.br\/wp-content\/uploads\/2020\/07\/Eleicoes-2020.png\" \/>\n\t<meta property=\"og:image:width\" content=\"669\" \/>\n\t<meta property=\"og:image:height\" content=\"490\" \/>\n<meta name=\"twitter:card\" content=\"summary_large_image\" \/>\n<meta name=\"twitter:creator\" content=\"@Claudomir21\" \/>\n<meta name=\"twitter:site\" content=\"@Claudomir21\" \/>\n<meta name=\"twitter:label1\" content=\"Est. tempo de leitura\">\n\t<meta name=\"twitter:data1\" content=\"2 minutos\">\n<script type=\"application\/ld+json\" class=\"yoast-schema-graph\">{\"@context\":\"https:\/\/schema.org\",\"@graph\":[{\"@type\":\"Organization\",\"@id\":\"https:\/\/tribunadapraia.com.br\/#organization\",\"name\":\"Tribuna da Praia\",\"url\":\"https:\/\/tribunadapraia.com.br\/\",\"sameAs\":[\"https:\/\/www.facebook.com\/tribunadapraiaonline\/\",\"https:\/\/www.instagram.com\/claudomirtavares\/\",\"https:\/\/www.youtube.com\/channel\/UCwQf80nxiMzCefAyjbp53Rw\",\"https:\/\/twitter.com\/Claudomir21\"],\"logo\":{\"@type\":\"ImageObject\",\"@id\":\"https:\/\/tribunadapraia.com.br\/#logo\",\"inLanguage\":\"pt-BR\",\"url\":\"https:\/\/tribunadapraia.com.br\/wp-content\/uploads\/2020\/02\/logo.png\",\"contentUrl\":\"https:\/\/tribunadapraia.com.br\/wp-content\/uploads\/2020\/02\/logo.png\",\"width\":501,\"height\":121,\"caption\":\"Tribuna da Praia\"},\"image\":{\"@id\":\"https:\/\/tribunadapraia.com.br\/#logo\"}},{\"@type\":\"WebSite\",\"@id\":\"https:\/\/tribunadapraia.com.br\/#website\",\"url\":\"https:\/\/tribunadapraia.com.br\/\",\"name\":\"TRIBUNA DA PRAIA\",\"description\":\"O 1\\u00ba jornal do interior de Sergipe na internet\",\"publisher\":{\"@id\":\"https:\/\/tribunadapraia.com.br\/#organization\"},\"potentialAction\":[{\"@type\":\"SearchAction\",\"target\":\"https:\/\/tribunadapraia.com.br\/?s={search_term_string}\",\"query-input\":\"required name=search_term_string\"}],\"inLanguage\":\"pt-BR\"},{\"@type\":\"ImageObject\",\"@id\":\"https:\/\/tribunadapraia.com.br\/?p=1774#primaryimage\",\"inLanguage\":\"pt-BR\",\"url\":\"https:\/\/tribunadapraia.com.br\/wp-content\/uploads\/2020\/07\/Eleicoes-2020.png\",\"contentUrl\":\"https:\/\/tribunadapraia.com.br\/wp-content\/uploads\/2020\/07\/Eleicoes-2020.png\",\"width\":669,\"height\":490},{\"@type\":\"WebPage\",\"@id\":\"https:\/\/tribunadapraia.com.br\/?p=1774#webpage\",\"url\":\"https:\/\/tribunadapraia.com.br\/?p=1774\",\"name\":\"AGENDA DE ENTREVISTAS: Tribuna da Praia e Canal de Not\\u00edcias entrevistar\\u00e3o candidatos em Barra dos Coqueiros, Pirambu e Propri\\u00e1 - TRIBUNA DA PRAIA\",\"isPartOf\":{\"@id\":\"https:\/\/tribunadapraia.com.br\/#website\"},\"primaryImageOfPage\":{\"@id\":\"https:\/\/tribunadapraia.com.br\/?p=1774#primaryimage\"},\"datePublished\":\"2020-09-22T12:00:49+00:00\",\"dateModified\":\"2020-09-22T14:37:37+00:00\",\"breadcrumb\":{\"@id\":\"https:\/\/tribunadapraia.com.br\/?p=1774#breadcrumb\"},\"inLanguage\":\"pt-BR\",\"potentialAction\":[{\"@type\":\"ReadAction\",\"target\":[\"https:\/\/tribunadapraia.com.br\/?p=1774\"]}]},{\"@type\":\"BreadcrumbList\",\"@id\":\"https:\/\/tribunadapraia.com.br\/?p=1774#breadcrumb\",\"itemListElement\":[{\"@type\":\"ListItem\",\"position\":1,\"item\":{\"@type\":\"WebPage\",\"@id\":\"https:\/\/tribunadapraia.com.br\/\",\"url\":\"https:\/\/tribunadapraia.com.br\/\",\"name\":\"In\\u00edcio\"}},{\"@type\":\"ListItem\",\"position\":2,\"item\":{\"@id\":\"https:\/\/tribunadapraia.com.br\/?p=1774#webpage\"}}]},{\"@type\":\"Article\",\"@id\":\"https:\/\/tribunadapraia.com.br\/?p=1774#article\",\"isPartOf\":{\"@id\":\"https:\/\/tribunadapraia.com.br\/?p=1774#webpage\"},\"author\":{\"@id\":\"https:\/\/tribunadapraia.com.br\/#\/schema\/person\/099fbbf59acc5895c0d7d52b4fc46c97\"},\"headline\":\"AGENDA DE ENTREVISTAS: Tribuna da Praia e Canal de Not\\u00edcias entrevistar\\u00e3o candidatos em Barra dos Coqueiros, Pirambu e Propri\\u00e1\",\"datePublished\":\"2020-09-22T12:00:49+00:00\",\"dateModified\":\"2020-09-22T14:37:37+00:00\",\"mainEntityOfPage\":{\"@id\":\"https:\/\/tribunadapraia.com.br\/?p=1774#webpage\"},\"wordCount\":321,\"commentCount\":0,\"publisher\":{\"@id\":\"https:\/\/tribunadapraia.com.br\/#organization\"},\"image\":{\"@id\":\"https:\/\/tribunadapraia.com.br\/?p=1774#primaryimage\"},\"thumbnailUrl\":\"https:\/\/tribunadapraia.com.br\/wp-content\/uploads\/2020\/07\/Eleicoes-2020.png\",\"articleSection\":[\"Not\\u00edcias\"],\"inLanguage\":\"pt-BR\",\"potentialAction\":[{\"@type\":\"CommentAction\",\"name\":\"Comment\",\"target\":[\"https:\/\/tribunadapraia.com.br\/?p=1774#respond\"]}]},{\"@type\":\"Person\",\"@id\":\"https:\/\/tribunadapraia.com.br\/#\/schema\/person\/099fbbf59acc5895c0d7d52b4fc46c97\",\"name\":\"Reda\\u00e7\\u00e3o\",\"image\":{\"@type\":\"ImageObject\",\"@id\":\"https:\/\/tribunadapraia.com.br\/#personlogo\",\"inLanguage\":\"pt-BR\",\"url\":\"https:\/\/secure.gravatar.com\/avatar\/91c8b91d2bfd7784eac5c3e055361f64?s=96&d=identicon&r=g\",\"contentUrl\":\"https:\/\/secure.gravatar.com\/avatar\/91c8b91d2bfd7784eac5c3e055361f64?s=96&d=identicon&r=g\",\"caption\":\"Reda\\u00e7\\u00e3o\"}}]}<\/script>\n<!-- \/ Yoast SEO plugin. -->","wps_subtitle":"","_links":{"self":[{"href":"https:\/\/tribunadapraia.com.br\/index.php?rest_route=\/wp\/v2\/posts\/1774"}],"collection":[{"href":"https:\/\/tribunadapraia.com.br\/index.php?rest_route=\/wp\/v2\/posts"}],"about":[{"href":"https:\/\/tribunadapraia.com.br\/index.php?rest_route=\/wp\/v2\/types\/post"}],"author":[{"embeddable":true,"href":"https:\/\/tribunadapraia.com.br\/index.php?rest_route=\/wp\/v2\/users\/3"}],"replies":[{"embeddable":true,"href":"https:\/\/tribunadapraia.com.br\/index.php?rest_route=%2Fwp%2Fv2%2Fcomments&post=1774"}],"version-history":[{"count":4,"href":"https:\/\/tribunadapraia.com.br\/index.php?rest_route=\/wp\/v2\/posts\/1774\/revisions"}],"predecessor-version":[{"id":1778,"href":"https:\/\/tribunadapraia.com.br\/index.php?rest_route=\/wp\/v2\/posts\/1774\/revisions\/1778"}],"wp:featuredmedia":[{"embeddable":true,"href":"https:\/\/tribunadapraia.com.br\/index.php?rest_route=\/wp\/v2\/media\/1523"}],"wp:attachment":[{"href":"https:\/\/tribunadapraia.com.br\/index.php?rest_route=%2Fwp%2Fv2%2Fmedia&parent=1774"}],"wp:term":[{"taxonomy":"category","embeddable":true,"href":"https:\/\/tribunadapraia.com.br\/index.php?rest_route=%2Fwp%2Fv2%2Fcategories&post=1774"},{"taxonomy":"post_tag","embeddable":true,"href":"https:\/\/tribunadapraia.com.br\/index.php?rest_route=%2Fwp%2Fv2%2Ftags&post=1774"}],"curies":[{"name":"wp","href":"https:\/\/api.w.org\/{rel}","templated":true}]}}