{"id":1770,"date":"2020-09-17T21:13:16","date_gmt":"2020-09-18T00:13:16","guid":{"rendered":"https:\/\/tribunadapraia.com.br\/?p=1770"},"modified":"2020-09-17T21:14:03","modified_gmt":"2020-09-18T00:14:03","slug":"convencao-oficializa-candidatura-de-alberto-macedo-mdb-para-prefeito-e-vice-tinho-martins-psd-em-barra-dos-coqueiros","status":"publish","type":"post","link":"https:\/\/tribunadapraia.com.br\/?p=1770","title":{"rendered":"Conven\u00e7\u00e3o oficializa candidatura de Alberto Macedo (MDB) para prefeito e vice Tinho Martins (PSD) em Barra dos Coqueiros"},"content":{"rendered":"<p>Os partidos PSD, MDB, PDT e PP se reuniram em conven\u00e7\u00e3o no \u00faltimo s\u00e1bado, 12, no munic\u00edpio de Barra dos Coqueiros, onde homologaram a candidatura de Alberto Macedo (MDB) para prefeitura da cidade, tendo como vice-prefeito, Tinho Martins (PSD), empreendedor e ex-secret\u00e1rio de turismo e ind\u00fastria do munic\u00edpio.<\/p>\n<p>A coliga\u00e7\u00e3o demonstrou bastante uni\u00e3o e consenso e oficializou tamb\u00e9m cerca de 80 candidatos \u00e0 C\u00e2mara Legislativa.<\/p>\n<p>&#8220;Quis o destino, nesse meu momento de maturidade pessoal e pol\u00edtica, depois de mais tr\u00eas mandatos como vereador, atuando durante dois deles como presidente da c\u00e2mara municipal, colocar-me novamente como candidato a prefeito em um dos momentos mais importantes da hist\u00f3ria da Barra dos Coqueiros. Momento de arrancada do desenvolvimento econ\u00f4mico e social em que a barra tornou-se, em apenas 7 anos e meio, a cidade que mais cresce no Estado de Sergipe&#8221;, disse o candidato Alberto Macedo.<\/p>\n<p>A chapa majorit\u00e1ria conta com o apoio do atual prefeito do munic\u00edpio, Airton Martins (MDB), que mant\u00e9m alt\u00edssima aprova\u00e7\u00e3o popular ap\u00f3s tr\u00eas gest\u00f5es como prefeito de Barra dos Coqueiros. &#8220;Na minha mente a vit\u00f3ria de Alberto j\u00e1 est\u00e1 certa. O desenvolvimento e crescimento do povo da Barra n\u00e3o pode parar. Alberto \u00e9 comprometido, honesto e vai continuar trabalhando ao lado do povo&#8221;, afirmou o prefeito.<\/p>\n<p>Tamb\u00e9m manifestaram apoio \u00e0 candidatura de Alberto e Tinho, os deputados Fabio Mitidieri, La\u00e9rcio Oliveira e Adailton Martins, al\u00e9m do senador Rog\u00e9rio Carvalho, que disse em seu discurso que, independente das circunst\u00e2ncias, &#8220;n\u00e3o deixaria de apoiar homens honrados, leais e que cumprem com suas palavras. Coisa rara de se achar na pol\u00edtica atualmente&#8221;.<\/p>\n<p>Emocionado, o candidato Alberto Macedo ressaltou ainda a import\u00e2ncia da gratid\u00e3o e da humildade como virtudes que devem ser cultivadas na vida. &#8220;Nesse momento de muita felicidade, n\u00f3s estamos cientes da responsabilidade que estamos assumindo de consolidar o trabalho muito bem feito pelo prefeito Airton Martins e seu grupo, procurando aprimorar e avan\u00e7ar naquilo que for necess\u00e1rio. \u00c9 importante ressaltar que n\u00f3s vamos ter uma aten\u00e7\u00e3o especial na educa\u00e7\u00e3o, na cria\u00e7\u00e3o de emprego, incentivando o crescimento da ind\u00fastria, do com\u00e9rcio, da capacita\u00e7\u00e3o da m\u00e3o de obra do nosso povo, porque s\u00f3 assim n\u00f3s vamos trazer muito mais felicidade pro nosso povo&#8221;, disse.<\/p>\n<p>O evento foi realizado das 9h \u00e0s 17h no S\u00edtio S\u00e3o Joaquim, no povoado Capu\u00e3, seguindo rigorosamente todas as orienta\u00e7\u00f5es e protocolos em defesa da sa\u00fade, respeitado o limite de 50% da capacidade do local, com medi\u00e7\u00e3o de temperatura e obrigatoriedade da m\u00e1scara, tanto na entrada quanto durante a cerim\u00f4nia. No local tamb\u00e9m havia \u00e1lcool em gel \u00e0 disposi\u00e7\u00e3o de todos os convencionados.<\/p>\n<p>Quem \u00e9 Alberto Macedo?<\/p>\n<p>Alberto Macedo tem 64 anos, \u00e9 barracoqueirense, advogado e assistente social por forma\u00e7\u00e3o. J\u00e1 foi eleito prefeito da Barra dos Coqueiros em 1988, exercendo o mandato de 1989 a 1992 pelo ent\u00e3o PMDB, tendo ao seu lado na \u00e9poca como vice-prefeito, Adailton Martins, atualmente deputado estadual pelo PSD.<br \/>\nAlberto est\u00e1 em seu terceiro mandato como vereador do munic\u00edpio da Barra dos Coqueiros, sendo durante dois deles o presidente da C\u00e2mara Legislativa, quando implementou o importante portal da transpar\u00eancia. Alberto \u00e9 pai de quatro filhos e esposo de Sueli Macedo. \u00c9 ficha limpa, filiado ao MDB, partido hist\u00f3rico pela luta da redemocratiza\u00e7\u00e3o do pa\u00eds.<\/p>\n<p>Sobre o vice Tinho Martins<br \/>\nO candidato a vice-prefeito Tinho Martins (PSD) tem 32 anos, \u00e9 empres\u00e1rio e administrador, ex-secret\u00e1rio de turismo, ind\u00fastria e com\u00e9rcio da Barra dos Coqueiros na atual gest\u00e3o. \u00c9 tamb\u00e9m empreendedor e produtor de eventos na \u00e1rea de entretenimento e restaurante. Foi assessor da prefeitura de Barra dos Coqueiros de 2013 a 2019, atuando no campo de ideias e projetos visando o desenvolvimento do munic\u00edpio.<br \/>\nO turismo necessita de ampla variedade de servi\u00e7os de infraestrutura numa cidade, a fim de receber bem o turista. Compreendendo essa import\u00e2ncia, Tinho Martins colaborou enquanto secret\u00e1rio de turismo para viabilizar obras estruturantes para o munic\u00edpio. Algumas das grandes conquistas de Tinho Martins \u00e0 frente da Secretaria de Turismo e Ind\u00fastria foram:<br \/>\n&#8211; Termoel\u00e9trica (ind\u00fastria); Inclus\u00e3o do munic\u00edpio no Mapa Nacional do Turismo;- Implementa\u00e7\u00e3o do Conselho Municipal de Turismo; Realiza\u00e7\u00e3o de grandes eventos e inclus\u00e3o do munic\u00edpio de Barra dos Coqueiros no Calend\u00e1rio de eventos do Estado; Cria\u00e7\u00e3o da Feira de Artesanato do Turista; Desenvolvemos projetos de capacita\u00e7\u00e3o de m\u00e3o de obra voltada para o turismo buscando parceiros como ( Sebrae, IFS, UFS); Reforma dos Principais Pontos tur\u00edsticos do Munic\u00edpio como ( Portal da entrada cidade, Urbaniza\u00e7\u00e3o e cal\u00e7ad\u00e3o entrada da cidade, bem como das pra\u00e7as tamb\u00e9m na entrada); Inicializa\u00e7\u00e3o do PRAD ( Plano de recupera\u00e7\u00e3o de \u00c1reas degradas ) da Atalainha, onde fam\u00edlias que viviam de forma insalubre foram retirados da regi\u00e3o (ap\u00f3s a recupera\u00e7\u00e3o natural da \u00e1rea de preserva\u00e7\u00e3o j\u00e1 existe projeto pronto para explora\u00e7\u00e3o tur\u00edstica da Prainha); Reforma do Pier da Atalaia Nova e Pra\u00e7a Luiz Gonzaga.<\/p>\n<p>Da Assessoria de Imprensa &#8211; Cl\u00e1udia Meireles<\/p>\n","protected":false},"excerpt":{"rendered":"<p>Os partidos PSD, MDB, PDT e PP se reuniram em conven\u00e7\u00e3o no \u00faltimo s\u00e1bado, 12, no munic\u00edpio de Barra dos Coqueiros, onde homologaram a candidatura de Alberto Macedo (MDB) para prefeitura da cidade, tendo como vice-prefeito, Tinho Martins (PSD), empreendedor e ex-secret\u00e1rio de turismo e ind\u00fastria do munic\u00edpio. A coliga\u00e7\u00e3o demonstrou bastante uni\u00e3o e consenso e oficializou tamb\u00e9m cerca de 80 candidatos \u00e0 C\u00e2mara Legislativa. &#8220;Quis o destino, nesse meu<\/p>\n","protected":false},"author":1,"featured_media":1771,"comment_status":"open","ping_status":"open","sticky":false,"template":"","format":"standard","meta":[],"categories":[18],"tags":[],"yoast_head":"<!-- This site is optimized with the Yoast SEO plugin v16.3 - https:\/\/yoast.com\/wordpress\/plugins\/seo\/ -->\n<title>Conven\u00e7\u00e3o oficializa candidatura de Alberto Macedo (MDB) para prefeito e vice Tinho Martins (PSD) em Barra dos Coqueiros - TRIBUNA DA PRAIA<\/title>\n<meta name=\"robots\" content=\"index, follow, max-snippet:-1, max-image-preview:large, max-video-preview:-1\" \/>\n<link rel=\"canonical\" href=\"https:\/\/tribunadapraia.com.br\/?p=1770\" \/>\n<meta property=\"og:locale\" content=\"pt_BR\" \/>\n<meta property=\"og:type\" content=\"article\" \/>\n<meta property=\"og:title\" content=\"Conven\u00e7\u00e3o oficializa candidatura de Alberto Macedo (MDB) para prefeito e vice Tinho Martins (PSD) em Barra dos Coqueiros - TRIBUNA DA PRAIA\" \/>\n<meta property=\"og:description\" content=\"Os partidos PSD, MDB, PDT e PP se reuniram em conven\u00e7\u00e3o no \u00faltimo s\u00e1bado, 12, no munic\u00edpio de Barra dos Coqueiros, onde homologaram a candidatura de Alberto Macedo (MDB) para prefeitura da cidade, tendo como vice-prefeito, Tinho Martins (PSD), empreendedor e ex-secret\u00e1rio de turismo e ind\u00fastria do munic\u00edpio. A coliga\u00e7\u00e3o demonstrou bastante uni\u00e3o e consenso e oficializou tamb\u00e9m cerca de 80 candidatos \u00e0 C\u00e2mara Legislativa. &#8220;Quis o destino, nesse meu\" \/>\n<meta property=\"og:url\" content=\"https:\/\/tribunadapraia.com.br\/?p=1770\" \/>\n<meta property=\"og:site_name\" content=\"TRIBUNA DA PRAIA\" \/>\n<meta property=\"article:publisher\" content=\"https:\/\/www.facebook.com\/tribunadapraiaonline\/\" \/>\n<meta property=\"article:published_time\" content=\"2020-09-18T00:13:16+00:00\" \/>\n<meta property=\"article:modified_time\" content=\"2020-09-18T00:14:03+00:00\" \/>\n<meta property=\"og:image\" content=\"https:\/\/tribunadapraia.com.br\/wp-content\/uploads\/2020\/09\/IMG-20200917-WA0104.jpg\" \/>\n\t<meta property=\"og:image:width\" content=\"768\" \/>\n\t<meta property=\"og:image:height\" content=\"1024\" \/>\n<meta name=\"twitter:card\" content=\"summary_large_image\" \/>\n<meta name=\"twitter:creator\" content=\"@Claudomir21\" \/>\n<meta name=\"twitter:site\" content=\"@Claudomir21\" \/>\n<meta name=\"twitter:label1\" content=\"Est. tempo de leitura\">\n\t<meta name=\"twitter:data1\" content=\"4 minutos\">\n<script type=\"application\/ld+json\" class=\"yoast-schema-graph\">{\"@context\":\"https:\/\/schema.org\",\"@graph\":[{\"@type\":\"Organization\",\"@id\":\"https:\/\/tribunadapraia.com.br\/#organization\",\"name\":\"Tribuna da Praia\",\"url\":\"https:\/\/tribunadapraia.com.br\/\",\"sameAs\":[\"https:\/\/www.facebook.com\/tribunadapraiaonline\/\",\"https:\/\/www.instagram.com\/claudomirtavares\/\",\"https:\/\/www.youtube.com\/channel\/UCwQf80nxiMzCefAyjbp53Rw\",\"https:\/\/twitter.com\/Claudomir21\"],\"logo\":{\"@type\":\"ImageObject\",\"@id\":\"https:\/\/tribunadapraia.com.br\/#logo\",\"inLanguage\":\"pt-BR\",\"url\":\"https:\/\/tribunadapraia.com.br\/wp-content\/uploads\/2020\/02\/logo.png\",\"contentUrl\":\"https:\/\/tribunadapraia.com.br\/wp-content\/uploads\/2020\/02\/logo.png\",\"width\":501,\"height\":121,\"caption\":\"Tribuna da Praia\"},\"image\":{\"@id\":\"https:\/\/tribunadapraia.com.br\/#logo\"}},{\"@type\":\"WebSite\",\"@id\":\"https:\/\/tribunadapraia.com.br\/#website\",\"url\":\"https:\/\/tribunadapraia.com.br\/\",\"name\":\"TRIBUNA DA PRAIA\",\"description\":\"O 1\\u00ba jornal do interior de Sergipe na internet\",\"publisher\":{\"@id\":\"https:\/\/tribunadapraia.com.br\/#organization\"},\"potentialAction\":[{\"@type\":\"SearchAction\",\"target\":\"https:\/\/tribunadapraia.com.br\/?s={search_term_string}\",\"query-input\":\"required name=search_term_string\"}],\"inLanguage\":\"pt-BR\"},{\"@type\":\"ImageObject\",\"@id\":\"https:\/\/tribunadapraia.com.br\/?p=1770#primaryimage\",\"inLanguage\":\"pt-BR\",\"url\":\"https:\/\/tribunadapraia.com.br\/wp-content\/uploads\/2020\/09\/IMG-20200917-WA0104.jpg\",\"contentUrl\":\"https:\/\/tribunadapraia.com.br\/wp-content\/uploads\/2020\/09\/IMG-20200917-WA0104.jpg\",\"width\":768,\"height\":1024},{\"@type\":\"WebPage\",\"@id\":\"https:\/\/tribunadapraia.com.br\/?p=1770#webpage\",\"url\":\"https:\/\/tribunadapraia.com.br\/?p=1770\",\"name\":\"Conven\\u00e7\\u00e3o oficializa candidatura de Alberto Macedo (MDB) para prefeito e vice Tinho Martins (PSD) em Barra dos Coqueiros - TRIBUNA DA PRAIA\",\"isPartOf\":{\"@id\":\"https:\/\/tribunadapraia.com.br\/#website\"},\"primaryImageOfPage\":{\"@id\":\"https:\/\/tribunadapraia.com.br\/?p=1770#primaryimage\"},\"datePublished\":\"2020-09-18T00:13:16+00:00\",\"dateModified\":\"2020-09-18T00:14:03+00:00\",\"breadcrumb\":{\"@id\":\"https:\/\/tribunadapraia.com.br\/?p=1770#breadcrumb\"},\"inLanguage\":\"pt-BR\",\"potentialAction\":[{\"@type\":\"ReadAction\",\"target\":[\"https:\/\/tribunadapraia.com.br\/?p=1770\"]}]},{\"@type\":\"BreadcrumbList\",\"@id\":\"https:\/\/tribunadapraia.com.br\/?p=1770#breadcrumb\",\"itemListElement\":[{\"@type\":\"ListItem\",\"position\":1,\"item\":{\"@type\":\"WebPage\",\"@id\":\"https:\/\/tribunadapraia.com.br\/\",\"url\":\"https:\/\/tribunadapraia.com.br\/\",\"name\":\"In\\u00edcio\"}},{\"@type\":\"ListItem\",\"position\":2,\"item\":{\"@id\":\"https:\/\/tribunadapraia.com.br\/?p=1770#webpage\"}}]},{\"@type\":\"Article\",\"@id\":\"https:\/\/tribunadapraia.com.br\/?p=1770#article\",\"isPartOf\":{\"@id\":\"https:\/\/tribunadapraia.com.br\/?p=1770#webpage\"},\"author\":{\"@id\":\"https:\/\/tribunadapraia.com.br\/#\/schema\/person\/326b0a9f3163b479142c64eba4928de0\"},\"headline\":\"Conven\\u00e7\\u00e3o oficializa candidatura de Alberto Macedo (MDB) para prefeito e vice Tinho Martins (PSD) em Barra dos Coqueiros\",\"datePublished\":\"2020-09-18T00:13:16+00:00\",\"dateModified\":\"2020-09-18T00:14:03+00:00\",\"mainEntityOfPage\":{\"@id\":\"https:\/\/tribunadapraia.com.br\/?p=1770#webpage\"},\"wordCount\":897,\"commentCount\":0,\"publisher\":{\"@id\":\"https:\/\/tribunadapraia.com.br\/#organization\"},\"image\":{\"@id\":\"https:\/\/tribunadapraia.com.br\/?p=1770#primaryimage\"},\"thumbnailUrl\":\"https:\/\/tribunadapraia.com.br\/wp-content\/uploads\/2020\/09\/IMG-20200917-WA0104.jpg\",\"articleSection\":[\"Not\\u00edcias\"],\"inLanguage\":\"pt-BR\",\"potentialAction\":[{\"@type\":\"CommentAction\",\"name\":\"Comment\",\"target\":[\"https:\/\/tribunadapraia.com.br\/?p=1770#respond\"]}]},{\"@type\":\"Person\",\"@id\":\"https:\/\/tribunadapraia.com.br\/#\/schema\/person\/326b0a9f3163b479142c64eba4928de0\",\"name\":\"tribunadapraia\",\"image\":{\"@type\":\"ImageObject\",\"@id\":\"https:\/\/tribunadapraia.com.br\/#personlogo\",\"inLanguage\":\"pt-BR\",\"url\":\"https:\/\/secure.gravatar.com\/avatar\/38b019c74762496076b7355024a0dad9?s=96&d=identicon&r=g\",\"contentUrl\":\"https:\/\/secure.gravatar.com\/avatar\/38b019c74762496076b7355024a0dad9?s=96&d=identicon&r=g\",\"caption\":\"tribunadapraia\"}}]}<\/script>\n<!-- \/ Yoast SEO plugin. -->","wps_subtitle":"","_links":{"self":[{"href":"https:\/\/tribunadapraia.com.br\/index.php?rest_route=\/wp\/v2\/posts\/1770"}],"collection":[{"href":"https:\/\/tribunadapraia.com.br\/index.php?rest_route=\/wp\/v2\/posts"}],"about":[{"href":"https:\/\/tribunadapraia.com.br\/index.php?rest_route=\/wp\/v2\/types\/post"}],"author":[{"embeddable":true,"href":"https:\/\/tribunadapraia.com.br\/index.php?rest_route=\/wp\/v2\/users\/1"}],"replies":[{"embeddable":true,"href":"https:\/\/tribunadapraia.com.br\/index.php?rest_route=%2Fwp%2Fv2%2Fcomments&post=1770"}],"version-history":[{"count":1,"href":"https:\/\/tribunadapraia.com.br\/index.php?rest_route=\/wp\/v2\/posts\/1770\/revisions"}],"predecessor-version":[{"id":1772,"href":"https:\/\/tribunadapraia.com.br\/index.php?rest_route=\/wp\/v2\/posts\/1770\/revisions\/1772"}],"wp:featuredmedia":[{"embeddable":true,"href":"https:\/\/tribunadapraia.com.br\/index.php?rest_route=\/wp\/v2\/media\/1771"}],"wp:attachment":[{"href":"https:\/\/tribunadapraia.com.br\/index.php?rest_route=%2Fwp%2Fv2%2Fmedia&parent=1770"}],"wp:term":[{"taxonomy":"category","embeddable":true,"href":"https:\/\/tribunadapraia.com.br\/index.php?rest_route=%2Fwp%2Fv2%2Fcategories&post=1770"},{"taxonomy":"post_tag","embeddable":true,"href":"https:\/\/tribunadapraia.com.br\/index.php?rest_route=%2Fwp%2Fv2%2Ftags&post=1770"}],"curies":[{"name":"wp","href":"https:\/\/api.w.org\/{rel}","templated":true}]}}