{"id":1768,"date":"2020-09-17T12:20:54","date_gmt":"2020-09-17T15:20:54","guid":{"rendered":"https:\/\/tribunadapraia.com.br\/?p=1768"},"modified":"2020-09-17T12:22:29","modified_gmt":"2020-09-17T15:22:29","slug":"artigo-a-defesa-armada","status":"publish","type":"post","link":"https:\/\/tribunadapraia.com.br\/?p=1768","title":{"rendered":"Artigo: A Defesa Armada"},"content":{"rendered":"<p>Em setembro de 1936, durante a Guerra Civil na Espanha, o fascismo teve diversas organiza\u00e7\u00f5es, civis e militares, que atuaram contra a Rep\u00fablica espanhola. Em Granada especificamente, terra natal do poeta Federico Garcia Lorca, que seria fuzilado em agosto, aos 38 anos, logo no in\u00edcio da contenda, pelos falangistas da ultra direita, a subleva\u00e7\u00e3o nacionalista foi cruel, detendo e fuzilando os seus inimigos, ou aqueles imaginados como tais. A subleva\u00e7\u00e3o j\u00e1 tinha fracassado em M\u00e1laga, e Granada, na regi\u00e3o de Andaluzia, estava rodeada pelo territ\u00f3rio republicano. Nessa cidade, os \u201cvermelhos\u201d formigavam.<br \/>\nDentre muitas outras agrupa\u00e7\u00f5es direitistas &#8211; A Falange, A Guarda de Assalto, As Mil\u00edcias de A\u00e7\u00e3o Popular, Os Espanh\u00f3is Patriotas, O Esquadr\u00e3o Negro, As Mil\u00edcias de Comunh\u00e3o Tradicionalista, etc.- existia A Defesa Armada de Granada. Seus filiados eram conhecidos como os \u201cmangas verdes\u201d devido aos seus braceletes desta cor e eram em geral in\u00fateis para integrar agrupa\u00e7\u00f5es militares por serem demasiado velhos. A sua miss\u00e3o se reduzia a espiar os seus vizinhos e denunciar atividades ou antecedentes de orienta\u00e7\u00e3o esquerdista. A Defesa Armada chegou a ter no in\u00edcio, mais de 2.000 filiados e 4.000 solicita\u00e7\u00f5es de admiss\u00e3o, sendo respons\u00e1vel pela morte de centenas de granadinos inocentes.<br \/>\nEstabelecendo um paralelo com a turbul\u00eancia pol\u00edtica de hoje, num cen\u00e1rio rotundamente orwelliano, poder\u00edamos imaginar que o processo fan\u00e1tico ultradireitista tupiniquim contempor\u00e2neo dos ac\u00f3litos bolsonaristas, evang\u00e9lico e miliciano, poderia chegar a tais extremos? Nos EUA, pa\u00eds cuja bandeira \u00e9 t\u00e3o exaltada quanto a verde amarela pelos seguidores do ex capit\u00e3o, ap\u00f3s os atentados de 11 de setembro foi institu\u00eddo o Patriotic Act, pacote de leis antiterroristas que autorizava procedimentos contr\u00e1rios \u00e0s liberdades civis como escutas telef\u00f4nicas e monitoramento de mails, e que foi amplamente criticado.<br \/>\nAssistimos, nas recentes comemora\u00e7\u00f5es do Dia da Independ\u00eancia, ao discurso do ex presidente Lula sinalizando seu evidente desejo de retornar ao pleito eleitoral com vistas \u00e0 corrida presidencial de 2022. Ap\u00f3s todas as estratagemas &#8211; Golpe, facadas, fakes news, pris\u00e3o do l\u00edder das pesquisas &#8211; aplicadas pela direita, desde o triunfo de Dilma Rousseff em 2014, para atingir de qualquer forma a presid\u00eancia e enterrar de vez o \u201ccomunismo vermelho petista\u201d, n\u00e3o seria adequado imaginar que uma simples evid\u00eancia de um poss\u00edvel triunfo do PT nas pr\u00f3ximas elei\u00e7\u00f5es poderia desencadear uma ca\u00e7a \u00e0s bruxas brutal das hostes fascistas verde amarelas? Que as atrocidades acontecidas na Espanha, e em toda a Europa posteriormente, nos sirvam de alerta em tempos de avan\u00e7o do fascismo no mundo.<\/p>\n<p>Carlos Pronzato \u00e9 cineasta documentarista e escritor. Membro do IGHB<br \/>\ncarlospronzato@gmail.com<\/p>\n","protected":false},"excerpt":{"rendered":"<p>Em setembro de 1936, durante a Guerra Civil na Espanha, o fascismo teve diversas organiza\u00e7\u00f5es, civis e militares, que atuaram contra a Rep\u00fablica espanhola. Em Granada especificamente, terra natal do poeta Federico Garcia Lorca, que seria fuzilado em agosto, aos 38 anos, logo no in\u00edcio da contenda, pelos falangistas da ultra direita, a subleva\u00e7\u00e3o nacionalista foi cruel, detendo e fuzilando os seus inimigos, ou aqueles imaginados como tais. A subleva\u00e7\u00e3o<\/p>\n","protected":false},"author":1,"featured_media":991,"comment_status":"open","ping_status":"open","sticky":false,"template":"","format":"standard","meta":[],"categories":[18],"tags":[],"yoast_head":"<!-- This site is optimized with the Yoast SEO plugin v16.3 - https:\/\/yoast.com\/wordpress\/plugins\/seo\/ -->\n<title>Artigo: A Defesa Armada - TRIBUNA DA PRAIA<\/title>\n<meta name=\"robots\" content=\"index, follow, max-snippet:-1, max-image-preview:large, max-video-preview:-1\" \/>\n<link rel=\"canonical\" href=\"https:\/\/tribunadapraia.com.br\/?p=1768\" \/>\n<meta property=\"og:locale\" content=\"pt_BR\" \/>\n<meta property=\"og:type\" content=\"article\" \/>\n<meta property=\"og:title\" content=\"Artigo: A Defesa Armada - TRIBUNA DA PRAIA\" \/>\n<meta property=\"og:description\" content=\"Em setembro de 1936, durante a Guerra Civil na Espanha, o fascismo teve diversas organiza\u00e7\u00f5es, civis e militares, que atuaram contra a Rep\u00fablica espanhola. Em Granada especificamente, terra natal do poeta Federico Garcia Lorca, que seria fuzilado em agosto, aos 38 anos, logo no in\u00edcio da contenda, pelos falangistas da ultra direita, a subleva\u00e7\u00e3o nacionalista foi cruel, detendo e fuzilando os seus inimigos, ou aqueles imaginados como tais. A subleva\u00e7\u00e3o\" \/>\n<meta property=\"og:url\" content=\"https:\/\/tribunadapraia.com.br\/?p=1768\" \/>\n<meta property=\"og:site_name\" content=\"TRIBUNA DA PRAIA\" \/>\n<meta property=\"article:publisher\" content=\"https:\/\/www.facebook.com\/tribunadapraiaonline\/\" \/>\n<meta property=\"article:published_time\" content=\"2020-09-17T15:20:54+00:00\" \/>\n<meta property=\"article:modified_time\" content=\"2020-09-17T15:22:29+00:00\" \/>\n<meta property=\"og:image\" content=\"https:\/\/tribunadapraia.com.br\/wp-content\/uploads\/2020\/03\/IMG-20200330-WA0190.jpg\" \/>\n\t<meta property=\"og:image:width\" content=\"540\" \/>\n\t<meta property=\"og:image:height\" content=\"542\" \/>\n<meta name=\"twitter:card\" content=\"summary_large_image\" \/>\n<meta name=\"twitter:creator\" content=\"@Claudomir21\" \/>\n<meta name=\"twitter:site\" content=\"@Claudomir21\" \/>\n<meta name=\"twitter:label1\" content=\"Est. tempo de leitura\">\n\t<meta name=\"twitter:data1\" content=\"2 minutos\">\n<script type=\"application\/ld+json\" class=\"yoast-schema-graph\">{\"@context\":\"https:\/\/schema.org\",\"@graph\":[{\"@type\":\"Organization\",\"@id\":\"https:\/\/tribunadapraia.com.br\/#organization\",\"name\":\"Tribuna da Praia\",\"url\":\"https:\/\/tribunadapraia.com.br\/\",\"sameAs\":[\"https:\/\/www.facebook.com\/tribunadapraiaonline\/\",\"https:\/\/www.instagram.com\/claudomirtavares\/\",\"https:\/\/www.youtube.com\/channel\/UCwQf80nxiMzCefAyjbp53Rw\",\"https:\/\/twitter.com\/Claudomir21\"],\"logo\":{\"@type\":\"ImageObject\",\"@id\":\"https:\/\/tribunadapraia.com.br\/#logo\",\"inLanguage\":\"pt-BR\",\"url\":\"https:\/\/tribunadapraia.com.br\/wp-content\/uploads\/2020\/02\/logo.png\",\"contentUrl\":\"https:\/\/tribunadapraia.com.br\/wp-content\/uploads\/2020\/02\/logo.png\",\"width\":501,\"height\":121,\"caption\":\"Tribuna da Praia\"},\"image\":{\"@id\":\"https:\/\/tribunadapraia.com.br\/#logo\"}},{\"@type\":\"WebSite\",\"@id\":\"https:\/\/tribunadapraia.com.br\/#website\",\"url\":\"https:\/\/tribunadapraia.com.br\/\",\"name\":\"TRIBUNA DA PRAIA\",\"description\":\"O 1\\u00ba jornal do interior de Sergipe na internet\",\"publisher\":{\"@id\":\"https:\/\/tribunadapraia.com.br\/#organization\"},\"potentialAction\":[{\"@type\":\"SearchAction\",\"target\":\"https:\/\/tribunadapraia.com.br\/?s={search_term_string}\",\"query-input\":\"required name=search_term_string\"}],\"inLanguage\":\"pt-BR\"},{\"@type\":\"ImageObject\",\"@id\":\"https:\/\/tribunadapraia.com.br\/?p=1768#primaryimage\",\"inLanguage\":\"pt-BR\",\"url\":\"https:\/\/tribunadapraia.com.br\/wp-content\/uploads\/2020\/03\/IMG-20200330-WA0190.jpg\",\"contentUrl\":\"https:\/\/tribunadapraia.com.br\/wp-content\/uploads\/2020\/03\/IMG-20200330-WA0190.jpg\",\"width\":540,\"height\":542},{\"@type\":\"WebPage\",\"@id\":\"https:\/\/tribunadapraia.com.br\/?p=1768#webpage\",\"url\":\"https:\/\/tribunadapraia.com.br\/?p=1768\",\"name\":\"Artigo: A Defesa Armada - TRIBUNA DA PRAIA\",\"isPartOf\":{\"@id\":\"https:\/\/tribunadapraia.com.br\/#website\"},\"primaryImageOfPage\":{\"@id\":\"https:\/\/tribunadapraia.com.br\/?p=1768#primaryimage\"},\"datePublished\":\"2020-09-17T15:20:54+00:00\",\"dateModified\":\"2020-09-17T15:22:29+00:00\",\"breadcrumb\":{\"@id\":\"https:\/\/tribunadapraia.com.br\/?p=1768#breadcrumb\"},\"inLanguage\":\"pt-BR\",\"potentialAction\":[{\"@type\":\"ReadAction\",\"target\":[\"https:\/\/tribunadapraia.com.br\/?p=1768\"]}]},{\"@type\":\"BreadcrumbList\",\"@id\":\"https:\/\/tribunadapraia.com.br\/?p=1768#breadcrumb\",\"itemListElement\":[{\"@type\":\"ListItem\",\"position\":1,\"item\":{\"@type\":\"WebPage\",\"@id\":\"https:\/\/tribunadapraia.com.br\/\",\"url\":\"https:\/\/tribunadapraia.com.br\/\",\"name\":\"In\\u00edcio\"}},{\"@type\":\"ListItem\",\"position\":2,\"item\":{\"@id\":\"https:\/\/tribunadapraia.com.br\/?p=1768#webpage\"}}]},{\"@type\":\"Article\",\"@id\":\"https:\/\/tribunadapraia.com.br\/?p=1768#article\",\"isPartOf\":{\"@id\":\"https:\/\/tribunadapraia.com.br\/?p=1768#webpage\"},\"author\":{\"@id\":\"https:\/\/tribunadapraia.com.br\/#\/schema\/person\/326b0a9f3163b479142c64eba4928de0\"},\"headline\":\"Artigo: A Defesa Armada\",\"datePublished\":\"2020-09-17T15:20:54+00:00\",\"dateModified\":\"2020-09-17T15:22:29+00:00\",\"mainEntityOfPage\":{\"@id\":\"https:\/\/tribunadapraia.com.br\/?p=1768#webpage\"},\"wordCount\":465,\"commentCount\":0,\"publisher\":{\"@id\":\"https:\/\/tribunadapraia.com.br\/#organization\"},\"image\":{\"@id\":\"https:\/\/tribunadapraia.com.br\/?p=1768#primaryimage\"},\"thumbnailUrl\":\"https:\/\/tribunadapraia.com.br\/wp-content\/uploads\/2020\/03\/IMG-20200330-WA0190.jpg\",\"articleSection\":[\"Not\\u00edcias\"],\"inLanguage\":\"pt-BR\",\"potentialAction\":[{\"@type\":\"CommentAction\",\"name\":\"Comment\",\"target\":[\"https:\/\/tribunadapraia.com.br\/?p=1768#respond\"]}]},{\"@type\":\"Person\",\"@id\":\"https:\/\/tribunadapraia.com.br\/#\/schema\/person\/326b0a9f3163b479142c64eba4928de0\",\"name\":\"tribunadapraia\",\"image\":{\"@type\":\"ImageObject\",\"@id\":\"https:\/\/tribunadapraia.com.br\/#personlogo\",\"inLanguage\":\"pt-BR\",\"url\":\"https:\/\/secure.gravatar.com\/avatar\/38b019c74762496076b7355024a0dad9?s=96&d=identicon&r=g\",\"contentUrl\":\"https:\/\/secure.gravatar.com\/avatar\/38b019c74762496076b7355024a0dad9?s=96&d=identicon&r=g\",\"caption\":\"tribunadapraia\"}}]}<\/script>\n<!-- \/ Yoast SEO plugin. -->","wps_subtitle":"","_links":{"self":[{"href":"https:\/\/tribunadapraia.com.br\/index.php?rest_route=\/wp\/v2\/posts\/1768"}],"collection":[{"href":"https:\/\/tribunadapraia.com.br\/index.php?rest_route=\/wp\/v2\/posts"}],"about":[{"href":"https:\/\/tribunadapraia.com.br\/index.php?rest_route=\/wp\/v2\/types\/post"}],"author":[{"embeddable":true,"href":"https:\/\/tribunadapraia.com.br\/index.php?rest_route=\/wp\/v2\/users\/1"}],"replies":[{"embeddable":true,"href":"https:\/\/tribunadapraia.com.br\/index.php?rest_route=%2Fwp%2Fv2%2Fcomments&post=1768"}],"version-history":[{"count":1,"href":"https:\/\/tribunadapraia.com.br\/index.php?rest_route=\/wp\/v2\/posts\/1768\/revisions"}],"predecessor-version":[{"id":1769,"href":"https:\/\/tribunadapraia.com.br\/index.php?rest_route=\/wp\/v2\/posts\/1768\/revisions\/1769"}],"wp:featuredmedia":[{"embeddable":true,"href":"https:\/\/tribunadapraia.com.br\/index.php?rest_route=\/wp\/v2\/media\/991"}],"wp:attachment":[{"href":"https:\/\/tribunadapraia.com.br\/index.php?rest_route=%2Fwp%2Fv2%2Fmedia&parent=1768"}],"wp:term":[{"taxonomy":"category","embeddable":true,"href":"https:\/\/tribunadapraia.com.br\/index.php?rest_route=%2Fwp%2Fv2%2Fcategories&post=1768"},{"taxonomy":"post_tag","embeddable":true,"href":"https:\/\/tribunadapraia.com.br\/index.php?rest_route=%2Fwp%2Fv2%2Ftags&post=1768"}],"curies":[{"name":"wp","href":"https:\/\/api.w.org\/{rel}","templated":true}]}}