{"id":1762,"date":"2020-09-17T11:01:17","date_gmt":"2020-09-17T14:01:17","guid":{"rendered":"https:\/\/tribunadapraia.com.br\/?p=1762"},"modified":"2020-09-17T11:02:18","modified_gmt":"2020-09-17T14:02:18","slug":"a-noite","status":"publish","type":"post","link":"https:\/\/tribunadapraia.com.br\/?p=1762","title":{"rendered":"A Noite"},"content":{"rendered":"<p>Parece que a \u00faltima noite<br \/>\nPertenceu a ela, minha janela<br \/>\nVastos largos edif\u00edcios<br \/>\nPortas fechadas, ruas vazias<br \/>\nGrande sil\u00eancio e calmaria<br \/>\nUm transeunte caminhava perdido<br \/>\nProcurava ali algum sentido?<br \/>\nPara onde indo estaria?<\/p>\n<p>Olhava do alto a cidade bela<br \/>\nN\u00e3o enxergava a maioria<br \/>\nNa agrad\u00e1vel noite fria<br \/>\nOnde estavam?<br \/>\nSer\u00e1 que dormiam?<br \/>\nCom tantas luzes acesas?<br \/>\nConsci\u00eancias e mentes vazias?<br \/>\nDo que cheia, estariam?<\/p>\n<p>Ainda era madrugada<br \/>\nLogo logo acordariam<br \/>\nUns iriam se encontrar<br \/>\nTantos outros se perderiam<br \/>\nFrente ent\u00e3o \u00e0 minha janela<br \/>\nMuito pouco eu enxergava<br \/>\nSe verdade, bem mais os via<\/p>\n<p>Madrugada, \u00e9s tu Senhora<br \/>\nMuito longa para alguns<br \/>\nDe pouco sono ou nenhum<br \/>\nAmanh\u00e3 ser\u00e1 outro dia<br \/>\nTudo isto se repetiria<br \/>\nDia e noite, noite e dia<\/p>\n<p>Do falavam as suas mentes?<br \/>\nCompreender, capaz seria?<br \/>\nSe h\u00e1 uma voz que n\u00e3o cala<br \/>\nE um cora\u00e7\u00e3o que silencia<br \/>\nH\u00e1 uma raz\u00e3o que separa<br \/>\nMuito al\u00e9m de compreender,<br \/>\nNenhum de n\u00f3s, saberia<\/p>\n<p>Ana Paula Ismerim Moura<br \/>\n09\/09\/2020<\/p>\n","protected":false},"excerpt":{"rendered":"<p>Parece que a \u00faltima noite Pertenceu a ela, minha janela Vastos largos edif\u00edcios Portas fechadas, ruas vazias Grande sil\u00eancio e calmaria Um transeunte caminhava perdido Procurava ali algum sentido? Para onde indo estaria? Olhava do alto a cidade bela N\u00e3o enxergava a maioria Na agrad\u00e1vel noite fria Onde estavam? Ser\u00e1 que dormiam? Com tantas luzes acesas? Consci\u00eancias e mentes vazias? Do que cheia, estariam? Ainda era madrugada Logo logo acordariam<\/p>\n","protected":false},"author":1,"featured_media":1763,"comment_status":"open","ping_status":"open","sticky":false,"template":"","format":"standard","meta":[],"categories":[18],"tags":[],"yoast_head":"<!-- This site is optimized with the Yoast SEO plugin v16.3 - https:\/\/yoast.com\/wordpress\/plugins\/seo\/ -->\n<title>A Noite - TRIBUNA DA PRAIA<\/title>\n<meta name=\"robots\" content=\"index, follow, max-snippet:-1, max-image-preview:large, max-video-preview:-1\" \/>\n<link rel=\"canonical\" href=\"https:\/\/tribunadapraia.com.br\/?p=1762\" \/>\n<meta property=\"og:locale\" content=\"pt_BR\" \/>\n<meta property=\"og:type\" content=\"article\" \/>\n<meta property=\"og:title\" content=\"A Noite - TRIBUNA DA PRAIA\" \/>\n<meta property=\"og:description\" content=\"Parece que a \u00faltima noite Pertenceu a ela, minha janela Vastos largos edif\u00edcios Portas fechadas, ruas vazias Grande sil\u00eancio e calmaria Um transeunte caminhava perdido Procurava ali algum sentido? Para onde indo estaria? Olhava do alto a cidade bela N\u00e3o enxergava a maioria Na agrad\u00e1vel noite fria Onde estavam? Ser\u00e1 que dormiam? Com tantas luzes acesas? Consci\u00eancias e mentes vazias? Do que cheia, estariam? Ainda era madrugada Logo logo acordariam\" \/>\n<meta property=\"og:url\" content=\"https:\/\/tribunadapraia.com.br\/?p=1762\" \/>\n<meta property=\"og:site_name\" content=\"TRIBUNA DA PRAIA\" \/>\n<meta property=\"article:publisher\" content=\"https:\/\/www.facebook.com\/tribunadapraiaonline\/\" \/>\n<meta property=\"article:published_time\" content=\"2020-09-17T14:01:17+00:00\" \/>\n<meta property=\"article:modified_time\" content=\"2020-09-17T14:02:18+00:00\" \/>\n<meta property=\"og:image\" content=\"https:\/\/tribunadapraia.com.br\/wp-content\/uploads\/2020\/09\/noitenasestrelas6-1.png\" \/>\n\t<meta property=\"og:image:width\" content=\"600\" \/>\n\t<meta property=\"og:image:height\" content=\"400\" \/>\n<meta name=\"twitter:card\" content=\"summary_large_image\" \/>\n<meta name=\"twitter:creator\" content=\"@Claudomir21\" \/>\n<meta name=\"twitter:site\" content=\"@Claudomir21\" \/>\n<meta name=\"twitter:label1\" content=\"Est. tempo de leitura\">\n\t<meta name=\"twitter:data1\" content=\"1 minuto\">\n<script type=\"application\/ld+json\" class=\"yoast-schema-graph\">{\"@context\":\"https:\/\/schema.org\",\"@graph\":[{\"@type\":\"Organization\",\"@id\":\"https:\/\/tribunadapraia.com.br\/#organization\",\"name\":\"Tribuna da Praia\",\"url\":\"https:\/\/tribunadapraia.com.br\/\",\"sameAs\":[\"https:\/\/www.facebook.com\/tribunadapraiaonline\/\",\"https:\/\/www.instagram.com\/claudomirtavares\/\",\"https:\/\/www.youtube.com\/channel\/UCwQf80nxiMzCefAyjbp53Rw\",\"https:\/\/twitter.com\/Claudomir21\"],\"logo\":{\"@type\":\"ImageObject\",\"@id\":\"https:\/\/tribunadapraia.com.br\/#logo\",\"inLanguage\":\"pt-BR\",\"url\":\"https:\/\/tribunadapraia.com.br\/wp-content\/uploads\/2020\/02\/logo.png\",\"contentUrl\":\"https:\/\/tribunadapraia.com.br\/wp-content\/uploads\/2020\/02\/logo.png\",\"width\":501,\"height\":121,\"caption\":\"Tribuna da Praia\"},\"image\":{\"@id\":\"https:\/\/tribunadapraia.com.br\/#logo\"}},{\"@type\":\"WebSite\",\"@id\":\"https:\/\/tribunadapraia.com.br\/#website\",\"url\":\"https:\/\/tribunadapraia.com.br\/\",\"name\":\"TRIBUNA DA PRAIA\",\"description\":\"O 1\\u00ba jornal do interior de Sergipe na internet\",\"publisher\":{\"@id\":\"https:\/\/tribunadapraia.com.br\/#organization\"},\"potentialAction\":[{\"@type\":\"SearchAction\",\"target\":\"https:\/\/tribunadapraia.com.br\/?s={search_term_string}\",\"query-input\":\"required name=search_term_string\"}],\"inLanguage\":\"pt-BR\"},{\"@type\":\"ImageObject\",\"@id\":\"https:\/\/tribunadapraia.com.br\/?p=1762#primaryimage\",\"inLanguage\":\"pt-BR\",\"url\":\"https:\/\/tribunadapraia.com.br\/wp-content\/uploads\/2020\/09\/noitenasestrelas6-1.png\",\"contentUrl\":\"https:\/\/tribunadapraia.com.br\/wp-content\/uploads\/2020\/09\/noitenasestrelas6-1.png\",\"width\":600,\"height\":400},{\"@type\":\"WebPage\",\"@id\":\"https:\/\/tribunadapraia.com.br\/?p=1762#webpage\",\"url\":\"https:\/\/tribunadapraia.com.br\/?p=1762\",\"name\":\"A Noite - TRIBUNA DA PRAIA\",\"isPartOf\":{\"@id\":\"https:\/\/tribunadapraia.com.br\/#website\"},\"primaryImageOfPage\":{\"@id\":\"https:\/\/tribunadapraia.com.br\/?p=1762#primaryimage\"},\"datePublished\":\"2020-09-17T14:01:17+00:00\",\"dateModified\":\"2020-09-17T14:02:18+00:00\",\"breadcrumb\":{\"@id\":\"https:\/\/tribunadapraia.com.br\/?p=1762#breadcrumb\"},\"inLanguage\":\"pt-BR\",\"potentialAction\":[{\"@type\":\"ReadAction\",\"target\":[\"https:\/\/tribunadapraia.com.br\/?p=1762\"]}]},{\"@type\":\"BreadcrumbList\",\"@id\":\"https:\/\/tribunadapraia.com.br\/?p=1762#breadcrumb\",\"itemListElement\":[{\"@type\":\"ListItem\",\"position\":1,\"item\":{\"@type\":\"WebPage\",\"@id\":\"https:\/\/tribunadapraia.com.br\/\",\"url\":\"https:\/\/tribunadapraia.com.br\/\",\"name\":\"In\\u00edcio\"}},{\"@type\":\"ListItem\",\"position\":2,\"item\":{\"@id\":\"https:\/\/tribunadapraia.com.br\/?p=1762#webpage\"}}]},{\"@type\":\"Article\",\"@id\":\"https:\/\/tribunadapraia.com.br\/?p=1762#article\",\"isPartOf\":{\"@id\":\"https:\/\/tribunadapraia.com.br\/?p=1762#webpage\"},\"author\":{\"@id\":\"https:\/\/tribunadapraia.com.br\/#\/schema\/person\/326b0a9f3163b479142c64eba4928de0\"},\"headline\":\"A Noite\",\"datePublished\":\"2020-09-17T14:01:17+00:00\",\"dateModified\":\"2020-09-17T14:02:18+00:00\",\"mainEntityOfPage\":{\"@id\":\"https:\/\/tribunadapraia.com.br\/?p=1762#webpage\"},\"wordCount\":169,\"commentCount\":0,\"publisher\":{\"@id\":\"https:\/\/tribunadapraia.com.br\/#organization\"},\"image\":{\"@id\":\"https:\/\/tribunadapraia.com.br\/?p=1762#primaryimage\"},\"thumbnailUrl\":\"https:\/\/tribunadapraia.com.br\/wp-content\/uploads\/2020\/09\/noitenasestrelas6-1.png\",\"articleSection\":[\"Not\\u00edcias\"],\"inLanguage\":\"pt-BR\",\"potentialAction\":[{\"@type\":\"CommentAction\",\"name\":\"Comment\",\"target\":[\"https:\/\/tribunadapraia.com.br\/?p=1762#respond\"]}]},{\"@type\":\"Person\",\"@id\":\"https:\/\/tribunadapraia.com.br\/#\/schema\/person\/326b0a9f3163b479142c64eba4928de0\",\"name\":\"tribunadapraia\",\"image\":{\"@type\":\"ImageObject\",\"@id\":\"https:\/\/tribunadapraia.com.br\/#personlogo\",\"inLanguage\":\"pt-BR\",\"url\":\"https:\/\/secure.gravatar.com\/avatar\/38b019c74762496076b7355024a0dad9?s=96&d=identicon&r=g\",\"contentUrl\":\"https:\/\/secure.gravatar.com\/avatar\/38b019c74762496076b7355024a0dad9?s=96&d=identicon&r=g\",\"caption\":\"tribunadapraia\"}}]}<\/script>\n<!-- \/ Yoast SEO plugin. -->","wps_subtitle":"","_links":{"self":[{"href":"https:\/\/tribunadapraia.com.br\/index.php?rest_route=\/wp\/v2\/posts\/1762"}],"collection":[{"href":"https:\/\/tribunadapraia.com.br\/index.php?rest_route=\/wp\/v2\/posts"}],"about":[{"href":"https:\/\/tribunadapraia.com.br\/index.php?rest_route=\/wp\/v2\/types\/post"}],"author":[{"embeddable":true,"href":"https:\/\/tribunadapraia.com.br\/index.php?rest_route=\/wp\/v2\/users\/1"}],"replies":[{"embeddable":true,"href":"https:\/\/tribunadapraia.com.br\/index.php?rest_route=%2Fwp%2Fv2%2Fcomments&post=1762"}],"version-history":[{"count":1,"href":"https:\/\/tribunadapraia.com.br\/index.php?rest_route=\/wp\/v2\/posts\/1762\/revisions"}],"predecessor-version":[{"id":1764,"href":"https:\/\/tribunadapraia.com.br\/index.php?rest_route=\/wp\/v2\/posts\/1762\/revisions\/1764"}],"wp:featuredmedia":[{"embeddable":true,"href":"https:\/\/tribunadapraia.com.br\/index.php?rest_route=\/wp\/v2\/media\/1763"}],"wp:attachment":[{"href":"https:\/\/tribunadapraia.com.br\/index.php?rest_route=%2Fwp%2Fv2%2Fmedia&parent=1762"}],"wp:term":[{"taxonomy":"category","embeddable":true,"href":"https:\/\/tribunadapraia.com.br\/index.php?rest_route=%2Fwp%2Fv2%2Fcategories&post=1762"},{"taxonomy":"post_tag","embeddable":true,"href":"https:\/\/tribunadapraia.com.br\/index.php?rest_route=%2Fwp%2Fv2%2Ftags&post=1762"}],"curies":[{"name":"wp","href":"https:\/\/api.w.org\/{rel}","templated":true}]}}