{"id":1759,"date":"2020-09-17T07:33:34","date_gmt":"2020-09-17T10:33:34","guid":{"rendered":"https:\/\/tribunadapraia.com.br\/?p=1759"},"modified":"2020-09-17T07:33:34","modified_gmt":"2020-09-17T10:33:34","slug":"sinal-de-alerta-resultado-de-convencoes-em-propria-favoravel-a-luciano-que-sera-beneficiado-com-nova-disputa-entre-yokanaan-e-valberto","status":"publish","type":"post","link":"https:\/\/tribunadapraia.com.br\/?p=1759","title":{"rendered":"SINAL DE ALERTA: Resultado de conven\u00e7\u00f5es em Propri\u00e1 favor\u00e1vel \u00e0 Luciano que ser\u00e1 beneficiado com nova disputa entre Yokanaan e Valberto"},"content":{"rendered":"<p>Identificados pela hastag #JuventudeUnida, est\u00e1 sendo germinado desde ontem, 16, um movimento de juventude supra-partid\u00e1ria na cidade de Propri\u00e1 demonstrando preocupa\u00e7\u00e3o com a confirma\u00e7\u00e3o de v\u00e1rias candidaturas em campo pulverizado o que beneficiar\u00e1 diretamente o candidato do DEM, Luciano Nascimento.<\/p>\n<p>Com palavras de ordens em elabora\u00e7\u00e3o, a fonte disse que &#8220;a iniciativa parte dos seguintes alertas: amea\u00e7a a vista, democracia em risco, retrocesso chegando, coronelismo voltando&#8221;l, entre outras&#8221;, revelou.<\/p>\n<p>O #JuventudeUnida &#8220;vai atuar nas redes sociais, atrav\u00e9s das plataformas FaceBook, Instagram, YoTube, Twitter, \u00e0s m\u00e3os populares&#8221;, completou.<\/p>\n<p>_por ClaudOmir Hetzog_<\/p>\n","protected":false},"excerpt":{"rendered":"<p>Identificados pela hastag #JuventudeUnida, est\u00e1 sendo germinado desde ontem, 16, um movimento de juventude supra-partid\u00e1ria na cidade de Propri\u00e1 demonstrando preocupa\u00e7\u00e3o com a confirma\u00e7\u00e3o de v\u00e1rias candidaturas em campo pulverizado o que beneficiar\u00e1 diretamente o candidato do DEM, Luciano Nascimento. Com palavras de ordens em elabora\u00e7\u00e3o, a fonte disse que &#8220;a iniciativa parte dos seguintes alertas: amea\u00e7a a vista, democracia em risco, retrocesso chegando, coronelismo voltando&#8221;l, entre outras&#8221;, revelou. O<\/p>\n","protected":false},"author":3,"featured_media":1760,"comment_status":"open","ping_status":"open","sticky":false,"template":"","format":"standard","meta":[],"categories":[18],"tags":[],"yoast_head":"<!-- This site is optimized with the Yoast SEO plugin v16.3 - https:\/\/yoast.com\/wordpress\/plugins\/seo\/ -->\n<title>SINAL DE ALERTA: Resultado de conven\u00e7\u00f5es em Propri\u00e1 favor\u00e1vel \u00e0 Luciano que ser\u00e1 beneficiado com nova disputa entre Yokanaan e Valberto - TRIBUNA DA PRAIA<\/title>\n<meta name=\"robots\" content=\"index, follow, max-snippet:-1, max-image-preview:large, max-video-preview:-1\" \/>\n<link rel=\"canonical\" href=\"https:\/\/tribunadapraia.com.br\/?p=1759\" \/>\n<meta property=\"og:locale\" content=\"pt_BR\" \/>\n<meta property=\"og:type\" content=\"article\" \/>\n<meta property=\"og:title\" content=\"SINAL DE ALERTA: Resultado de conven\u00e7\u00f5es em Propri\u00e1 favor\u00e1vel \u00e0 Luciano que ser\u00e1 beneficiado com nova disputa entre Yokanaan e Valberto - TRIBUNA DA PRAIA\" \/>\n<meta property=\"og:description\" content=\"Identificados pela hastag #JuventudeUnida, est\u00e1 sendo germinado desde ontem, 16, um movimento de juventude supra-partid\u00e1ria na cidade de Propri\u00e1 demonstrando preocupa\u00e7\u00e3o com a confirma\u00e7\u00e3o de v\u00e1rias candidaturas em campo pulverizado o que beneficiar\u00e1 diretamente o candidato do DEM, Luciano Nascimento. Com palavras de ordens em elabora\u00e7\u00e3o, a fonte disse que &#8220;a iniciativa parte dos seguintes alertas: amea\u00e7a a vista, democracia em risco, retrocesso chegando, coronelismo voltando&#8221;l, entre outras&#8221;, revelou. O\" \/>\n<meta property=\"og:url\" content=\"https:\/\/tribunadapraia.com.br\/?p=1759\" \/>\n<meta property=\"og:site_name\" content=\"TRIBUNA DA PRAIA\" \/>\n<meta property=\"article:publisher\" content=\"https:\/\/www.facebook.com\/tribunadapraiaonline\/\" \/>\n<meta property=\"article:published_time\" content=\"2020-09-17T10:33:34+00:00\" \/>\n<meta property=\"og:image\" content=\"https:\/\/tribunadapraia.com.br\/wp-content\/uploads\/2020\/09\/download.png\" \/>\n\t<meta property=\"og:image:width\" content=\"400\" \/>\n\t<meta property=\"og:image:height\" content=\"291\" \/>\n<meta name=\"twitter:card\" content=\"summary_large_image\" \/>\n<meta name=\"twitter:creator\" content=\"@Claudomir21\" \/>\n<meta name=\"twitter:site\" content=\"@Claudomir21\" \/>\n<script type=\"application\/ld+json\" class=\"yoast-schema-graph\">{\"@context\":\"https:\/\/schema.org\",\"@graph\":[{\"@type\":\"Organization\",\"@id\":\"https:\/\/tribunadapraia.com.br\/#organization\",\"name\":\"Tribuna da Praia\",\"url\":\"https:\/\/tribunadapraia.com.br\/\",\"sameAs\":[\"https:\/\/www.facebook.com\/tribunadapraiaonline\/\",\"https:\/\/www.instagram.com\/claudomirtavares\/\",\"https:\/\/www.youtube.com\/channel\/UCwQf80nxiMzCefAyjbp53Rw\",\"https:\/\/twitter.com\/Claudomir21\"],\"logo\":{\"@type\":\"ImageObject\",\"@id\":\"https:\/\/tribunadapraia.com.br\/#logo\",\"inLanguage\":\"pt-BR\",\"url\":\"https:\/\/tribunadapraia.com.br\/wp-content\/uploads\/2020\/02\/logo.png\",\"contentUrl\":\"https:\/\/tribunadapraia.com.br\/wp-content\/uploads\/2020\/02\/logo.png\",\"width\":501,\"height\":121,\"caption\":\"Tribuna da Praia\"},\"image\":{\"@id\":\"https:\/\/tribunadapraia.com.br\/#logo\"}},{\"@type\":\"WebSite\",\"@id\":\"https:\/\/tribunadapraia.com.br\/#website\",\"url\":\"https:\/\/tribunadapraia.com.br\/\",\"name\":\"TRIBUNA DA PRAIA\",\"description\":\"O 1\\u00ba jornal do interior de Sergipe na internet\",\"publisher\":{\"@id\":\"https:\/\/tribunadapraia.com.br\/#organization\"},\"potentialAction\":[{\"@type\":\"SearchAction\",\"target\":\"https:\/\/tribunadapraia.com.br\/?s={search_term_string}\",\"query-input\":\"required name=search_term_string\"}],\"inLanguage\":\"pt-BR\"},{\"@type\":\"ImageObject\",\"@id\":\"https:\/\/tribunadapraia.com.br\/?p=1759#primaryimage\",\"inLanguage\":\"pt-BR\",\"url\":\"https:\/\/tribunadapraia.com.br\/wp-content\/uploads\/2020\/09\/download.png\",\"contentUrl\":\"https:\/\/tribunadapraia.com.br\/wp-content\/uploads\/2020\/09\/download.png\",\"width\":400,\"height\":291},{\"@type\":\"WebPage\",\"@id\":\"https:\/\/tribunadapraia.com.br\/?p=1759#webpage\",\"url\":\"https:\/\/tribunadapraia.com.br\/?p=1759\",\"name\":\"SINAL DE ALERTA: Resultado de conven\\u00e7\\u00f5es em Propri\\u00e1 favor\\u00e1vel \\u00e0 Luciano que ser\\u00e1 beneficiado com nova disputa entre Yokanaan e Valberto - TRIBUNA DA PRAIA\",\"isPartOf\":{\"@id\":\"https:\/\/tribunadapraia.com.br\/#website\"},\"primaryImageOfPage\":{\"@id\":\"https:\/\/tribunadapraia.com.br\/?p=1759#primaryimage\"},\"datePublished\":\"2020-09-17T10:33:34+00:00\",\"dateModified\":\"2020-09-17T10:33:34+00:00\",\"breadcrumb\":{\"@id\":\"https:\/\/tribunadapraia.com.br\/?p=1759#breadcrumb\"},\"inLanguage\":\"pt-BR\",\"potentialAction\":[{\"@type\":\"ReadAction\",\"target\":[\"https:\/\/tribunadapraia.com.br\/?p=1759\"]}]},{\"@type\":\"BreadcrumbList\",\"@id\":\"https:\/\/tribunadapraia.com.br\/?p=1759#breadcrumb\",\"itemListElement\":[{\"@type\":\"ListItem\",\"position\":1,\"item\":{\"@type\":\"WebPage\",\"@id\":\"https:\/\/tribunadapraia.com.br\/\",\"url\":\"https:\/\/tribunadapraia.com.br\/\",\"name\":\"In\\u00edcio\"}},{\"@type\":\"ListItem\",\"position\":2,\"item\":{\"@id\":\"https:\/\/tribunadapraia.com.br\/?p=1759#webpage\"}}]},{\"@type\":\"Article\",\"@id\":\"https:\/\/tribunadapraia.com.br\/?p=1759#article\",\"isPartOf\":{\"@id\":\"https:\/\/tribunadapraia.com.br\/?p=1759#webpage\"},\"author\":{\"@id\":\"https:\/\/tribunadapraia.com.br\/#\/schema\/person\/099fbbf59acc5895c0d7d52b4fc46c97\"},\"headline\":\"SINAL DE ALERTA: Resultado de conven\\u00e7\\u00f5es em Propri\\u00e1 favor\\u00e1vel \\u00e0 Luciano que ser\\u00e1 beneficiado com nova disputa entre Yokanaan e Valberto\",\"datePublished\":\"2020-09-17T10:33:34+00:00\",\"dateModified\":\"2020-09-17T10:33:34+00:00\",\"mainEntityOfPage\":{\"@id\":\"https:\/\/tribunadapraia.com.br\/?p=1759#webpage\"},\"wordCount\":120,\"commentCount\":0,\"publisher\":{\"@id\":\"https:\/\/tribunadapraia.com.br\/#organization\"},\"image\":{\"@id\":\"https:\/\/tribunadapraia.com.br\/?p=1759#primaryimage\"},\"thumbnailUrl\":\"https:\/\/tribunadapraia.com.br\/wp-content\/uploads\/2020\/09\/download.png\",\"articleSection\":[\"Not\\u00edcias\"],\"inLanguage\":\"pt-BR\",\"potentialAction\":[{\"@type\":\"CommentAction\",\"name\":\"Comment\",\"target\":[\"https:\/\/tribunadapraia.com.br\/?p=1759#respond\"]}]},{\"@type\":\"Person\",\"@id\":\"https:\/\/tribunadapraia.com.br\/#\/schema\/person\/099fbbf59acc5895c0d7d52b4fc46c97\",\"name\":\"Reda\\u00e7\\u00e3o\",\"image\":{\"@type\":\"ImageObject\",\"@id\":\"https:\/\/tribunadapraia.com.br\/#personlogo\",\"inLanguage\":\"pt-BR\",\"url\":\"https:\/\/secure.gravatar.com\/avatar\/91c8b91d2bfd7784eac5c3e055361f64?s=96&d=identicon&r=g\",\"contentUrl\":\"https:\/\/secure.gravatar.com\/avatar\/91c8b91d2bfd7784eac5c3e055361f64?s=96&d=identicon&r=g\",\"caption\":\"Reda\\u00e7\\u00e3o\"}}]}<\/script>\n<!-- \/ Yoast SEO plugin. -->","wps_subtitle":"","_links":{"self":[{"href":"https:\/\/tribunadapraia.com.br\/index.php?rest_route=\/wp\/v2\/posts\/1759"}],"collection":[{"href":"https:\/\/tribunadapraia.com.br\/index.php?rest_route=\/wp\/v2\/posts"}],"about":[{"href":"https:\/\/tribunadapraia.com.br\/index.php?rest_route=\/wp\/v2\/types\/post"}],"author":[{"embeddable":true,"href":"https:\/\/tribunadapraia.com.br\/index.php?rest_route=\/wp\/v2\/users\/3"}],"replies":[{"embeddable":true,"href":"https:\/\/tribunadapraia.com.br\/index.php?rest_route=%2Fwp%2Fv2%2Fcomments&post=1759"}],"version-history":[{"count":1,"href":"https:\/\/tribunadapraia.com.br\/index.php?rest_route=\/wp\/v2\/posts\/1759\/revisions"}],"predecessor-version":[{"id":1761,"href":"https:\/\/tribunadapraia.com.br\/index.php?rest_route=\/wp\/v2\/posts\/1759\/revisions\/1761"}],"wp:featuredmedia":[{"embeddable":true,"href":"https:\/\/tribunadapraia.com.br\/index.php?rest_route=\/wp\/v2\/media\/1760"}],"wp:attachment":[{"href":"https:\/\/tribunadapraia.com.br\/index.php?rest_route=%2Fwp%2Fv2%2Fmedia&parent=1759"}],"wp:term":[{"taxonomy":"category","embeddable":true,"href":"https:\/\/tribunadapraia.com.br\/index.php?rest_route=%2Fwp%2Fv2%2Fcategories&post=1759"},{"taxonomy":"post_tag","embeddable":true,"href":"https:\/\/tribunadapraia.com.br\/index.php?rest_route=%2Fwp%2Fv2%2Ftags&post=1759"}],"curies":[{"name":"wp","href":"https:\/\/api.w.org\/{rel}","templated":true}]}}