{"id":1756,"date":"2020-09-17T06:14:22","date_gmt":"2020-09-17T09:14:22","guid":{"rendered":"https:\/\/tribunadapraia.com.br\/?p=1756"},"modified":"2020-09-17T06:14:22","modified_gmt":"2020-09-17T09:14:22","slug":"questao-de-coerencia-entendo-e-respeito-a-decisao-do-partido-mas-permaneco-com-o-mesmo-posicionamento-nao-apoio-a-alianca-pl-pt-em-propria-afirma-renisson-felix","status":"publish","type":"post","link":"https:\/\/tribunadapraia.com.br\/?p=1756","title":{"rendered":"Quest\u00e3o de coer\u00eancia: &#8220;Entendo e respeito a decis\u00e3o do partido, mas, permane\u00e7o com o mesmo posicionamento (&#8230;) n\u00e3o apoio a alian\u00e7a PL\/PT em Propri\u00e1&#8221;, afirma R\u00eanisson F\u00e9lix"},"content":{"rendered":"<p>Recebemos e socializaremos manifesta\u00e7\u00e3o p\u00fablica do ativista cultural R\u00eanisson F\u00e9lix, confirmado na tarde de ontem, 16, candidato a vereador:<\/p>\n<p>&#8220;Como havia me posicionado anteriormente, reafirmo que n\u00e3o apoio a alian\u00e7a PL\/PT em Propri\u00e1.<br \/>\nEntendo e respeito perfeitamente a decis\u00e3o da dire\u00e7\u00e3o do partido, mas, permane\u00e7o com o mesmo posicionamento. Vale ressaltar, que o projeto de candidatura a vereador pelo PT permanece firme. Seguirei dialogando com a popula\u00e7\u00e3o propriaense e buscando apoio de lideran\u00e7as, amigos\/as e companheiros\/as, contando sempre com o apoio do companheiro e deputado estadual Iran Barbosa (PT).<\/p>\n<p>Vamos \u00e0 luta!!!&#8221;<\/p>\n<p>R\u00eanisson Felix<\/p>\n","protected":false},"excerpt":{"rendered":"<p>Recebemos e socializaremos manifesta\u00e7\u00e3o p\u00fablica do ativista cultural R\u00eanisson F\u00e9lix, confirmado na tarde de ontem, 16, candidato a vereador: &#8220;Como havia me posicionado anteriormente, reafirmo que n\u00e3o apoio a alian\u00e7a PL\/PT em Propri\u00e1. Entendo e respeito perfeitamente a decis\u00e3o da dire\u00e7\u00e3o do partido, mas, permane\u00e7o com o mesmo posicionamento. Vale ressaltar, que o projeto de candidatura a vereador pelo PT permanece firme. Seguirei dialogando com a popula\u00e7\u00e3o propriaense e buscando<\/p>\n","protected":false},"author":3,"featured_media":1757,"comment_status":"open","ping_status":"open","sticky":false,"template":"","format":"standard","meta":[],"categories":[18],"tags":[],"yoast_head":"<!-- This site is optimized with the Yoast SEO plugin v16.3 - https:\/\/yoast.com\/wordpress\/plugins\/seo\/ -->\n<title>Quest\u00e3o de coer\u00eancia: &quot;Entendo e respeito a decis\u00e3o do partido, mas, permane\u00e7o com o mesmo posicionamento (...) n\u00e3o apoio a alian\u00e7a PL\/PT em Propri\u00e1&quot;, afirma R\u00eanisson F\u00e9lix - TRIBUNA DA PRAIA<\/title>\n<meta name=\"robots\" content=\"index, follow, max-snippet:-1, max-image-preview:large, max-video-preview:-1\" \/>\n<link rel=\"canonical\" href=\"https:\/\/tribunadapraia.com.br\/?p=1756\" \/>\n<meta property=\"og:locale\" content=\"pt_BR\" \/>\n<meta property=\"og:type\" content=\"article\" \/>\n<meta property=\"og:title\" content=\"Quest\u00e3o de coer\u00eancia: &quot;Entendo e respeito a decis\u00e3o do partido, mas, permane\u00e7o com o mesmo posicionamento (...) n\u00e3o apoio a alian\u00e7a PL\/PT em Propri\u00e1&quot;, afirma R\u00eanisson F\u00e9lix - TRIBUNA DA PRAIA\" \/>\n<meta property=\"og:description\" content=\"Recebemos e socializaremos manifesta\u00e7\u00e3o p\u00fablica do ativista cultural R\u00eanisson F\u00e9lix, confirmado na tarde de ontem, 16, candidato a vereador: &#8220;Como havia me posicionado anteriormente, reafirmo que n\u00e3o apoio a alian\u00e7a PL\/PT em Propri\u00e1. Entendo e respeito perfeitamente a decis\u00e3o da dire\u00e7\u00e3o do partido, mas, permane\u00e7o com o mesmo posicionamento. Vale ressaltar, que o projeto de candidatura a vereador pelo PT permanece firme. Seguirei dialogando com a popula\u00e7\u00e3o propriaense e buscando\" \/>\n<meta property=\"og:url\" content=\"https:\/\/tribunadapraia.com.br\/?p=1756\" \/>\n<meta property=\"og:site_name\" content=\"TRIBUNA DA PRAIA\" \/>\n<meta property=\"article:publisher\" content=\"https:\/\/www.facebook.com\/tribunadapraiaonline\/\" \/>\n<meta property=\"article:published_time\" content=\"2020-09-17T09:14:22+00:00\" \/>\n<meta property=\"og:image\" content=\"https:\/\/tribunadapraia.com.br\/wp-content\/uploads\/2020\/09\/IMG-20200917-WA0025.jpg\" \/>\n\t<meta property=\"og:image:width\" content=\"350\" \/>\n\t<meta property=\"og:image:height\" content=\"382\" \/>\n<meta name=\"twitter:card\" content=\"summary_large_image\" \/>\n<meta name=\"twitter:creator\" content=\"@Claudomir21\" \/>\n<meta name=\"twitter:site\" content=\"@Claudomir21\" \/>\n<meta name=\"twitter:label1\" content=\"Est. tempo de leitura\">\n\t<meta name=\"twitter:data1\" content=\"1 minuto\">\n<script type=\"application\/ld+json\" class=\"yoast-schema-graph\">{\"@context\":\"https:\/\/schema.org\",\"@graph\":[{\"@type\":\"Organization\",\"@id\":\"https:\/\/tribunadapraia.com.br\/#organization\",\"name\":\"Tribuna da Praia\",\"url\":\"https:\/\/tribunadapraia.com.br\/\",\"sameAs\":[\"https:\/\/www.facebook.com\/tribunadapraiaonline\/\",\"https:\/\/www.instagram.com\/claudomirtavares\/\",\"https:\/\/www.youtube.com\/channel\/UCwQf80nxiMzCefAyjbp53Rw\",\"https:\/\/twitter.com\/Claudomir21\"],\"logo\":{\"@type\":\"ImageObject\",\"@id\":\"https:\/\/tribunadapraia.com.br\/#logo\",\"inLanguage\":\"pt-BR\",\"url\":\"https:\/\/tribunadapraia.com.br\/wp-content\/uploads\/2020\/02\/logo.png\",\"contentUrl\":\"https:\/\/tribunadapraia.com.br\/wp-content\/uploads\/2020\/02\/logo.png\",\"width\":501,\"height\":121,\"caption\":\"Tribuna da Praia\"},\"image\":{\"@id\":\"https:\/\/tribunadapraia.com.br\/#logo\"}},{\"@type\":\"WebSite\",\"@id\":\"https:\/\/tribunadapraia.com.br\/#website\",\"url\":\"https:\/\/tribunadapraia.com.br\/\",\"name\":\"TRIBUNA DA PRAIA\",\"description\":\"O 1\\u00ba jornal do interior de Sergipe na internet\",\"publisher\":{\"@id\":\"https:\/\/tribunadapraia.com.br\/#organization\"},\"potentialAction\":[{\"@type\":\"SearchAction\",\"target\":\"https:\/\/tribunadapraia.com.br\/?s={search_term_string}\",\"query-input\":\"required name=search_term_string\"}],\"inLanguage\":\"pt-BR\"},{\"@type\":\"ImageObject\",\"@id\":\"https:\/\/tribunadapraia.com.br\/?p=1756#primaryimage\",\"inLanguage\":\"pt-BR\",\"url\":\"https:\/\/tribunadapraia.com.br\/wp-content\/uploads\/2020\/09\/IMG-20200917-WA0025.jpg\",\"contentUrl\":\"https:\/\/tribunadapraia.com.br\/wp-content\/uploads\/2020\/09\/IMG-20200917-WA0025.jpg\",\"width\":350,\"height\":382},{\"@type\":\"WebPage\",\"@id\":\"https:\/\/tribunadapraia.com.br\/?p=1756#webpage\",\"url\":\"https:\/\/tribunadapraia.com.br\/?p=1756\",\"name\":\"Quest\\u00e3o de coer\\u00eancia: \\\"Entendo e respeito a decis\\u00e3o do partido, mas, permane\\u00e7o com o mesmo posicionamento (...) n\\u00e3o apoio a alian\\u00e7a PL\/PT em Propri\\u00e1\\\", afirma R\\u00eanisson F\\u00e9lix - TRIBUNA DA PRAIA\",\"isPartOf\":{\"@id\":\"https:\/\/tribunadapraia.com.br\/#website\"},\"primaryImageOfPage\":{\"@id\":\"https:\/\/tribunadapraia.com.br\/?p=1756#primaryimage\"},\"datePublished\":\"2020-09-17T09:14:22+00:00\",\"dateModified\":\"2020-09-17T09:14:22+00:00\",\"breadcrumb\":{\"@id\":\"https:\/\/tribunadapraia.com.br\/?p=1756#breadcrumb\"},\"inLanguage\":\"pt-BR\",\"potentialAction\":[{\"@type\":\"ReadAction\",\"target\":[\"https:\/\/tribunadapraia.com.br\/?p=1756\"]}]},{\"@type\":\"BreadcrumbList\",\"@id\":\"https:\/\/tribunadapraia.com.br\/?p=1756#breadcrumb\",\"itemListElement\":[{\"@type\":\"ListItem\",\"position\":1,\"item\":{\"@type\":\"WebPage\",\"@id\":\"https:\/\/tribunadapraia.com.br\/\",\"url\":\"https:\/\/tribunadapraia.com.br\/\",\"name\":\"In\\u00edcio\"}},{\"@type\":\"ListItem\",\"position\":2,\"item\":{\"@id\":\"https:\/\/tribunadapraia.com.br\/?p=1756#webpage\"}}]},{\"@type\":\"Article\",\"@id\":\"https:\/\/tribunadapraia.com.br\/?p=1756#article\",\"isPartOf\":{\"@id\":\"https:\/\/tribunadapraia.com.br\/?p=1756#webpage\"},\"author\":{\"@id\":\"https:\/\/tribunadapraia.com.br\/#\/schema\/person\/099fbbf59acc5895c0d7d52b4fc46c97\"},\"headline\":\"Quest\\u00e3o de coer\\u00eancia: &#8220;Entendo e respeito a decis\\u00e3o do partido, mas, permane\\u00e7o com o mesmo posicionamento (&#8230;) n\\u00e3o apoio a alian\\u00e7a PL\/PT em Propri\\u00e1&#8221;, afirma R\\u00eanisson F\\u00e9lix\",\"datePublished\":\"2020-09-17T09:14:22+00:00\",\"dateModified\":\"2020-09-17T09:14:22+00:00\",\"mainEntityOfPage\":{\"@id\":\"https:\/\/tribunadapraia.com.br\/?p=1756#webpage\"},\"wordCount\":142,\"commentCount\":0,\"publisher\":{\"@id\":\"https:\/\/tribunadapraia.com.br\/#organization\"},\"image\":{\"@id\":\"https:\/\/tribunadapraia.com.br\/?p=1756#primaryimage\"},\"thumbnailUrl\":\"https:\/\/tribunadapraia.com.br\/wp-content\/uploads\/2020\/09\/IMG-20200917-WA0025.jpg\",\"articleSection\":[\"Not\\u00edcias\"],\"inLanguage\":\"pt-BR\",\"potentialAction\":[{\"@type\":\"CommentAction\",\"name\":\"Comment\",\"target\":[\"https:\/\/tribunadapraia.com.br\/?p=1756#respond\"]}]},{\"@type\":\"Person\",\"@id\":\"https:\/\/tribunadapraia.com.br\/#\/schema\/person\/099fbbf59acc5895c0d7d52b4fc46c97\",\"name\":\"Reda\\u00e7\\u00e3o\",\"image\":{\"@type\":\"ImageObject\",\"@id\":\"https:\/\/tribunadapraia.com.br\/#personlogo\",\"inLanguage\":\"pt-BR\",\"url\":\"https:\/\/secure.gravatar.com\/avatar\/91c8b91d2bfd7784eac5c3e055361f64?s=96&d=identicon&r=g\",\"contentUrl\":\"https:\/\/secure.gravatar.com\/avatar\/91c8b91d2bfd7784eac5c3e055361f64?s=96&d=identicon&r=g\",\"caption\":\"Reda\\u00e7\\u00e3o\"}}]}<\/script>\n<!-- \/ Yoast SEO plugin. -->","wps_subtitle":"","_links":{"self":[{"href":"https:\/\/tribunadapraia.com.br\/index.php?rest_route=\/wp\/v2\/posts\/1756"}],"collection":[{"href":"https:\/\/tribunadapraia.com.br\/index.php?rest_route=\/wp\/v2\/posts"}],"about":[{"href":"https:\/\/tribunadapraia.com.br\/index.php?rest_route=\/wp\/v2\/types\/post"}],"author":[{"embeddable":true,"href":"https:\/\/tribunadapraia.com.br\/index.php?rest_route=\/wp\/v2\/users\/3"}],"replies":[{"embeddable":true,"href":"https:\/\/tribunadapraia.com.br\/index.php?rest_route=%2Fwp%2Fv2%2Fcomments&post=1756"}],"version-history":[{"count":1,"href":"https:\/\/tribunadapraia.com.br\/index.php?rest_route=\/wp\/v2\/posts\/1756\/revisions"}],"predecessor-version":[{"id":1758,"href":"https:\/\/tribunadapraia.com.br\/index.php?rest_route=\/wp\/v2\/posts\/1756\/revisions\/1758"}],"wp:featuredmedia":[{"embeddable":true,"href":"https:\/\/tribunadapraia.com.br\/index.php?rest_route=\/wp\/v2\/media\/1757"}],"wp:attachment":[{"href":"https:\/\/tribunadapraia.com.br\/index.php?rest_route=%2Fwp%2Fv2%2Fmedia&parent=1756"}],"wp:term":[{"taxonomy":"category","embeddable":true,"href":"https:\/\/tribunadapraia.com.br\/index.php?rest_route=%2Fwp%2Fv2%2Fcategories&post=1756"},{"taxonomy":"post_tag","embeddable":true,"href":"https:\/\/tribunadapraia.com.br\/index.php?rest_route=%2Fwp%2Fv2%2Ftags&post=1756"}],"curies":[{"name":"wp","href":"https:\/\/api.w.org\/{rel}","templated":true}]}}