{"id":1753,"date":"2020-09-17T05:45:56","date_gmt":"2020-09-17T08:45:56","guid":{"rendered":"https:\/\/tribunadapraia.com.br\/?p=1753"},"modified":"2020-09-17T05:45:56","modified_gmt":"2020-09-17T08:45:56","slug":"golpe-baixo-as-medidas-cabiveis-tanto-judicialmente-quanto-politicamente-estao-sendo-tomadas-reage-em-nota-joao-paulo-brandao","status":"publish","type":"post","link":"https:\/\/tribunadapraia.com.br\/?p=1753","title":{"rendered":"GOLPE BAIXO: &#8220;As medidas cab\u00edveis tanto judicialmente, quanto politicamente est\u00e3o sendo tomadas&#8221;, reage em nota, Jo\u00e3o Paulo Brand\u00e3o"},"content":{"rendered":"<p>Confiram na \u00edntegra a nota divulgada nesta madrugada por Jo\u00e3o Paulo Brand\u00e3o e aguardem coment\u00e1rio na web r\u00e1dio VOZ DO S\u00c3O FRANCISCO.<\/p>\n<p>&#8220;Queridos amigos, estou passando por uma situa\u00e7\u00e3o de extrema decep\u00e7\u00e3o pelo fato de, autoritariamente, ter meu nome cortado da chapa de pr\u00e9-candidatos a vereador do PSD.<\/p>\n<p>Partido ao qual me filiei, por convite do Dep. F\u00e1bio Mitidieri e no qual, tenho me mantido com um comportamento \u00e9tico e solid\u00e1rio.<\/p>\n<p>A not\u00edcia do corte no meu entendimento, fere os direitos democr\u00e1ticos de um cidad\u00e3o que pleiteia uma vaga de vereador em nossa cidade, n\u00e3o para ganhar f\u00e1cil, mas para defender a popula\u00e7\u00e3o sofrida da minha querida Propri\u00e1.<\/p>\n<p>As medidas cab\u00edveis tanto judicialmente, quanto politicamente est\u00e3o sendo tomadas e eu, Jo\u00e3o Paulo continuo com f\u00e9 de que o quadro ser\u00e1 revisto.<\/p>\n<p>Quero nesta oportunidade, agradecer a solidariedade das fam\u00edlias e pessoas de bem de nossa terra e de outros munic\u00edpios sergipanos que ao saberem da not\u00edcia, publicaram notas, ligaram para mim e vieram a minha casa, me abra\u00e7ar e prestar o seu apoio moral a mim, a minha fam\u00edlia, especialmente ao meu tio Renatinho.<\/p>\n<p>Aguardemos portanto, os novos acontecimentos, at\u00e9 l\u00e1 continuarei na luta em defesa da minha cidade, do meu povo e da juventude que tanta esperan\u00e7a tem num futuro melhor.<\/p>\n<p>Abra\u00e7o a todos!&#8221;<\/p>\n<p>Jo\u00e3o Paulo Brand\u00e3o<\/p>\n","protected":false},"excerpt":{"rendered":"<p>Confiram na \u00edntegra a nota divulgada nesta madrugada por Jo\u00e3o Paulo Brand\u00e3o e aguardem coment\u00e1rio na web r\u00e1dio VOZ DO S\u00c3O FRANCISCO. &#8220;Queridos amigos, estou passando por uma situa\u00e7\u00e3o de extrema decep\u00e7\u00e3o pelo fato de, autoritariamente, ter meu nome cortado da chapa de pr\u00e9-candidatos a vereador do PSD. Partido ao qual me filiei, por convite do Dep. F\u00e1bio Mitidieri e no qual, tenho me mantido com um comportamento \u00e9tico e<\/p>\n","protected":false},"author":3,"featured_media":1754,"comment_status":"open","ping_status":"open","sticky":false,"template":"","format":"standard","meta":[],"categories":[18],"tags":[],"yoast_head":"<!-- This site is optimized with the Yoast SEO plugin v16.3 - https:\/\/yoast.com\/wordpress\/plugins\/seo\/ -->\n<title>GOLPE BAIXO: &quot;As medidas cab\u00edveis tanto judicialmente, quanto politicamente est\u00e3o sendo tomadas&quot;, reage em nota, Jo\u00e3o Paulo Brand\u00e3o - TRIBUNA DA PRAIA<\/title>\n<meta name=\"robots\" content=\"index, follow, max-snippet:-1, max-image-preview:large, max-video-preview:-1\" \/>\n<link rel=\"canonical\" href=\"https:\/\/tribunadapraia.com.br\/?p=1753\" \/>\n<meta property=\"og:locale\" content=\"pt_BR\" \/>\n<meta property=\"og:type\" content=\"article\" \/>\n<meta property=\"og:title\" content=\"GOLPE BAIXO: &quot;As medidas cab\u00edveis tanto judicialmente, quanto politicamente est\u00e3o sendo tomadas&quot;, reage em nota, Jo\u00e3o Paulo Brand\u00e3o - TRIBUNA DA PRAIA\" \/>\n<meta property=\"og:description\" content=\"Confiram na \u00edntegra a nota divulgada nesta madrugada por Jo\u00e3o Paulo Brand\u00e3o e aguardem coment\u00e1rio na web r\u00e1dio VOZ DO S\u00c3O FRANCISCO. &#8220;Queridos amigos, estou passando por uma situa\u00e7\u00e3o de extrema decep\u00e7\u00e3o pelo fato de, autoritariamente, ter meu nome cortado da chapa de pr\u00e9-candidatos a vereador do PSD. Partido ao qual me filiei, por convite do Dep. F\u00e1bio Mitidieri e no qual, tenho me mantido com um comportamento \u00e9tico e\" \/>\n<meta property=\"og:url\" content=\"https:\/\/tribunadapraia.com.br\/?p=1753\" \/>\n<meta property=\"og:site_name\" content=\"TRIBUNA DA PRAIA\" \/>\n<meta property=\"article:publisher\" content=\"https:\/\/www.facebook.com\/tribunadapraiaonline\/\" \/>\n<meta property=\"article:published_time\" content=\"2020-09-17T08:45:56+00:00\" \/>\n<meta property=\"og:image\" content=\"https:\/\/tribunadapraia.com.br\/wp-content\/uploads\/2020\/09\/IMG-20200917-WA0021.jpg\" \/>\n\t<meta property=\"og:image:width\" content=\"1242\" \/>\n\t<meta property=\"og:image:height\" content=\"1242\" \/>\n<meta name=\"twitter:card\" content=\"summary_large_image\" \/>\n<meta name=\"twitter:creator\" content=\"@Claudomir21\" \/>\n<meta name=\"twitter:site\" content=\"@Claudomir21\" \/>\n<meta name=\"twitter:label1\" content=\"Est. tempo de leitura\">\n\t<meta name=\"twitter:data1\" content=\"1 minuto\">\n<script type=\"application\/ld+json\" class=\"yoast-schema-graph\">{\"@context\":\"https:\/\/schema.org\",\"@graph\":[{\"@type\":\"Organization\",\"@id\":\"https:\/\/tribunadapraia.com.br\/#organization\",\"name\":\"Tribuna da Praia\",\"url\":\"https:\/\/tribunadapraia.com.br\/\",\"sameAs\":[\"https:\/\/www.facebook.com\/tribunadapraiaonline\/\",\"https:\/\/www.instagram.com\/claudomirtavares\/\",\"https:\/\/www.youtube.com\/channel\/UCwQf80nxiMzCefAyjbp53Rw\",\"https:\/\/twitter.com\/Claudomir21\"],\"logo\":{\"@type\":\"ImageObject\",\"@id\":\"https:\/\/tribunadapraia.com.br\/#logo\",\"inLanguage\":\"pt-BR\",\"url\":\"https:\/\/tribunadapraia.com.br\/wp-content\/uploads\/2020\/02\/logo.png\",\"contentUrl\":\"https:\/\/tribunadapraia.com.br\/wp-content\/uploads\/2020\/02\/logo.png\",\"width\":501,\"height\":121,\"caption\":\"Tribuna da Praia\"},\"image\":{\"@id\":\"https:\/\/tribunadapraia.com.br\/#logo\"}},{\"@type\":\"WebSite\",\"@id\":\"https:\/\/tribunadapraia.com.br\/#website\",\"url\":\"https:\/\/tribunadapraia.com.br\/\",\"name\":\"TRIBUNA DA PRAIA\",\"description\":\"O 1\\u00ba jornal do interior de Sergipe na internet\",\"publisher\":{\"@id\":\"https:\/\/tribunadapraia.com.br\/#organization\"},\"potentialAction\":[{\"@type\":\"SearchAction\",\"target\":\"https:\/\/tribunadapraia.com.br\/?s={search_term_string}\",\"query-input\":\"required name=search_term_string\"}],\"inLanguage\":\"pt-BR\"},{\"@type\":\"ImageObject\",\"@id\":\"https:\/\/tribunadapraia.com.br\/?p=1753#primaryimage\",\"inLanguage\":\"pt-BR\",\"url\":\"https:\/\/tribunadapraia.com.br\/wp-content\/uploads\/2020\/09\/IMG-20200917-WA0021.jpg\",\"contentUrl\":\"https:\/\/tribunadapraia.com.br\/wp-content\/uploads\/2020\/09\/IMG-20200917-WA0021.jpg\",\"width\":1242,\"height\":1242},{\"@type\":\"WebPage\",\"@id\":\"https:\/\/tribunadapraia.com.br\/?p=1753#webpage\",\"url\":\"https:\/\/tribunadapraia.com.br\/?p=1753\",\"name\":\"GOLPE BAIXO: \\\"As medidas cab\\u00edveis tanto judicialmente, quanto politicamente est\\u00e3o sendo tomadas\\\", reage em nota, Jo\\u00e3o Paulo Brand\\u00e3o - TRIBUNA DA PRAIA\",\"isPartOf\":{\"@id\":\"https:\/\/tribunadapraia.com.br\/#website\"},\"primaryImageOfPage\":{\"@id\":\"https:\/\/tribunadapraia.com.br\/?p=1753#primaryimage\"},\"datePublished\":\"2020-09-17T08:45:56+00:00\",\"dateModified\":\"2020-09-17T08:45:56+00:00\",\"breadcrumb\":{\"@id\":\"https:\/\/tribunadapraia.com.br\/?p=1753#breadcrumb\"},\"inLanguage\":\"pt-BR\",\"potentialAction\":[{\"@type\":\"ReadAction\",\"target\":[\"https:\/\/tribunadapraia.com.br\/?p=1753\"]}]},{\"@type\":\"BreadcrumbList\",\"@id\":\"https:\/\/tribunadapraia.com.br\/?p=1753#breadcrumb\",\"itemListElement\":[{\"@type\":\"ListItem\",\"position\":1,\"item\":{\"@type\":\"WebPage\",\"@id\":\"https:\/\/tribunadapraia.com.br\/\",\"url\":\"https:\/\/tribunadapraia.com.br\/\",\"name\":\"In\\u00edcio\"}},{\"@type\":\"ListItem\",\"position\":2,\"item\":{\"@id\":\"https:\/\/tribunadapraia.com.br\/?p=1753#webpage\"}}]},{\"@type\":\"Article\",\"@id\":\"https:\/\/tribunadapraia.com.br\/?p=1753#article\",\"isPartOf\":{\"@id\":\"https:\/\/tribunadapraia.com.br\/?p=1753#webpage\"},\"author\":{\"@id\":\"https:\/\/tribunadapraia.com.br\/#\/schema\/person\/099fbbf59acc5895c0d7d52b4fc46c97\"},\"headline\":\"GOLPE BAIXO: &#8220;As medidas cab\\u00edveis tanto judicialmente, quanto politicamente est\\u00e3o sendo tomadas&#8221;, reage em nota, Jo\\u00e3o Paulo Brand\\u00e3o\",\"datePublished\":\"2020-09-17T08:45:56+00:00\",\"dateModified\":\"2020-09-17T08:45:56+00:00\",\"mainEntityOfPage\":{\"@id\":\"https:\/\/tribunadapraia.com.br\/?p=1753#webpage\"},\"wordCount\":268,\"commentCount\":0,\"publisher\":{\"@id\":\"https:\/\/tribunadapraia.com.br\/#organization\"},\"image\":{\"@id\":\"https:\/\/tribunadapraia.com.br\/?p=1753#primaryimage\"},\"thumbnailUrl\":\"https:\/\/tribunadapraia.com.br\/wp-content\/uploads\/2020\/09\/IMG-20200917-WA0021.jpg\",\"articleSection\":[\"Not\\u00edcias\"],\"inLanguage\":\"pt-BR\",\"potentialAction\":[{\"@type\":\"CommentAction\",\"name\":\"Comment\",\"target\":[\"https:\/\/tribunadapraia.com.br\/?p=1753#respond\"]}]},{\"@type\":\"Person\",\"@id\":\"https:\/\/tribunadapraia.com.br\/#\/schema\/person\/099fbbf59acc5895c0d7d52b4fc46c97\",\"name\":\"Reda\\u00e7\\u00e3o\",\"image\":{\"@type\":\"ImageObject\",\"@id\":\"https:\/\/tribunadapraia.com.br\/#personlogo\",\"inLanguage\":\"pt-BR\",\"url\":\"https:\/\/secure.gravatar.com\/avatar\/91c8b91d2bfd7784eac5c3e055361f64?s=96&d=identicon&r=g\",\"contentUrl\":\"https:\/\/secure.gravatar.com\/avatar\/91c8b91d2bfd7784eac5c3e055361f64?s=96&d=identicon&r=g\",\"caption\":\"Reda\\u00e7\\u00e3o\"}}]}<\/script>\n<!-- \/ Yoast SEO plugin. -->","wps_subtitle":"","_links":{"self":[{"href":"https:\/\/tribunadapraia.com.br\/index.php?rest_route=\/wp\/v2\/posts\/1753"}],"collection":[{"href":"https:\/\/tribunadapraia.com.br\/index.php?rest_route=\/wp\/v2\/posts"}],"about":[{"href":"https:\/\/tribunadapraia.com.br\/index.php?rest_route=\/wp\/v2\/types\/post"}],"author":[{"embeddable":true,"href":"https:\/\/tribunadapraia.com.br\/index.php?rest_route=\/wp\/v2\/users\/3"}],"replies":[{"embeddable":true,"href":"https:\/\/tribunadapraia.com.br\/index.php?rest_route=%2Fwp%2Fv2%2Fcomments&post=1753"}],"version-history":[{"count":1,"href":"https:\/\/tribunadapraia.com.br\/index.php?rest_route=\/wp\/v2\/posts\/1753\/revisions"}],"predecessor-version":[{"id":1755,"href":"https:\/\/tribunadapraia.com.br\/index.php?rest_route=\/wp\/v2\/posts\/1753\/revisions\/1755"}],"wp:featuredmedia":[{"embeddable":true,"href":"https:\/\/tribunadapraia.com.br\/index.php?rest_route=\/wp\/v2\/media\/1754"}],"wp:attachment":[{"href":"https:\/\/tribunadapraia.com.br\/index.php?rest_route=%2Fwp%2Fv2%2Fmedia&parent=1753"}],"wp:term":[{"taxonomy":"category","embeddable":true,"href":"https:\/\/tribunadapraia.com.br\/index.php?rest_route=%2Fwp%2Fv2%2Fcategories&post=1753"},{"taxonomy":"post_tag","embeddable":true,"href":"https:\/\/tribunadapraia.com.br\/index.php?rest_route=%2Fwp%2Fv2%2Ftags&post=1753"}],"curies":[{"name":"wp","href":"https:\/\/api.w.org\/{rel}","templated":true}]}}