{"id":1751,"date":"2020-09-16T23:27:20","date_gmt":"2020-09-17T02:27:20","guid":{"rendered":"https:\/\/tribunadapraia.com.br\/?p=1751"},"modified":"2020-09-16T23:28:41","modified_gmt":"2020-09-17T02:28:41","slug":"parem-de-comparar-praia-com-as-escolas","status":"publish","type":"post","link":"https:\/\/tribunadapraia.com.br\/?p=1751","title":{"rendered":"PAREM DE COMPARAR PRAIA COM AS ESCOLAS!!!"},"content":{"rendered":"<ol>\n<li>Vemos muitos se perguntando o porqu\u00ea as pessoas podem ir \u00e0 praia, restaurantes e shoppings, mas n\u00e3o podem voltar \u00e0s aulas.<br \/>\nA explica\u00e7\u00e3o \u00e9 muito simples, justamente estes que est\u00e3o expostos ao v\u00edrus por vontade pr\u00f3pria (sim, porque a pandemia n\u00e3o acabou) teriam muito mais chances de contaminar aqueles que est\u00e3o cumprindo o isolamento corretamente e dever\u00e3o retornar \u00e0s salas de aulas por obriga\u00e7\u00e3o. Sem ventila\u00e7\u00e3o adequada, sem dinheiro suficiente pra material de limpeza e desinfec\u00e7\u00e3o, sem pessoal suficiente pra orientar, limpar, cuidar, entre outros problemas que j\u00e1 conhecemos.<br \/>\nTodos temos o direito de ir e vir, \u00e9 constitucional, por\u00e9m o nosso direito n\u00e3o pode prevalecer ao bem estar do pr\u00f3ximo. Se vc quer ir ao bar, a praia, ao shopping, lotar supermercado, loja e se aglomerar o direito \u00e9 seu. Mas saiba que vc pode sim estar contribuindo para que o v\u00edrus se espalhe, e pode sim estar contaminando uma pessoa que pode sim, infelizmente, ter os sintomas mais graves e at\u00e9 vir a \u00f3bito.<br \/>\nE antes que comentem&#8230;n\u00e3o, n\u00f3s professores n\u00e3o estamos de f\u00e9rias, muitos de n\u00f3s estamos trabalhando o dobro, o triplo, do tempo para atender os alunos.<br \/>\nTivemos que nos adaptar, reaprender a ensinar com novas tecnologias, estamos dividindo, e bem mal, o tempo entre fam\u00edlia e aulas. Afinal a escola invadiu nossos lares, estamos usando nosso material, gastando dinheiro do nosso pr\u00f3prio bolso, pagando internet, energia, equipamentos, tudo para que possamos alcan\u00e7ar nossos alunos da melhor forma.<br \/>\nNo entanto, muitos de n\u00f3s somos do grupo de risco ou temos algu\u00e9m em casa que \u00e9.<br \/>\nN\u00e3o queremos pagar o pre\u00e7o de ficar doente, ou contaminar algu\u00e9m que amamos, porque muitos acham que a pandemia acabou e que pode se aglomerar.<br \/>\nN\u00e3o queremos que as crian\u00e7as e adolescentes paguem o pre\u00e7o tamb\u00e9m.<br \/>\nQuem \u00e9 professor sabe a realidade de uma sala de aula e tem consci\u00eancia do que ocorreria em uma poss\u00edvel volta sem a vacina. O que poderia se tornar uma cat\u00e1strofe&#8230;<\/li>\n<\/ol>\n<p>S\u00f3 pedimos que valorizem seus professores, n\u00e3o invertam os valores. Se voc\u00ea hoje \u00e9 um bom profissional, um dia passou por um de n\u00f3s!<br \/>\nAgradecemos!<br \/>\nCopiei e compartilhei porque isso \u00e9 muito importante!<\/p>\n<p>#professor<br \/>\n#educa\u00e7\u00e3o<br \/>\n#escola<br \/>\n#n\u00e3oavoltaasaulas<br \/>\n#semvacinasemaula<br \/>\n#apandemian\u00e3oacabou<\/p>\n","protected":false},"excerpt":{"rendered":"<p>Vemos muitos se perguntando o porqu\u00ea as pessoas podem ir \u00e0 praia, restaurantes e shoppings, mas n\u00e3o podem voltar \u00e0s aulas. A explica\u00e7\u00e3o \u00e9 muito simples, justamente estes que est\u00e3o expostos ao v\u00edrus por vontade pr\u00f3pria (sim, porque a pandemia n\u00e3o acabou) teriam muito mais chances de contaminar aqueles que est\u00e3o cumprindo o isolamento corretamente e dever\u00e3o retornar \u00e0s salas de aulas por obriga\u00e7\u00e3o. Sem ventila\u00e7\u00e3o adequada, sem dinheiro suficiente<\/p>\n","protected":false},"author":1,"featured_media":1628,"comment_status":"open","ping_status":"open","sticky":false,"template":"","format":"standard","meta":[],"categories":[18],"tags":[],"yoast_head":"<!-- This site is optimized with the Yoast SEO plugin v16.3 - https:\/\/yoast.com\/wordpress\/plugins\/seo\/ -->\n<title>PAREM DE COMPARAR PRAIA COM AS ESCOLAS!!! - TRIBUNA DA PRAIA<\/title>\n<meta name=\"robots\" content=\"index, follow, max-snippet:-1, max-image-preview:large, max-video-preview:-1\" \/>\n<link rel=\"canonical\" href=\"https:\/\/tribunadapraia.com.br\/?p=1751\" \/>\n<meta property=\"og:locale\" content=\"pt_BR\" \/>\n<meta property=\"og:type\" content=\"article\" \/>\n<meta property=\"og:title\" content=\"PAREM DE COMPARAR PRAIA COM AS ESCOLAS!!! - TRIBUNA DA PRAIA\" \/>\n<meta property=\"og:description\" content=\"Vemos muitos se perguntando o porqu\u00ea as pessoas podem ir \u00e0 praia, restaurantes e shoppings, mas n\u00e3o podem voltar \u00e0s aulas. A explica\u00e7\u00e3o \u00e9 muito simples, justamente estes que est\u00e3o expostos ao v\u00edrus por vontade pr\u00f3pria (sim, porque a pandemia n\u00e3o acabou) teriam muito mais chances de contaminar aqueles que est\u00e3o cumprindo o isolamento corretamente e dever\u00e3o retornar \u00e0s salas de aulas por obriga\u00e7\u00e3o. Sem ventila\u00e7\u00e3o adequada, sem dinheiro suficiente\" \/>\n<meta property=\"og:url\" content=\"https:\/\/tribunadapraia.com.br\/?p=1751\" \/>\n<meta property=\"og:site_name\" content=\"TRIBUNA DA PRAIA\" \/>\n<meta property=\"article:publisher\" content=\"https:\/\/www.facebook.com\/tribunadapraiaonline\/\" \/>\n<meta property=\"article:published_time\" content=\"2020-09-17T02:27:20+00:00\" \/>\n<meta property=\"article:modified_time\" content=\"2020-09-17T02:28:41+00:00\" \/>\n<meta property=\"og:image\" content=\"https:\/\/tribunadapraia.com.br\/wp-content\/uploads\/2020\/08\/IMG-20200813-WA0000.jpg\" \/>\n\t<meta property=\"og:image:width\" content=\"470\" \/>\n\t<meta property=\"og:image:height\" content=\"360\" \/>\n<meta name=\"twitter:card\" content=\"summary_large_image\" \/>\n<meta name=\"twitter:creator\" content=\"@Claudomir21\" \/>\n<meta name=\"twitter:site\" content=\"@Claudomir21\" \/>\n<meta name=\"twitter:label1\" content=\"Est. tempo de leitura\">\n\t<meta name=\"twitter:data1\" content=\"2 minutos\">\n<script type=\"application\/ld+json\" class=\"yoast-schema-graph\">{\"@context\":\"https:\/\/schema.org\",\"@graph\":[{\"@type\":\"Organization\",\"@id\":\"https:\/\/tribunadapraia.com.br\/#organization\",\"name\":\"Tribuna da Praia\",\"url\":\"https:\/\/tribunadapraia.com.br\/\",\"sameAs\":[\"https:\/\/www.facebook.com\/tribunadapraiaonline\/\",\"https:\/\/www.instagram.com\/claudomirtavares\/\",\"https:\/\/www.youtube.com\/channel\/UCwQf80nxiMzCefAyjbp53Rw\",\"https:\/\/twitter.com\/Claudomir21\"],\"logo\":{\"@type\":\"ImageObject\",\"@id\":\"https:\/\/tribunadapraia.com.br\/#logo\",\"inLanguage\":\"pt-BR\",\"url\":\"https:\/\/tribunadapraia.com.br\/wp-content\/uploads\/2020\/02\/logo.png\",\"contentUrl\":\"https:\/\/tribunadapraia.com.br\/wp-content\/uploads\/2020\/02\/logo.png\",\"width\":501,\"height\":121,\"caption\":\"Tribuna da Praia\"},\"image\":{\"@id\":\"https:\/\/tribunadapraia.com.br\/#logo\"}},{\"@type\":\"WebSite\",\"@id\":\"https:\/\/tribunadapraia.com.br\/#website\",\"url\":\"https:\/\/tribunadapraia.com.br\/\",\"name\":\"TRIBUNA DA PRAIA\",\"description\":\"O 1\\u00ba jornal do interior de Sergipe na internet\",\"publisher\":{\"@id\":\"https:\/\/tribunadapraia.com.br\/#organization\"},\"potentialAction\":[{\"@type\":\"SearchAction\",\"target\":\"https:\/\/tribunadapraia.com.br\/?s={search_term_string}\",\"query-input\":\"required name=search_term_string\"}],\"inLanguage\":\"pt-BR\"},{\"@type\":\"ImageObject\",\"@id\":\"https:\/\/tribunadapraia.com.br\/?p=1751#primaryimage\",\"inLanguage\":\"pt-BR\",\"url\":\"https:\/\/tribunadapraia.com.br\/wp-content\/uploads\/2020\/08\/IMG-20200813-WA0000.jpg\",\"contentUrl\":\"https:\/\/tribunadapraia.com.br\/wp-content\/uploads\/2020\/08\/IMG-20200813-WA0000.jpg\",\"width\":470,\"height\":360},{\"@type\":\"WebPage\",\"@id\":\"https:\/\/tribunadapraia.com.br\/?p=1751#webpage\",\"url\":\"https:\/\/tribunadapraia.com.br\/?p=1751\",\"name\":\"PAREM DE COMPARAR PRAIA COM AS ESCOLAS!!! - TRIBUNA DA PRAIA\",\"isPartOf\":{\"@id\":\"https:\/\/tribunadapraia.com.br\/#website\"},\"primaryImageOfPage\":{\"@id\":\"https:\/\/tribunadapraia.com.br\/?p=1751#primaryimage\"},\"datePublished\":\"2020-09-17T02:27:20+00:00\",\"dateModified\":\"2020-09-17T02:28:41+00:00\",\"breadcrumb\":{\"@id\":\"https:\/\/tribunadapraia.com.br\/?p=1751#breadcrumb\"},\"inLanguage\":\"pt-BR\",\"potentialAction\":[{\"@type\":\"ReadAction\",\"target\":[\"https:\/\/tribunadapraia.com.br\/?p=1751\"]}]},{\"@type\":\"BreadcrumbList\",\"@id\":\"https:\/\/tribunadapraia.com.br\/?p=1751#breadcrumb\",\"itemListElement\":[{\"@type\":\"ListItem\",\"position\":1,\"item\":{\"@type\":\"WebPage\",\"@id\":\"https:\/\/tribunadapraia.com.br\/\",\"url\":\"https:\/\/tribunadapraia.com.br\/\",\"name\":\"In\\u00edcio\"}},{\"@type\":\"ListItem\",\"position\":2,\"item\":{\"@id\":\"https:\/\/tribunadapraia.com.br\/?p=1751#webpage\"}}]},{\"@type\":\"Article\",\"@id\":\"https:\/\/tribunadapraia.com.br\/?p=1751#article\",\"isPartOf\":{\"@id\":\"https:\/\/tribunadapraia.com.br\/?p=1751#webpage\"},\"author\":{\"@id\":\"https:\/\/tribunadapraia.com.br\/#\/schema\/person\/326b0a9f3163b479142c64eba4928de0\"},\"headline\":\"PAREM DE COMPARAR PRAIA COM AS ESCOLAS!!!\",\"datePublished\":\"2020-09-17T02:27:20+00:00\",\"dateModified\":\"2020-09-17T02:28:41+00:00\",\"mainEntityOfPage\":{\"@id\":\"https:\/\/tribunadapraia.com.br\/?p=1751#webpage\"},\"wordCount\":405,\"commentCount\":0,\"publisher\":{\"@id\":\"https:\/\/tribunadapraia.com.br\/#organization\"},\"image\":{\"@id\":\"https:\/\/tribunadapraia.com.br\/?p=1751#primaryimage\"},\"thumbnailUrl\":\"https:\/\/tribunadapraia.com.br\/wp-content\/uploads\/2020\/08\/IMG-20200813-WA0000.jpg\",\"articleSection\":[\"Not\\u00edcias\"],\"inLanguage\":\"pt-BR\",\"potentialAction\":[{\"@type\":\"CommentAction\",\"name\":\"Comment\",\"target\":[\"https:\/\/tribunadapraia.com.br\/?p=1751#respond\"]}]},{\"@type\":\"Person\",\"@id\":\"https:\/\/tribunadapraia.com.br\/#\/schema\/person\/326b0a9f3163b479142c64eba4928de0\",\"name\":\"tribunadapraia\",\"image\":{\"@type\":\"ImageObject\",\"@id\":\"https:\/\/tribunadapraia.com.br\/#personlogo\",\"inLanguage\":\"pt-BR\",\"url\":\"https:\/\/secure.gravatar.com\/avatar\/38b019c74762496076b7355024a0dad9?s=96&d=identicon&r=g\",\"contentUrl\":\"https:\/\/secure.gravatar.com\/avatar\/38b019c74762496076b7355024a0dad9?s=96&d=identicon&r=g\",\"caption\":\"tribunadapraia\"}}]}<\/script>\n<!-- \/ Yoast SEO plugin. -->","wps_subtitle":"","_links":{"self":[{"href":"https:\/\/tribunadapraia.com.br\/index.php?rest_route=\/wp\/v2\/posts\/1751"}],"collection":[{"href":"https:\/\/tribunadapraia.com.br\/index.php?rest_route=\/wp\/v2\/posts"}],"about":[{"href":"https:\/\/tribunadapraia.com.br\/index.php?rest_route=\/wp\/v2\/types\/post"}],"author":[{"embeddable":true,"href":"https:\/\/tribunadapraia.com.br\/index.php?rest_route=\/wp\/v2\/users\/1"}],"replies":[{"embeddable":true,"href":"https:\/\/tribunadapraia.com.br\/index.php?rest_route=%2Fwp%2Fv2%2Fcomments&post=1751"}],"version-history":[{"count":1,"href":"https:\/\/tribunadapraia.com.br\/index.php?rest_route=\/wp\/v2\/posts\/1751\/revisions"}],"predecessor-version":[{"id":1752,"href":"https:\/\/tribunadapraia.com.br\/index.php?rest_route=\/wp\/v2\/posts\/1751\/revisions\/1752"}],"wp:featuredmedia":[{"embeddable":true,"href":"https:\/\/tribunadapraia.com.br\/index.php?rest_route=\/wp\/v2\/media\/1628"}],"wp:attachment":[{"href":"https:\/\/tribunadapraia.com.br\/index.php?rest_route=%2Fwp%2Fv2%2Fmedia&parent=1751"}],"wp:term":[{"taxonomy":"category","embeddable":true,"href":"https:\/\/tribunadapraia.com.br\/index.php?rest_route=%2Fwp%2Fv2%2Fcategories&post=1751"},{"taxonomy":"post_tag","embeddable":true,"href":"https:\/\/tribunadapraia.com.br\/index.php?rest_route=%2Fwp%2Fv2%2Ftags&post=1751"}],"curies":[{"name":"wp","href":"https:\/\/api.w.org\/{rel}","templated":true}]}}