{"id":1748,"date":"2020-09-16T23:11:57","date_gmt":"2020-09-17T02:11:57","guid":{"rendered":"https:\/\/tribunadapraia.com.br\/?p=1748"},"modified":"2020-09-16T23:11:57","modified_gmt":"2020-09-17T02:11:57","slug":"republicanos-de-propria-define-pre-candidatos-a-prrfeito-e-vice","status":"publish","type":"post","link":"https:\/\/tribunadapraia.com.br\/?p=1748","title":{"rendered":"REPUBLICANOS DE PROPRI\u00c1 DEFINE PR\u00c9-CANDIDATOS A PRRFEITO E VICE"},"content":{"rendered":"<p>Em reuni\u00e3o na noite de hoje o partido REPUBLICANOS definiu sua chapa majorit\u00e1ria para disputar as elei\u00e7\u00f5es municipais deste ano. O partido REPUBLICANOS ter\u00e1 como pr\u00e9-candidato a prefeito um jovem como protagonista, o novo, mais o novo, um jovem com forma\u00e7\u00e3o, com experi\u00eancia, sobretudo em educa\u00e7\u00e3o e administra\u00e7\u00e3o de empresas. Antony Britto, \u00e9 pr\u00e9-candidato a prefeito, propriaense, casado, 27 anos, filho de Toinho Correto e da Professora Fabiane, formado em Engenharia de Petr\u00f3leo e g\u00e1s e est\u00e1 se formando em Engenharia Civil. Profissionalmente, dentre outros, j\u00e1 trabalhou na Secretaria de Estado da Educa\u00e7\u00e3o na fun\u00e7\u00e3o de consultor e desenvolvimento de projetos, atualmente trabalha no SEBRAE prestando consultoria aos empres\u00e1rios de Propri\u00e1. O pr\u00e9-candidato a vice prefeito do republicanos \u00e9 o empres\u00e1rio Z\u00e9 Carlos da Popular.<\/p>\n<p>por Oliveira Neto | Tribuna de S\u00e3o Miguel<\/p>\n","protected":false},"excerpt":{"rendered":"<p>Em reuni\u00e3o na noite de hoje o partido REPUBLICANOS definiu sua chapa majorit\u00e1ria para disputar as elei\u00e7\u00f5es municipais deste ano. O partido REPUBLICANOS ter\u00e1 como pr\u00e9-candidato a prefeito um jovem como protagonista, o novo, mais o novo, um jovem com forma\u00e7\u00e3o, com experi\u00eancia, sobretudo em educa\u00e7\u00e3o e administra\u00e7\u00e3o de empresas. Antony Britto, \u00e9 pr\u00e9-candidato a prefeito, propriaense, casado, 27 anos, filho de Toinho Correto e da Professora Fabiane, formado em<\/p>\n","protected":false},"author":3,"featured_media":1749,"comment_status":"open","ping_status":"open","sticky":false,"template":"","format":"standard","meta":[],"categories":[18],"tags":[],"yoast_head":"<!-- This site is optimized with the Yoast SEO plugin v16.3 - https:\/\/yoast.com\/wordpress\/plugins\/seo\/ -->\n<title>REPUBLICANOS DE PROPRI\u00c1 DEFINE PR\u00c9-CANDIDATOS A PRRFEITO E VICE - TRIBUNA DA PRAIA<\/title>\n<meta name=\"robots\" content=\"index, follow, max-snippet:-1, max-image-preview:large, max-video-preview:-1\" \/>\n<link rel=\"canonical\" href=\"https:\/\/tribunadapraia.com.br\/?p=1748\" \/>\n<meta property=\"og:locale\" content=\"pt_BR\" \/>\n<meta property=\"og:type\" content=\"article\" \/>\n<meta property=\"og:title\" content=\"REPUBLICANOS DE PROPRI\u00c1 DEFINE PR\u00c9-CANDIDATOS A PRRFEITO E VICE - TRIBUNA DA PRAIA\" \/>\n<meta property=\"og:description\" content=\"Em reuni\u00e3o na noite de hoje o partido REPUBLICANOS definiu sua chapa majorit\u00e1ria para disputar as elei\u00e7\u00f5es municipais deste ano. O partido REPUBLICANOS ter\u00e1 como pr\u00e9-candidato a prefeito um jovem como protagonista, o novo, mais o novo, um jovem com forma\u00e7\u00e3o, com experi\u00eancia, sobretudo em educa\u00e7\u00e3o e administra\u00e7\u00e3o de empresas. Antony Britto, \u00e9 pr\u00e9-candidato a prefeito, propriaense, casado, 27 anos, filho de Toinho Correto e da Professora Fabiane, formado em\" \/>\n<meta property=\"og:url\" content=\"https:\/\/tribunadapraia.com.br\/?p=1748\" \/>\n<meta property=\"og:site_name\" content=\"TRIBUNA DA PRAIA\" \/>\n<meta property=\"article:publisher\" content=\"https:\/\/www.facebook.com\/tribunadapraiaonline\/\" \/>\n<meta property=\"article:published_time\" content=\"2020-09-17T02:11:57+00:00\" \/>\n<meta property=\"og:image\" content=\"https:\/\/tribunadapraia.com.br\/wp-content\/uploads\/2020\/09\/IMG-20200916-WA0155.jpg\" \/>\n\t<meta property=\"og:image:width\" content=\"669\" \/>\n\t<meta property=\"og:image:height\" content=\"720\" \/>\n<meta name=\"twitter:card\" content=\"summary_large_image\" \/>\n<meta name=\"twitter:creator\" content=\"@Claudomir21\" \/>\n<meta name=\"twitter:site\" content=\"@Claudomir21\" \/>\n<meta name=\"twitter:label1\" content=\"Est. tempo de leitura\">\n\t<meta name=\"twitter:data1\" content=\"1 minuto\">\n<script type=\"application\/ld+json\" class=\"yoast-schema-graph\">{\"@context\":\"https:\/\/schema.org\",\"@graph\":[{\"@type\":\"Organization\",\"@id\":\"https:\/\/tribunadapraia.com.br\/#organization\",\"name\":\"Tribuna da Praia\",\"url\":\"https:\/\/tribunadapraia.com.br\/\",\"sameAs\":[\"https:\/\/www.facebook.com\/tribunadapraiaonline\/\",\"https:\/\/www.instagram.com\/claudomirtavares\/\",\"https:\/\/www.youtube.com\/channel\/UCwQf80nxiMzCefAyjbp53Rw\",\"https:\/\/twitter.com\/Claudomir21\"],\"logo\":{\"@type\":\"ImageObject\",\"@id\":\"https:\/\/tribunadapraia.com.br\/#logo\",\"inLanguage\":\"pt-BR\",\"url\":\"https:\/\/tribunadapraia.com.br\/wp-content\/uploads\/2020\/02\/logo.png\",\"contentUrl\":\"https:\/\/tribunadapraia.com.br\/wp-content\/uploads\/2020\/02\/logo.png\",\"width\":501,\"height\":121,\"caption\":\"Tribuna da Praia\"},\"image\":{\"@id\":\"https:\/\/tribunadapraia.com.br\/#logo\"}},{\"@type\":\"WebSite\",\"@id\":\"https:\/\/tribunadapraia.com.br\/#website\",\"url\":\"https:\/\/tribunadapraia.com.br\/\",\"name\":\"TRIBUNA DA PRAIA\",\"description\":\"O 1\\u00ba jornal do interior de Sergipe na internet\",\"publisher\":{\"@id\":\"https:\/\/tribunadapraia.com.br\/#organization\"},\"potentialAction\":[{\"@type\":\"SearchAction\",\"target\":\"https:\/\/tribunadapraia.com.br\/?s={search_term_string}\",\"query-input\":\"required name=search_term_string\"}],\"inLanguage\":\"pt-BR\"},{\"@type\":\"ImageObject\",\"@id\":\"https:\/\/tribunadapraia.com.br\/?p=1748#primaryimage\",\"inLanguage\":\"pt-BR\",\"url\":\"https:\/\/tribunadapraia.com.br\/wp-content\/uploads\/2020\/09\/IMG-20200916-WA0155.jpg\",\"contentUrl\":\"https:\/\/tribunadapraia.com.br\/wp-content\/uploads\/2020\/09\/IMG-20200916-WA0155.jpg\",\"width\":669,\"height\":720},{\"@type\":\"WebPage\",\"@id\":\"https:\/\/tribunadapraia.com.br\/?p=1748#webpage\",\"url\":\"https:\/\/tribunadapraia.com.br\/?p=1748\",\"name\":\"REPUBLICANOS DE PROPRI\\u00c1 DEFINE PR\\u00c9-CANDIDATOS A PRRFEITO E VICE - TRIBUNA DA PRAIA\",\"isPartOf\":{\"@id\":\"https:\/\/tribunadapraia.com.br\/#website\"},\"primaryImageOfPage\":{\"@id\":\"https:\/\/tribunadapraia.com.br\/?p=1748#primaryimage\"},\"datePublished\":\"2020-09-17T02:11:57+00:00\",\"dateModified\":\"2020-09-17T02:11:57+00:00\",\"breadcrumb\":{\"@id\":\"https:\/\/tribunadapraia.com.br\/?p=1748#breadcrumb\"},\"inLanguage\":\"pt-BR\",\"potentialAction\":[{\"@type\":\"ReadAction\",\"target\":[\"https:\/\/tribunadapraia.com.br\/?p=1748\"]}]},{\"@type\":\"BreadcrumbList\",\"@id\":\"https:\/\/tribunadapraia.com.br\/?p=1748#breadcrumb\",\"itemListElement\":[{\"@type\":\"ListItem\",\"position\":1,\"item\":{\"@type\":\"WebPage\",\"@id\":\"https:\/\/tribunadapraia.com.br\/\",\"url\":\"https:\/\/tribunadapraia.com.br\/\",\"name\":\"In\\u00edcio\"}},{\"@type\":\"ListItem\",\"position\":2,\"item\":{\"@id\":\"https:\/\/tribunadapraia.com.br\/?p=1748#webpage\"}}]},{\"@type\":\"Article\",\"@id\":\"https:\/\/tribunadapraia.com.br\/?p=1748#article\",\"isPartOf\":{\"@id\":\"https:\/\/tribunadapraia.com.br\/?p=1748#webpage\"},\"author\":{\"@id\":\"https:\/\/tribunadapraia.com.br\/#\/schema\/person\/099fbbf59acc5895c0d7d52b4fc46c97\"},\"headline\":\"REPUBLICANOS DE PROPRI\\u00c1 DEFINE PR\\u00c9-CANDIDATOS A PRRFEITO E VICE\",\"datePublished\":\"2020-09-17T02:11:57+00:00\",\"dateModified\":\"2020-09-17T02:11:57+00:00\",\"mainEntityOfPage\":{\"@id\":\"https:\/\/tribunadapraia.com.br\/?p=1748#webpage\"},\"wordCount\":156,\"commentCount\":0,\"publisher\":{\"@id\":\"https:\/\/tribunadapraia.com.br\/#organization\"},\"image\":{\"@id\":\"https:\/\/tribunadapraia.com.br\/?p=1748#primaryimage\"},\"thumbnailUrl\":\"https:\/\/tribunadapraia.com.br\/wp-content\/uploads\/2020\/09\/IMG-20200916-WA0155.jpg\",\"articleSection\":[\"Not\\u00edcias\"],\"inLanguage\":\"pt-BR\",\"potentialAction\":[{\"@type\":\"CommentAction\",\"name\":\"Comment\",\"target\":[\"https:\/\/tribunadapraia.com.br\/?p=1748#respond\"]}]},{\"@type\":\"Person\",\"@id\":\"https:\/\/tribunadapraia.com.br\/#\/schema\/person\/099fbbf59acc5895c0d7d52b4fc46c97\",\"name\":\"Reda\\u00e7\\u00e3o\",\"image\":{\"@type\":\"ImageObject\",\"@id\":\"https:\/\/tribunadapraia.com.br\/#personlogo\",\"inLanguage\":\"pt-BR\",\"url\":\"https:\/\/secure.gravatar.com\/avatar\/91c8b91d2bfd7784eac5c3e055361f64?s=96&d=identicon&r=g\",\"contentUrl\":\"https:\/\/secure.gravatar.com\/avatar\/91c8b91d2bfd7784eac5c3e055361f64?s=96&d=identicon&r=g\",\"caption\":\"Reda\\u00e7\\u00e3o\"}}]}<\/script>\n<!-- \/ Yoast SEO plugin. -->","wps_subtitle":"","_links":{"self":[{"href":"https:\/\/tribunadapraia.com.br\/index.php?rest_route=\/wp\/v2\/posts\/1748"}],"collection":[{"href":"https:\/\/tribunadapraia.com.br\/index.php?rest_route=\/wp\/v2\/posts"}],"about":[{"href":"https:\/\/tribunadapraia.com.br\/index.php?rest_route=\/wp\/v2\/types\/post"}],"author":[{"embeddable":true,"href":"https:\/\/tribunadapraia.com.br\/index.php?rest_route=\/wp\/v2\/users\/3"}],"replies":[{"embeddable":true,"href":"https:\/\/tribunadapraia.com.br\/index.php?rest_route=%2Fwp%2Fv2%2Fcomments&post=1748"}],"version-history":[{"count":1,"href":"https:\/\/tribunadapraia.com.br\/index.php?rest_route=\/wp\/v2\/posts\/1748\/revisions"}],"predecessor-version":[{"id":1750,"href":"https:\/\/tribunadapraia.com.br\/index.php?rest_route=\/wp\/v2\/posts\/1748\/revisions\/1750"}],"wp:featuredmedia":[{"embeddable":true,"href":"https:\/\/tribunadapraia.com.br\/index.php?rest_route=\/wp\/v2\/media\/1749"}],"wp:attachment":[{"href":"https:\/\/tribunadapraia.com.br\/index.php?rest_route=%2Fwp%2Fv2%2Fmedia&parent=1748"}],"wp:term":[{"taxonomy":"category","embeddable":true,"href":"https:\/\/tribunadapraia.com.br\/index.php?rest_route=%2Fwp%2Fv2%2Fcategories&post=1748"},{"taxonomy":"post_tag","embeddable":true,"href":"https:\/\/tribunadapraia.com.br\/index.php?rest_route=%2Fwp%2Fv2%2Ftags&post=1748"}],"curies":[{"name":"wp","href":"https:\/\/api.w.org\/{rel}","templated":true}]}}