{"id":1745,"date":"2020-09-16T22:57:37","date_gmt":"2020-09-17T01:57:37","guid":{"rendered":"https:\/\/tribunadapraia.com.br\/?p=1745"},"modified":"2020-09-16T22:57:37","modified_gmt":"2020-09-17T01:57:37","slug":"opiniao-nao-acompanharei-o-partido-cidadania-nas-eleicoes-de-propria","status":"publish","type":"post","link":"https:\/\/tribunadapraia.com.br\/?p=1745","title":{"rendered":"Opini\u00e3o: &#8220;N\u00e3o acompanharei o Partido Cidadania nas elei\u00e7\u00f5es de Propri\u00e1!&#8221;"},"content":{"rendered":"<p>Com absoluta tranquilidade e serenidade das palavras que agora redigirei, ap\u00f3s a conven\u00e7\u00e3o eleitoral do partido que acabo de participar na modalidade online, RESSALTANDO que nada tenho contra o nome de Luanda Fraga apresentado pela Conven\u00e7\u00e3o pra compor chapa como vice-prefeita (pessoa de boa \u00edndole e de nobre fam\u00edlia), RESSALTANDO ainda que nada tenho tamb\u00e9m contra o futuro companheiro de chapa da mesma, o Sr Luciano Nascimento como pessoa, tamb\u00e9m de boa \u00edndole e car\u00e1ter inquestion\u00e1vel, mas como gestor que foi de Propri\u00e1, diante dos fatos jur\u00eddicos que o mesmo respondeu (Condenado por improbidade e Mandato Cassado por abuso de poder econ\u00f4mico) det\u00e9m minha n\u00e3o aceita\u00e7\u00e3o do ponto de vista eleitora, sabendo da minha inquietude em transparecer meus posicionamentos pol\u00edticos (respeitando as opini\u00f5es contr\u00e1rias), publico nessa rede social o meu encaminhamento pela n\u00e3o composi\u00e7\u00e3o da chapa DEM+CIDADANIA em raz\u00e3o das alega\u00e7\u00f5es e considera\u00e7\u00f5es abaixo descritas:<\/p>\n<p>ENCAMINHAMENTO DE PAUTA<\/p>\n<p>Eu, Isa\u00edas Silva Santos, RG 1.494.584 SSP\/SE, devidamente inscrito como simpatizante e filiado provis\u00f3rio do partido Cidadania-23, perante a Diretoria Executiva do partido neste munic\u00edpio de Propri\u00e1, fa\u00e7o saber que:<br \/>\n\u2022 Considerando todo o processo de forma\u00e7\u00e3o do partido nesses \u00faltimos meses, onde nas diversas reuni\u00f5es ocorridas, todos n\u00f3s pregamos pela conjuntura pol\u00edtica alicer\u00e7ada na renova\u00e7\u00e3o, na \u00e9tica, na justi\u00e7a social e moralidade;<br \/>\n\u2022 Considerando que no decorrer do processo de forma\u00e7\u00e3o e conjuntura, tivemos reuni\u00f5es com o ent\u00e3o pr\u00e9-candidato a Prefeito Rafael Sandes, onde o mesmo ainda participara de eventos do nosso partido (12 T\u00eanis Clube), e que posteriormente alinhamos de que o partido Cidadania indicaria o pr\u00e9-candidato a vice-prefeito do mesmo, tendo uma reuni\u00e3o inclusive com a Professora Meire, que se predisp\u00f4s a compor chapa com o pr\u00e9-candidato Professor Rafael do PDT;<br \/>\n\u2022 Considerando que a Conven\u00e7\u00e3o do Cidadania est\u00e1 ocorrendo logo ap\u00f3s a decis\u00e3o do DEM (que acabou \u00e0s 18 hs), e que na Conven\u00e7\u00e3o do DEM foi declarada a Senhora Luanda Fraga do nosso partido compondo chapa majorit\u00e1ria com o Sr Luciano Nascimento, inclusive com a presen\u00e7a da mesma e do Presidente do Partido, sem a devida delibera\u00e7\u00e3o desta conven\u00e7\u00e3o;<br \/>\n\u2022 Considerando que o Pr\u00e9-Candidato Luciano Nascimento n\u00e3o se alinha \u00e0 filosofia pregada por nosso partido, onde desde o in\u00edcio de nossas reuni\u00f5es pregamos pelo zelo \u00e0 imagem do partido, pois o mesmo teve condena\u00e7\u00e3o por improbidade administrativa e o mesmo foi cassado do seu mandato em 2005 por abuso do poder econ\u00f4mico;<br \/>\nEncaminho a vota\u00e7\u00e3o pela n\u00e3o composi\u00e7\u00e3o de chapa com o partido DEMOCRATAS de acordo com os itens anteriormente elencados.<br \/>\nIsa\u00edas Silva Santos<br \/>\nO meu encaminhamento n\u00e3o foi votado pelo Presidente do Partido e logo ap\u00f3s a vota\u00e7\u00e3o eu votei CONTRA a coliga\u00e7\u00e3o com o partido DEMOCRATAS.<br \/>\nSeguirei tranquilamente acompanhando o Professor Rafael Sandes, pois foi ato deliberado em reuni\u00e3o do partido (infelizmente n\u00e3o teve ata lavrada) e que essa delibera\u00e7\u00e3o n\u00e3o foi respeitada pelos demais membros do partido.<br \/>\nContinuo simp\u00e1tico ao Cidadania-23, ao meu Senador Alessandro Vieira, inclusive fortalecendo o partido nos demais munic\u00edpios que eu tenho plena convic\u00e7\u00e3o que a vontade eleitoral n\u00e3o sobrep\u00f4s a coer\u00eancia pol\u00edtica!<\/p>\n<p>Isa\u00edas Silva de Propri\u00e1<\/p>\n","protected":false},"excerpt":{"rendered":"<p>Com absoluta tranquilidade e serenidade das palavras que agora redigirei, ap\u00f3s a conven\u00e7\u00e3o eleitoral do partido que acabo de participar na modalidade online, RESSALTANDO que nada tenho contra o nome de Luanda Fraga apresentado pela Conven\u00e7\u00e3o pra compor chapa como vice-prefeita (pessoa de boa \u00edndole e de nobre fam\u00edlia), RESSALTANDO ainda que nada tenho tamb\u00e9m contra o futuro companheiro de chapa da mesma, o Sr Luciano Nascimento como pessoa, tamb\u00e9m<\/p>\n","protected":false},"author":3,"featured_media":1746,"comment_status":"open","ping_status":"open","sticky":false,"template":"","format":"standard","meta":[],"categories":[18],"tags":[],"yoast_head":"<!-- This site is optimized with the Yoast SEO plugin v16.3 - https:\/\/yoast.com\/wordpress\/plugins\/seo\/ -->\n<title>Opini\u00e3o: &quot;N\u00e3o acompanharei o Partido Cidadania nas elei\u00e7\u00f5es de Propri\u00e1!&quot; - TRIBUNA DA PRAIA<\/title>\n<meta name=\"robots\" content=\"index, follow, max-snippet:-1, max-image-preview:large, max-video-preview:-1\" \/>\n<link rel=\"canonical\" href=\"https:\/\/tribunadapraia.com.br\/?p=1745\" \/>\n<meta property=\"og:locale\" content=\"pt_BR\" \/>\n<meta property=\"og:type\" content=\"article\" \/>\n<meta property=\"og:title\" content=\"Opini\u00e3o: &quot;N\u00e3o acompanharei o Partido Cidadania nas elei\u00e7\u00f5es de Propri\u00e1!&quot; - TRIBUNA DA PRAIA\" \/>\n<meta property=\"og:description\" content=\"Com absoluta tranquilidade e serenidade das palavras que agora redigirei, ap\u00f3s a conven\u00e7\u00e3o eleitoral do partido que acabo de participar na modalidade online, RESSALTANDO que nada tenho contra o nome de Luanda Fraga apresentado pela Conven\u00e7\u00e3o pra compor chapa como vice-prefeita (pessoa de boa \u00edndole e de nobre fam\u00edlia), RESSALTANDO ainda que nada tenho tamb\u00e9m contra o futuro companheiro de chapa da mesma, o Sr Luciano Nascimento como pessoa, tamb\u00e9m\" \/>\n<meta property=\"og:url\" content=\"https:\/\/tribunadapraia.com.br\/?p=1745\" \/>\n<meta property=\"og:site_name\" content=\"TRIBUNA DA PRAIA\" \/>\n<meta property=\"article:publisher\" content=\"https:\/\/www.facebook.com\/tribunadapraiaonline\/\" \/>\n<meta property=\"article:published_time\" content=\"2020-09-17T01:57:37+00:00\" \/>\n<meta property=\"og:image\" content=\"https:\/\/tribunadapraia.com.br\/wp-content\/uploads\/2020\/09\/IMG-20200916-WA0151.jpg\" \/>\n\t<meta property=\"og:image:width\" content=\"1280\" \/>\n\t<meta property=\"og:image:height\" content=\"719\" \/>\n<meta name=\"twitter:card\" content=\"summary_large_image\" \/>\n<meta name=\"twitter:creator\" content=\"@Claudomir21\" \/>\n<meta name=\"twitter:site\" content=\"@Claudomir21\" \/>\n<meta name=\"twitter:label1\" content=\"Est. tempo de leitura\">\n\t<meta name=\"twitter:data1\" content=\"3 minutos\">\n<script type=\"application\/ld+json\" class=\"yoast-schema-graph\">{\"@context\":\"https:\/\/schema.org\",\"@graph\":[{\"@type\":\"Organization\",\"@id\":\"https:\/\/tribunadapraia.com.br\/#organization\",\"name\":\"Tribuna da Praia\",\"url\":\"https:\/\/tribunadapraia.com.br\/\",\"sameAs\":[\"https:\/\/www.facebook.com\/tribunadapraiaonline\/\",\"https:\/\/www.instagram.com\/claudomirtavares\/\",\"https:\/\/www.youtube.com\/channel\/UCwQf80nxiMzCefAyjbp53Rw\",\"https:\/\/twitter.com\/Claudomir21\"],\"logo\":{\"@type\":\"ImageObject\",\"@id\":\"https:\/\/tribunadapraia.com.br\/#logo\",\"inLanguage\":\"pt-BR\",\"url\":\"https:\/\/tribunadapraia.com.br\/wp-content\/uploads\/2020\/02\/logo.png\",\"contentUrl\":\"https:\/\/tribunadapraia.com.br\/wp-content\/uploads\/2020\/02\/logo.png\",\"width\":501,\"height\":121,\"caption\":\"Tribuna da Praia\"},\"image\":{\"@id\":\"https:\/\/tribunadapraia.com.br\/#logo\"}},{\"@type\":\"WebSite\",\"@id\":\"https:\/\/tribunadapraia.com.br\/#website\",\"url\":\"https:\/\/tribunadapraia.com.br\/\",\"name\":\"TRIBUNA DA PRAIA\",\"description\":\"O 1\\u00ba jornal do interior de Sergipe na internet\",\"publisher\":{\"@id\":\"https:\/\/tribunadapraia.com.br\/#organization\"},\"potentialAction\":[{\"@type\":\"SearchAction\",\"target\":\"https:\/\/tribunadapraia.com.br\/?s={search_term_string}\",\"query-input\":\"required name=search_term_string\"}],\"inLanguage\":\"pt-BR\"},{\"@type\":\"ImageObject\",\"@id\":\"https:\/\/tribunadapraia.com.br\/?p=1745#primaryimage\",\"inLanguage\":\"pt-BR\",\"url\":\"https:\/\/tribunadapraia.com.br\/wp-content\/uploads\/2020\/09\/IMG-20200916-WA0151.jpg\",\"contentUrl\":\"https:\/\/tribunadapraia.com.br\/wp-content\/uploads\/2020\/09\/IMG-20200916-WA0151.jpg\",\"width\":1280,\"height\":719},{\"@type\":\"WebPage\",\"@id\":\"https:\/\/tribunadapraia.com.br\/?p=1745#webpage\",\"url\":\"https:\/\/tribunadapraia.com.br\/?p=1745\",\"name\":\"Opini\\u00e3o: \\\"N\\u00e3o acompanharei o Partido Cidadania nas elei\\u00e7\\u00f5es de Propri\\u00e1!\\\" - TRIBUNA DA PRAIA\",\"isPartOf\":{\"@id\":\"https:\/\/tribunadapraia.com.br\/#website\"},\"primaryImageOfPage\":{\"@id\":\"https:\/\/tribunadapraia.com.br\/?p=1745#primaryimage\"},\"datePublished\":\"2020-09-17T01:57:37+00:00\",\"dateModified\":\"2020-09-17T01:57:37+00:00\",\"breadcrumb\":{\"@id\":\"https:\/\/tribunadapraia.com.br\/?p=1745#breadcrumb\"},\"inLanguage\":\"pt-BR\",\"potentialAction\":[{\"@type\":\"ReadAction\",\"target\":[\"https:\/\/tribunadapraia.com.br\/?p=1745\"]}]},{\"@type\":\"BreadcrumbList\",\"@id\":\"https:\/\/tribunadapraia.com.br\/?p=1745#breadcrumb\",\"itemListElement\":[{\"@type\":\"ListItem\",\"position\":1,\"item\":{\"@type\":\"WebPage\",\"@id\":\"https:\/\/tribunadapraia.com.br\/\",\"url\":\"https:\/\/tribunadapraia.com.br\/\",\"name\":\"In\\u00edcio\"}},{\"@type\":\"ListItem\",\"position\":2,\"item\":{\"@id\":\"https:\/\/tribunadapraia.com.br\/?p=1745#webpage\"}}]},{\"@type\":\"Article\",\"@id\":\"https:\/\/tribunadapraia.com.br\/?p=1745#article\",\"isPartOf\":{\"@id\":\"https:\/\/tribunadapraia.com.br\/?p=1745#webpage\"},\"author\":{\"@id\":\"https:\/\/tribunadapraia.com.br\/#\/schema\/person\/099fbbf59acc5895c0d7d52b4fc46c97\"},\"headline\":\"Opini\\u00e3o: &#8220;N\\u00e3o acompanharei o Partido Cidadania nas elei\\u00e7\\u00f5es de Propri\\u00e1!&#8221;\",\"datePublished\":\"2020-09-17T01:57:37+00:00\",\"dateModified\":\"2020-09-17T01:57:37+00:00\",\"mainEntityOfPage\":{\"@id\":\"https:\/\/tribunadapraia.com.br\/?p=1745#webpage\"},\"wordCount\":587,\"commentCount\":0,\"publisher\":{\"@id\":\"https:\/\/tribunadapraia.com.br\/#organization\"},\"image\":{\"@id\":\"https:\/\/tribunadapraia.com.br\/?p=1745#primaryimage\"},\"thumbnailUrl\":\"https:\/\/tribunadapraia.com.br\/wp-content\/uploads\/2020\/09\/IMG-20200916-WA0151.jpg\",\"articleSection\":[\"Not\\u00edcias\"],\"inLanguage\":\"pt-BR\",\"potentialAction\":[{\"@type\":\"CommentAction\",\"name\":\"Comment\",\"target\":[\"https:\/\/tribunadapraia.com.br\/?p=1745#respond\"]}]},{\"@type\":\"Person\",\"@id\":\"https:\/\/tribunadapraia.com.br\/#\/schema\/person\/099fbbf59acc5895c0d7d52b4fc46c97\",\"name\":\"Reda\\u00e7\\u00e3o\",\"image\":{\"@type\":\"ImageObject\",\"@id\":\"https:\/\/tribunadapraia.com.br\/#personlogo\",\"inLanguage\":\"pt-BR\",\"url\":\"https:\/\/secure.gravatar.com\/avatar\/91c8b91d2bfd7784eac5c3e055361f64?s=96&d=identicon&r=g\",\"contentUrl\":\"https:\/\/secure.gravatar.com\/avatar\/91c8b91d2bfd7784eac5c3e055361f64?s=96&d=identicon&r=g\",\"caption\":\"Reda\\u00e7\\u00e3o\"}}]}<\/script>\n<!-- \/ Yoast SEO plugin. -->","wps_subtitle":"","_links":{"self":[{"href":"https:\/\/tribunadapraia.com.br\/index.php?rest_route=\/wp\/v2\/posts\/1745"}],"collection":[{"href":"https:\/\/tribunadapraia.com.br\/index.php?rest_route=\/wp\/v2\/posts"}],"about":[{"href":"https:\/\/tribunadapraia.com.br\/index.php?rest_route=\/wp\/v2\/types\/post"}],"author":[{"embeddable":true,"href":"https:\/\/tribunadapraia.com.br\/index.php?rest_route=\/wp\/v2\/users\/3"}],"replies":[{"embeddable":true,"href":"https:\/\/tribunadapraia.com.br\/index.php?rest_route=%2Fwp%2Fv2%2Fcomments&post=1745"}],"version-history":[{"count":1,"href":"https:\/\/tribunadapraia.com.br\/index.php?rest_route=\/wp\/v2\/posts\/1745\/revisions"}],"predecessor-version":[{"id":1747,"href":"https:\/\/tribunadapraia.com.br\/index.php?rest_route=\/wp\/v2\/posts\/1745\/revisions\/1747"}],"wp:featuredmedia":[{"embeddable":true,"href":"https:\/\/tribunadapraia.com.br\/index.php?rest_route=\/wp\/v2\/media\/1746"}],"wp:attachment":[{"href":"https:\/\/tribunadapraia.com.br\/index.php?rest_route=%2Fwp%2Fv2%2Fmedia&parent=1745"}],"wp:term":[{"taxonomy":"category","embeddable":true,"href":"https:\/\/tribunadapraia.com.br\/index.php?rest_route=%2Fwp%2Fv2%2Fcategories&post=1745"},{"taxonomy":"post_tag","embeddable":true,"href":"https:\/\/tribunadapraia.com.br\/index.php?rest_route=%2Fwp%2Fv2%2Ftags&post=1745"}],"curies":[{"name":"wp","href":"https:\/\/api.w.org\/{rel}","templated":true}]}}