{"id":1733,"date":"2020-09-16T12:07:52","date_gmt":"2020-09-16T15:07:52","guid":{"rendered":"https:\/\/tribunadapraia.com.br\/?p=1733"},"modified":"2020-09-16T12:07:52","modified_gmt":"2020-09-16T15:07:52","slug":"e-sobre-navegar","status":"publish","type":"post","link":"https:\/\/tribunadapraia.com.br\/?p=1733","title":{"rendered":"\u00c9 Sobre Navegar"},"content":{"rendered":"<p>Grande \u00e9 o medo que carregamos da imprecis\u00e3o<br \/>\nContradit\u00f3rio pois, na vida, as certezas (quase) nunca existir\u00e3o<br \/>\nExceto a de que, ela \u00e9 mesmo, \u00e9 t\u00e3o imprecisa<br \/>\nNem tudo o que parece ser verdadeiramente \u00e9\u2026<br \/>\nAssim \u00e9 a vida.<\/p>\n<p>Aprendemos que viver ser\u00e1 mesmo algo impreciso<br \/>\nE o fim de tarde surgir\u00e1 para te lembrar, caro amigo<br \/>\nQue na vida isto sempre ser\u00e1 bem preciso: navegar<br \/>\nPor calmas \u00e1guas, verdes mares, por onde andares<br \/>\nDesconhecido ser\u00e1 o al\u00e9m-mar<\/p>\n<p>Pouco avan\u00e7ar\u00e1 o homem quando ent\u00e3o estacionar<br \/>\nE ancorar sua mente em vazios, cren\u00e7as, ilus\u00f5es&#8230;<br \/>\nEm seu porto permanecer, por n\u00e3o mais ver sa\u00edda<br \/>\nLimitar-se-\u00e1 desta forma toda criatura, nesta vida<\/p>\n<p>Na tua breve exist\u00eancia, diante deste infinito mar<br \/>\nF\u00e9, amor e coragem poder\u00e1 todo ser ent\u00e3o carregar<br \/>\nSe buscares conhecimento, a seguran\u00e7a lhe tomar\u00e1<br \/>\nAh, neste momento teus medos cessar\u00e3o&#8230;<br \/>\nInclusive, todo o medo que ainda tens<br \/>\nSobre o mist\u00e9rio da imprecis\u00e3o<\/p>\n<p>Ana Paula Ismerim Moura<br \/>\n11\/09\/2020<\/p>\n","protected":false},"excerpt":{"rendered":"<p>Grande \u00e9 o medo que carregamos da imprecis\u00e3o Contradit\u00f3rio pois, na vida, as certezas (quase) nunca existir\u00e3o Exceto a de que, ela \u00e9 mesmo, \u00e9 t\u00e3o imprecisa Nem tudo o que parece ser verdadeiramente \u00e9\u2026 Assim \u00e9 a vida. Aprendemos que viver ser\u00e1 mesmo algo impreciso E o fim de tarde surgir\u00e1 para te lembrar, caro amigo Que na vida isto sempre ser\u00e1 bem preciso: navegar Por calmas \u00e1guas, verdes<\/p>\n","protected":false},"author":3,"featured_media":1734,"comment_status":"open","ping_status":"open","sticky":false,"template":"","format":"standard","meta":[],"categories":[18],"tags":[],"yoast_head":"<!-- This site is optimized with the Yoast SEO plugin v16.3 - https:\/\/yoast.com\/wordpress\/plugins\/seo\/ -->\n<title>\u00c9 Sobre Navegar - TRIBUNA DA PRAIA<\/title>\n<meta name=\"robots\" content=\"index, follow, max-snippet:-1, max-image-preview:large, max-video-preview:-1\" \/>\n<link rel=\"canonical\" href=\"https:\/\/tribunadapraia.com.br\/?p=1733\" \/>\n<meta property=\"og:locale\" content=\"pt_BR\" \/>\n<meta property=\"og:type\" content=\"article\" \/>\n<meta property=\"og:title\" content=\"\u00c9 Sobre Navegar - TRIBUNA DA PRAIA\" \/>\n<meta property=\"og:description\" content=\"Grande \u00e9 o medo que carregamos da imprecis\u00e3o Contradit\u00f3rio pois, na vida, as certezas (quase) nunca existir\u00e3o Exceto a de que, ela \u00e9 mesmo, \u00e9 t\u00e3o imprecisa Nem tudo o que parece ser verdadeiramente \u00e9\u2026 Assim \u00e9 a vida. Aprendemos que viver ser\u00e1 mesmo algo impreciso E o fim de tarde surgir\u00e1 para te lembrar, caro amigo Que na vida isto sempre ser\u00e1 bem preciso: navegar Por calmas \u00e1guas, verdes\" \/>\n<meta property=\"og:url\" content=\"https:\/\/tribunadapraia.com.br\/?p=1733\" \/>\n<meta property=\"og:site_name\" content=\"TRIBUNA DA PRAIA\" \/>\n<meta property=\"article:publisher\" content=\"https:\/\/www.facebook.com\/tribunadapraiaonline\/\" \/>\n<meta property=\"article:published_time\" content=\"2020-09-16T15:07:52+00:00\" \/>\n<meta property=\"og:image\" content=\"https:\/\/tribunadapraia.com.br\/wp-content\/uploads\/2020\/09\/1-xkgd9OLwFNLpfpC5uBXnQ.jpeg\" \/>\n\t<meta property=\"og:image:width\" content=\"700\" \/>\n\t<meta property=\"og:image:height\" content=\"450\" \/>\n<meta name=\"twitter:card\" content=\"summary_large_image\" \/>\n<meta name=\"twitter:creator\" content=\"@Claudomir21\" \/>\n<meta name=\"twitter:site\" content=\"@Claudomir21\" \/>\n<meta name=\"twitter:label1\" content=\"Est. tempo de leitura\">\n\t<meta name=\"twitter:data1\" content=\"1 minuto\">\n<script type=\"application\/ld+json\" class=\"yoast-schema-graph\">{\"@context\":\"https:\/\/schema.org\",\"@graph\":[{\"@type\":\"Organization\",\"@id\":\"https:\/\/tribunadapraia.com.br\/#organization\",\"name\":\"Tribuna da Praia\",\"url\":\"https:\/\/tribunadapraia.com.br\/\",\"sameAs\":[\"https:\/\/www.facebook.com\/tribunadapraiaonline\/\",\"https:\/\/www.instagram.com\/claudomirtavares\/\",\"https:\/\/www.youtube.com\/channel\/UCwQf80nxiMzCefAyjbp53Rw\",\"https:\/\/twitter.com\/Claudomir21\"],\"logo\":{\"@type\":\"ImageObject\",\"@id\":\"https:\/\/tribunadapraia.com.br\/#logo\",\"inLanguage\":\"pt-BR\",\"url\":\"https:\/\/tribunadapraia.com.br\/wp-content\/uploads\/2020\/02\/logo.png\",\"contentUrl\":\"https:\/\/tribunadapraia.com.br\/wp-content\/uploads\/2020\/02\/logo.png\",\"width\":501,\"height\":121,\"caption\":\"Tribuna da Praia\"},\"image\":{\"@id\":\"https:\/\/tribunadapraia.com.br\/#logo\"}},{\"@type\":\"WebSite\",\"@id\":\"https:\/\/tribunadapraia.com.br\/#website\",\"url\":\"https:\/\/tribunadapraia.com.br\/\",\"name\":\"TRIBUNA DA PRAIA\",\"description\":\"O 1\\u00ba jornal do interior de Sergipe na internet\",\"publisher\":{\"@id\":\"https:\/\/tribunadapraia.com.br\/#organization\"},\"potentialAction\":[{\"@type\":\"SearchAction\",\"target\":\"https:\/\/tribunadapraia.com.br\/?s={search_term_string}\",\"query-input\":\"required name=search_term_string\"}],\"inLanguage\":\"pt-BR\"},{\"@type\":\"ImageObject\",\"@id\":\"https:\/\/tribunadapraia.com.br\/?p=1733#primaryimage\",\"inLanguage\":\"pt-BR\",\"url\":\"https:\/\/tribunadapraia.com.br\/wp-content\/uploads\/2020\/09\/1-xkgd9OLwFNLpfpC5uBXnQ.jpeg\",\"contentUrl\":\"https:\/\/tribunadapraia.com.br\/wp-content\/uploads\/2020\/09\/1-xkgd9OLwFNLpfpC5uBXnQ.jpeg\",\"width\":700,\"height\":450},{\"@type\":\"WebPage\",\"@id\":\"https:\/\/tribunadapraia.com.br\/?p=1733#webpage\",\"url\":\"https:\/\/tribunadapraia.com.br\/?p=1733\",\"name\":\"\\u00c9 Sobre Navegar - TRIBUNA DA PRAIA\",\"isPartOf\":{\"@id\":\"https:\/\/tribunadapraia.com.br\/#website\"},\"primaryImageOfPage\":{\"@id\":\"https:\/\/tribunadapraia.com.br\/?p=1733#primaryimage\"},\"datePublished\":\"2020-09-16T15:07:52+00:00\",\"dateModified\":\"2020-09-16T15:07:52+00:00\",\"breadcrumb\":{\"@id\":\"https:\/\/tribunadapraia.com.br\/?p=1733#breadcrumb\"},\"inLanguage\":\"pt-BR\",\"potentialAction\":[{\"@type\":\"ReadAction\",\"target\":[\"https:\/\/tribunadapraia.com.br\/?p=1733\"]}]},{\"@type\":\"BreadcrumbList\",\"@id\":\"https:\/\/tribunadapraia.com.br\/?p=1733#breadcrumb\",\"itemListElement\":[{\"@type\":\"ListItem\",\"position\":1,\"item\":{\"@type\":\"WebPage\",\"@id\":\"https:\/\/tribunadapraia.com.br\/\",\"url\":\"https:\/\/tribunadapraia.com.br\/\",\"name\":\"In\\u00edcio\"}},{\"@type\":\"ListItem\",\"position\":2,\"item\":{\"@id\":\"https:\/\/tribunadapraia.com.br\/?p=1733#webpage\"}}]},{\"@type\":\"Article\",\"@id\":\"https:\/\/tribunadapraia.com.br\/?p=1733#article\",\"isPartOf\":{\"@id\":\"https:\/\/tribunadapraia.com.br\/?p=1733#webpage\"},\"author\":{\"@id\":\"https:\/\/tribunadapraia.com.br\/#\/schema\/person\/099fbbf59acc5895c0d7d52b4fc46c97\"},\"headline\":\"\\u00c9 Sobre Navegar\",\"datePublished\":\"2020-09-16T15:07:52+00:00\",\"dateModified\":\"2020-09-16T15:07:52+00:00\",\"mainEntityOfPage\":{\"@id\":\"https:\/\/tribunadapraia.com.br\/?p=1733#webpage\"},\"wordCount\":169,\"commentCount\":0,\"publisher\":{\"@id\":\"https:\/\/tribunadapraia.com.br\/#organization\"},\"image\":{\"@id\":\"https:\/\/tribunadapraia.com.br\/?p=1733#primaryimage\"},\"thumbnailUrl\":\"https:\/\/tribunadapraia.com.br\/wp-content\/uploads\/2020\/09\/1-xkgd9OLwFNLpfpC5uBXnQ.jpeg\",\"articleSection\":[\"Not\\u00edcias\"],\"inLanguage\":\"pt-BR\",\"potentialAction\":[{\"@type\":\"CommentAction\",\"name\":\"Comment\",\"target\":[\"https:\/\/tribunadapraia.com.br\/?p=1733#respond\"]}]},{\"@type\":\"Person\",\"@id\":\"https:\/\/tribunadapraia.com.br\/#\/schema\/person\/099fbbf59acc5895c0d7d52b4fc46c97\",\"name\":\"Reda\\u00e7\\u00e3o\",\"image\":{\"@type\":\"ImageObject\",\"@id\":\"https:\/\/tribunadapraia.com.br\/#personlogo\",\"inLanguage\":\"pt-BR\",\"url\":\"https:\/\/secure.gravatar.com\/avatar\/91c8b91d2bfd7784eac5c3e055361f64?s=96&d=identicon&r=g\",\"contentUrl\":\"https:\/\/secure.gravatar.com\/avatar\/91c8b91d2bfd7784eac5c3e055361f64?s=96&d=identicon&r=g\",\"caption\":\"Reda\\u00e7\\u00e3o\"}}]}<\/script>\n<!-- \/ Yoast SEO plugin. -->","wps_subtitle":"","_links":{"self":[{"href":"https:\/\/tribunadapraia.com.br\/index.php?rest_route=\/wp\/v2\/posts\/1733"}],"collection":[{"href":"https:\/\/tribunadapraia.com.br\/index.php?rest_route=\/wp\/v2\/posts"}],"about":[{"href":"https:\/\/tribunadapraia.com.br\/index.php?rest_route=\/wp\/v2\/types\/post"}],"author":[{"embeddable":true,"href":"https:\/\/tribunadapraia.com.br\/index.php?rest_route=\/wp\/v2\/users\/3"}],"replies":[{"embeddable":true,"href":"https:\/\/tribunadapraia.com.br\/index.php?rest_route=%2Fwp%2Fv2%2Fcomments&post=1733"}],"version-history":[{"count":1,"href":"https:\/\/tribunadapraia.com.br\/index.php?rest_route=\/wp\/v2\/posts\/1733\/revisions"}],"predecessor-version":[{"id":1735,"href":"https:\/\/tribunadapraia.com.br\/index.php?rest_route=\/wp\/v2\/posts\/1733\/revisions\/1735"}],"wp:featuredmedia":[{"embeddable":true,"href":"https:\/\/tribunadapraia.com.br\/index.php?rest_route=\/wp\/v2\/media\/1734"}],"wp:attachment":[{"href":"https:\/\/tribunadapraia.com.br\/index.php?rest_route=%2Fwp%2Fv2%2Fmedia&parent=1733"}],"wp:term":[{"taxonomy":"category","embeddable":true,"href":"https:\/\/tribunadapraia.com.br\/index.php?rest_route=%2Fwp%2Fv2%2Fcategories&post=1733"},{"taxonomy":"post_tag","embeddable":true,"href":"https:\/\/tribunadapraia.com.br\/index.php?rest_route=%2Fwp%2Fv2%2Ftags&post=1733"}],"curies":[{"name":"wp","href":"https:\/\/api.w.org\/{rel}","templated":true}]}}