{"id":1729,"date":"2020-09-16T09:50:17","date_gmt":"2020-09-16T12:50:17","guid":{"rendered":"https:\/\/tribunadapraia.com.br\/?p=1729"},"modified":"2020-09-16T09:50:17","modified_gmt":"2020-09-16T12:50:17","slug":"mdb-de-propria-realizou-sua-convencao-nesta-terca-feira-15","status":"publish","type":"post","link":"https:\/\/tribunadapraia.com.br\/?p=1729","title":{"rendered":"MDB de Propri\u00e1 realizou sua Conven\u00e7\u00e3o nesta ter\u00e7a-feira, 15"},"content":{"rendered":"<p>O dia da esperan\u00e7a na mudan\u00e7a em Propri\u00e1 come\u00e7ou nesta ter\u00e7a-feira, 15, com a Conven\u00e7\u00e3o Partid\u00e1ria do Movimento Democr\u00e1tico Brasileiro (MDB) e do Partido Democr\u00e1tico Trabalhista (PDT) que apresentou seus pr\u00e9-candidatos a vereadores para disputar essas elei\u00e7\u00f5es.<\/p>\n<p>Para disputar a prefeitura, o nome j\u00e1 escolhido \u00e9 o do ex-secret\u00e1rio da Sa\u00fade do Estado de Sergipe Dr Valberto, o seu companheiro de chapa \u00e9 o professor Rafael Sandes que foi secret\u00e1rio de educa\u00e7\u00e3o no munic\u00edpio. A alian\u00e7a foi considerava positiva pela popula\u00e7\u00e3o por se tratar de duas pessoas com bastante experi\u00eancia em duas \u00e1reas fundamentais, a sa\u00fade e a educa\u00e7\u00e3o.<\/p>\n<p>\u201cPrecisamos mudar a realidade de nossa cidade, n\u00e3o podemos mais aceitar que Propri\u00e1 fique parada no tempo, n\u00e3o podemos permanecer como estamos, nem voltar para o passado, \u00e9 preciso olhar para o futuro, planejar a cidade que queremos, cuidando com carinho e dignidade de nossa gente e de nossa cidade. Hoje os filhos desta terra s\u00e3o obrigados a sair daqui para irem atr\u00e1s de oportunidade, pois n\u00e3o tem trabalho em nossa cidade. \u00c9 preciso se investir na sa\u00fade da nossa popula\u00e7\u00e3o, na educa\u00e7\u00e3o com capacita\u00e7\u00e3o para que nossos estudantes n\u00e3o tenham que ir para outras cidades estudarem. \u00c9 hora de se investir em emprego e renda, em oportunidades para que possamos resgatar o orgulho dos propriaenses\u201d, ressaltou Dr Valberto.<\/p>\n<p>Diversas autoridades fizeram quest\u00e3o de marcar presen\u00e7a e demostrar seu apoio a coliga\u00e7\u00e3o da Esperan\u00e7a na Mudan\u00e7a, como o deputado federal F\u00e1bio Henrique, o deputado estadual Adailton Martins, o ex-prefeito da cidade, Renato Brand\u00e3o, o representante do Podemos e atual vice prefeito H\u00e9lio Gomes, o presidente do PSB, Orlando Melo, o presidente do PDT de Propri\u00e1, Rafael Luckmann, o ex-vereador Fernandinho Brito e diversas outras autoridades e representantes da sociedade propriaense. Por conta da pandemia causada pelo Covid-19, houve restri\u00e7\u00f5es de n\u00famero de p\u00fablico, mas a popula\u00e7\u00e3o pode assistir tudo pelas redes sociais do pr\u00e9-candidato a prefeito Dr. Valberto.<\/p>\n<p>Ascom Dr Valberto<\/p>\n<p>Cr\u00e9dito das Fotos: Igor Graccho<\/p>\n","protected":false},"excerpt":{"rendered":"<p>O dia da esperan\u00e7a na mudan\u00e7a em Propri\u00e1 come\u00e7ou nesta ter\u00e7a-feira, 15, com a Conven\u00e7\u00e3o Partid\u00e1ria do Movimento Democr\u00e1tico Brasileiro (MDB) e do Partido Democr\u00e1tico Trabalhista (PDT) que apresentou seus pr\u00e9-candidatos a vereadores para disputar essas elei\u00e7\u00f5es. Para disputar a prefeitura, o nome j\u00e1 escolhido \u00e9 o do ex-secret\u00e1rio da Sa\u00fade do Estado de Sergipe Dr Valberto, o seu companheiro de chapa \u00e9 o professor Rafael Sandes que foi secret\u00e1rio<\/p>\n","protected":false},"author":3,"featured_media":1731,"comment_status":"open","ping_status":"open","sticky":false,"template":"","format":"standard","meta":[],"categories":[18],"tags":[],"yoast_head":"<!-- This site is optimized with the Yoast SEO plugin v16.3 - https:\/\/yoast.com\/wordpress\/plugins\/seo\/ -->\n<title>MDB de Propri\u00e1 realizou sua Conven\u00e7\u00e3o nesta ter\u00e7a-feira, 15 - TRIBUNA DA PRAIA<\/title>\n<meta name=\"robots\" content=\"index, follow, max-snippet:-1, max-image-preview:large, max-video-preview:-1\" \/>\n<link rel=\"canonical\" href=\"https:\/\/tribunadapraia.com.br\/?p=1729\" \/>\n<meta property=\"og:locale\" content=\"pt_BR\" \/>\n<meta property=\"og:type\" content=\"article\" \/>\n<meta property=\"og:title\" content=\"MDB de Propri\u00e1 realizou sua Conven\u00e7\u00e3o nesta ter\u00e7a-feira, 15 - TRIBUNA DA PRAIA\" \/>\n<meta property=\"og:description\" content=\"O dia da esperan\u00e7a na mudan\u00e7a em Propri\u00e1 come\u00e7ou nesta ter\u00e7a-feira, 15, com a Conven\u00e7\u00e3o Partid\u00e1ria do Movimento Democr\u00e1tico Brasileiro (MDB) e do Partido Democr\u00e1tico Trabalhista (PDT) que apresentou seus pr\u00e9-candidatos a vereadores para disputar essas elei\u00e7\u00f5es. Para disputar a prefeitura, o nome j\u00e1 escolhido \u00e9 o do ex-secret\u00e1rio da Sa\u00fade do Estado de Sergipe Dr Valberto, o seu companheiro de chapa \u00e9 o professor Rafael Sandes que foi secret\u00e1rio\" \/>\n<meta property=\"og:url\" content=\"https:\/\/tribunadapraia.com.br\/?p=1729\" \/>\n<meta property=\"og:site_name\" content=\"TRIBUNA DA PRAIA\" \/>\n<meta property=\"article:publisher\" content=\"https:\/\/www.facebook.com\/tribunadapraiaonline\/\" \/>\n<meta property=\"article:published_time\" content=\"2020-09-16T12:50:17+00:00\" \/>\n<meta property=\"og:image\" content=\"https:\/\/tribunadapraia.com.br\/wp-content\/uploads\/2020\/09\/IMG-20200916-WA0018.jpg\" \/>\n\t<meta property=\"og:image:width\" content=\"1280\" \/>\n\t<meta property=\"og:image:height\" content=\"854\" \/>\n<meta name=\"twitter:card\" content=\"summary_large_image\" \/>\n<meta name=\"twitter:creator\" content=\"@Claudomir21\" \/>\n<meta name=\"twitter:site\" content=\"@Claudomir21\" \/>\n<meta name=\"twitter:label1\" content=\"Est. tempo de leitura\">\n\t<meta name=\"twitter:data1\" content=\"2 minutos\">\n<script type=\"application\/ld+json\" class=\"yoast-schema-graph\">{\"@context\":\"https:\/\/schema.org\",\"@graph\":[{\"@type\":\"Organization\",\"@id\":\"https:\/\/tribunadapraia.com.br\/#organization\",\"name\":\"Tribuna da Praia\",\"url\":\"https:\/\/tribunadapraia.com.br\/\",\"sameAs\":[\"https:\/\/www.facebook.com\/tribunadapraiaonline\/\",\"https:\/\/www.instagram.com\/claudomirtavares\/\",\"https:\/\/www.youtube.com\/channel\/UCwQf80nxiMzCefAyjbp53Rw\",\"https:\/\/twitter.com\/Claudomir21\"],\"logo\":{\"@type\":\"ImageObject\",\"@id\":\"https:\/\/tribunadapraia.com.br\/#logo\",\"inLanguage\":\"pt-BR\",\"url\":\"https:\/\/tribunadapraia.com.br\/wp-content\/uploads\/2020\/02\/logo.png\",\"contentUrl\":\"https:\/\/tribunadapraia.com.br\/wp-content\/uploads\/2020\/02\/logo.png\",\"width\":501,\"height\":121,\"caption\":\"Tribuna da Praia\"},\"image\":{\"@id\":\"https:\/\/tribunadapraia.com.br\/#logo\"}},{\"@type\":\"WebSite\",\"@id\":\"https:\/\/tribunadapraia.com.br\/#website\",\"url\":\"https:\/\/tribunadapraia.com.br\/\",\"name\":\"TRIBUNA DA PRAIA\",\"description\":\"O 1\\u00ba jornal do interior de Sergipe na internet\",\"publisher\":{\"@id\":\"https:\/\/tribunadapraia.com.br\/#organization\"},\"potentialAction\":[{\"@type\":\"SearchAction\",\"target\":\"https:\/\/tribunadapraia.com.br\/?s={search_term_string}\",\"query-input\":\"required name=search_term_string\"}],\"inLanguage\":\"pt-BR\"},{\"@type\":\"ImageObject\",\"@id\":\"https:\/\/tribunadapraia.com.br\/?p=1729#primaryimage\",\"inLanguage\":\"pt-BR\",\"url\":\"https:\/\/tribunadapraia.com.br\/wp-content\/uploads\/2020\/09\/IMG-20200916-WA0018.jpg\",\"contentUrl\":\"https:\/\/tribunadapraia.com.br\/wp-content\/uploads\/2020\/09\/IMG-20200916-WA0018.jpg\",\"width\":1280,\"height\":854},{\"@type\":\"WebPage\",\"@id\":\"https:\/\/tribunadapraia.com.br\/?p=1729#webpage\",\"url\":\"https:\/\/tribunadapraia.com.br\/?p=1729\",\"name\":\"MDB de Propri\\u00e1 realizou sua Conven\\u00e7\\u00e3o nesta ter\\u00e7a-feira, 15 - TRIBUNA DA PRAIA\",\"isPartOf\":{\"@id\":\"https:\/\/tribunadapraia.com.br\/#website\"},\"primaryImageOfPage\":{\"@id\":\"https:\/\/tribunadapraia.com.br\/?p=1729#primaryimage\"},\"datePublished\":\"2020-09-16T12:50:17+00:00\",\"dateModified\":\"2020-09-16T12:50:17+00:00\",\"breadcrumb\":{\"@id\":\"https:\/\/tribunadapraia.com.br\/?p=1729#breadcrumb\"},\"inLanguage\":\"pt-BR\",\"potentialAction\":[{\"@type\":\"ReadAction\",\"target\":[\"https:\/\/tribunadapraia.com.br\/?p=1729\"]}]},{\"@type\":\"BreadcrumbList\",\"@id\":\"https:\/\/tribunadapraia.com.br\/?p=1729#breadcrumb\",\"itemListElement\":[{\"@type\":\"ListItem\",\"position\":1,\"item\":{\"@type\":\"WebPage\",\"@id\":\"https:\/\/tribunadapraia.com.br\/\",\"url\":\"https:\/\/tribunadapraia.com.br\/\",\"name\":\"In\\u00edcio\"}},{\"@type\":\"ListItem\",\"position\":2,\"item\":{\"@id\":\"https:\/\/tribunadapraia.com.br\/?p=1729#webpage\"}}]},{\"@type\":\"Article\",\"@id\":\"https:\/\/tribunadapraia.com.br\/?p=1729#article\",\"isPartOf\":{\"@id\":\"https:\/\/tribunadapraia.com.br\/?p=1729#webpage\"},\"author\":{\"@id\":\"https:\/\/tribunadapraia.com.br\/#\/schema\/person\/099fbbf59acc5895c0d7d52b4fc46c97\"},\"headline\":\"MDB de Propri\\u00e1 realizou sua Conven\\u00e7\\u00e3o nesta ter\\u00e7a-feira, 15\",\"datePublished\":\"2020-09-16T12:50:17+00:00\",\"dateModified\":\"2020-09-16T12:50:17+00:00\",\"mainEntityOfPage\":{\"@id\":\"https:\/\/tribunadapraia.com.br\/?p=1729#webpage\"},\"wordCount\":373,\"commentCount\":0,\"publisher\":{\"@id\":\"https:\/\/tribunadapraia.com.br\/#organization\"},\"image\":{\"@id\":\"https:\/\/tribunadapraia.com.br\/?p=1729#primaryimage\"},\"thumbnailUrl\":\"https:\/\/tribunadapraia.com.br\/wp-content\/uploads\/2020\/09\/IMG-20200916-WA0018.jpg\",\"articleSection\":[\"Not\\u00edcias\"],\"inLanguage\":\"pt-BR\",\"potentialAction\":[{\"@type\":\"CommentAction\",\"name\":\"Comment\",\"target\":[\"https:\/\/tribunadapraia.com.br\/?p=1729#respond\"]}]},{\"@type\":\"Person\",\"@id\":\"https:\/\/tribunadapraia.com.br\/#\/schema\/person\/099fbbf59acc5895c0d7d52b4fc46c97\",\"name\":\"Reda\\u00e7\\u00e3o\",\"image\":{\"@type\":\"ImageObject\",\"@id\":\"https:\/\/tribunadapraia.com.br\/#personlogo\",\"inLanguage\":\"pt-BR\",\"url\":\"https:\/\/secure.gravatar.com\/avatar\/91c8b91d2bfd7784eac5c3e055361f64?s=96&d=identicon&r=g\",\"contentUrl\":\"https:\/\/secure.gravatar.com\/avatar\/91c8b91d2bfd7784eac5c3e055361f64?s=96&d=identicon&r=g\",\"caption\":\"Reda\\u00e7\\u00e3o\"}}]}<\/script>\n<!-- \/ Yoast SEO plugin. -->","wps_subtitle":"","_links":{"self":[{"href":"https:\/\/tribunadapraia.com.br\/index.php?rest_route=\/wp\/v2\/posts\/1729"}],"collection":[{"href":"https:\/\/tribunadapraia.com.br\/index.php?rest_route=\/wp\/v2\/posts"}],"about":[{"href":"https:\/\/tribunadapraia.com.br\/index.php?rest_route=\/wp\/v2\/types\/post"}],"author":[{"embeddable":true,"href":"https:\/\/tribunadapraia.com.br\/index.php?rest_route=\/wp\/v2\/users\/3"}],"replies":[{"embeddable":true,"href":"https:\/\/tribunadapraia.com.br\/index.php?rest_route=%2Fwp%2Fv2%2Fcomments&post=1729"}],"version-history":[{"count":1,"href":"https:\/\/tribunadapraia.com.br\/index.php?rest_route=\/wp\/v2\/posts\/1729\/revisions"}],"predecessor-version":[{"id":1732,"href":"https:\/\/tribunadapraia.com.br\/index.php?rest_route=\/wp\/v2\/posts\/1729\/revisions\/1732"}],"wp:featuredmedia":[{"embeddable":true,"href":"https:\/\/tribunadapraia.com.br\/index.php?rest_route=\/wp\/v2\/media\/1731"}],"wp:attachment":[{"href":"https:\/\/tribunadapraia.com.br\/index.php?rest_route=%2Fwp%2Fv2%2Fmedia&parent=1729"}],"wp:term":[{"taxonomy":"category","embeddable":true,"href":"https:\/\/tribunadapraia.com.br\/index.php?rest_route=%2Fwp%2Fv2%2Fcategories&post=1729"},{"taxonomy":"post_tag","embeddable":true,"href":"https:\/\/tribunadapraia.com.br\/index.php?rest_route=%2Fwp%2Fv2%2Ftags&post=1729"}],"curies":[{"name":"wp","href":"https:\/\/api.w.org\/{rel}","templated":true}]}}