{"id":1721,"date":"2020-09-15T08:19:04","date_gmt":"2020-09-15T11:19:04","guid":{"rendered":"https:\/\/tribunadapraia.com.br\/?p=1721"},"modified":"2020-09-15T08:19:04","modified_gmt":"2020-09-15T11:19:04","slug":"everton-birinha-retira-pre-candidatura-a-vereador-em-pirambu-ao-longo-de-minha-vida-tudo-o-que-fiz-e-faco-e-pensando-no-bem-da-minha-cidade","status":"publish","type":"post","link":"https:\/\/tribunadapraia.com.br\/?p=1721","title":{"rendered":"Everton Birinha retira pr\u00e9-candidatura a vereador em Pirambu: &#8220;Ao longo de minha vida tudo o que fiz e fa\u00e7o \u00e9 pensando no bem da minha cidade&#8221;."},"content":{"rendered":"<p>Depois de muito pensar, acabo de tomar mais uma importante decis\u00e3o na minha vida. Com muita tristeza, venho comunicar que decidi retirar minha candidatura ao cargo de vereador de Pirambu. Mesmo com o reconhecimento do nosso trabalho enquanto secret\u00e1rio Municipal de esporte e lazer. Meus princ\u00edpios, valores e minha coer\u00eancia levaram-me a uma reflex\u00e3o e decis\u00e3o fundamentada por quest\u00f5es pessoais e familiares.<\/p>\n<p>Sei que nossa cidade precisa de pessoas decentes e honestas para alcan\u00e7ar os avan\u00e7os necess\u00e1rios.<\/p>\n<p>Desde j\u00e1 informo que estaremos trabalhando para que pessoas com essas caracter\u00edsticas(decentes e honesta) possam nos representar.<\/p>\n<p>Agrade\u00e7o a todos os amigos que conquistei ao longo dessa trajet\u00f3ria. Ao longo de minha vida tudo o que fiz e fa\u00e7o \u00e9 pensando no bem da minha cidade.<\/p>\n<p>Everton Moura (Birinha)<\/p>\n","protected":false},"excerpt":{"rendered":"<p>Depois de muito pensar, acabo de tomar mais uma importante decis\u00e3o na minha vida. Com muita tristeza, venho comunicar que decidi retirar minha candidatura ao cargo de vereador de Pirambu. Mesmo com o reconhecimento do nosso trabalho enquanto secret\u00e1rio Municipal de esporte e lazer. Meus princ\u00edpios, valores e minha coer\u00eancia levaram-me a uma reflex\u00e3o e decis\u00e3o fundamentada por quest\u00f5es pessoais e familiares. Sei que nossa cidade precisa de pessoas decentes<\/p>\n","protected":false},"author":3,"featured_media":1722,"comment_status":"open","ping_status":"open","sticky":false,"template":"","format":"standard","meta":[],"categories":[18],"tags":[],"yoast_head":"<!-- This site is optimized with the Yoast SEO plugin v16.3 - https:\/\/yoast.com\/wordpress\/plugins\/seo\/ -->\n<title>Everton Birinha retira pr\u00e9-candidatura a vereador em Pirambu: &quot;Ao longo de minha vida tudo o que fiz e fa\u00e7o \u00e9 pensando no bem da minha cidade&quot;. - TRIBUNA DA PRAIA<\/title>\n<meta name=\"robots\" content=\"index, follow, max-snippet:-1, max-image-preview:large, max-video-preview:-1\" \/>\n<link rel=\"canonical\" href=\"https:\/\/tribunadapraia.com.br\/?p=1721\" \/>\n<meta property=\"og:locale\" content=\"pt_BR\" \/>\n<meta property=\"og:type\" content=\"article\" \/>\n<meta property=\"og:title\" content=\"Everton Birinha retira pr\u00e9-candidatura a vereador em Pirambu: &quot;Ao longo de minha vida tudo o que fiz e fa\u00e7o \u00e9 pensando no bem da minha cidade&quot;. - TRIBUNA DA PRAIA\" \/>\n<meta property=\"og:description\" content=\"Depois de muito pensar, acabo de tomar mais uma importante decis\u00e3o na minha vida. Com muita tristeza, venho comunicar que decidi retirar minha candidatura ao cargo de vereador de Pirambu. Mesmo com o reconhecimento do nosso trabalho enquanto secret\u00e1rio Municipal de esporte e lazer. Meus princ\u00edpios, valores e minha coer\u00eancia levaram-me a uma reflex\u00e3o e decis\u00e3o fundamentada por quest\u00f5es pessoais e familiares. Sei que nossa cidade precisa de pessoas decentes\" \/>\n<meta property=\"og:url\" content=\"https:\/\/tribunadapraia.com.br\/?p=1721\" \/>\n<meta property=\"og:site_name\" content=\"TRIBUNA DA PRAIA\" \/>\n<meta property=\"article:publisher\" content=\"https:\/\/www.facebook.com\/tribunadapraiaonline\/\" \/>\n<meta property=\"article:published_time\" content=\"2020-09-15T11:19:04+00:00\" \/>\n<meta property=\"og:image\" content=\"https:\/\/tribunadapraia.com.br\/wp-content\/uploads\/2020\/09\/IMG-20200915-WA0013.jpg\" \/>\n\t<meta property=\"og:image:width\" content=\"719\" \/>\n\t<meta property=\"og:image:height\" content=\"731\" \/>\n<meta name=\"twitter:card\" content=\"summary_large_image\" \/>\n<meta name=\"twitter:creator\" content=\"@Claudomir21\" \/>\n<meta name=\"twitter:site\" content=\"@Claudomir21\" \/>\n<meta name=\"twitter:label1\" content=\"Est. tempo de leitura\">\n\t<meta name=\"twitter:data1\" content=\"1 minuto\">\n<script type=\"application\/ld+json\" class=\"yoast-schema-graph\">{\"@context\":\"https:\/\/schema.org\",\"@graph\":[{\"@type\":\"Organization\",\"@id\":\"https:\/\/tribunadapraia.com.br\/#organization\",\"name\":\"Tribuna da Praia\",\"url\":\"https:\/\/tribunadapraia.com.br\/\",\"sameAs\":[\"https:\/\/www.facebook.com\/tribunadapraiaonline\/\",\"https:\/\/www.instagram.com\/claudomirtavares\/\",\"https:\/\/www.youtube.com\/channel\/UCwQf80nxiMzCefAyjbp53Rw\",\"https:\/\/twitter.com\/Claudomir21\"],\"logo\":{\"@type\":\"ImageObject\",\"@id\":\"https:\/\/tribunadapraia.com.br\/#logo\",\"inLanguage\":\"pt-BR\",\"url\":\"https:\/\/tribunadapraia.com.br\/wp-content\/uploads\/2020\/02\/logo.png\",\"contentUrl\":\"https:\/\/tribunadapraia.com.br\/wp-content\/uploads\/2020\/02\/logo.png\",\"width\":501,\"height\":121,\"caption\":\"Tribuna da Praia\"},\"image\":{\"@id\":\"https:\/\/tribunadapraia.com.br\/#logo\"}},{\"@type\":\"WebSite\",\"@id\":\"https:\/\/tribunadapraia.com.br\/#website\",\"url\":\"https:\/\/tribunadapraia.com.br\/\",\"name\":\"TRIBUNA DA PRAIA\",\"description\":\"O 1\\u00ba jornal do interior de Sergipe na internet\",\"publisher\":{\"@id\":\"https:\/\/tribunadapraia.com.br\/#organization\"},\"potentialAction\":[{\"@type\":\"SearchAction\",\"target\":\"https:\/\/tribunadapraia.com.br\/?s={search_term_string}\",\"query-input\":\"required name=search_term_string\"}],\"inLanguage\":\"pt-BR\"},{\"@type\":\"ImageObject\",\"@id\":\"https:\/\/tribunadapraia.com.br\/?p=1721#primaryimage\",\"inLanguage\":\"pt-BR\",\"url\":\"https:\/\/tribunadapraia.com.br\/wp-content\/uploads\/2020\/09\/IMG-20200915-WA0013.jpg\",\"contentUrl\":\"https:\/\/tribunadapraia.com.br\/wp-content\/uploads\/2020\/09\/IMG-20200915-WA0013.jpg\",\"width\":719,\"height\":731},{\"@type\":\"WebPage\",\"@id\":\"https:\/\/tribunadapraia.com.br\/?p=1721#webpage\",\"url\":\"https:\/\/tribunadapraia.com.br\/?p=1721\",\"name\":\"Everton Birinha retira pr\\u00e9-candidatura a vereador em Pirambu: \\\"Ao longo de minha vida tudo o que fiz e fa\\u00e7o \\u00e9 pensando no bem da minha cidade\\\". - TRIBUNA DA PRAIA\",\"isPartOf\":{\"@id\":\"https:\/\/tribunadapraia.com.br\/#website\"},\"primaryImageOfPage\":{\"@id\":\"https:\/\/tribunadapraia.com.br\/?p=1721#primaryimage\"},\"datePublished\":\"2020-09-15T11:19:04+00:00\",\"dateModified\":\"2020-09-15T11:19:04+00:00\",\"breadcrumb\":{\"@id\":\"https:\/\/tribunadapraia.com.br\/?p=1721#breadcrumb\"},\"inLanguage\":\"pt-BR\",\"potentialAction\":[{\"@type\":\"ReadAction\",\"target\":[\"https:\/\/tribunadapraia.com.br\/?p=1721\"]}]},{\"@type\":\"BreadcrumbList\",\"@id\":\"https:\/\/tribunadapraia.com.br\/?p=1721#breadcrumb\",\"itemListElement\":[{\"@type\":\"ListItem\",\"position\":1,\"item\":{\"@type\":\"WebPage\",\"@id\":\"https:\/\/tribunadapraia.com.br\/\",\"url\":\"https:\/\/tribunadapraia.com.br\/\",\"name\":\"In\\u00edcio\"}},{\"@type\":\"ListItem\",\"position\":2,\"item\":{\"@id\":\"https:\/\/tribunadapraia.com.br\/?p=1721#webpage\"}}]},{\"@type\":\"Article\",\"@id\":\"https:\/\/tribunadapraia.com.br\/?p=1721#article\",\"isPartOf\":{\"@id\":\"https:\/\/tribunadapraia.com.br\/?p=1721#webpage\"},\"author\":{\"@id\":\"https:\/\/tribunadapraia.com.br\/#\/schema\/person\/099fbbf59acc5895c0d7d52b4fc46c97\"},\"headline\":\"Everton Birinha retira pr\\u00e9-candidatura a vereador em Pirambu: &#8220;Ao longo de minha vida tudo o que fiz e fa\\u00e7o \\u00e9 pensando no bem da minha cidade&#8221;.\",\"datePublished\":\"2020-09-15T11:19:04+00:00\",\"dateModified\":\"2020-09-15T11:19:04+00:00\",\"mainEntityOfPage\":{\"@id\":\"https:\/\/tribunadapraia.com.br\/?p=1721#webpage\"},\"wordCount\":167,\"commentCount\":1,\"publisher\":{\"@id\":\"https:\/\/tribunadapraia.com.br\/#organization\"},\"image\":{\"@id\":\"https:\/\/tribunadapraia.com.br\/?p=1721#primaryimage\"},\"thumbnailUrl\":\"https:\/\/tribunadapraia.com.br\/wp-content\/uploads\/2020\/09\/IMG-20200915-WA0013.jpg\",\"articleSection\":[\"Not\\u00edcias\"],\"inLanguage\":\"pt-BR\",\"potentialAction\":[{\"@type\":\"CommentAction\",\"name\":\"Comment\",\"target\":[\"https:\/\/tribunadapraia.com.br\/?p=1721#respond\"]}]},{\"@type\":\"Person\",\"@id\":\"https:\/\/tribunadapraia.com.br\/#\/schema\/person\/099fbbf59acc5895c0d7d52b4fc46c97\",\"name\":\"Reda\\u00e7\\u00e3o\",\"image\":{\"@type\":\"ImageObject\",\"@id\":\"https:\/\/tribunadapraia.com.br\/#personlogo\",\"inLanguage\":\"pt-BR\",\"url\":\"https:\/\/secure.gravatar.com\/avatar\/91c8b91d2bfd7784eac5c3e055361f64?s=96&d=identicon&r=g\",\"contentUrl\":\"https:\/\/secure.gravatar.com\/avatar\/91c8b91d2bfd7784eac5c3e055361f64?s=96&d=identicon&r=g\",\"caption\":\"Reda\\u00e7\\u00e3o\"}}]}<\/script>\n<!-- \/ Yoast SEO plugin. -->","wps_subtitle":"","_links":{"self":[{"href":"https:\/\/tribunadapraia.com.br\/index.php?rest_route=\/wp\/v2\/posts\/1721"}],"collection":[{"href":"https:\/\/tribunadapraia.com.br\/index.php?rest_route=\/wp\/v2\/posts"}],"about":[{"href":"https:\/\/tribunadapraia.com.br\/index.php?rest_route=\/wp\/v2\/types\/post"}],"author":[{"embeddable":true,"href":"https:\/\/tribunadapraia.com.br\/index.php?rest_route=\/wp\/v2\/users\/3"}],"replies":[{"embeddable":true,"href":"https:\/\/tribunadapraia.com.br\/index.php?rest_route=%2Fwp%2Fv2%2Fcomments&post=1721"}],"version-history":[{"count":1,"href":"https:\/\/tribunadapraia.com.br\/index.php?rest_route=\/wp\/v2\/posts\/1721\/revisions"}],"predecessor-version":[{"id":1723,"href":"https:\/\/tribunadapraia.com.br\/index.php?rest_route=\/wp\/v2\/posts\/1721\/revisions\/1723"}],"wp:featuredmedia":[{"embeddable":true,"href":"https:\/\/tribunadapraia.com.br\/index.php?rest_route=\/wp\/v2\/media\/1722"}],"wp:attachment":[{"href":"https:\/\/tribunadapraia.com.br\/index.php?rest_route=%2Fwp%2Fv2%2Fmedia&parent=1721"}],"wp:term":[{"taxonomy":"category","embeddable":true,"href":"https:\/\/tribunadapraia.com.br\/index.php?rest_route=%2Fwp%2Fv2%2Fcategories&post=1721"},{"taxonomy":"post_tag","embeddable":true,"href":"https:\/\/tribunadapraia.com.br\/index.php?rest_route=%2Fwp%2Fv2%2Ftags&post=1721"}],"curies":[{"name":"wp","href":"https:\/\/api.w.org\/{rel}","templated":true}]}}