{"id":1719,"date":"2020-09-15T00:26:56","date_gmt":"2020-09-15T03:26:56","guid":{"rendered":"https:\/\/tribunadapraia.com.br\/?p=1719"},"modified":"2020-09-15T00:26:56","modified_gmt":"2020-09-15T03:26:56","slug":"em-pirambu-pcb-apoiara-ze-claudio-e-jucy-tavares-lutadores-do-povo","status":"publish","type":"post","link":"https:\/\/tribunadapraia.com.br\/?p=1719","title":{"rendered":"Em Pirambu, PCB apoiar\u00e1 Z\u00e9 Cl\u00e1udio \u00e9 Jucy Tavares, lutadores do povo"},"content":{"rendered":"<p>A decis\u00e3o foi tomada neste final de semana; em reuni\u00e3o com a participa\u00e7\u00e3o de dirigentes municipais, estaduais e nacionais.<\/p>\n<p>Concorreu para o apoio do PCB ao candidato a prefeito do PSOL, Z\u00e9 Cl\u00e1udio, a rela\u00e7\u00e3o pol\u00edtica com o partido no plano nacional, associada \u00e0 sua trajet\u00f3ria em defesa dos pescadores, do Rio Japaratuba, a luta e sintonia com a comunidade do povoado Marimbondo, do qual \u00e9 a maior caixa de resson\u00e2ncia daquela comunidade.<\/p>\n<p>Jucy Tavares &#8211; O apoio \u00e0 candidata a vereadora Jucy Tavares, do PT, n\u00e3o se deu pela rela\u00e7\u00e3o partid\u00e1ria, mas pela sua constante luta em defesa dos trabalhadores do campo e da cidade, da cultura, do meio ambiente, da cidadania e diversidade, sendo a mais combativa lideran\u00e7a popular no munic\u00edpio.<\/p>\n<p>O apoio do PCB a Z\u00e9 Cl\u00e1udio e a Jucy Tavares \u00e9 uma manifesta\u00e7\u00e3o informal, uma vez que o partido n\u00e3o est\u00e1 participando formalmente das elei\u00e7\u00f5es 2020, ainda que tenha uma presen\u00e7a nas lutas cotidianas no povo.<\/p>\n<p>por Reda\u00e7\u00e3o<\/p>\n","protected":false},"excerpt":{"rendered":"<p>A decis\u00e3o foi tomada neste final de semana; em reuni\u00e3o com a participa\u00e7\u00e3o de dirigentes municipais, estaduais e nacionais. Concorreu para o apoio do PCB ao candidato a prefeito do PSOL, Z\u00e9 Cl\u00e1udio, a rela\u00e7\u00e3o pol\u00edtica com o partido no plano nacional, associada \u00e0 sua trajet\u00f3ria em defesa dos pescadores, do Rio Japaratuba, a luta e sintonia com a comunidade do povoado Marimbondo, do qual \u00e9 a maior caixa de<\/p>\n","protected":false},"author":3,"featured_media":1621,"comment_status":"open","ping_status":"open","sticky":false,"template":"","format":"standard","meta":[],"categories":[18],"tags":[],"yoast_head":"<!-- This site is optimized with the Yoast SEO plugin v16.3 - https:\/\/yoast.com\/wordpress\/plugins\/seo\/ -->\n<title>Em Pirambu, PCB apoiar\u00e1 Z\u00e9 Cl\u00e1udio \u00e9 Jucy Tavares, lutadores do povo - TRIBUNA DA PRAIA<\/title>\n<meta name=\"robots\" content=\"index, follow, max-snippet:-1, max-image-preview:large, max-video-preview:-1\" \/>\n<link rel=\"canonical\" href=\"https:\/\/tribunadapraia.com.br\/?p=1719\" \/>\n<meta property=\"og:locale\" content=\"pt_BR\" \/>\n<meta property=\"og:type\" content=\"article\" \/>\n<meta property=\"og:title\" content=\"Em Pirambu, PCB apoiar\u00e1 Z\u00e9 Cl\u00e1udio \u00e9 Jucy Tavares, lutadores do povo - TRIBUNA DA PRAIA\" \/>\n<meta property=\"og:description\" content=\"A decis\u00e3o foi tomada neste final de semana; em reuni\u00e3o com a participa\u00e7\u00e3o de dirigentes municipais, estaduais e nacionais. Concorreu para o apoio do PCB ao candidato a prefeito do PSOL, Z\u00e9 Cl\u00e1udio, a rela\u00e7\u00e3o pol\u00edtica com o partido no plano nacional, associada \u00e0 sua trajet\u00f3ria em defesa dos pescadores, do Rio Japaratuba, a luta e sintonia com a comunidade do povoado Marimbondo, do qual \u00e9 a maior caixa de\" \/>\n<meta property=\"og:url\" content=\"https:\/\/tribunadapraia.com.br\/?p=1719\" \/>\n<meta property=\"og:site_name\" content=\"TRIBUNA DA PRAIA\" \/>\n<meta property=\"article:publisher\" content=\"https:\/\/www.facebook.com\/tribunadapraiaonline\/\" \/>\n<meta property=\"article:published_time\" content=\"2020-09-15T03:26:56+00:00\" \/>\n<meta property=\"og:image\" content=\"https:\/\/tribunadapraia.com.br\/wp-content\/uploads\/2020\/08\/IMG-20200812-WA0003.jpg\" \/>\n\t<meta property=\"og:image:width\" content=\"540\" \/>\n\t<meta property=\"og:image:height\" content=\"540\" \/>\n<meta name=\"twitter:card\" content=\"summary_large_image\" \/>\n<meta name=\"twitter:creator\" content=\"@Claudomir21\" \/>\n<meta name=\"twitter:site\" content=\"@Claudomir21\" \/>\n<meta name=\"twitter:label1\" content=\"Est. tempo de leitura\">\n\t<meta name=\"twitter:data1\" content=\"1 minuto\">\n<script type=\"application\/ld+json\" class=\"yoast-schema-graph\">{\"@context\":\"https:\/\/schema.org\",\"@graph\":[{\"@type\":\"Organization\",\"@id\":\"https:\/\/tribunadapraia.com.br\/#organization\",\"name\":\"Tribuna da Praia\",\"url\":\"https:\/\/tribunadapraia.com.br\/\",\"sameAs\":[\"https:\/\/www.facebook.com\/tribunadapraiaonline\/\",\"https:\/\/www.instagram.com\/claudomirtavares\/\",\"https:\/\/www.youtube.com\/channel\/UCwQf80nxiMzCefAyjbp53Rw\",\"https:\/\/twitter.com\/Claudomir21\"],\"logo\":{\"@type\":\"ImageObject\",\"@id\":\"https:\/\/tribunadapraia.com.br\/#logo\",\"inLanguage\":\"pt-BR\",\"url\":\"https:\/\/tribunadapraia.com.br\/wp-content\/uploads\/2020\/02\/logo.png\",\"contentUrl\":\"https:\/\/tribunadapraia.com.br\/wp-content\/uploads\/2020\/02\/logo.png\",\"width\":501,\"height\":121,\"caption\":\"Tribuna da Praia\"},\"image\":{\"@id\":\"https:\/\/tribunadapraia.com.br\/#logo\"}},{\"@type\":\"WebSite\",\"@id\":\"https:\/\/tribunadapraia.com.br\/#website\",\"url\":\"https:\/\/tribunadapraia.com.br\/\",\"name\":\"TRIBUNA DA PRAIA\",\"description\":\"O 1\\u00ba jornal do interior de Sergipe na internet\",\"publisher\":{\"@id\":\"https:\/\/tribunadapraia.com.br\/#organization\"},\"potentialAction\":[{\"@type\":\"SearchAction\",\"target\":\"https:\/\/tribunadapraia.com.br\/?s={search_term_string}\",\"query-input\":\"required name=search_term_string\"}],\"inLanguage\":\"pt-BR\"},{\"@type\":\"ImageObject\",\"@id\":\"https:\/\/tribunadapraia.com.br\/?p=1719#primaryimage\",\"inLanguage\":\"pt-BR\",\"url\":\"https:\/\/tribunadapraia.com.br\/wp-content\/uploads\/2020\/08\/IMG-20200812-WA0003.jpg\",\"contentUrl\":\"https:\/\/tribunadapraia.com.br\/wp-content\/uploads\/2020\/08\/IMG-20200812-WA0003.jpg\",\"width\":540,\"height\":540},{\"@type\":\"WebPage\",\"@id\":\"https:\/\/tribunadapraia.com.br\/?p=1719#webpage\",\"url\":\"https:\/\/tribunadapraia.com.br\/?p=1719\",\"name\":\"Em Pirambu, PCB apoiar\\u00e1 Z\\u00e9 Cl\\u00e1udio \\u00e9 Jucy Tavares, lutadores do povo - TRIBUNA DA PRAIA\",\"isPartOf\":{\"@id\":\"https:\/\/tribunadapraia.com.br\/#website\"},\"primaryImageOfPage\":{\"@id\":\"https:\/\/tribunadapraia.com.br\/?p=1719#primaryimage\"},\"datePublished\":\"2020-09-15T03:26:56+00:00\",\"dateModified\":\"2020-09-15T03:26:56+00:00\",\"breadcrumb\":{\"@id\":\"https:\/\/tribunadapraia.com.br\/?p=1719#breadcrumb\"},\"inLanguage\":\"pt-BR\",\"potentialAction\":[{\"@type\":\"ReadAction\",\"target\":[\"https:\/\/tribunadapraia.com.br\/?p=1719\"]}]},{\"@type\":\"BreadcrumbList\",\"@id\":\"https:\/\/tribunadapraia.com.br\/?p=1719#breadcrumb\",\"itemListElement\":[{\"@type\":\"ListItem\",\"position\":1,\"item\":{\"@type\":\"WebPage\",\"@id\":\"https:\/\/tribunadapraia.com.br\/\",\"url\":\"https:\/\/tribunadapraia.com.br\/\",\"name\":\"In\\u00edcio\"}},{\"@type\":\"ListItem\",\"position\":2,\"item\":{\"@id\":\"https:\/\/tribunadapraia.com.br\/?p=1719#webpage\"}}]},{\"@type\":\"Article\",\"@id\":\"https:\/\/tribunadapraia.com.br\/?p=1719#article\",\"isPartOf\":{\"@id\":\"https:\/\/tribunadapraia.com.br\/?p=1719#webpage\"},\"author\":{\"@id\":\"https:\/\/tribunadapraia.com.br\/#\/schema\/person\/099fbbf59acc5895c0d7d52b4fc46c97\"},\"headline\":\"Em Pirambu, PCB apoiar\\u00e1 Z\\u00e9 Cl\\u00e1udio \\u00e9 Jucy Tavares, lutadores do povo\",\"datePublished\":\"2020-09-15T03:26:56+00:00\",\"dateModified\":\"2020-09-15T03:26:56+00:00\",\"mainEntityOfPage\":{\"@id\":\"https:\/\/tribunadapraia.com.br\/?p=1719#webpage\"},\"wordCount\":188,\"commentCount\":0,\"publisher\":{\"@id\":\"https:\/\/tribunadapraia.com.br\/#organization\"},\"image\":{\"@id\":\"https:\/\/tribunadapraia.com.br\/?p=1719#primaryimage\"},\"thumbnailUrl\":\"https:\/\/tribunadapraia.com.br\/wp-content\/uploads\/2020\/08\/IMG-20200812-WA0003.jpg\",\"articleSection\":[\"Not\\u00edcias\"],\"inLanguage\":\"pt-BR\",\"potentialAction\":[{\"@type\":\"CommentAction\",\"name\":\"Comment\",\"target\":[\"https:\/\/tribunadapraia.com.br\/?p=1719#respond\"]}]},{\"@type\":\"Person\",\"@id\":\"https:\/\/tribunadapraia.com.br\/#\/schema\/person\/099fbbf59acc5895c0d7d52b4fc46c97\",\"name\":\"Reda\\u00e7\\u00e3o\",\"image\":{\"@type\":\"ImageObject\",\"@id\":\"https:\/\/tribunadapraia.com.br\/#personlogo\",\"inLanguage\":\"pt-BR\",\"url\":\"https:\/\/secure.gravatar.com\/avatar\/91c8b91d2bfd7784eac5c3e055361f64?s=96&d=identicon&r=g\",\"contentUrl\":\"https:\/\/secure.gravatar.com\/avatar\/91c8b91d2bfd7784eac5c3e055361f64?s=96&d=identicon&r=g\",\"caption\":\"Reda\\u00e7\\u00e3o\"}}]}<\/script>\n<!-- \/ Yoast SEO plugin. -->","wps_subtitle":"","_links":{"self":[{"href":"https:\/\/tribunadapraia.com.br\/index.php?rest_route=\/wp\/v2\/posts\/1719"}],"collection":[{"href":"https:\/\/tribunadapraia.com.br\/index.php?rest_route=\/wp\/v2\/posts"}],"about":[{"href":"https:\/\/tribunadapraia.com.br\/index.php?rest_route=\/wp\/v2\/types\/post"}],"author":[{"embeddable":true,"href":"https:\/\/tribunadapraia.com.br\/index.php?rest_route=\/wp\/v2\/users\/3"}],"replies":[{"embeddable":true,"href":"https:\/\/tribunadapraia.com.br\/index.php?rest_route=%2Fwp%2Fv2%2Fcomments&post=1719"}],"version-history":[{"count":1,"href":"https:\/\/tribunadapraia.com.br\/index.php?rest_route=\/wp\/v2\/posts\/1719\/revisions"}],"predecessor-version":[{"id":1720,"href":"https:\/\/tribunadapraia.com.br\/index.php?rest_route=\/wp\/v2\/posts\/1719\/revisions\/1720"}],"wp:featuredmedia":[{"embeddable":true,"href":"https:\/\/tribunadapraia.com.br\/index.php?rest_route=\/wp\/v2\/media\/1621"}],"wp:attachment":[{"href":"https:\/\/tribunadapraia.com.br\/index.php?rest_route=%2Fwp%2Fv2%2Fmedia&parent=1719"}],"wp:term":[{"taxonomy":"category","embeddable":true,"href":"https:\/\/tribunadapraia.com.br\/index.php?rest_route=%2Fwp%2Fv2%2Fcategories&post=1719"},{"taxonomy":"post_tag","embeddable":true,"href":"https:\/\/tribunadapraia.com.br\/index.php?rest_route=%2Fwp%2Fv2%2Ftags&post=1719"}],"curies":[{"name":"wp","href":"https:\/\/api.w.org\/{rel}","templated":true}]}}