{"id":1716,"date":"2020-09-14T21:27:32","date_gmt":"2020-09-15T00:27:32","guid":{"rendered":"https:\/\/tribunadapraia.com.br\/?p=1716"},"modified":"2020-09-14T21:36:45","modified_gmt":"2020-09-15T00:36:45","slug":"yokanaan-santana-nao-me-calarei-diante-de-uma-acao-meramente-eleitoreira-e-totalmente-eivada-de-vicios","status":"publish","type":"post","link":"https:\/\/tribunadapraia.com.br\/?p=1716","title":{"rendered":"Yokanaan Santana: &#8220;N\u00e3o me calarei diante de uma a\u00e7\u00e3o meramente eleitoreira e totalmente eivada de v\u00edcios &#8220;"},"content":{"rendered":"<p dir=\"ltr\">Em nota de esclarecimento, o prefeito de Propri\u00e1, Yokanaan Santana (PL) reage ao que convencionamos classificar como ato revanchista, possivelmente de\u00a0 chantagem pol\u00edtica e oportunista de um protagonismo \u00e0s avessas. Quem, de fato, patrocina tal iniciativa eivada de \u00f3dio, mais que de elementos que se sustentem? &#8220;&#8230; apesar dos diversos of\u00edcios encaminhados para o Legislativo Municipal (of\u00edcios de n\u00b0 16, 22 e 59), bem como pedido de acesso aos autos atrav\u00e9s de advogado legalmente constitu\u00eddo, n\u00e3o me foi concedido vistas para que adot\u00e1ssemos as medidas necess\u00e1rias&#8221;, alega o prefeito que assim teve seu direito de defesa cercado. Leia na \u00edntegra o documento divulgado no in\u00e7io da noite desta segunda-feira, 14:<\/p>\n<p dir=\"ltr\">Nota de Esclarecimento<\/p>\n<p dir=\"ltr\">Amigas e amigos Propriaenses, hoje, atrav\u00e9s das redes sociais, tomei conhecimento da aprova\u00e7\u00e3o de um suposto relat\u00f3rio confeccionado pela Comiss\u00e3o de Inqu\u00e9rito. Quero deixar claro que sempre fui um homem honesto e trabalhei arduamente para a comunidade propriaense com todo zelo e comprometimento com a coisa p\u00fablica.<br \/>\nInformamos tamb\u00e9m, que apesar dos diversos of\u00edcios encaminhados para o Legislativo Municipal (of\u00edcios de n\u00b0 16, 22 e 59), bem como pedido de acesso aos autos atrav\u00e9s de advogado legalmente constitu\u00eddo, n\u00e3o me foi concedido vistas para que adot\u00e1ssemos as medidas necess\u00e1rias.<br \/>\nQuero deixar claro para a popula\u00e7\u00e3o que ingressamos com a medida judicial cab\u00edvel e a partir disso adotar as atitudes necess\u00e1rias para sustar todos os atos arbitr\u00e1rios e ilegais cometidos contra mim.<br \/>\nN\u00e3o me calarei diante de uma a\u00e7\u00e3o meramente eleitoreira e totalmente eivada de v\u00edcios que, com certeza, ser\u00e3o reconhecidos pelo Judici\u00e1rio, institui\u00e7\u00e3o a qual confio, como discricion\u00e1rios.<\/p>\n<p dir=\"ltr\">Yokanaan Santana<\/p>\n","protected":false},"excerpt":{"rendered":"<p>Em nota de esclarecimento, o prefeito de Propri\u00e1, Yokanaan Santana (PL) reage ao que convencionamos classificar como ato revanchista, possivelmente de\u00a0 chantagem pol\u00edtica e oportunista de um protagonismo \u00e0s avessas. Quem, de fato, patrocina tal iniciativa eivada de \u00f3dio, mais que de elementos que se sustentem? &#8220;&#8230; apesar dos diversos of\u00edcios encaminhados para o Legislativo Municipal (of\u00edcios de n\u00b0 16, 22 e 59), bem como pedido de acesso aos autos<\/p>\n","protected":false},"author":3,"featured_media":595,"comment_status":"open","ping_status":"open","sticky":false,"template":"","format":"standard","meta":[],"categories":[18],"tags":[],"yoast_head":"<!-- This site is optimized with the Yoast SEO plugin v16.3 - https:\/\/yoast.com\/wordpress\/plugins\/seo\/ -->\n<title>Yokanaan Santana: &quot;N\u00e3o me calarei diante de uma a\u00e7\u00e3o meramente eleitoreira e totalmente eivada de v\u00edcios &quot; - TRIBUNA DA PRAIA<\/title>\n<meta name=\"robots\" content=\"index, follow, max-snippet:-1, max-image-preview:large, max-video-preview:-1\" \/>\n<link rel=\"canonical\" href=\"https:\/\/tribunadapraia.com.br\/?p=1716\" \/>\n<meta property=\"og:locale\" content=\"pt_BR\" \/>\n<meta property=\"og:type\" content=\"article\" \/>\n<meta property=\"og:title\" content=\"Yokanaan Santana: &quot;N\u00e3o me calarei diante de uma a\u00e7\u00e3o meramente eleitoreira e totalmente eivada de v\u00edcios &quot; - TRIBUNA DA PRAIA\" \/>\n<meta property=\"og:description\" content=\"Em nota de esclarecimento, o prefeito de Propri\u00e1, Yokanaan Santana (PL) reage ao que convencionamos classificar como ato revanchista, possivelmente de\u00a0 chantagem pol\u00edtica e oportunista de um protagonismo \u00e0s avessas. Quem, de fato, patrocina tal iniciativa eivada de \u00f3dio, mais que de elementos que se sustentem? &#8220;&#8230; apesar dos diversos of\u00edcios encaminhados para o Legislativo Municipal (of\u00edcios de n\u00b0 16, 22 e 59), bem como pedido de acesso aos autos\" \/>\n<meta property=\"og:url\" content=\"https:\/\/tribunadapraia.com.br\/?p=1716\" \/>\n<meta property=\"og:site_name\" content=\"TRIBUNA DA PRAIA\" \/>\n<meta property=\"article:publisher\" content=\"https:\/\/www.facebook.com\/tribunadapraiaonline\/\" \/>\n<meta property=\"article:published_time\" content=\"2020-09-15T00:27:32+00:00\" \/>\n<meta property=\"article:modified_time\" content=\"2020-09-15T00:36:45+00:00\" \/>\n<meta property=\"og:image\" content=\"https:\/\/tribunadapraia.com.br\/wp-content\/uploads\/2020\/03\/Screenshot_20200317-114815.jpg\" \/>\n\t<meta property=\"og:image:width\" content=\"540\" \/>\n\t<meta property=\"og:image:height\" content=\"960\" \/>\n<meta name=\"twitter:card\" content=\"summary_large_image\" \/>\n<meta name=\"twitter:creator\" content=\"@Claudomir21\" \/>\n<meta name=\"twitter:site\" content=\"@Claudomir21\" \/>\n<meta name=\"twitter:label1\" content=\"Est. tempo de leitura\">\n\t<meta name=\"twitter:data1\" content=\"1 minuto\">\n<script type=\"application\/ld+json\" class=\"yoast-schema-graph\">{\"@context\":\"https:\/\/schema.org\",\"@graph\":[{\"@type\":\"Organization\",\"@id\":\"https:\/\/tribunadapraia.com.br\/#organization\",\"name\":\"Tribuna da Praia\",\"url\":\"https:\/\/tribunadapraia.com.br\/\",\"sameAs\":[\"https:\/\/www.facebook.com\/tribunadapraiaonline\/\",\"https:\/\/www.instagram.com\/claudomirtavares\/\",\"https:\/\/www.youtube.com\/channel\/UCwQf80nxiMzCefAyjbp53Rw\",\"https:\/\/twitter.com\/Claudomir21\"],\"logo\":{\"@type\":\"ImageObject\",\"@id\":\"https:\/\/tribunadapraia.com.br\/#logo\",\"inLanguage\":\"pt-BR\",\"url\":\"https:\/\/tribunadapraia.com.br\/wp-content\/uploads\/2020\/02\/logo.png\",\"contentUrl\":\"https:\/\/tribunadapraia.com.br\/wp-content\/uploads\/2020\/02\/logo.png\",\"width\":501,\"height\":121,\"caption\":\"Tribuna da Praia\"},\"image\":{\"@id\":\"https:\/\/tribunadapraia.com.br\/#logo\"}},{\"@type\":\"WebSite\",\"@id\":\"https:\/\/tribunadapraia.com.br\/#website\",\"url\":\"https:\/\/tribunadapraia.com.br\/\",\"name\":\"TRIBUNA DA PRAIA\",\"description\":\"O 1\\u00ba jornal do interior de Sergipe na internet\",\"publisher\":{\"@id\":\"https:\/\/tribunadapraia.com.br\/#organization\"},\"potentialAction\":[{\"@type\":\"SearchAction\",\"target\":\"https:\/\/tribunadapraia.com.br\/?s={search_term_string}\",\"query-input\":\"required name=search_term_string\"}],\"inLanguage\":\"pt-BR\"},{\"@type\":\"ImageObject\",\"@id\":\"https:\/\/tribunadapraia.com.br\/?p=1716#primaryimage\",\"inLanguage\":\"pt-BR\",\"url\":\"https:\/\/tribunadapraia.com.br\/wp-content\/uploads\/2020\/03\/Screenshot_20200317-114815.jpg\",\"contentUrl\":\"https:\/\/tribunadapraia.com.br\/wp-content\/uploads\/2020\/03\/Screenshot_20200317-114815.jpg\",\"width\":540,\"height\":960},{\"@type\":\"WebPage\",\"@id\":\"https:\/\/tribunadapraia.com.br\/?p=1716#webpage\",\"url\":\"https:\/\/tribunadapraia.com.br\/?p=1716\",\"name\":\"Yokanaan Santana: \\\"N\\u00e3o me calarei diante de uma a\\u00e7\\u00e3o meramente eleitoreira e totalmente eivada de v\\u00edcios \\\" - TRIBUNA DA PRAIA\",\"isPartOf\":{\"@id\":\"https:\/\/tribunadapraia.com.br\/#website\"},\"primaryImageOfPage\":{\"@id\":\"https:\/\/tribunadapraia.com.br\/?p=1716#primaryimage\"},\"datePublished\":\"2020-09-15T00:27:32+00:00\",\"dateModified\":\"2020-09-15T00:36:45+00:00\",\"breadcrumb\":{\"@id\":\"https:\/\/tribunadapraia.com.br\/?p=1716#breadcrumb\"},\"inLanguage\":\"pt-BR\",\"potentialAction\":[{\"@type\":\"ReadAction\",\"target\":[\"https:\/\/tribunadapraia.com.br\/?p=1716\"]}]},{\"@type\":\"BreadcrumbList\",\"@id\":\"https:\/\/tribunadapraia.com.br\/?p=1716#breadcrumb\",\"itemListElement\":[{\"@type\":\"ListItem\",\"position\":1,\"item\":{\"@type\":\"WebPage\",\"@id\":\"https:\/\/tribunadapraia.com.br\/\",\"url\":\"https:\/\/tribunadapraia.com.br\/\",\"name\":\"In\\u00edcio\"}},{\"@type\":\"ListItem\",\"position\":2,\"item\":{\"@id\":\"https:\/\/tribunadapraia.com.br\/?p=1716#webpage\"}}]},{\"@type\":\"Article\",\"@id\":\"https:\/\/tribunadapraia.com.br\/?p=1716#article\",\"isPartOf\":{\"@id\":\"https:\/\/tribunadapraia.com.br\/?p=1716#webpage\"},\"author\":{\"@id\":\"https:\/\/tribunadapraia.com.br\/#\/schema\/person\/099fbbf59acc5895c0d7d52b4fc46c97\"},\"headline\":\"Yokanaan Santana: &#8220;N\\u00e3o me calarei diante de uma a\\u00e7\\u00e3o meramente eleitoreira e totalmente eivada de v\\u00edcios &#8220;\",\"datePublished\":\"2020-09-15T00:27:32+00:00\",\"dateModified\":\"2020-09-15T00:36:45+00:00\",\"mainEntityOfPage\":{\"@id\":\"https:\/\/tribunadapraia.com.br\/?p=1716#webpage\"},\"wordCount\":308,\"commentCount\":0,\"publisher\":{\"@id\":\"https:\/\/tribunadapraia.com.br\/#organization\"},\"image\":{\"@id\":\"https:\/\/tribunadapraia.com.br\/?p=1716#primaryimage\"},\"thumbnailUrl\":\"https:\/\/tribunadapraia.com.br\/wp-content\/uploads\/2020\/03\/Screenshot_20200317-114815.jpg\",\"articleSection\":[\"Not\\u00edcias\"],\"inLanguage\":\"pt-BR\",\"potentialAction\":[{\"@type\":\"CommentAction\",\"name\":\"Comment\",\"target\":[\"https:\/\/tribunadapraia.com.br\/?p=1716#respond\"]}]},{\"@type\":\"Person\",\"@id\":\"https:\/\/tribunadapraia.com.br\/#\/schema\/person\/099fbbf59acc5895c0d7d52b4fc46c97\",\"name\":\"Reda\\u00e7\\u00e3o\",\"image\":{\"@type\":\"ImageObject\",\"@id\":\"https:\/\/tribunadapraia.com.br\/#personlogo\",\"inLanguage\":\"pt-BR\",\"url\":\"https:\/\/secure.gravatar.com\/avatar\/91c8b91d2bfd7784eac5c3e055361f64?s=96&d=identicon&r=g\",\"contentUrl\":\"https:\/\/secure.gravatar.com\/avatar\/91c8b91d2bfd7784eac5c3e055361f64?s=96&d=identicon&r=g\",\"caption\":\"Reda\\u00e7\\u00e3o\"}}]}<\/script>\n<!-- \/ Yoast SEO plugin. -->","wps_subtitle":"","_links":{"self":[{"href":"https:\/\/tribunadapraia.com.br\/index.php?rest_route=\/wp\/v2\/posts\/1716"}],"collection":[{"href":"https:\/\/tribunadapraia.com.br\/index.php?rest_route=\/wp\/v2\/posts"}],"about":[{"href":"https:\/\/tribunadapraia.com.br\/index.php?rest_route=\/wp\/v2\/types\/post"}],"author":[{"embeddable":true,"href":"https:\/\/tribunadapraia.com.br\/index.php?rest_route=\/wp\/v2\/users\/3"}],"replies":[{"embeddable":true,"href":"https:\/\/tribunadapraia.com.br\/index.php?rest_route=%2Fwp%2Fv2%2Fcomments&post=1716"}],"version-history":[{"count":2,"href":"https:\/\/tribunadapraia.com.br\/index.php?rest_route=\/wp\/v2\/posts\/1716\/revisions"}],"predecessor-version":[{"id":1718,"href":"https:\/\/tribunadapraia.com.br\/index.php?rest_route=\/wp\/v2\/posts\/1716\/revisions\/1718"}],"wp:featuredmedia":[{"embeddable":true,"href":"https:\/\/tribunadapraia.com.br\/index.php?rest_route=\/wp\/v2\/media\/595"}],"wp:attachment":[{"href":"https:\/\/tribunadapraia.com.br\/index.php?rest_route=%2Fwp%2Fv2%2Fmedia&parent=1716"}],"wp:term":[{"taxonomy":"category","embeddable":true,"href":"https:\/\/tribunadapraia.com.br\/index.php?rest_route=%2Fwp%2Fv2%2Fcategories&post=1716"},{"taxonomy":"post_tag","embeddable":true,"href":"https:\/\/tribunadapraia.com.br\/index.php?rest_route=%2Fwp%2Fv2%2Ftags&post=1716"}],"curies":[{"name":"wp","href":"https:\/\/api.w.org\/{rel}","templated":true}]}}