{"id":1714,"date":"2020-09-14T16:17:25","date_gmt":"2020-09-14T19:17:25","guid":{"rendered":"https:\/\/tribunadapraia.com.br\/?p=1714"},"modified":"2020-09-14T16:17:25","modified_gmt":"2020-09-14T19:17:25","slug":"michellr-cury-sera-um-calculo-politico-equivocado-de-luciano-nascimento","status":"publish","type":"post","link":"https:\/\/tribunadapraia.com.br\/?p=1714","title":{"rendered":"Michellr Cury ser\u00e1 um c\u00e1lculo pol\u00edtico equivocado de Luciano Nascimento"},"content":{"rendered":"<p>Caso o pr\u00e9-candidato Luciano Nascimento (DEM) anuncie a ne\u00f3fita Michelle Cury (PP) como candidata a vice-prefeita na Conven\u00e7\u00e3o Eleitoral que realizar\u00e1 nesta quarta-feira, 16, estar\u00e1 fazendo um c\u00e1lculo pol\u00edtico errado, subestimado a musculatura, como ele afirma, eleitoral dos partidos que lhe dar\u00e3o suporte, palanque,e ceder\u00e3o at\u00e9 34 bases eleitorais (os candidatos proporcionais do PSDEM).<\/p>\n<p>A estatura pol\u00edtica que poder\u00e1 agregar o PP, PSDB e Cidadania a Luciano est\u00e1 restrita ao tempo de r\u00e1dio, hoje com \u00e0s novas plataformas, n\u00e3o t\u00e3o relevantes, ainda que n\u00e3o seja poss\u00edvel negligenci\u00e1-las. Quem optar por Luciano n\u00e3o o far\u00e1 por causa de Michelle, Luanda, etc., mas pela capacidade de agregar, articular e conciliar como fez Paulo Dantas (DEM), que poder\u00e1 ser um coringa em uma frente de partidos e for\u00e7as heterog\u00eaneas &#8230; e mais adiante em uma gest\u00e3o, interlocu\u00e7\u00e3o com o parlamento e na resolu\u00e7\u00e3o de previs\u00edveis conflitos na administra\u00e7\u00e3o.<\/p>\n<p>Ser\u00e1 que Luciano ir\u00e1 trocar o peso pol\u00edtico (atividade f\u00edsica) pela musculatura eleitoral (anabolizantes) que se desipar\u00e1 ap\u00f3s \u00e0s conven\u00e7\u00f5es? \u00c9 apenas uma met\u00e1fora, mas n\u00e3o posso ser mais claro, pois esta tarefa n\u00e3o compete a este simples cidad\u00e3o honor\u00e1rio de Propri\u00e1.<\/p>\n<p>por ClaudOmir Herzog<\/p>\n","protected":false},"excerpt":{"rendered":"<p>Caso o pr\u00e9-candidato Luciano Nascimento (DEM) anuncie a ne\u00f3fita Michelle Cury (PP) como candidata a vice-prefeita na Conven\u00e7\u00e3o Eleitoral que realizar\u00e1 nesta quarta-feira, 16, estar\u00e1 fazendo um c\u00e1lculo pol\u00edtico errado, subestimado a musculatura, como ele afirma, eleitoral dos partidos que lhe dar\u00e3o suporte, palanque,e ceder\u00e3o at\u00e9 34 bases eleitorais (os candidatos proporcionais do PSDEM). A estatura pol\u00edtica que poder\u00e1 agregar o PP, PSDB e Cidadania a Luciano est\u00e1 restrita ao<\/p>\n","protected":false},"author":3,"featured_media":1523,"comment_status":"open","ping_status":"open","sticky":false,"template":"","format":"standard","meta":[],"categories":[18],"tags":[],"yoast_head":"<!-- This site is optimized with the Yoast SEO plugin v16.3 - https:\/\/yoast.com\/wordpress\/plugins\/seo\/ -->\n<title>Michellr Cury ser\u00e1 um c\u00e1lculo pol\u00edtico equivocado de Luciano Nascimento - TRIBUNA DA PRAIA<\/title>\n<meta name=\"robots\" content=\"index, follow, max-snippet:-1, max-image-preview:large, max-video-preview:-1\" \/>\n<link rel=\"canonical\" href=\"https:\/\/tribunadapraia.com.br\/?p=1714\" \/>\n<meta property=\"og:locale\" content=\"pt_BR\" \/>\n<meta property=\"og:type\" content=\"article\" \/>\n<meta property=\"og:title\" content=\"Michellr Cury ser\u00e1 um c\u00e1lculo pol\u00edtico equivocado de Luciano Nascimento - TRIBUNA DA PRAIA\" \/>\n<meta property=\"og:description\" content=\"Caso o pr\u00e9-candidato Luciano Nascimento (DEM) anuncie a ne\u00f3fita Michelle Cury (PP) como candidata a vice-prefeita na Conven\u00e7\u00e3o Eleitoral que realizar\u00e1 nesta quarta-feira, 16, estar\u00e1 fazendo um c\u00e1lculo pol\u00edtico errado, subestimado a musculatura, como ele afirma, eleitoral dos partidos que lhe dar\u00e3o suporte, palanque,e ceder\u00e3o at\u00e9 34 bases eleitorais (os candidatos proporcionais do PSDEM). A estatura pol\u00edtica que poder\u00e1 agregar o PP, PSDB e Cidadania a Luciano est\u00e1 restrita ao\" \/>\n<meta property=\"og:url\" content=\"https:\/\/tribunadapraia.com.br\/?p=1714\" \/>\n<meta property=\"og:site_name\" content=\"TRIBUNA DA PRAIA\" \/>\n<meta property=\"article:publisher\" content=\"https:\/\/www.facebook.com\/tribunadapraiaonline\/\" \/>\n<meta property=\"article:published_time\" content=\"2020-09-14T19:17:25+00:00\" \/>\n<meta property=\"og:image\" content=\"https:\/\/tribunadapraia.com.br\/wp-content\/uploads\/2020\/07\/Eleicoes-2020.png\" \/>\n\t<meta property=\"og:image:width\" content=\"669\" \/>\n\t<meta property=\"og:image:height\" content=\"490\" \/>\n<meta name=\"twitter:card\" content=\"summary_large_image\" \/>\n<meta name=\"twitter:creator\" content=\"@Claudomir21\" \/>\n<meta name=\"twitter:site\" content=\"@Claudomir21\" \/>\n<meta name=\"twitter:label1\" content=\"Est. tempo de leitura\">\n\t<meta name=\"twitter:data1\" content=\"1 minuto\">\n<script type=\"application\/ld+json\" class=\"yoast-schema-graph\">{\"@context\":\"https:\/\/schema.org\",\"@graph\":[{\"@type\":\"Organization\",\"@id\":\"https:\/\/tribunadapraia.com.br\/#organization\",\"name\":\"Tribuna da Praia\",\"url\":\"https:\/\/tribunadapraia.com.br\/\",\"sameAs\":[\"https:\/\/www.facebook.com\/tribunadapraiaonline\/\",\"https:\/\/www.instagram.com\/claudomirtavares\/\",\"https:\/\/www.youtube.com\/channel\/UCwQf80nxiMzCefAyjbp53Rw\",\"https:\/\/twitter.com\/Claudomir21\"],\"logo\":{\"@type\":\"ImageObject\",\"@id\":\"https:\/\/tribunadapraia.com.br\/#logo\",\"inLanguage\":\"pt-BR\",\"url\":\"https:\/\/tribunadapraia.com.br\/wp-content\/uploads\/2020\/02\/logo.png\",\"contentUrl\":\"https:\/\/tribunadapraia.com.br\/wp-content\/uploads\/2020\/02\/logo.png\",\"width\":501,\"height\":121,\"caption\":\"Tribuna da Praia\"},\"image\":{\"@id\":\"https:\/\/tribunadapraia.com.br\/#logo\"}},{\"@type\":\"WebSite\",\"@id\":\"https:\/\/tribunadapraia.com.br\/#website\",\"url\":\"https:\/\/tribunadapraia.com.br\/\",\"name\":\"TRIBUNA DA PRAIA\",\"description\":\"O 1\\u00ba jornal do interior de Sergipe na internet\",\"publisher\":{\"@id\":\"https:\/\/tribunadapraia.com.br\/#organization\"},\"potentialAction\":[{\"@type\":\"SearchAction\",\"target\":\"https:\/\/tribunadapraia.com.br\/?s={search_term_string}\",\"query-input\":\"required name=search_term_string\"}],\"inLanguage\":\"pt-BR\"},{\"@type\":\"ImageObject\",\"@id\":\"https:\/\/tribunadapraia.com.br\/?p=1714#primaryimage\",\"inLanguage\":\"pt-BR\",\"url\":\"https:\/\/tribunadapraia.com.br\/wp-content\/uploads\/2020\/07\/Eleicoes-2020.png\",\"contentUrl\":\"https:\/\/tribunadapraia.com.br\/wp-content\/uploads\/2020\/07\/Eleicoes-2020.png\",\"width\":669,\"height\":490},{\"@type\":\"WebPage\",\"@id\":\"https:\/\/tribunadapraia.com.br\/?p=1714#webpage\",\"url\":\"https:\/\/tribunadapraia.com.br\/?p=1714\",\"name\":\"Michellr Cury ser\\u00e1 um c\\u00e1lculo pol\\u00edtico equivocado de Luciano Nascimento - TRIBUNA DA PRAIA\",\"isPartOf\":{\"@id\":\"https:\/\/tribunadapraia.com.br\/#website\"},\"primaryImageOfPage\":{\"@id\":\"https:\/\/tribunadapraia.com.br\/?p=1714#primaryimage\"},\"datePublished\":\"2020-09-14T19:17:25+00:00\",\"dateModified\":\"2020-09-14T19:17:25+00:00\",\"breadcrumb\":{\"@id\":\"https:\/\/tribunadapraia.com.br\/?p=1714#breadcrumb\"},\"inLanguage\":\"pt-BR\",\"potentialAction\":[{\"@type\":\"ReadAction\",\"target\":[\"https:\/\/tribunadapraia.com.br\/?p=1714\"]}]},{\"@type\":\"BreadcrumbList\",\"@id\":\"https:\/\/tribunadapraia.com.br\/?p=1714#breadcrumb\",\"itemListElement\":[{\"@type\":\"ListItem\",\"position\":1,\"item\":{\"@type\":\"WebPage\",\"@id\":\"https:\/\/tribunadapraia.com.br\/\",\"url\":\"https:\/\/tribunadapraia.com.br\/\",\"name\":\"In\\u00edcio\"}},{\"@type\":\"ListItem\",\"position\":2,\"item\":{\"@id\":\"https:\/\/tribunadapraia.com.br\/?p=1714#webpage\"}}]},{\"@type\":\"Article\",\"@id\":\"https:\/\/tribunadapraia.com.br\/?p=1714#article\",\"isPartOf\":{\"@id\":\"https:\/\/tribunadapraia.com.br\/?p=1714#webpage\"},\"author\":{\"@id\":\"https:\/\/tribunadapraia.com.br\/#\/schema\/person\/099fbbf59acc5895c0d7d52b4fc46c97\"},\"headline\":\"Michellr Cury ser\\u00e1 um c\\u00e1lculo pol\\u00edtico equivocado de Luciano Nascimento\",\"datePublished\":\"2020-09-14T19:17:25+00:00\",\"dateModified\":\"2020-09-14T19:17:25+00:00\",\"mainEntityOfPage\":{\"@id\":\"https:\/\/tribunadapraia.com.br\/?p=1714#webpage\"},\"wordCount\":230,\"commentCount\":0,\"publisher\":{\"@id\":\"https:\/\/tribunadapraia.com.br\/#organization\"},\"image\":{\"@id\":\"https:\/\/tribunadapraia.com.br\/?p=1714#primaryimage\"},\"thumbnailUrl\":\"https:\/\/tribunadapraia.com.br\/wp-content\/uploads\/2020\/07\/Eleicoes-2020.png\",\"articleSection\":[\"Not\\u00edcias\"],\"inLanguage\":\"pt-BR\",\"potentialAction\":[{\"@type\":\"CommentAction\",\"name\":\"Comment\",\"target\":[\"https:\/\/tribunadapraia.com.br\/?p=1714#respond\"]}]},{\"@type\":\"Person\",\"@id\":\"https:\/\/tribunadapraia.com.br\/#\/schema\/person\/099fbbf59acc5895c0d7d52b4fc46c97\",\"name\":\"Reda\\u00e7\\u00e3o\",\"image\":{\"@type\":\"ImageObject\",\"@id\":\"https:\/\/tribunadapraia.com.br\/#personlogo\",\"inLanguage\":\"pt-BR\",\"url\":\"https:\/\/secure.gravatar.com\/avatar\/91c8b91d2bfd7784eac5c3e055361f64?s=96&d=identicon&r=g\",\"contentUrl\":\"https:\/\/secure.gravatar.com\/avatar\/91c8b91d2bfd7784eac5c3e055361f64?s=96&d=identicon&r=g\",\"caption\":\"Reda\\u00e7\\u00e3o\"}}]}<\/script>\n<!-- \/ Yoast SEO plugin. -->","wps_subtitle":"","_links":{"self":[{"href":"https:\/\/tribunadapraia.com.br\/index.php?rest_route=\/wp\/v2\/posts\/1714"}],"collection":[{"href":"https:\/\/tribunadapraia.com.br\/index.php?rest_route=\/wp\/v2\/posts"}],"about":[{"href":"https:\/\/tribunadapraia.com.br\/index.php?rest_route=\/wp\/v2\/types\/post"}],"author":[{"embeddable":true,"href":"https:\/\/tribunadapraia.com.br\/index.php?rest_route=\/wp\/v2\/users\/3"}],"replies":[{"embeddable":true,"href":"https:\/\/tribunadapraia.com.br\/index.php?rest_route=%2Fwp%2Fv2%2Fcomments&post=1714"}],"version-history":[{"count":1,"href":"https:\/\/tribunadapraia.com.br\/index.php?rest_route=\/wp\/v2\/posts\/1714\/revisions"}],"predecessor-version":[{"id":1715,"href":"https:\/\/tribunadapraia.com.br\/index.php?rest_route=\/wp\/v2\/posts\/1714\/revisions\/1715"}],"wp:featuredmedia":[{"embeddable":true,"href":"https:\/\/tribunadapraia.com.br\/index.php?rest_route=\/wp\/v2\/media\/1523"}],"wp:attachment":[{"href":"https:\/\/tribunadapraia.com.br\/index.php?rest_route=%2Fwp%2Fv2%2Fmedia&parent=1714"}],"wp:term":[{"taxonomy":"category","embeddable":true,"href":"https:\/\/tribunadapraia.com.br\/index.php?rest_route=%2Fwp%2Fv2%2Fcategories&post=1714"},{"taxonomy":"post_tag","embeddable":true,"href":"https:\/\/tribunadapraia.com.br\/index.php?rest_route=%2Fwp%2Fv2%2Ftags&post=1714"}],"curies":[{"name":"wp","href":"https:\/\/api.w.org\/{rel}","templated":true}]}}