{"id":1694,"date":"2020-09-14T07:25:36","date_gmt":"2020-09-14T10:25:36","guid":{"rendered":"https:\/\/tribunadapraia.com.br\/?p=1694"},"modified":"2020-09-14T07:25:36","modified_gmt":"2020-09-14T10:25:36","slug":"fique-de-olho-alianca-com-luciano-nascimento-nao-agregou-valores-politicos-nem-eleitorais-ao-psd","status":"publish","type":"post","link":"https:\/\/tribunadapraia.com.br\/?p=1694","title":{"rendered":"FIQUE DE OLHO: Alian\u00e7a com Luciano Nascimento n\u00e3o agregou valores pol\u00edticos nem eleitorais ao PSD"},"content":{"rendered":"<p>Confirmando o que j\u00e1 hav\u00edamos afirmado desde o princ\u00edpio, a pr\u00e9-candidatura de Aelsom Publicidade (PSD) fez \u00e1gua, naufragou, nadou, morreu na praia e agora ele ter\u00e1 que se contentar em disputar a reelei\u00e7\u00e3o de vereador, desagregando seu partido, pois na prefer\u00eancia para compor a chapa majorit\u00e1ria ao lado de Luciano Nascimento (DEM), ele \u00e9 o primeiro &#8230; se invertida a lista, de cabe\u00e7a para baixo. Aelsom tentou em v\u00e3o minar algumas pr\u00e9-candidatura \u00e0 vereadores do PSD, ao querer visitar &#8220;cabos eleitorais&#8221;, mas teve o pedido negado pelos que j\u00e1 sabiam qual o desfecho de um projeto que nunca passou de 5% das inten\u00e7\u00f5es de votos em pesquisas informais que reivindicassem qualquer grau de seriedade.<\/p>\n<p>\u25a0 Ataques desnecess\u00e1rios e desproporcionais<\/p>\n<p>Ao longo da pr\u00e9-campanha, Aelsom atacou com veem\u00eancia o ent\u00e3o secret\u00e1rio de estado da Sa\u00fade, Valberto Lima, buscando desqualificar sua pr\u00e9-candidatura \u00e0 prefeitura pelo MDB, t\u00e1tica que se verificou um &#8220;tiro no p\u00e9&#8221;, atraindo a antipatia e a crescente rejei\u00e7\u00e3o ao vereador conhecido por vociferar contra quem pensa diferente, com ataques desnecess\u00e1rios e desproporcionais.<\/p>\n<p>\u25a0 N\u00e3o foi coletiva, nem un\u00e2nime, mas&#8230;<\/p>\n<p>Diferente de decis\u00f5es coletivas, como brada Aelsom, a ades\u00e3o ao DEM foi um an\u00fancio ao coletivo, mas n\u00e3o foi confrontada, pois os pr\u00e9-cabdidatos n\u00e3o pretendiam qualquer retalia\u00e7\u00f5es.<\/p>\n<p>\u25a0 PSD far\u00e1 2 a 3, jamais 4 vereadores<\/p>\n<p>Pela estatura eleitoral dos pr\u00e9-candidatos do PSD, devem ser eleitos dois vereadores pela m\u00e9dia\/coeficiente e mais um pela sobra e em nenhuma hip\u00f3tese ou cen\u00e1rio, um quarto parlamentar &#8230; me cobrem isso.<\/p>\n<p>\u25a0 Candidatos do PSD estar\u00e3o livres para apoio a Valberto<\/p>\n<p>A n\u00edvel estadual j\u00e1 h\u00e1 uma movimenta\u00e7\u00e3o no sentido de assegurar o direito inalien\u00e1vel dos futuros candidatos do PSD sejam liberados para votar em Valberto Lima, que t\u00eam o apoio do governador Belivaldo Chagas e das principais lideran\u00e7as e expoentes do partido.<\/p>\n<p>\u25cf Pensem livres &#8230;<\/p>\n<p>Qualquer opini\u00e3o diferente dessa, ainda que com todo respeito, pode apontar para a quadratura do c\u00edrculo.<\/p>\n<p>Bom dia!<\/p>\n<p>por ClaudOmir Herzog | @Claudomir21<\/p>\n","protected":false},"excerpt":{"rendered":"<p>Confirmando o que j\u00e1 hav\u00edamos afirmado desde o princ\u00edpio, a pr\u00e9-candidatura de Aelsom Publicidade (PSD) fez \u00e1gua, naufragou, nadou, morreu na praia e agora ele ter\u00e1 que se contentar em disputar a reelei\u00e7\u00e3o de vereador, desagregando seu partido, pois na prefer\u00eancia para compor a chapa majorit\u00e1ria ao lado de Luciano Nascimento (DEM), ele \u00e9 o primeiro &#8230; se invertida a lista, de cabe\u00e7a para baixo. Aelsom tentou em v\u00e3o minar<\/p>\n","protected":false},"author":3,"featured_media":1695,"comment_status":"open","ping_status":"open","sticky":false,"template":"","format":"standard","meta":[],"categories":[18],"tags":[],"yoast_head":"<!-- This site is optimized with the Yoast SEO plugin v16.3 - https:\/\/yoast.com\/wordpress\/plugins\/seo\/ -->\n<title>FIQUE DE OLHO: Alian\u00e7a com Luciano Nascimento n\u00e3o agregou valores pol\u00edticos nem eleitorais ao PSD - TRIBUNA DA PRAIA<\/title>\n<meta name=\"robots\" content=\"index, follow, max-snippet:-1, max-image-preview:large, max-video-preview:-1\" \/>\n<link rel=\"canonical\" href=\"https:\/\/tribunadapraia.com.br\/?p=1694\" \/>\n<meta property=\"og:locale\" content=\"pt_BR\" \/>\n<meta property=\"og:type\" content=\"article\" \/>\n<meta property=\"og:title\" content=\"FIQUE DE OLHO: Alian\u00e7a com Luciano Nascimento n\u00e3o agregou valores pol\u00edticos nem eleitorais ao PSD - TRIBUNA DA PRAIA\" \/>\n<meta property=\"og:description\" content=\"Confirmando o que j\u00e1 hav\u00edamos afirmado desde o princ\u00edpio, a pr\u00e9-candidatura de Aelsom Publicidade (PSD) fez \u00e1gua, naufragou, nadou, morreu na praia e agora ele ter\u00e1 que se contentar em disputar a reelei\u00e7\u00e3o de vereador, desagregando seu partido, pois na prefer\u00eancia para compor a chapa majorit\u00e1ria ao lado de Luciano Nascimento (DEM), ele \u00e9 o primeiro &#8230; se invertida a lista, de cabe\u00e7a para baixo. Aelsom tentou em v\u00e3o minar\" \/>\n<meta property=\"og:url\" content=\"https:\/\/tribunadapraia.com.br\/?p=1694\" \/>\n<meta property=\"og:site_name\" content=\"TRIBUNA DA PRAIA\" \/>\n<meta property=\"article:publisher\" content=\"https:\/\/www.facebook.com\/tribunadapraiaonline\/\" \/>\n<meta property=\"article:published_time\" content=\"2020-09-14T10:25:36+00:00\" \/>\n<meta property=\"og:image\" content=\"https:\/\/tribunadapraia.com.br\/wp-content\/uploads\/2020\/09\/IMG-20200914-WA0002.jpg\" \/>\n\t<meta property=\"og:image:width\" content=\"1280\" \/>\n\t<meta property=\"og:image:height\" content=\"853\" \/>\n<meta name=\"twitter:card\" content=\"summary_large_image\" \/>\n<meta name=\"twitter:creator\" content=\"@Claudomir21\" \/>\n<meta name=\"twitter:site\" content=\"@Claudomir21\" \/>\n<meta name=\"twitter:label1\" content=\"Est. tempo de leitura\">\n\t<meta name=\"twitter:data1\" content=\"2 minutos\">\n<script type=\"application\/ld+json\" class=\"yoast-schema-graph\">{\"@context\":\"https:\/\/schema.org\",\"@graph\":[{\"@type\":\"Organization\",\"@id\":\"https:\/\/tribunadapraia.com.br\/#organization\",\"name\":\"Tribuna da Praia\",\"url\":\"https:\/\/tribunadapraia.com.br\/\",\"sameAs\":[\"https:\/\/www.facebook.com\/tribunadapraiaonline\/\",\"https:\/\/www.instagram.com\/claudomirtavares\/\",\"https:\/\/www.youtube.com\/channel\/UCwQf80nxiMzCefAyjbp53Rw\",\"https:\/\/twitter.com\/Claudomir21\"],\"logo\":{\"@type\":\"ImageObject\",\"@id\":\"https:\/\/tribunadapraia.com.br\/#logo\",\"inLanguage\":\"pt-BR\",\"url\":\"https:\/\/tribunadapraia.com.br\/wp-content\/uploads\/2020\/02\/logo.png\",\"contentUrl\":\"https:\/\/tribunadapraia.com.br\/wp-content\/uploads\/2020\/02\/logo.png\",\"width\":501,\"height\":121,\"caption\":\"Tribuna da Praia\"},\"image\":{\"@id\":\"https:\/\/tribunadapraia.com.br\/#logo\"}},{\"@type\":\"WebSite\",\"@id\":\"https:\/\/tribunadapraia.com.br\/#website\",\"url\":\"https:\/\/tribunadapraia.com.br\/\",\"name\":\"TRIBUNA DA PRAIA\",\"description\":\"O 1\\u00ba jornal do interior de Sergipe na internet\",\"publisher\":{\"@id\":\"https:\/\/tribunadapraia.com.br\/#organization\"},\"potentialAction\":[{\"@type\":\"SearchAction\",\"target\":\"https:\/\/tribunadapraia.com.br\/?s={search_term_string}\",\"query-input\":\"required name=search_term_string\"}],\"inLanguage\":\"pt-BR\"},{\"@type\":\"ImageObject\",\"@id\":\"https:\/\/tribunadapraia.com.br\/?p=1694#primaryimage\",\"inLanguage\":\"pt-BR\",\"url\":\"https:\/\/tribunadapraia.com.br\/wp-content\/uploads\/2020\/09\/IMG-20200914-WA0002.jpg\",\"contentUrl\":\"https:\/\/tribunadapraia.com.br\/wp-content\/uploads\/2020\/09\/IMG-20200914-WA0002.jpg\",\"width\":1280,\"height\":853},{\"@type\":\"WebPage\",\"@id\":\"https:\/\/tribunadapraia.com.br\/?p=1694#webpage\",\"url\":\"https:\/\/tribunadapraia.com.br\/?p=1694\",\"name\":\"FIQUE DE OLHO: Alian\\u00e7a com Luciano Nascimento n\\u00e3o agregou valores pol\\u00edticos nem eleitorais ao PSD - TRIBUNA DA PRAIA\",\"isPartOf\":{\"@id\":\"https:\/\/tribunadapraia.com.br\/#website\"},\"primaryImageOfPage\":{\"@id\":\"https:\/\/tribunadapraia.com.br\/?p=1694#primaryimage\"},\"datePublished\":\"2020-09-14T10:25:36+00:00\",\"dateModified\":\"2020-09-14T10:25:36+00:00\",\"breadcrumb\":{\"@id\":\"https:\/\/tribunadapraia.com.br\/?p=1694#breadcrumb\"},\"inLanguage\":\"pt-BR\",\"potentialAction\":[{\"@type\":\"ReadAction\",\"target\":[\"https:\/\/tribunadapraia.com.br\/?p=1694\"]}]},{\"@type\":\"BreadcrumbList\",\"@id\":\"https:\/\/tribunadapraia.com.br\/?p=1694#breadcrumb\",\"itemListElement\":[{\"@type\":\"ListItem\",\"position\":1,\"item\":{\"@type\":\"WebPage\",\"@id\":\"https:\/\/tribunadapraia.com.br\/\",\"url\":\"https:\/\/tribunadapraia.com.br\/\",\"name\":\"In\\u00edcio\"}},{\"@type\":\"ListItem\",\"position\":2,\"item\":{\"@id\":\"https:\/\/tribunadapraia.com.br\/?p=1694#webpage\"}}]},{\"@type\":\"Article\",\"@id\":\"https:\/\/tribunadapraia.com.br\/?p=1694#article\",\"isPartOf\":{\"@id\":\"https:\/\/tribunadapraia.com.br\/?p=1694#webpage\"},\"author\":{\"@id\":\"https:\/\/tribunadapraia.com.br\/#\/schema\/person\/099fbbf59acc5895c0d7d52b4fc46c97\"},\"headline\":\"FIQUE DE OLHO: Alian\\u00e7a com Luciano Nascimento n\\u00e3o agregou valores pol\\u00edticos nem eleitorais ao PSD\",\"datePublished\":\"2020-09-14T10:25:36+00:00\",\"dateModified\":\"2020-09-14T10:25:36+00:00\",\"mainEntityOfPage\":{\"@id\":\"https:\/\/tribunadapraia.com.br\/?p=1694#webpage\"},\"wordCount\":371,\"commentCount\":0,\"publisher\":{\"@id\":\"https:\/\/tribunadapraia.com.br\/#organization\"},\"image\":{\"@id\":\"https:\/\/tribunadapraia.com.br\/?p=1694#primaryimage\"},\"thumbnailUrl\":\"https:\/\/tribunadapraia.com.br\/wp-content\/uploads\/2020\/09\/IMG-20200914-WA0002.jpg\",\"articleSection\":[\"Not\\u00edcias\"],\"inLanguage\":\"pt-BR\",\"potentialAction\":[{\"@type\":\"CommentAction\",\"name\":\"Comment\",\"target\":[\"https:\/\/tribunadapraia.com.br\/?p=1694#respond\"]}]},{\"@type\":\"Person\",\"@id\":\"https:\/\/tribunadapraia.com.br\/#\/schema\/person\/099fbbf59acc5895c0d7d52b4fc46c97\",\"name\":\"Reda\\u00e7\\u00e3o\",\"image\":{\"@type\":\"ImageObject\",\"@id\":\"https:\/\/tribunadapraia.com.br\/#personlogo\",\"inLanguage\":\"pt-BR\",\"url\":\"https:\/\/secure.gravatar.com\/avatar\/91c8b91d2bfd7784eac5c3e055361f64?s=96&d=identicon&r=g\",\"contentUrl\":\"https:\/\/secure.gravatar.com\/avatar\/91c8b91d2bfd7784eac5c3e055361f64?s=96&d=identicon&r=g\",\"caption\":\"Reda\\u00e7\\u00e3o\"}}]}<\/script>\n<!-- \/ Yoast SEO plugin. -->","wps_subtitle":"","_links":{"self":[{"href":"https:\/\/tribunadapraia.com.br\/index.php?rest_route=\/wp\/v2\/posts\/1694"}],"collection":[{"href":"https:\/\/tribunadapraia.com.br\/index.php?rest_route=\/wp\/v2\/posts"}],"about":[{"href":"https:\/\/tribunadapraia.com.br\/index.php?rest_route=\/wp\/v2\/types\/post"}],"author":[{"embeddable":true,"href":"https:\/\/tribunadapraia.com.br\/index.php?rest_route=\/wp\/v2\/users\/3"}],"replies":[{"embeddable":true,"href":"https:\/\/tribunadapraia.com.br\/index.php?rest_route=%2Fwp%2Fv2%2Fcomments&post=1694"}],"version-history":[{"count":1,"href":"https:\/\/tribunadapraia.com.br\/index.php?rest_route=\/wp\/v2\/posts\/1694\/revisions"}],"predecessor-version":[{"id":1696,"href":"https:\/\/tribunadapraia.com.br\/index.php?rest_route=\/wp\/v2\/posts\/1694\/revisions\/1696"}],"wp:featuredmedia":[{"embeddable":true,"href":"https:\/\/tribunadapraia.com.br\/index.php?rest_route=\/wp\/v2\/media\/1695"}],"wp:attachment":[{"href":"https:\/\/tribunadapraia.com.br\/index.php?rest_route=%2Fwp%2Fv2%2Fmedia&parent=1694"}],"wp:term":[{"taxonomy":"category","embeddable":true,"href":"https:\/\/tribunadapraia.com.br\/index.php?rest_route=%2Fwp%2Fv2%2Fcategories&post=1694"},{"taxonomy":"post_tag","embeddable":true,"href":"https:\/\/tribunadapraia.com.br\/index.php?rest_route=%2Fwp%2Fv2%2Ftags&post=1694"}],"curies":[{"name":"wp","href":"https:\/\/api.w.org\/{rel}","templated":true}]}}