{"id":1655,"date":"2020-08-23T00:01:49","date_gmt":"2020-08-23T03:01:49","guid":{"rendered":"https:\/\/tribunadapraia.com.br\/?p=1655"},"modified":"2020-08-23T00:14:24","modified_gmt":"2020-08-23T03:14:24","slug":"nossa-historia-a-imortancia-socio-cultural-da-tribuna-da-praia","status":"publish","type":"post","link":"https:\/\/tribunadapraia.com.br\/?p=1655","title":{"rendered":"Nossa Hist\u00f3ria: A imort\u00e2ncia s\u00f3cio-cultural da Tribuna da Praia"},"content":{"rendered":"<p>Seu surgimento est\u00e1 associado (ainda que indireto e involunt\u00e1rio) a transi\u00e7\u00e3o pol\u00edtica no in\u00edcio da d\u00e9cada de 80 do s\u00e9culo XX e ao consequentemente surgimento, ainda que incipiente, movimento estudantil de Pirambu.<\/p>\n<p>por Claudomir Tavares da Silva (1) | claudomirr21@gmail.com<\/p>\n<p>1. Introdu\u00e7\u00e3o<\/p>\n<p>Neste ensaio, apresentaremos a import\u00e2ncia s\u00f3cio-cultural do Jornal Tribuna da Praia, esta metamorfose da imprensa de Sergipe que se credencia a cada momento como um dos mais expressivos ve\u00edculos de comunica\u00e7\u00e3o no estado, circulando em 41 munic\u00edpios sergipanos (Amparo do S\u00e3o Francisco, Aquidab\u00e3, Aracaju, Barra dos Coqueiros, Brejo Grande, Canhoba, Capela, Carm\u00f3polis, Cedro de S\u00e3o Jo\u00e3o, Cumbe, Divina Pastora, Feira Nova, Gararu, General Maynard, Graccho Cardoso, Ilha das Flores, Itabi, Japaratuba, Japoat\u00e3, Laranjeiras, Malhada dos Bois, Maruim, Monte Alegre de Sergipe, N\u00aa S\u00aa das Dores, N\u00aa S\u00aa da Gl\u00f3ria, N\u00aa S\u00aa do Socorro, Ne\u00f3polis, N\u00aa S\u00aa de Lourdes, Pacatuba, Pirambu, Po\u00e7o Redondo, Porto da Folha, Propri\u00e1, Riachuelo, Ros\u00e1rio do Catete, Santana do S\u00e3o Francisco, Santa Rosa de Lima, Santo Amaro das Brotas, S\u00e3o Francisco, Siriri e Telha), nas regi\u00f5es: Grande Aracaju, Vale do Japaratuba, Barra Cotinguiba e Baixo S\u00e3o Francisco e 12 alagoanos (Arapiraca, Batalha, Delmiro Golveia, Igreja Nova, Olhos D\u2019\u00c1gua do Casado, P\u00e3o de A\u00e7\u00facar, Penedo, Pia\u00e7abu\u00e7u, Piranhas, Porto Real do Col\u00e9gio, S\u00e3o Br\u00e1s, Traipu), com uma tiragem mensal que oscila entre 6 a 10 mil exemplares.<\/p>\n<p>Surgido com o nome de O Clarim, a Tribuna da Praia passou por sete fases distintas, mas que se completam: cada uma delas reflete um momento hist\u00f3rico, caracterizado pela posi\u00e7\u00e3o pol\u00edtica dos que o integraram ao longo dos seus quase 22 anos.<\/p>\n<p>A problem\u00e1tica a ser levantada em \u201cUm olhar de clio sobre a Tribuna da Praia: a trajet\u00f3ria do jornal que veio do movimento estudantil e hoje \u00e9 um referencial de pesquisa sobre a hist\u00f3ria, pol\u00edtica e cultura do munic\u00edpio de Pirambu\u201d est\u00e1 constitu\u00edda numa sucess\u00e3o de fatos que caracterizaram cada uma das suas distintas fases, mas que se completam, numa simbiose com os \u201ceventos\u201d (n\u00e3o confundir com os eventos de promo\u00e7\u00e3o da administra\u00e7\u00e3o municipal) que constitu\u00edram a conjuntura pol\u00edtica e cultural da Escola Amaral Lemos, num primeiro momento \u2013 o espec\u00edfico \u2013 e de Pirambu, nos momentos seguintes \u2013 o geral \u2013 ao longo dos \u00faltimos 22 anos.<\/p>\n<p>Seu surgimento est\u00e1 associado \u2013 ainda que indireto e involunt\u00e1rio \u2013 a transi\u00e7\u00e3o pol\u00edtica no in\u00edcio da d\u00e9cada de 80 do s\u00e9culo XX e ao conseq\u00fcentemente surgimento, ainda que incipiente, movimento estudantil de Pirambu, embora este n\u00e3o pode estar caracterizado como uma conseq\u00fcente retomada das mobiliza\u00e7\u00f5es estudantis que se verificaram, por exemplo, na campanha das diretas para presidente em 1984 e 1985. Pode ser, no m\u00e1ximo, fruto de uma re-tomada de consci\u00eancia de um grupo (e era pequeno) de estudantes que envergavam para al\u00e9m dos ornamentados coqueirais da paradis\u00edaca Pirambu.<\/p>\n<p>Apesar da pouca politiza\u00e7\u00e3o que instruiu a organiza\u00e7\u00e3o do movimento estudantil pela vertente de um jornal mural, \u00e9 interessante perceber quais foram os reais interesses que perpassaram pela consci\u00eancia coletiva do grupo de estudantes e seus conseq\u00fcentes desdobramentos que resultaram da\u00ed, nas fases e anos seguintes ao \u201cO Clarim\u201d, o que deu origem a todo o processo que hoje tem continuidade atrav\u00e9s do jornal Tribuna da Praia.<\/p>\n<p>\u00c9 de se justificar o fato de, sendo um jornal cujo embri\u00e3o seja o movimento estudantil, sua trajet\u00f3ria esteja associada aos movimentos sociais, passando, inclusive pela condi\u00e7\u00e3o de \u00f3rg\u00e3o oficial de um partido pol\u00edtico \u2013 o PC do B?<\/p>\n<p>2. Uma metamorfose na imprensa sergipana<\/p>\n<p>\u201cAs duas coisas de que mais temos certeza hoje em dia \u00e9 que h\u00e1 pouca esperan\u00e7a de serem mitigadas as dores de nossas atuais incertezas e que mais incertezas ainda est\u00e1 por vir\u201d. (2) A Tribuna da Praia foi concebida inicialmente como um jornal estudantil, passando por distintas fases, sempre ligadas aos movimentos sociais, at\u00e9 se constituir em um jornal alternativo a partir de 2003. Este artigo resgata a trajet\u00f3ria do jornal que se constituiu no mais importante instrumento de pesquisa sobre a hist\u00f3ria, pol\u00edtica e cultura de Pirambu, ao tempo em que comemora os 35 anos da Escola Estadual Jos\u00e9 Amaral Lemos. Sua hist\u00f3ria se confunde com a pr\u00f3pria trajet\u00f3ria da imprensa neste munic\u00edpio do litoral Norte de Sergipe. Est\u00e1 associado ao movimento estudantil, passando pela milit\u00e2ncia pol\u00edtica at\u00e9 se constituir em um jornal alternativo, disponibilizando inclusive uma edi\u00e7\u00e3o on-line via internet.<\/p>\n<p>Sua trajet\u00f3ria de 22 anos o credenciou como um canal de informa\u00e7\u00e3o, sempre ligado aos movimentos sociais, em particular ao estudantil, de onde se originou. Os procedimentos metodol\u00f3gicos adotados basearam-se nas informa\u00e7\u00f5es levantadas junto Centro de Documenta\u00e7\u00e3o do Jornal \u201cTribuna da Praia\u201d (o deposit\u00e1rio da hist\u00f3ria que teve in\u00edcio com \u201cO Clarim\u201d), fazendo assim uma op\u00e7\u00e3o pela pesquisa bibliogr\u00e1fica, na sua vertente prim\u00e1ria. A estrutura\u00e7\u00e3o do texto, aqui apresentado em forma de artigo, segue a perspectiva hist\u00f3rica, cronol\u00f3gica, sem que seja caracterizado um perigoso desfilar dos fatos, numa linha contemplativa. Apresenta cada uma das suas fases e perspectivas constru\u00eddas em cada uma delas \u2013 distintas, mas que se completam.<\/p>\n<p>\u00c9 fundamental observarmos que a maioria dos jornais alternativos de Sergipe, do tipo da Tribuna da Praia, localizados em Japaratuba, Propri\u00e1, Capela, Nossa Senhora das Dores, Laranjeiras, Itabaiana, Lagarto, Est\u00e2ncia e outras dezenas de cidades, n\u00e3o obstante o grande volume de jornais e peri\u00f3dicos que surgiram, desapareceram, reapareceram para depois desaparecer novamente, pouco se tem guardado da mem\u00f3ria jornal\u00edstica nestes munic\u00edpios. (3) Por outro lado, pouco se tem reunido destes jornais para a partir de um invent\u00e1rio (dos ve\u00edculos e de seu acervo) reconstruir uma parcela importante de nosso estado.<\/p>\n<p>A Tribuna da Praia , que surgiu como O Clarim, desapareceu e reapareceu como Jornal de Pirambu. Se transforma em O Atl\u00e2ntico e unifica sua hist\u00f3ria como Tribuna da Praia, para depois reaparecer como Acorda Pirambu e depois cruzar as fronteiras do munic\u00edpio e surgir em Propri\u00e1 como Jornal Opara, hoje \u00e9 um dos jornais alternativos de maior raio de circula\u00e7\u00e3o em Sergipe, distribu\u00eddo em 41 cidades de nosso estado e outras 12 de Alagoas.<\/p>\n<p>Este ensaio, al\u00e9m de resgatar a trajet\u00f3ria da Tribuna da praia, esta que \u00e9 uma metamorfose na imprensa alternativa de Sergipe, pretende ainda cumprir o papel de reconstituir a mem\u00f3ria de um jornal que, oriundo de um movimento social, cumpre um papel em defesa da escola p\u00fablica, de qualidade social e cidad\u00e3, que transforme o desgaste da escola p\u00fablica no resgate da cidadania. Este, provavelmente \u2013 e a hist\u00f3ria cuidar\u00e1 de confirmar ou apresentar outras hip\u00f3teses \u2013 tenha sido a principal contribui\u00e7\u00e3o do Jornal Tribuna da Praia ao longo dos seus 22 anos de exist\u00eancia.<\/p>\n<p>Um jornal que nasceu numa \u00e9poca de transi\u00e7\u00e3o da ditadura para a democracia, em busca de uma identidade constante. Identidade esta que, segundo Ortiz deve ser uma busca constante, na perspectiva de que \u201c\u2026 \u00e9 necess\u00e1rio mostrar em que nos identificamos\u201d. (4)<\/p>\n<p>2.1 O Clarim: 23\/08 A 19\/09\/1983 (5)<\/p>\n<p>A hist\u00f3ria da Tribuna da Praia tem in\u00edcio com o lan\u00e7amento do jornal O Clarim, em 23 de agosto de 1983. Era um jornal estudantil, de car\u00e1ter clandestino, representando o seguimento organizado dos estudantes da Escola Jos\u00e9 Amaral Lemos. Circulou at\u00e9 o dia 19 de setembro do mesmo ano, publicando 07 edi\u00e7\u00f5es, destacando-se na luta por elei\u00e7\u00f5es diretas para diretores, na campanha da solidariedade aos flagelados da seca e na realiza\u00e7\u00e3o dos 1\u00ba Jogos Internos do Amaral Lemos. Com formato Mural, datilografado, montado em folha de of\u00edcio era afixado nas portas das salas da escola e em alguns pontos de refer\u00eancias da cidade, como padaria, supermercado, prefeitura, c\u00e2mara, correios e posto telef\u00f4nico.<\/p>\n<p>O Editorial do jornal apresentava a seguinte manchete: \u201cO Clarim: anunciando um grito de liberdade em Pirambu\u201d (O Clarim, 1983):<\/p>\n<p>O dia de hoje ficar\u00e1 registrado na hist\u00f3ria de Pirambu como aquele em que os estudantes e o povo em geral ter\u00e1 uma voz em defesa das suas reinvidica\u00e7\u00f5es. Est\u00e1 nascendo o Jornalzinho O CLARIM, uma iniciativa da professora Josefina Oliveira, que na 7\u00aa s\u00e9rie da Escola Jos\u00e9 Amaral Lemos tem como coordenadores Claudomir Tavares, Walter Biriba, Juarez Batista, L\u00edgia Ferreira e Paulo C\u00e9sar. (O CLARIM, 1983).<\/p>\n<p>Durante o per\u00edodo desta fase do jornal. foram publicadas sete edi\u00e7\u00f5es, totalizando assim sete exemplares.<\/p>\n<p>2.2 Jornal de Pirambu: 08\/03 A 13\/06\/1984<\/p>\n<p>No per\u00edodo de 08 de mar\u00e7o a 13 de junho de 1984, circulou com 05 edi\u00e7\u00f5es de 30 exemplares cada, o Jornal de Pirambu, que para efeito de hist\u00f3ria e arquivamento, corresponde a segunda fase da Tribuna da Praia. Surgido seis meses depois do fim das atividades de O Clarim e para dar continuidade a sua luta fora do Amaral Lemos, tinha como objetivos ser um canal aberto \u00e0s manifesta\u00e7\u00f5es daqueles que se sentissem lesados dos seus direitos e vontade de se expressar. Destacou-se na luta em defesa das manifesta\u00e7\u00f5es estudantis e do esporte local. Teve apoio do com\u00e9rcio e reparti\u00e7\u00f5es p\u00fablicas que viam no jornal uma voz da juventude em geral.<\/p>\n<p>Nesta fase foram publicadas 05 edi\u00e7\u00f5es, totalizando 150 exemplares (6).<br \/>\nO editorial da primeira edi\u00e7\u00e3o, datado de 08 de mar\u00e7o de 1984 anunciou que:<\/p>\n<p>O Jornal de Pirambu ser\u00e1 um canal aberto as manifesta\u00e7\u00f5es daqueles que se sentir lesado do seu direito, da sua vontade de se expressar. (JORNAL DE PIRAMBU, 1984).<\/p>\n<p>2.3 O Atl\u00e2ntico: 05\/08\/1987 a 17\/05\/1988<\/p>\n<p>Em 05 de agosto de 1987 nascia o jornal O Atl\u00e2ntico, com 14 edi\u00e7\u00f5es de 200 exemplares, totalizando 2.800 exemplares (7), encerrando suas atividades em 17 de maio de 1988. Era a terceira fase da Tribuna da Praia. O Atl\u00e2ntico foi a primeira tentativa de se construir um jornal alternativo de circula\u00e7\u00e3o em massa. O principal objetivo do jornal era abrir espa\u00e7o as mais amplas manifesta\u00e7\u00f5es da comunidade, sem colora\u00e7\u00e3o pol\u00edtica e ideol\u00f3gica.<\/p>\n<p>Esteve preocupado em divulgar os aspectos sociais e culturais da cidade, sem se preocupar com as quest\u00f5es econ\u00f4micas e pol\u00edticas. Teve apoio de amplos setores do com\u00e9rcio local, que acreditava no prest\u00edgio e capacidade multiplicadora do jornal. Encerrou suas atividades quando estavam dadas as condi\u00e7\u00f5es para a entrada da 4\u00aa fase, agora com o nome de Tribuna da Praia.<\/p>\n<p>O Atl\u00e2ntico era datilografado e montado em papel A4, reproduzido em copiadoras e distribu\u00eddo em portas de escolas, casas comerciais, \u00f3rg\u00e3os p\u00fablicos e junto aos formadores de opini\u00e3o.<\/p>\n<p>2.4 Tribuna da Praia: 27\/09\/1988 a Fevereiro de 1993<\/p>\n<p>A primeira vez que a Tribuna da Praia adotou este nome ela esteve sob o comando do Partido Comunista do Brasil \u2013 PC do B, que com a filia\u00e7\u00e3o do ex-petista Claudomir Tavares da Silva, que assumiu nesta legenda a Secretaria de Agita\u00e7\u00e3o e Propaganda, decide lan\u00e7ar um jornal que divulgasse a campanha da candidata a vereadora Iv\u00e2nia Pereira \u2013 Vanda e as a\u00e7\u00f5es do partido em Pirambu.<\/p>\n<p>As propostas de nome: O Comunista, Tribuna Oper\u00e1ria e Tribuna da Praia (a partir da continuidade do projeto por ele iniciado em 1983, agora transportado para o partido). A op\u00e7\u00e3o ficou pela Tribuna da Praia, cuja edi\u00e7\u00e3o de lan\u00e7amento saiu com a seguinte numera\u00e7\u00e3o: Ano 06 \u2013 4\u00aa Fase \u2013 N\u00ba 01 \u2013 27\/09\/1988.<\/p>\n<p>J\u00e1 na edi\u00e7\u00e3o de lan\u00e7amento, o jornal se debru\u00e7ava sobre tr\u00eas frentes de lutas: eletrifica\u00e7\u00e3o rural para o povoado Alagamar, constru\u00e7\u00e3o de um campo de futebol no povoado Maribondo e a redu\u00e7\u00e3o do pre\u00e7o da passagem de Pirambu a Aguilhadas, j\u00e1 que a passagem era tirada com o valor de Pirambu ao povoado S\u00e3o Jos\u00e9, em Japaratuba. (TRIBUNA DA PRAIA, 1988).<\/p>\n<p>O jornal ganhou express\u00e3o no munic\u00edpio pela sua linha oposicionista a administra\u00e7\u00e3o do ent\u00e3o prefeito C\u00e9sar Rocha (1989\/1992) e por divulgar as campanhas pol\u00edticas e sociais do PC do B, da UJS, dos movimentos sociais, obtendo apoio de lideran\u00e7as do SINTESE, do PC do B e dos setores que compunha a oposi\u00e7\u00e3o democr\u00e1tico-popular em Pirambu. Passou por tr\u00eas fases distintas somando 81 edi\u00e7\u00f5es de 300 exemplares, totalizando 24.300 exemplares (8).<\/p>\n<p>2.5 Acorda Pirambu: 23\/08\/1993 a Julho de 1994<\/p>\n<p>O Jornal Acorda Pirambu correspondeu a 5\u00aa fase da Tribuna da Praia, circulando no per\u00edodo de 23 de agosto de 1993 a julho de 1994. Foram publicadas 07 edi\u00e7\u00f5es, somando 7.630 exemplares, elevando para 34.887 (9) exemplares nas cinco fases do jornal.<\/p>\n<p>A edi\u00e7\u00e3o de lan\u00e7amento, cujo editorial fazia uma refer\u00eancia ao papel hist\u00f3rico do jornal por ocasi\u00e3o dos 10 anos. \u201cEm defesa dos trabalhadores e pelo socialismo\u201d (ACORDA PIRAMBU, 1993) era a manchete da mat\u00e9ria que trazia a seguinte mensagem:<\/p>\n<p>O novo papel do Acorda Pirambu \u00e9 estar cada vez mais independente de pessoas ou grupos, m\u00e1s n\u00e3o da defesa intransigente das reividica\u00e7\u00f5es hist\u00f3ricas e imediatas do nosso povo. (ACORDA PIRAMBU, 1993).<\/p>\n<p>Um segundo lan\u00e7amento do jornal se deu em dezembro, onde se fizeram presentes o deputado estadual Renato Brand\u00e3o e o vereador em Aracaju, Gilvan Melo, ambos do PT. O Jornal estava agora sob a influ\u00eancia do Diret\u00f3rio Municipal do PT e tinha como diretor o petroleiro Evers\u00edlio Alves de Lima (Nen\u00e9m).<\/p>\n<p>O jornal chegava finalmente aos povoados de Pirambu. Cada edi\u00e7\u00e3o era destacada uma comunidade, um ou mais povoados, dependendo do conjunto das mat\u00e9rias abordadas, levando assim a informa\u00e7\u00e3o as comunidades mais distantes, como Aguilhadas, Maribondo, Aningas, Baixa Grande, Santa Izabel e Alagamar.<\/p>\n<p>2.6 Jornal Opara: 31\/10\/2002 a abril de 2003<\/p>\n<p>O Jornal Opara foi resultado de um processo que resultou das comemora\u00e7\u00f5es dos 500 anos do Rio S\u00e3o Francisco (ainda que um ano depois), na cidade de Propri\u00e1. Pirambu \u00e9 um dos 27 munic\u00edpios integrantes da baia hidrogr\u00e1fica do \u201cVelho Chico\u201d. Logo a liga\u00e7\u00e3o entre as cidades. A reda\u00e7\u00e3o do Jornal Opara estava localizada na Rua M\u00e9xico, 399, na cidade de Japaratuba, tamb\u00e9m integrante da bacia hidrogr\u00e1fica.<\/p>\n<p>A rela\u00e7\u00e3o entre a Tribuna da Praia e o Jornal Opara \u00e9 que ela corresponde exatamente a sexta fase, aquela em que o jornal pretendia atingir todos os 27 munic\u00edpios do raio geogr\u00e1fico da bacia. Circulou do per\u00edodo de outubro de 2002 a abril de 2003, publicando 06 edi\u00e7\u00f5es que inicialmente tinha uma tiragem de 500 exemplares, chegando aos 3000 mil no encerramento de suas atividades. O Jornal Opara foi substitu\u00eddo a partir de julho de 2003 pela Folha Regional, em sua 7\u00aa edi\u00e7\u00e3o, estando \u00e0 frente do novo projeto o comunic\u00f3logo Renner Alves, um profissional que tem uma atua\u00e7\u00e3o de destaque na comunica\u00e7\u00e3o de Propri\u00e1 e todo o Baixo S\u00e3o Francisco.<\/p>\n<p>Com quatro p\u00e1ginas, diagramado seguindo o padr\u00e3o jornal\u00edstico, impresso pela primeira vez em uma gr\u00e1fica, o Jornal Opara preconizava em sua mat\u00e9ria de capa:<\/p>\n<p>Cultura &amp; Educa\u00e7\u00e3o: Este \u00e9 o objetivo de um jornal que nasce como o Velho Chico, pequeno, cabendo na palma da m\u00e3o, l\u00e1 na Serra da Canastra, em Minas Gerais. O Jornal Opara (nome dado ao rio pelos \u00edndios aqui encontrados por Am\u00e9rico Vesp\u00facio em 04 de outubro de 1501 e que significava Rio Mar) nasce com o prop\u00f3sito de unificar o Baixo S\u00e3o Francisco atrav\u00e9s da not\u00edcia. (JORNAL OPARA, 2002).<\/p>\n<p>Nesta sexta fase, a Tribuna da Praia (Jornal Opara) publicou seis edi\u00e7\u00f5es, que totalizaram 5500 exemplares (10).<\/p>\n<p>2.7 Tribuna da Praia: 25\/01\/2003\u2026<\/p>\n<p>O jornal Tribuna da Praia em sua atual fase lan\u00e7ada em 27 de janeiro de 2003 fazia um paralelo com o Jornal Opara, at\u00e9 que este deixou de circular em abril de 2003. A partir de junho, surge o projeto que unifica toda a trajet\u00f3ria dos jornais em uma \u00fanica proposta.<\/p>\n<p>\u00c9 o projeto mais \u201cambicioso\u201d, ao longo dos seus quase vinte e dois anos de ininterrupta atividade jornal\u00edstica imprimiu um novo ritmo na comunica\u00e7\u00e3o do interior de Sergipe, ao sair do raio geogr\u00e1fico de Pirambu, ampliando-o para o Litoral Norte de Sergipe, chegando hoje as seguintes regi\u00f5es: Grande Aracaju, Barra Cotinguiba, Vale do Japaratuba e Baixo S\u00e3o Francisco, onde mant\u00e9m a Reda\u00e7\u00e3o e a Sucursal Sergipe\/Alagoas. Com uma tiragem de seis mil exemplares, a Tribuna da Praia circula de forma regular em 27 cidades de Sergipe e 11 de Alagoas, com periodicidade mensal.<\/p>\n<p>De formato tabl\u00f3ide, com oito p\u00e1ginas (capa, opini\u00e3o, pol\u00edtica, painel, cidades, cultura, sociedade e especial) a Tribuna da Praia est\u00e1 na sua s\u00e9tima fase e com o nome que considera definitivo.<\/p>\n<p>At\u00e9 a elabora\u00e7\u00e3o desde artigo, a Tribuna da Praia publicou 16 edi\u00e7\u00f5es, que somados as anteriores atinge a marca de 136 edi\u00e7\u00f5es. Ao longo destes dois anos e tr\u00eas meses, foram distribu\u00eddos 96 mil exemplares (11).<\/p>\n<p>3. Tribuna On-Line<\/p>\n<p>\u201cViva o 1\u00ba de Maio: Dia Internacional de Luta da Classe Trabalhadora\u201d (TRIBUNA ON-LINE, 2004:3o\/04). Com esta manchete de P\u00e1gina Inicial, estava lan\u00e7ada em 30 de abril de 2004 a edi\u00e7\u00e3o On-Line do Jornal Tribuna da Praia.<\/p>\n<p>Prestes a completar dois anos, o Web Site da Tribuna da Praia (12) sofre altera\u00e7\u00f5es de conte\u00fado, designer, e formata\u00e7\u00e3o. Todo produzido pela equipe que tamb\u00e9m cuida da edi\u00e7\u00e3o impressa, a reda\u00e7\u00e3o do jornal funciona na cidade de Propri\u00e1, de onde \u00e9 efetuada a atualiza\u00e7\u00e3o pelo menos uma vez por semana.<\/p>\n<p>Segundo e-mails que a equipe tem recebido nestes quase dois anos no ar, o site j\u00e1 foi acessado em praticamente todo o estado de Sergipe, em cidades e capitais de Alagoas, Bahia, Cear\u00e1, Minas Gerais, Para\u00edba, Pernambuco, Rio Grande do Sul e S\u00e3o Paulo. Verificou sua ocorr\u00eancia em cidades da Espanha (Madri, Barcelona, Saragoza), Portugal (Lisboa e Porto) e Estados Unidos (San Francisco e New York). A edi\u00e7\u00e3o on-line da Tribuna da Praia cumpre assim sua vertente globalizada, levando (e trazendo) informa\u00e7\u00f5es de uma pequena cidade do menor Estado da Federa\u00e7\u00e3o a partes diferentes do planeta. \u201cA globaliza\u00e7\u00e3o significa que nunca mais algu\u00e9m poder\u00e1 dizer que se est\u00e1 sozinho\u201d (13).<\/p>\n<p>Ao lan\u00e7ar sua edi\u00e7\u00e3o on-line, a Tribuna da Praia entrava definitivamente na era da comunica\u00e7\u00e3o global. Estava se iniciando uma nova etapa no processo de credenciamento do jornal como o principal canal de acesso a Pirambu, instrumento de pesquisa imprescind\u00edvel para se conhecer elementos da hist\u00f3ria, da pol\u00edtica e da cultura agora numa perspectiva digital. \u201cOs sistemas de comunica\u00e7\u00e3o em tempo real determinam a estrutura de organiza\u00e7\u00e3o do planeta\u201d, escreveu em 1944 o jornalista e escritor mexicano Carlos Monsivais. (14)<\/p>\n<p>4. Rela\u00e7\u00e3o do Jornal com a Educa\u00e7\u00e3o<\/p>\n<p>Ao longo de sua exist\u00eancia, a Tribuna da Praia tem servido de canal permanente de acesso a Pirambu, atrav\u00e9s de seu conte\u00fado, sempre com informa\u00e7\u00f5es relacionadas \u00e0 Hist\u00f3ria, Geografia, Cultura e Turismo. Os movimentos sociais sempre tiveram na Tribuna da Praia (em suas v\u00e1rias fases) uma voz que lhe desse resson\u00e2ncia.<\/p>\n<p>A educa\u00e7\u00e3o, por excel\u00eancia tem tido uma contribui\u00e7\u00e3o imprescind\u00edvel da Tribuna da Praia. Foram publicadas informa\u00e7\u00f5es sobre o munic\u00edpio que tem servido de subs\u00eddio para pesquisas escolares, elabora\u00e7\u00e3o de trabalhos nos cursos secund\u00e1rios, trabalhos monogr\u00e1ficos de gradua\u00e7\u00e3o e alimentado praticamente todos os guias informativos de Sergipe. Lamentavelmente, alguns n\u00e3o t\u00eam indicado a fonte, o que tem trazido preju\u00edzos irrepar\u00e1veis para a imagem do jornal enquanto agente de transmiss\u00e3o do conhecimento.<\/p>\n<p>A rela\u00e7\u00e3o da Tribuna da Praia com a educa\u00e7\u00e3o e, por extens\u00e3o a cultura tem sido um referencial do jornal, atualmente o principal canal de acesso a Pirambu. Citando Warnier, o papel desempenhado pelo jornal ao longo dos seus 22 anos serviu \u201c\u2026 para arquivar e comunicar com os vivos, os mortos e os deuses\u201d. (15)<br \/>\nAtualmente ele est\u00e1 inserido como link do Blog Educa\u00e7\u00e3o \u00e9 Hist\u00f3ria, do Grupo de Estudo e Pesquisa em Hist\u00f3ria da Educa\u00e7\u00e3o do N\u00facleo de P\u00f3s-Gradua\u00e7\u00e3o em Educa\u00e7\u00e3o da Universidade Federal de Sergipe, que tem a coordena\u00e7\u00e3o do professor Dr. Jorge Carvalho do Nascimento e foi indicado para constar do pr\u00f3ximo cat\u00e1logo do Instituto Hist\u00f3rico e Geogr\u00e1fico de Sergipe, a partir de sugest\u00e3o do professor Dr. Itamar Freitas, j\u00e1 constando como uma das cole\u00e7\u00f5es da Hemeroteca da institui\u00e7\u00e3o.<\/p>\n<p>5. Conclus\u00e3o<\/p>\n<p>\u201cUm dia tudo estar\u00e1 bem, eis nossa esperan\u00e7a!Tudo est\u00e1 bem agora, eis nossa ilus\u00e3o\u201d. (Voltaire)<\/p>\n<p>Sergipe possui uma importante reserva de comunica\u00e7\u00e3o alternativa. As principais pesquisas produzidas ou em andamento baseiam-se na linguagem oral, na sua vertente tem\u00e1tica. S\u00e3o constru\u00e7\u00f5es que partem do princ\u00edpio das fontes prim\u00e1rias. Outras utilizam os elementos j\u00e1 levantados nestas pesquisas, o que caracterizam fontes secund\u00e1rias, que sempre s\u00e3o associadas com a prim\u00e1ria, j\u00e1 que na maioria das vezes \u00e9 imposs\u00edvel se checar a primeira sem lan\u00e7ar m\u00e3o da segunda.<\/p>\n<p>Cidades como Propri\u00e1, Japaratuba, Pirambu, Capela, Nossa Senhora das Dores, Laranjeiras, Itabaiana, Lagarto e Est\u00e2ncia, s\u00f3 para citar alguns exemplos, tem importantes e estrat\u00e9gicos instrumentos de pesquisas. Em algumas dessas cidades existem ou existiram mais de um jornal (SILVA, 2005: 10). Neles est\u00e3o algumas passagens pitorescas, investigativas, sensacionalistas, etc., mas todas elas s\u00e3o constru\u00e7\u00f5es do seu tempo. Cabe a n\u00f3s, que entendemos ser toda hist\u00f3ria a hist\u00f3ria do presente, estabelecer a necess\u00e1ria observa\u00e7\u00e3o com os olhos do presente, compreendermos os olhos do passado \u2013 que tiveram como cen\u00e1rio a conjuntura daquela \u00e9poca.<\/p>\n<p>A Tribuna da Praia \u00e9 um destes instrumentos de pesquisa que, se n\u00e3o o mais significativo, mas aquele que re\u00fane o mais completo conjunto de informa\u00e7\u00f5es sobre o munic\u00edpio de Pirambu. Com um dado interessante: o jornal hoje tem uma base territorial ampla \u2013 circula em 41 cidades, do litoral, agreste e sert\u00e3o e 12 de Alagoas, aquelas banhadas pelo Rio S\u00e3o Francisco. Ent\u00e3o, o seu acervo contempla informa\u00e7\u00f5es bem mais amplas do que aquelas que faziam sua pauta em 1983.<\/p>\n<p>Sua distribui\u00e7\u00e3o obedece a crit\u00e9rios que pretendem dar um car\u00e1ter essencialmente de fazer chegar \u00e0 informa\u00e7\u00e3o e dali ela se irradiar. Tem pontos fixos de distribui\u00e7\u00e3o em Aracaju, Barra dos Coqueiros, Pirambu, Japaratuba e propri\u00e1, privilegiando os centros culturais, galerias, museus, bibliotecas, escolas, \u00f3rg\u00e3os p\u00fablicos, ong\u2019s.<\/p>\n<p>Sua edi\u00e7\u00e3o On-Line lan\u00e7ada em 1\u00ba de maio de 2004 est\u00e1 completando um ano e a m\u00e9dia de acessos \u00e9 de 150 pessoas por dia, o que resulta em 4500 leitores on-line por m\u00eas. Seu Site \u00e9 acessado em Pirambu, em Sergipe, no pa\u00eds e no mundo. Tem integrado cidades, subsidiado estudantes e pesquisadores, n\u00e3o s\u00f3 de Pirambu, mas de v\u00e1rias outras cidades, como Propri\u00e1, cujos conte\u00fados tem subsidiado estudantes das disciplinas Sociedade e Cultura, Cultura Sergipana e do Pr\u00e9-Universit\u00e1rio no Col\u00e9gio Estadual Joana de Freitas Barbosa.<\/p>\n<p>\u00c9 sem medo de errar, o mais importante referencial para se conhecer o munic\u00edpio de Pirambu atrav\u00e9s de uma informa\u00e7\u00e3o que periodicamente est\u00e1 em um ponto perto do leitor e, diariamente, na tela do computador. Sua hist\u00f3ria se confunde com a pr\u00f3pria trajet\u00f3ria da imprensa neste munic\u00edpio do litoral Norte de Sergipe. Est\u00e1 associado ao movimento estudantil, passando pela milit\u00e2ncia pol\u00edtica at\u00e9 se constituir em um jornal alternativo, disponibilizando inclusive uma edi\u00e7\u00e3o on-line via internet.<\/p>\n<p>\u25cf Refer\u00eancias Bibliogr\u00e1ficas<\/p>\n<p>A VOZ de Pirambu. Jornal de Pirambu, 08 mar. 1984, Editorial, p. 1.<br \/>\nBAUMANN, Zygmunt. Em busca da pol\u00edtica. Rio de Janeiro: Jorge Zahar, 2000.<br \/>\nCULTURA &amp; Cidadania. Jornal Opara, out. 2002, p. 1.<br \/>\nEM defesa dos trabalhadores e pelo socialismo. Acorda Pirambu, 23 a 29 ago. 1993, p. 1.<br \/>\nFREIRE, Edv\u00e2nia. Pirambu: de col\u00f4nia de pescadores a cidade tur\u00edstica. In: Revista dos Munic\u00edpios. Aracaju: Cinform, 2002. pp. 188\/90.<br \/>\nLUZ para o Alagamar. Tribuna da Praia, 27 set. 1988, p.1.<br \/>\nMATTELART, Armand. A globaliza\u00e7\u00e3o da comunica\u00e7\u00e3o. Tradu\u00e7\u00e3o Laureano Pelegrin. 2. ed. Bauru (SP): EDUSC, 2002.<br \/>\nO CLARIM: Anunciando um grito de liberdade em Pirambu. O Clarim, Pirambu, 23 ago.1983, p 1.<br \/>\nORTIZ, Renato. Cultura Brasileira e Identidade Nacional. S\u00e3o Paulo: Brasiliense, 1988.<br \/>\nSILVA, Claudomir Tavares. A trajet\u00f3ria da Tribuna da Praia. Pirambu, 2005. Dispon\u00edvel em:<\/p>\n<p>Notas<\/p>\n<p>(1) Professor das redes p\u00fablica estadual de ensino na cidade de Propri\u00e1, municipal em Pirambu, ex-aluno (1981\/84) e ex-professor (1988\/2002) da Escola Estadual Jos\u00e9 Amaral Lemos, fundador do Jornal Tribuna da Praia e da Sociedade de Cultura Art\u00edstica de Pirambu. Foi diretor de cultura da Prefeitura Municipal de Pirambu. Site: www.claudomir.com.br \u2013 E-mail: claudomir@infonet.com.br<br \/>\n(2) BAUMAN, Zygmunt. Em busca da pol\u00edtica. Rio de Janeiro: Jorge Zahar, 2000, p. 32.<br \/>\n(3) SILVA, Claudomir Tavares da. Um Olhar de Clio sobre a Tribuna da Praia. UFS: S\u00e3o Crist\u00f3v\u00e3o, 2005, p. 3.<br \/>\n(4) ORTIZ, Renato. Cultura brasileira e identidade nacional. S\u00e3o Paulo: Brasiliense, 2003, p. 7-8.<br \/>\n(5) Para efeito de hist\u00f3ria e arquivamento, o Jornal Tribuna da Praia reconheceu em 27 de setembro de 1988 o Jornal O Clarim como sendo sua 1\u00aa fase, o que justifica os 22 anos que o ve\u00edculo de comunica\u00e7\u00e3o comemora em 2005.<br \/>\n(6) Conclu\u00edda esta fase, a Tribuna da Praia totalizava 12 edi\u00e7\u00f5es e 157 exemplares.<br \/>\n(7) Neste momento, a Tribuna da Praia registrava a marca de 26 edi\u00e7\u00f5es e 2957 exemplares.<br \/>\n(8) Conclu\u00edda esta fase, a Tribuna da Praia alcan\u00e7ava a marca hist\u00f3rica de 107 edi\u00e7\u00f5es e 27257 exemplares.<br \/>\n(9) A Tribuna da Praia chegava assim a marca de 114 edi\u00e7\u00f5es, totalizando 34887 exemplares<br \/>\n(10) Para efeito de hist\u00f3ria e arquivamento, a Tribuna da Praia chegava assim a sua 120\u00aa edi\u00e7\u00e3o e aos 40378 exemplares.<br \/>\n(11) Totalizando 136 edi\u00e7\u00f5es e 130387 exemplares (posi\u00e7\u00e3o em mar\u00e7o de 2005).<br \/>\n(12) O acesso ao jornal se d\u00e1 atrav\u00e9s da url: https:\/\/www.tribunadapraia.com.br<br \/>\n(13) MATTELART, Armand. A globaliza\u00e7\u00e3o da comunica\u00e7\u00e3o. 2. ed. S\u00e3o Paulo: EDUSC, 2002, p. 183-84.<br \/>\n(14) Idem, p. 11.<br \/>\n(15) WARNIER, Jean-Pierre. A mundializa\u00e7\u00e3o da cultura. Tradu\u00e7\u00e3o Viviane Ribeiro. Bauru: EDUSC, 2000, p. 42.<\/p>\n<p>* Trabalho apresentado \u00e0 disciplina Cultura e Pol\u00edtica (Mestrado em Sociologia\/UFS) em Janeiro de 2005, republicado excepcionalmente nesta data para celebrar os 37 anos da Tribuna da Praia Publicado pela primeira vez em fevereiro de 2005<\/p>\n","protected":false},"excerpt":{"rendered":"<p>Seu surgimento est\u00e1 associado (ainda que indireto e involunt\u00e1rio) a transi\u00e7\u00e3o pol\u00edtica no in\u00edcio da d\u00e9cada de 80 do s\u00e9culo XX e ao consequentemente surgimento, ainda que incipiente, movimento estudantil de Pirambu. por Claudomir Tavares da Silva (1) | claudomirr21@gmail.com 1. Introdu\u00e7\u00e3o Neste ensaio, apresentaremos a import\u00e2ncia s\u00f3cio-cultural do Jornal Tribuna da Praia, esta metamorfose da imprensa de Sergipe que se credencia a cada momento como um dos mais expressivos<\/p>\n","protected":false},"author":3,"featured_media":1656,"comment_status":"open","ping_status":"open","sticky":false,"template":"","format":"standard","meta":[],"categories":[18],"tags":[],"yoast_head":"<!-- This site is optimized with the Yoast SEO plugin v16.3 - https:\/\/yoast.com\/wordpress\/plugins\/seo\/ -->\n<title>Nossa Hist\u00f3ria: A imort\u00e2ncia s\u00f3cio-cultural da Tribuna da Praia - TRIBUNA DA PRAIA<\/title>\n<meta name=\"robots\" content=\"index, follow, max-snippet:-1, max-image-preview:large, max-video-preview:-1\" \/>\n<link rel=\"canonical\" href=\"https:\/\/tribunadapraia.com.br\/?p=1655\" \/>\n<meta property=\"og:locale\" content=\"pt_BR\" \/>\n<meta property=\"og:type\" content=\"article\" \/>\n<meta property=\"og:title\" content=\"Nossa Hist\u00f3ria: A imort\u00e2ncia s\u00f3cio-cultural da Tribuna da Praia - TRIBUNA DA PRAIA\" \/>\n<meta property=\"og:description\" content=\"Seu surgimento est\u00e1 associado (ainda que indireto e involunt\u00e1rio) a transi\u00e7\u00e3o pol\u00edtica no in\u00edcio da d\u00e9cada de 80 do s\u00e9culo XX e ao consequentemente surgimento, ainda que incipiente, movimento estudantil de Pirambu. por Claudomir Tavares da Silva (1) | claudomirr21@gmail.com 1. Introdu\u00e7\u00e3o Neste ensaio, apresentaremos a import\u00e2ncia s\u00f3cio-cultural do Jornal Tribuna da Praia, esta metamorfose da imprensa de Sergipe que se credencia a cada momento como um dos mais expressivos\" \/>\n<meta property=\"og:url\" content=\"https:\/\/tribunadapraia.com.br\/?p=1655\" \/>\n<meta property=\"og:site_name\" content=\"TRIBUNA DA PRAIA\" \/>\n<meta property=\"article:publisher\" content=\"https:\/\/www.facebook.com\/tribunadapraiaonline\/\" \/>\n<meta property=\"article:published_time\" content=\"2020-08-23T03:01:49+00:00\" \/>\n<meta property=\"article:modified_time\" content=\"2020-08-23T03:14:24+00:00\" \/>\n<meta property=\"og:image\" content=\"https:\/\/tribunadapraia.com.br\/wp-content\/uploads\/2020\/08\/IMG-20200822-WA0024.jpg\" \/>\n\t<meta property=\"og:image:width\" content=\"540\" \/>\n\t<meta property=\"og:image:height\" content=\"540\" \/>\n<meta name=\"twitter:card\" content=\"summary_large_image\" \/>\n<meta name=\"twitter:creator\" content=\"@Claudomir21\" \/>\n<meta name=\"twitter:site\" content=\"@Claudomir21\" \/>\n<meta name=\"twitter:label1\" content=\"Est. tempo de leitura\">\n\t<meta name=\"twitter:data1\" content=\"22 minutos\">\n<script type=\"application\/ld+json\" class=\"yoast-schema-graph\">{\"@context\":\"https:\/\/schema.org\",\"@graph\":[{\"@type\":\"Organization\",\"@id\":\"https:\/\/tribunadapraia.com.br\/#organization\",\"name\":\"Tribuna da Praia\",\"url\":\"https:\/\/tribunadapraia.com.br\/\",\"sameAs\":[\"https:\/\/www.facebook.com\/tribunadapraiaonline\/\",\"https:\/\/www.instagram.com\/claudomirtavares\/\",\"https:\/\/www.youtube.com\/channel\/UCwQf80nxiMzCefAyjbp53Rw\",\"https:\/\/twitter.com\/Claudomir21\"],\"logo\":{\"@type\":\"ImageObject\",\"@id\":\"https:\/\/tribunadapraia.com.br\/#logo\",\"inLanguage\":\"pt-BR\",\"url\":\"https:\/\/tribunadapraia.com.br\/wp-content\/uploads\/2020\/02\/logo.png\",\"contentUrl\":\"https:\/\/tribunadapraia.com.br\/wp-content\/uploads\/2020\/02\/logo.png\",\"width\":501,\"height\":121,\"caption\":\"Tribuna da Praia\"},\"image\":{\"@id\":\"https:\/\/tribunadapraia.com.br\/#logo\"}},{\"@type\":\"WebSite\",\"@id\":\"https:\/\/tribunadapraia.com.br\/#website\",\"url\":\"https:\/\/tribunadapraia.com.br\/\",\"name\":\"TRIBUNA DA PRAIA\",\"description\":\"O 1\\u00ba jornal do interior de Sergipe na internet\",\"publisher\":{\"@id\":\"https:\/\/tribunadapraia.com.br\/#organization\"},\"potentialAction\":[{\"@type\":\"SearchAction\",\"target\":\"https:\/\/tribunadapraia.com.br\/?s={search_term_string}\",\"query-input\":\"required name=search_term_string\"}],\"inLanguage\":\"pt-BR\"},{\"@type\":\"ImageObject\",\"@id\":\"https:\/\/tribunadapraia.com.br\/?p=1655#primaryimage\",\"inLanguage\":\"pt-BR\",\"url\":\"https:\/\/tribunadapraia.com.br\/wp-content\/uploads\/2020\/08\/IMG-20200822-WA0024.jpg\",\"contentUrl\":\"https:\/\/tribunadapraia.com.br\/wp-content\/uploads\/2020\/08\/IMG-20200822-WA0024.jpg\",\"width\":540,\"height\":540},{\"@type\":\"WebPage\",\"@id\":\"https:\/\/tribunadapraia.com.br\/?p=1655#webpage\",\"url\":\"https:\/\/tribunadapraia.com.br\/?p=1655\",\"name\":\"Nossa Hist\\u00f3ria: A imort\\u00e2ncia s\\u00f3cio-cultural da Tribuna da Praia - TRIBUNA DA PRAIA\",\"isPartOf\":{\"@id\":\"https:\/\/tribunadapraia.com.br\/#website\"},\"primaryImageOfPage\":{\"@id\":\"https:\/\/tribunadapraia.com.br\/?p=1655#primaryimage\"},\"datePublished\":\"2020-08-23T03:01:49+00:00\",\"dateModified\":\"2020-08-23T03:14:24+00:00\",\"breadcrumb\":{\"@id\":\"https:\/\/tribunadapraia.com.br\/?p=1655#breadcrumb\"},\"inLanguage\":\"pt-BR\",\"potentialAction\":[{\"@type\":\"ReadAction\",\"target\":[\"https:\/\/tribunadapraia.com.br\/?p=1655\"]}]},{\"@type\":\"BreadcrumbList\",\"@id\":\"https:\/\/tribunadapraia.com.br\/?p=1655#breadcrumb\",\"itemListElement\":[{\"@type\":\"ListItem\",\"position\":1,\"item\":{\"@type\":\"WebPage\",\"@id\":\"https:\/\/tribunadapraia.com.br\/\",\"url\":\"https:\/\/tribunadapraia.com.br\/\",\"name\":\"In\\u00edcio\"}},{\"@type\":\"ListItem\",\"position\":2,\"item\":{\"@id\":\"https:\/\/tribunadapraia.com.br\/?p=1655#webpage\"}}]},{\"@type\":\"Article\",\"@id\":\"https:\/\/tribunadapraia.com.br\/?p=1655#article\",\"isPartOf\":{\"@id\":\"https:\/\/tribunadapraia.com.br\/?p=1655#webpage\"},\"author\":{\"@id\":\"https:\/\/tribunadapraia.com.br\/#\/schema\/person\/099fbbf59acc5895c0d7d52b4fc46c97\"},\"headline\":\"Nossa Hist\\u00f3ria: A imort\\u00e2ncia s\\u00f3cio-cultural da Tribuna da Praia\",\"datePublished\":\"2020-08-23T03:01:49+00:00\",\"dateModified\":\"2020-08-23T03:14:24+00:00\",\"mainEntityOfPage\":{\"@id\":\"https:\/\/tribunadapraia.com.br\/?p=1655#webpage\"},\"wordCount\":4371,\"commentCount\":0,\"publisher\":{\"@id\":\"https:\/\/tribunadapraia.com.br\/#organization\"},\"image\":{\"@id\":\"https:\/\/tribunadapraia.com.br\/?p=1655#primaryimage\"},\"thumbnailUrl\":\"https:\/\/tribunadapraia.com.br\/wp-content\/uploads\/2020\/08\/IMG-20200822-WA0024.jpg\",\"articleSection\":[\"Not\\u00edcias\"],\"inLanguage\":\"pt-BR\",\"potentialAction\":[{\"@type\":\"CommentAction\",\"name\":\"Comment\",\"target\":[\"https:\/\/tribunadapraia.com.br\/?p=1655#respond\"]}]},{\"@type\":\"Person\",\"@id\":\"https:\/\/tribunadapraia.com.br\/#\/schema\/person\/099fbbf59acc5895c0d7d52b4fc46c97\",\"name\":\"Reda\\u00e7\\u00e3o\",\"image\":{\"@type\":\"ImageObject\",\"@id\":\"https:\/\/tribunadapraia.com.br\/#personlogo\",\"inLanguage\":\"pt-BR\",\"url\":\"https:\/\/secure.gravatar.com\/avatar\/91c8b91d2bfd7784eac5c3e055361f64?s=96&d=identicon&r=g\",\"contentUrl\":\"https:\/\/secure.gravatar.com\/avatar\/91c8b91d2bfd7784eac5c3e055361f64?s=96&d=identicon&r=g\",\"caption\":\"Reda\\u00e7\\u00e3o\"}}]}<\/script>\n<!-- \/ Yoast SEO plugin. -->","wps_subtitle":"","_links":{"self":[{"href":"https:\/\/tribunadapraia.com.br\/index.php?rest_route=\/wp\/v2\/posts\/1655"}],"collection":[{"href":"https:\/\/tribunadapraia.com.br\/index.php?rest_route=\/wp\/v2\/posts"}],"about":[{"href":"https:\/\/tribunadapraia.com.br\/index.php?rest_route=\/wp\/v2\/types\/post"}],"author":[{"embeddable":true,"href":"https:\/\/tribunadapraia.com.br\/index.php?rest_route=\/wp\/v2\/users\/3"}],"replies":[{"embeddable":true,"href":"https:\/\/tribunadapraia.com.br\/index.php?rest_route=%2Fwp%2Fv2%2Fcomments&post=1655"}],"version-history":[{"count":2,"href":"https:\/\/tribunadapraia.com.br\/index.php?rest_route=\/wp\/v2\/posts\/1655\/revisions"}],"predecessor-version":[{"id":1662,"href":"https:\/\/tribunadapraia.com.br\/index.php?rest_route=\/wp\/v2\/posts\/1655\/revisions\/1662"}],"wp:featuredmedia":[{"embeddable":true,"href":"https:\/\/tribunadapraia.com.br\/index.php?rest_route=\/wp\/v2\/media\/1656"}],"wp:attachment":[{"href":"https:\/\/tribunadapraia.com.br\/index.php?rest_route=%2Fwp%2Fv2%2Fmedia&parent=1655"}],"wp:term":[{"taxonomy":"category","embeddable":true,"href":"https:\/\/tribunadapraia.com.br\/index.php?rest_route=%2Fwp%2Fv2%2Fcategories&post=1655"},{"taxonomy":"post_tag","embeddable":true,"href":"https:\/\/tribunadapraia.com.br\/index.php?rest_route=%2Fwp%2Fv2%2Ftags&post=1655"}],"curies":[{"name":"wp","href":"https:\/\/api.w.org\/{rel}","templated":true}]}}