{"id":1648,"date":"2020-08-21T05:05:59","date_gmt":"2020-08-21T08:05:59","guid":{"rendered":"https:\/\/tribunadapraia.com.br\/?p=1648"},"modified":"2020-08-22T20:57:50","modified_gmt":"2020-08-22T23:57:50","slug":"artigo-a-escalada-da-barbarie-em-sergipe","status":"publish","type":"post","link":"https:\/\/tribunadapraia.com.br\/?p=1648","title":{"rendered":"Artigo: A escalada da barb\u00e1rie em Sergipe."},"content":{"rendered":"<p>N\u00e3o \u00e9 dif\u00edcil ouvirmos por a\u00ed, baseado em uma certa ret\u00f3rica liberal, que o sucesso de pa\u00edses como Vietn\u00e3, Cuba, Coreia Popular (Coreia do Norte) e tamb\u00e9m, a Venezuela, em rela\u00e7\u00e3o ao controle da pandemia de COVID-19, se d\u00e1 por conta de: \u201cserem pa\u00edses muito fechados, pa\u00edses com regimes pol\u00edticos totalit\u00e1rios, por isso \u00e9 mais f\u00e1cil controlar a popula\u00e7\u00e3o e omitir dados\u201d, etc, etc. Mas, esse tipo de \u201cargumento\u201d baseado em uma falsa l\u00f3gica, faz algum sentido? Veremos que n\u00e3o!<\/p>\n<p>Vejamos; sendo fato concreto que o \u00eaxito dos pa\u00edses citados se d\u00e1 por ocasi\u00e3o \u00e0s pol\u00edticas de combate, conten\u00e7\u00e3o e tratamento implementadas desde o in\u00edcio da crise, e que a l\u00f3gica da din\u00e2mica organizativa social vigente por l\u00e1, buscam caminhos diferentes dos que se articulam aqui, em todo o pa\u00eds, analisemos o caso do nosso Estado e busquemos compreender como em Sergipe o desenrolar tr\u00e1gico da crise, resulta das pol\u00edticas aplicadas na nossa din\u00e2mica organizativa social que tem como l\u00f3gica de funcionamento a acumula\u00e7\u00e3o e os lucros privados. E tentaremos entender como os resultados desses tipos de pol\u00edticas p\u00fablicas que vigoram por aqui, n\u00e3o poderiam surtir resultados diferentes dos que podemos infelizmente constatar. O menor Estado do pa\u00eds esbanja n\u00fameros gigantes quando o assunto \u00e9 coronav\u00edrus.<\/p>\n<p>Em 29 de mar\u00e7o, Sergipe registra sua maior taxa percentual de ades\u00e3o ao isolamento social at\u00e9 aqui.(um pouco acima de 50%) Em 31 de mar\u00e7o, Sergipe tinha apenas 20 casos da doen\u00e7a e at\u00e9 ent\u00e3o nenhum \u00f3bito provocado por complica\u00e7\u00f5es em consequ\u00eancia da COVID-19. A primeira morte ocorre no dia 02\/04.<\/p>\n<p>De acordo com os dados divulgados pelo Mapa Brasileiro da COVID-19, no in\u00edcio de junho, Sergipe j\u00e1 registrava o crescente n\u00famero de 9.290 casos da doen\u00e7a e 217 mortes. Em 08\/06 se registrava no estado o segundo pior \u00edndice de isolamento social do pa\u00eds. ( 44,2%)<\/p>\n<p>Ou seja, em muito pouco tempo, o \u00edndice de isolamento( que ainda era abaixo dos 70% recomendamos pela Organiza\u00e7\u00e3o Mundial da Sa\u00fade, OMS) no estado, despenca vertiginosamente.<\/p>\n<p>A essa altura, Sergipe j\u00e1 se torna um trem desgovernado com todos os seus vag\u00f5es carregados de puro descaso, incompet\u00eancia e falta de interesse em se estabelecer uma pol\u00edtica s\u00e9ria e eficiente que tenha como horizonte a preserva\u00e7\u00e3o da vida acima dos lucros privados.<\/p>\n<p>O resultado n\u00e3o poderia ser outro. O n\u00famero de infectados pelo v\u00edrus aumenta por conta da queda no \u00edndice de isolamento social, em consequ\u00eancia, a taxa de ocupa\u00e7\u00e3o dos leitos de UTIs p\u00fablicos e privados sobe e, os \u00f3bitos por Covid disparam assustadoramente.<br \/>\nA consequ\u00eancia dessa tr\u00edade nefasta \u00e9 o salto absurdo no agravamento da crise, que provoca, em pouco menos de dois meses, um aumento de mais de 50 mil novos casos e mais 1.231 mortes por complica\u00e7\u00f5es da doen\u00e7a.<\/p>\n<p>Em 01\/08 quando a Secret\u00e1ria de Estado da Sa\u00fade (SES) informa o alarmante panorama da pandemia em Sergipe, atinge-se o absurdo n\u00famero de 59.724 casos e 1.448 \u00f3bitos.<\/p>\n<p>Obviamente, essa trag\u00e9dia sanit\u00e1ria em um estado pequeno em tamanho e enorme em falta de pol\u00edticas p\u00fablicas eficientes que garantissem \u00e0 maioria dos trabalhadores as condi\u00e7\u00f5es adequadas para uma quarentena, de fato, n\u00e3o \u00e9 obra do acaso; nem \u00e9 como um raio em c\u00e9u azul que, \u201cpoderia\u201d acontecer sem nenhuma previs\u00e3o. \u00c9 sim, resultado de pol\u00edticas ineficazes, de pol\u00edticas irrespons\u00e1veis de car\u00e1ter genocida, ou seja, de pol\u00edticas capitalistas. Quando desde o in\u00edcio da crise, se coloca pela maior parte do empresariado sergipano a posi\u00e7\u00e3o contr\u00e1ria ao isolamento social e pela reabertura da economia, pressionando o governador Belivaldo Chagas (PSD) e o fazendo ceder, mesmo ele tendo em rede de televis\u00e3o estadual afirmado que n\u00e3o cederia a press\u00f5es para flexibilizar o isolamento, (l\u00e1 no in\u00edcio da crise) a trag\u00e9dia sanit\u00e1ria se constr\u00f3i de forma totalmente consciente e as consequ\u00eancias quem sente de modo mais avassalador \u00e9 a classe trabalhadora que tem, em detrimento de suas pr\u00f3prias vidas os interesses dos capitalistas sergipanos atendidos, mesmo que sorrateiramente, pelo governo do Estado.<\/p>\n<p>Sabemos que o v\u00edrus n\u00e3o faz distin\u00e7\u00e3o entre quem ele vai infectar. Mas, sabemos tamb\u00e9m que, quem mais est\u00e1 sendo afetado s\u00e3o os trabalhadores, que continuaram lotando os \u00f4nibus e terminais diariamente, ( na capital Aracaju, desde o in\u00edcio da crise a frota de \u00f4nibus foi reduzida) seguiram tendo que ir para rua garantir o p\u00e3o de cada dia pois, devido a alta taxa de desemprego, 14,8% (no quarto trimestre de 2019) assumindo para Sergipe junto com Roraima o posto de terceira pior do pa\u00eds, ficando atr\u00e1s apenas da Bahia e Amap\u00e1, tamb\u00e9m faz com que Sergipe atinja o patamar de o s\u00e9timo Estado brasileiro com a maior taxa de informalidade 54,4% (segundo a Pesquisa Nacional por Amostra de Domic\u00edlios Cont\u00ednua, PNAD, divulgado em 14\/02). A trag\u00e9dia vai se construindo e definindo a camada social que ir\u00e1 sentir as consequ\u00eancias. Outro ponto crucial tamb\u00e9m no agravamento da crise para a classe trabalhadora sergipana foi a dificuldade em se conseguir ter acesso ao aux\u00edlio emergencial de 600 reais, (lembrando que o Guedes e Bolsonaro s\u00f3 queriam liberar 200) provocando filas quilom\u00e9tricas, as verdadeiras filas da morte.<\/p>\n<p>Desse modo era de se esperar que o impacto da pandemia fosse maior nas periferias do que nas \u00e1reas \u201cnobres\u201d da cidade, pois \u00e9 nas periferias onde reside a esmagadora maioria da classe explorada e oprimida pelos capitalistas sergipanos. Claro, tamb\u00e9m \u00e9 nas periferias onde se encontram as piores condi\u00e7\u00f5es de saneamento b\u00e1sico, acesso a \u00e1gua tratada, sistema de esgoto, etc. Um prato cheio para a propaga\u00e7\u00e3o de um v\u00edrus com o potencial de infec\u00e7\u00e3o r\u00e1pido, como o coronav\u00edrus.<\/p>\n<p>Diante desse cen\u00e1rio catastr\u00f3fico de trag\u00e9dia social, o governo de Sergipe segue seu plano de reabertura da economia. Pressionado desde o in\u00edcio, o governador tra\u00e7a seu plano de volta a \u201cnormalidade\u201d. Em 05 de agosto, Belivaldo anuncia a reabertura dos shoppings centers, galerias e centros comerciais que poder\u00e3o retomar suas atividades presenciais a partir do dia 14\/08.<\/p>\n<p>Em nenhum momento foi cogitado por parte do poder p\u00fablico a decreta\u00e7\u00e3o de um Lockdown, mesmo com a capacidade dos leitos de UTIs privados tendo atingido sua lota\u00e7\u00e3o m\u00e1xima de 100% e, os tr\u00eas maiores hospitais p\u00fablicos do Estado j\u00e1 operarem com 90% da capacidade das suas Unidades de Tratamento Intensivo.<\/p>\n<p>S\u00e3o nessas condi\u00e7\u00f5es desastrosas, abra\u00e7ado por um desprezo expl\u00edcito pela vida que Sergipe segue implementando pol\u00edticas capitalistas, ampliando a trag\u00e9dia, e administrando a barb\u00e1rie garantido os interesses do capital.<\/p>\n<p>Remando no caminho oposto, pa\u00edses de economia planificada, como Cuba, Vietn\u00e3 e Coreia Popular, obt\u00e9m sucesso reconhecido por \u00f3rg\u00e3os internacionais como a OMS no controle da doen\u00e7a, justamente por terem estabelecido, em tempo, pol\u00edticas s\u00e9rias e eficazes de conten\u00e7\u00e3o a propaga\u00e7\u00e3o e dissemina\u00e7\u00e3o do v\u00edrus, garantido a seus cidad\u00e3os o direito a quarentena com todas as garantias necess\u00e1rias. Claramente, fazendo uma compara\u00e7\u00e3o analisando a realidade material, observamos que, nesses pa\u00edses, ao contr\u00e1rio do que se tem por aqui, a vida est\u00e1, de fato, acima dos lucros.<\/p>\n<p>Vivemos tempos sombrios, tempos de incertezas, onde notadamente, diante de uma pandemia, que s\u00f3 acelera as consequ\u00eancias da crise capitalista em curso que atinge todo o mundo, os ditos pa\u00edses desenvolvidos, pa\u00edses ricos, padecem e se encontram entre o dilema dial\u00e9tico da contradi\u00e7\u00e3o entre a acumula\u00e7\u00e3o de capitais e a garantia da qualidade de vida da esmagadora maioria das pessoas do planeta que comp\u00f5e a classe produtora de riquezas, a classe trabalhadora mundial. \u00c9 not\u00f3rio a todos os olhos mais atentos os sintomas m\u00f3rbidos da decad\u00eancia da velha forma de organiza\u00e7\u00e3o social, e a incompet\u00eancia da mesma em garantir a vida em seu sentido pleno. S\u00e3o tempos de incertezas, pois o velho agoniza moribundo e o novo ainda n\u00e3o nasceu oficialmente. Temos pistas do que pode ser, e deve ser o futuro, pois j\u00e1 temos o germe da nova forma de organizar a sociedade, em constru\u00e7\u00e3o. O futuro, s\u00f3 pode ser \u2013 se realmente est\u00e1 em horizonte a perman\u00eancia da esp\u00e9cie humana na terra \u2013 um futuro socialista em constru\u00e7\u00e3o do comunismo.<\/p>\n<p>A pandemia do novo coronav\u00edrus deixa vis\u00edvel, ainda mais, o quanto a sociedade burguesa\u2013 capitalista \u00e9 incapaz de atender os interesses e garantir a todos uma exist\u00eancia digna. \u00c9 imposs\u00edvel seguirmos sob a l\u00f3gica dominante da acumula\u00e7\u00e3o, dos lucros privados, da explora\u00e7\u00e3o da for\u00e7a de trabalho da maioria que proporciona a extra\u00e7\u00e3o da Mais-valia, em consequ\u00eancia, garante a acumula\u00e7\u00e3o de capitais, e pensarmos de fato em um futuro pr\u00f3spero para a humanidade.<\/p>\n<p>A \u00fanica via poss\u00edvel do ponto de vista material, concreto, fugindo de qualquer concep\u00e7\u00e3o idealista da realidade, passa pela constru\u00e7\u00e3o do Poder Popular, pela organiza\u00e7\u00e3o da classe produtora, e pela conquista do poder pol\u00edtico e econ\u00f4mico pelos trabalhadores, s\u00f3 partindo desses pontos \u00e9 poss\u00edvel construir as condi\u00e7\u00f5es materiais que podem garantir de fato um Futuro digno para todos.<\/p>\n<p>A ordem social moribunda e j\u00e1 agonizante n\u00e3o morrer\u00e1 de causas naturais, n\u00e3o morrer\u00e1 de t\u00e3o caduca que j\u00e1 est\u00e1. \u00c9 preciso que o velho morra por inteiro para que o novo possa nascer, de fato.<\/p>\n<p>Tomemos em nossas m\u00e3os a nossa tarefa hist\u00f3rica de construir caminhos diferentes dos que est\u00e3o colocados. Coloquemos na ordem do dia, o atestado de \u00f3bito da velha sociedade que, ao contr\u00e1rio do que j\u00e1 foi um dia, hoje, reacion\u00e1ria e incapaz de ter solu\u00e7\u00e3o, carece do disparo final, que liquidar\u00e1 de vez o velho modo de produzir e reproduzir a vida.<\/p>\n<p>Que morra o velho e nas\u00e7a o novo!<\/p>\n<p>FORA BOLSONARO\/MOUR\u00c3O<\/p>\n<p>PELO PODER POPULAR RUMO AO SOCIALISMO<\/p>\n<p>por Marcos Aur\u00e9lio. trabalhador aut\u00f4nomo, tatuador e militante do PCB em Sergipe<\/p>\n","protected":false},"excerpt":{"rendered":"<p>N\u00e3o \u00e9 dif\u00edcil ouvirmos por a\u00ed, baseado em uma certa ret\u00f3rica liberal, que o sucesso de pa\u00edses como Vietn\u00e3, Cuba, Coreia Popular (Coreia do Norte) e tamb\u00e9m, a Venezuela, em rela\u00e7\u00e3o ao controle da pandemia de COVID-19, se d\u00e1 por conta de: \u201cserem pa\u00edses muito fechados, pa\u00edses com regimes pol\u00edticos totalit\u00e1rios, por isso \u00e9 mais f\u00e1cil controlar a popula\u00e7\u00e3o e omitir dados\u201d, etc, etc. Mas, esse tipo de \u201cargumento\u201d baseado<\/p>\n","protected":false},"author":1,"featured_media":1649,"comment_status":"open","ping_status":"open","sticky":false,"template":"","format":"standard","meta":[],"categories":[18],"tags":[],"yoast_head":"<!-- This site is optimized with the Yoast SEO plugin v16.3 - https:\/\/yoast.com\/wordpress\/plugins\/seo\/ -->\n<title>Artigo: A escalada da barb\u00e1rie em Sergipe. - TRIBUNA DA PRAIA<\/title>\n<meta name=\"robots\" content=\"index, follow, max-snippet:-1, max-image-preview:large, max-video-preview:-1\" \/>\n<link rel=\"canonical\" href=\"https:\/\/tribunadapraia.com.br\/?p=1648\" \/>\n<meta property=\"og:locale\" content=\"pt_BR\" \/>\n<meta property=\"og:type\" content=\"article\" \/>\n<meta property=\"og:title\" content=\"Artigo: A escalada da barb\u00e1rie em Sergipe. - TRIBUNA DA PRAIA\" \/>\n<meta property=\"og:description\" content=\"N\u00e3o \u00e9 dif\u00edcil ouvirmos por a\u00ed, baseado em uma certa ret\u00f3rica liberal, que o sucesso de pa\u00edses como Vietn\u00e3, Cuba, Coreia Popular (Coreia do Norte) e tamb\u00e9m, a Venezuela, em rela\u00e7\u00e3o ao controle da pandemia de COVID-19, se d\u00e1 por conta de: \u201cserem pa\u00edses muito fechados, pa\u00edses com regimes pol\u00edticos totalit\u00e1rios, por isso \u00e9 mais f\u00e1cil controlar a popula\u00e7\u00e3o e omitir dados\u201d, etc, etc. Mas, esse tipo de \u201cargumento\u201d baseado\" \/>\n<meta property=\"og:url\" content=\"https:\/\/tribunadapraia.com.br\/?p=1648\" \/>\n<meta property=\"og:site_name\" content=\"TRIBUNA DA PRAIA\" \/>\n<meta property=\"article:publisher\" content=\"https:\/\/www.facebook.com\/tribunadapraiaonline\/\" \/>\n<meta property=\"article:published_time\" content=\"2020-08-21T08:05:59+00:00\" \/>\n<meta property=\"article:modified_time\" content=\"2020-08-22T23:57:50+00:00\" \/>\n<meta property=\"og:image\" content=\"https:\/\/tribunadapraia.com.br\/wp-content\/uploads\/2020\/08\/IMG-20200821-WA0000.jpg\" \/>\n\t<meta property=\"og:image:width\" content=\"540\" \/>\n\t<meta property=\"og:image:height\" content=\"492\" \/>\n<meta name=\"twitter:card\" content=\"summary_large_image\" \/>\n<meta name=\"twitter:creator\" content=\"@Claudomir21\" \/>\n<meta name=\"twitter:site\" content=\"@Claudomir21\" \/>\n<meta name=\"twitter:label1\" content=\"Est. tempo de leitura\">\n\t<meta name=\"twitter:data1\" content=\"9 minutos\">\n<script type=\"application\/ld+json\" class=\"yoast-schema-graph\">{\"@context\":\"https:\/\/schema.org\",\"@graph\":[{\"@type\":\"Organization\",\"@id\":\"https:\/\/tribunadapraia.com.br\/#organization\",\"name\":\"Tribuna da Praia\",\"url\":\"https:\/\/tribunadapraia.com.br\/\",\"sameAs\":[\"https:\/\/www.facebook.com\/tribunadapraiaonline\/\",\"https:\/\/www.instagram.com\/claudomirtavares\/\",\"https:\/\/www.youtube.com\/channel\/UCwQf80nxiMzCefAyjbp53Rw\",\"https:\/\/twitter.com\/Claudomir21\"],\"logo\":{\"@type\":\"ImageObject\",\"@id\":\"https:\/\/tribunadapraia.com.br\/#logo\",\"inLanguage\":\"pt-BR\",\"url\":\"https:\/\/tribunadapraia.com.br\/wp-content\/uploads\/2020\/02\/logo.png\",\"contentUrl\":\"https:\/\/tribunadapraia.com.br\/wp-content\/uploads\/2020\/02\/logo.png\",\"width\":501,\"height\":121,\"caption\":\"Tribuna da Praia\"},\"image\":{\"@id\":\"https:\/\/tribunadapraia.com.br\/#logo\"}},{\"@type\":\"WebSite\",\"@id\":\"https:\/\/tribunadapraia.com.br\/#website\",\"url\":\"https:\/\/tribunadapraia.com.br\/\",\"name\":\"TRIBUNA DA PRAIA\",\"description\":\"O 1\\u00ba jornal do interior de Sergipe na internet\",\"publisher\":{\"@id\":\"https:\/\/tribunadapraia.com.br\/#organization\"},\"potentialAction\":[{\"@type\":\"SearchAction\",\"target\":\"https:\/\/tribunadapraia.com.br\/?s={search_term_string}\",\"query-input\":\"required name=search_term_string\"}],\"inLanguage\":\"pt-BR\"},{\"@type\":\"ImageObject\",\"@id\":\"https:\/\/tribunadapraia.com.br\/?p=1648#primaryimage\",\"inLanguage\":\"pt-BR\",\"url\":\"https:\/\/tribunadapraia.com.br\/wp-content\/uploads\/2020\/08\/IMG-20200821-WA0000.jpg\",\"contentUrl\":\"https:\/\/tribunadapraia.com.br\/wp-content\/uploads\/2020\/08\/IMG-20200821-WA0000.jpg\",\"width\":540,\"height\":492},{\"@type\":\"WebPage\",\"@id\":\"https:\/\/tribunadapraia.com.br\/?p=1648#webpage\",\"url\":\"https:\/\/tribunadapraia.com.br\/?p=1648\",\"name\":\"Artigo: A escalada da barb\\u00e1rie em Sergipe. - TRIBUNA DA PRAIA\",\"isPartOf\":{\"@id\":\"https:\/\/tribunadapraia.com.br\/#website\"},\"primaryImageOfPage\":{\"@id\":\"https:\/\/tribunadapraia.com.br\/?p=1648#primaryimage\"},\"datePublished\":\"2020-08-21T08:05:59+00:00\",\"dateModified\":\"2020-08-22T23:57:50+00:00\",\"breadcrumb\":{\"@id\":\"https:\/\/tribunadapraia.com.br\/?p=1648#breadcrumb\"},\"inLanguage\":\"pt-BR\",\"potentialAction\":[{\"@type\":\"ReadAction\",\"target\":[\"https:\/\/tribunadapraia.com.br\/?p=1648\"]}]},{\"@type\":\"BreadcrumbList\",\"@id\":\"https:\/\/tribunadapraia.com.br\/?p=1648#breadcrumb\",\"itemListElement\":[{\"@type\":\"ListItem\",\"position\":1,\"item\":{\"@type\":\"WebPage\",\"@id\":\"https:\/\/tribunadapraia.com.br\/\",\"url\":\"https:\/\/tribunadapraia.com.br\/\",\"name\":\"In\\u00edcio\"}},{\"@type\":\"ListItem\",\"position\":2,\"item\":{\"@id\":\"https:\/\/tribunadapraia.com.br\/?p=1648#webpage\"}}]},{\"@type\":\"Article\",\"@id\":\"https:\/\/tribunadapraia.com.br\/?p=1648#article\",\"isPartOf\":{\"@id\":\"https:\/\/tribunadapraia.com.br\/?p=1648#webpage\"},\"author\":{\"@id\":\"https:\/\/tribunadapraia.com.br\/#\/schema\/person\/326b0a9f3163b479142c64eba4928de0\"},\"headline\":\"Artigo: A escalada da barb\\u00e1rie em Sergipe.\",\"datePublished\":\"2020-08-21T08:05:59+00:00\",\"dateModified\":\"2020-08-22T23:57:50+00:00\",\"mainEntityOfPage\":{\"@id\":\"https:\/\/tribunadapraia.com.br\/?p=1648#webpage\"},\"wordCount\":1731,\"commentCount\":1,\"publisher\":{\"@id\":\"https:\/\/tribunadapraia.com.br\/#organization\"},\"image\":{\"@id\":\"https:\/\/tribunadapraia.com.br\/?p=1648#primaryimage\"},\"thumbnailUrl\":\"https:\/\/tribunadapraia.com.br\/wp-content\/uploads\/2020\/08\/IMG-20200821-WA0000.jpg\",\"articleSection\":[\"Not\\u00edcias\"],\"inLanguage\":\"pt-BR\",\"potentialAction\":[{\"@type\":\"CommentAction\",\"name\":\"Comment\",\"target\":[\"https:\/\/tribunadapraia.com.br\/?p=1648#respond\"]}]},{\"@type\":\"Person\",\"@id\":\"https:\/\/tribunadapraia.com.br\/#\/schema\/person\/326b0a9f3163b479142c64eba4928de0\",\"name\":\"tribunadapraia\",\"image\":{\"@type\":\"ImageObject\",\"@id\":\"https:\/\/tribunadapraia.com.br\/#personlogo\",\"inLanguage\":\"pt-BR\",\"url\":\"https:\/\/secure.gravatar.com\/avatar\/38b019c74762496076b7355024a0dad9?s=96&d=identicon&r=g\",\"contentUrl\":\"https:\/\/secure.gravatar.com\/avatar\/38b019c74762496076b7355024a0dad9?s=96&d=identicon&r=g\",\"caption\":\"tribunadapraia\"}}]}<\/script>\n<!-- \/ Yoast SEO plugin. -->","wps_subtitle":"","_links":{"self":[{"href":"https:\/\/tribunadapraia.com.br\/index.php?rest_route=\/wp\/v2\/posts\/1648"}],"collection":[{"href":"https:\/\/tribunadapraia.com.br\/index.php?rest_route=\/wp\/v2\/posts"}],"about":[{"href":"https:\/\/tribunadapraia.com.br\/index.php?rest_route=\/wp\/v2\/types\/post"}],"author":[{"embeddable":true,"href":"https:\/\/tribunadapraia.com.br\/index.php?rest_route=\/wp\/v2\/users\/1"}],"replies":[{"embeddable":true,"href":"https:\/\/tribunadapraia.com.br\/index.php?rest_route=%2Fwp%2Fv2%2Fcomments&post=1648"}],"version-history":[{"count":4,"href":"https:\/\/tribunadapraia.com.br\/index.php?rest_route=\/wp\/v2\/posts\/1648\/revisions"}],"predecessor-version":[{"id":1654,"href":"https:\/\/tribunadapraia.com.br\/index.php?rest_route=\/wp\/v2\/posts\/1648\/revisions\/1654"}],"wp:featuredmedia":[{"embeddable":true,"href":"https:\/\/tribunadapraia.com.br\/index.php?rest_route=\/wp\/v2\/media\/1649"}],"wp:attachment":[{"href":"https:\/\/tribunadapraia.com.br\/index.php?rest_route=%2Fwp%2Fv2%2Fmedia&parent=1648"}],"wp:term":[{"taxonomy":"category","embeddable":true,"href":"https:\/\/tribunadapraia.com.br\/index.php?rest_route=%2Fwp%2Fv2%2Fcategories&post=1648"},{"taxonomy":"post_tag","embeddable":true,"href":"https:\/\/tribunadapraia.com.br\/index.php?rest_route=%2Fwp%2Fv2%2Ftags&post=1648"}],"curies":[{"name":"wp","href":"https:\/\/api.w.org\/{rel}","templated":true}]}}