{"id":1644,"date":"2020-08-14T01:01:31","date_gmt":"2020-08-14T04:01:31","guid":{"rendered":"https:\/\/tribunadapraia.com.br\/?p=1644"},"modified":"2020-08-14T01:01:31","modified_gmt":"2020-08-14T04:01:31","slug":"a-voz-do-povo-claudomir-herzog-fala-e-alcanca-5-mil-ouvintes-diarios-pelas-webs-radios-pomonga-serigy-e-voz-do-sao-francisco","status":"publish","type":"post","link":"https:\/\/tribunadapraia.com.br\/?p=1644","title":{"rendered":"A VOZ DO POVO: ClaudOmir Herzog fala e alcan\u00e7a 5 mil ouvintes di\u00e1rios pelas web&#8217;s r\u00e1dios Pomonga, Serigy e Voz do S\u00e3o Francisco"},"content":{"rendered":"<p>Com mais de 5 mil ouvintes\/acessos di\u00e1rios, A VOZ DO POVO se consolida como um dos mais conceituados programas radiojornal\u00edsticos da web r\u00e1dio sergipano. Apresenrado pelo comunicador popular ClaudOmir Herzog, vai ao ar atrav\u00e9s de app&#8217;s (RPCA Sergipe e RadiosNet), link&#8217;s de straining&#8217;s ou play abaixo, de segunda \u00e0 sexta, das 7 \u00e0s 8 da manh\u00e3 pelas web&#8217;s r\u00e1dios Pomonga (Barra dos Coqueiros), Serigy (Pirambu) e Voz do S\u00e3o Francisco (Propri\u00e1), emissoras da Rede Popular de Comunica\u00e7\u00e3o Alternativa de Sergipe, da qual faz parte este portal.<\/p>\n<p>por Reda\u00e7\u00e3o<\/p>\n","protected":false},"excerpt":{"rendered":"<p>Com mais de 5 mil ouvintes\/acessos di\u00e1rios, A VOZ DO POVO se consolida como um dos mais conceituados programas radiojornal\u00edsticos da web r\u00e1dio sergipano. Apresenrado pelo comunicador popular ClaudOmir Herzog, vai ao ar atrav\u00e9s de app&#8217;s (RPCA Sergipe e RadiosNet), link&#8217;s de straining&#8217;s ou play abaixo, de segunda \u00e0 sexta, das 7 \u00e0s 8 da manh\u00e3 pelas web&#8217;s r\u00e1dios Pomonga (Barra dos Coqueiros), Serigy (Pirambu) e Voz do S\u00e3o Francisco<\/p>\n","protected":false},"author":3,"featured_media":1645,"comment_status":"open","ping_status":"open","sticky":false,"template":"","format":"standard","meta":[],"categories":[18],"tags":[],"yoast_head":"<!-- This site is optimized with the Yoast SEO plugin v16.3 - https:\/\/yoast.com\/wordpress\/plugins\/seo\/ -->\n<title>A VOZ DO POVO: ClaudOmir Herzog fala e alcan\u00e7a 5 mil ouvintes di\u00e1rios pelas web&#039;s r\u00e1dios Pomonga, Serigy e Voz do S\u00e3o Francisco - TRIBUNA DA PRAIA<\/title>\n<meta name=\"robots\" content=\"index, follow, max-snippet:-1, max-image-preview:large, max-video-preview:-1\" \/>\n<link rel=\"canonical\" href=\"https:\/\/tribunadapraia.com.br\/?p=1644\" \/>\n<meta property=\"og:locale\" content=\"pt_BR\" \/>\n<meta property=\"og:type\" content=\"article\" \/>\n<meta property=\"og:title\" content=\"A VOZ DO POVO: ClaudOmir Herzog fala e alcan\u00e7a 5 mil ouvintes di\u00e1rios pelas web&#039;s r\u00e1dios Pomonga, Serigy e Voz do S\u00e3o Francisco - TRIBUNA DA PRAIA\" \/>\n<meta property=\"og:description\" content=\"Com mais de 5 mil ouvintes\/acessos di\u00e1rios, A VOZ DO POVO se consolida como um dos mais conceituados programas radiojornal\u00edsticos da web r\u00e1dio sergipano. Apresenrado pelo comunicador popular ClaudOmir Herzog, vai ao ar atrav\u00e9s de app&#8217;s (RPCA Sergipe e RadiosNet), link&#8217;s de straining&#8217;s ou play abaixo, de segunda \u00e0 sexta, das 7 \u00e0s 8 da manh\u00e3 pelas web&#8217;s r\u00e1dios Pomonga (Barra dos Coqueiros), Serigy (Pirambu) e Voz do S\u00e3o Francisco\" \/>\n<meta property=\"og:url\" content=\"https:\/\/tribunadapraia.com.br\/?p=1644\" \/>\n<meta property=\"og:site_name\" content=\"TRIBUNA DA PRAIA\" \/>\n<meta property=\"article:publisher\" content=\"https:\/\/www.facebook.com\/tribunadapraiaonline\/\" \/>\n<meta property=\"article:published_time\" content=\"2020-08-14T04:01:31+00:00\" \/>\n<meta property=\"og:image\" content=\"https:\/\/tribunadapraia.com.br\/wp-content\/uploads\/2020\/08\/IMG-20200813-WA0008.jpg\" \/>\n\t<meta property=\"og:image:width\" content=\"740\" \/>\n\t<meta property=\"og:image:height\" content=\"527\" \/>\n<meta name=\"twitter:card\" content=\"summary_large_image\" \/>\n<meta name=\"twitter:creator\" content=\"@Claudomir21\" \/>\n<meta name=\"twitter:site\" content=\"@Claudomir21\" \/>\n<script type=\"application\/ld+json\" class=\"yoast-schema-graph\">{\"@context\":\"https:\/\/schema.org\",\"@graph\":[{\"@type\":\"Organization\",\"@id\":\"https:\/\/tribunadapraia.com.br\/#organization\",\"name\":\"Tribuna da Praia\",\"url\":\"https:\/\/tribunadapraia.com.br\/\",\"sameAs\":[\"https:\/\/www.facebook.com\/tribunadapraiaonline\/\",\"https:\/\/www.instagram.com\/claudomirtavares\/\",\"https:\/\/www.youtube.com\/channel\/UCwQf80nxiMzCefAyjbp53Rw\",\"https:\/\/twitter.com\/Claudomir21\"],\"logo\":{\"@type\":\"ImageObject\",\"@id\":\"https:\/\/tribunadapraia.com.br\/#logo\",\"inLanguage\":\"pt-BR\",\"url\":\"https:\/\/tribunadapraia.com.br\/wp-content\/uploads\/2020\/02\/logo.png\",\"contentUrl\":\"https:\/\/tribunadapraia.com.br\/wp-content\/uploads\/2020\/02\/logo.png\",\"width\":501,\"height\":121,\"caption\":\"Tribuna da Praia\"},\"image\":{\"@id\":\"https:\/\/tribunadapraia.com.br\/#logo\"}},{\"@type\":\"WebSite\",\"@id\":\"https:\/\/tribunadapraia.com.br\/#website\",\"url\":\"https:\/\/tribunadapraia.com.br\/\",\"name\":\"TRIBUNA DA PRAIA\",\"description\":\"O 1\\u00ba jornal do interior de Sergipe na internet\",\"publisher\":{\"@id\":\"https:\/\/tribunadapraia.com.br\/#organization\"},\"potentialAction\":[{\"@type\":\"SearchAction\",\"target\":\"https:\/\/tribunadapraia.com.br\/?s={search_term_string}\",\"query-input\":\"required name=search_term_string\"}],\"inLanguage\":\"pt-BR\"},{\"@type\":\"ImageObject\",\"@id\":\"https:\/\/tribunadapraia.com.br\/?p=1644#primaryimage\",\"inLanguage\":\"pt-BR\",\"url\":\"https:\/\/tribunadapraia.com.br\/wp-content\/uploads\/2020\/08\/IMG-20200813-WA0008.jpg\",\"contentUrl\":\"https:\/\/tribunadapraia.com.br\/wp-content\/uploads\/2020\/08\/IMG-20200813-WA0008.jpg\",\"width\":740,\"height\":527},{\"@type\":\"WebPage\",\"@id\":\"https:\/\/tribunadapraia.com.br\/?p=1644#webpage\",\"url\":\"https:\/\/tribunadapraia.com.br\/?p=1644\",\"name\":\"A VOZ DO POVO: ClaudOmir Herzog fala e alcan\\u00e7a 5 mil ouvintes di\\u00e1rios pelas web's r\\u00e1dios Pomonga, Serigy e Voz do S\\u00e3o Francisco - TRIBUNA DA PRAIA\",\"isPartOf\":{\"@id\":\"https:\/\/tribunadapraia.com.br\/#website\"},\"primaryImageOfPage\":{\"@id\":\"https:\/\/tribunadapraia.com.br\/?p=1644#primaryimage\"},\"datePublished\":\"2020-08-14T04:01:31+00:00\",\"dateModified\":\"2020-08-14T04:01:31+00:00\",\"breadcrumb\":{\"@id\":\"https:\/\/tribunadapraia.com.br\/?p=1644#breadcrumb\"},\"inLanguage\":\"pt-BR\",\"potentialAction\":[{\"@type\":\"ReadAction\",\"target\":[\"https:\/\/tribunadapraia.com.br\/?p=1644\"]}]},{\"@type\":\"BreadcrumbList\",\"@id\":\"https:\/\/tribunadapraia.com.br\/?p=1644#breadcrumb\",\"itemListElement\":[{\"@type\":\"ListItem\",\"position\":1,\"item\":{\"@type\":\"WebPage\",\"@id\":\"https:\/\/tribunadapraia.com.br\/\",\"url\":\"https:\/\/tribunadapraia.com.br\/\",\"name\":\"In\\u00edcio\"}},{\"@type\":\"ListItem\",\"position\":2,\"item\":{\"@id\":\"https:\/\/tribunadapraia.com.br\/?p=1644#webpage\"}}]},{\"@type\":\"Article\",\"@id\":\"https:\/\/tribunadapraia.com.br\/?p=1644#article\",\"isPartOf\":{\"@id\":\"https:\/\/tribunadapraia.com.br\/?p=1644#webpage\"},\"author\":{\"@id\":\"https:\/\/tribunadapraia.com.br\/#\/schema\/person\/099fbbf59acc5895c0d7d52b4fc46c97\"},\"headline\":\"A VOZ DO POVO: ClaudOmir Herzog fala e alcan\\u00e7a 5 mil ouvintes di\\u00e1rios pelas web&#8217;s r\\u00e1dios Pomonga, Serigy e Voz do S\\u00e3o Francisco\",\"datePublished\":\"2020-08-14T04:01:31+00:00\",\"dateModified\":\"2020-08-14T04:01:31+00:00\",\"mainEntityOfPage\":{\"@id\":\"https:\/\/tribunadapraia.com.br\/?p=1644#webpage\"},\"wordCount\":119,\"commentCount\":0,\"publisher\":{\"@id\":\"https:\/\/tribunadapraia.com.br\/#organization\"},\"image\":{\"@id\":\"https:\/\/tribunadapraia.com.br\/?p=1644#primaryimage\"},\"thumbnailUrl\":\"https:\/\/tribunadapraia.com.br\/wp-content\/uploads\/2020\/08\/IMG-20200813-WA0008.jpg\",\"articleSection\":[\"Not\\u00edcias\"],\"inLanguage\":\"pt-BR\",\"potentialAction\":[{\"@type\":\"CommentAction\",\"name\":\"Comment\",\"target\":[\"https:\/\/tribunadapraia.com.br\/?p=1644#respond\"]}]},{\"@type\":\"Person\",\"@id\":\"https:\/\/tribunadapraia.com.br\/#\/schema\/person\/099fbbf59acc5895c0d7d52b4fc46c97\",\"name\":\"Reda\\u00e7\\u00e3o\",\"image\":{\"@type\":\"ImageObject\",\"@id\":\"https:\/\/tribunadapraia.com.br\/#personlogo\",\"inLanguage\":\"pt-BR\",\"url\":\"https:\/\/secure.gravatar.com\/avatar\/91c8b91d2bfd7784eac5c3e055361f64?s=96&d=identicon&r=g\",\"contentUrl\":\"https:\/\/secure.gravatar.com\/avatar\/91c8b91d2bfd7784eac5c3e055361f64?s=96&d=identicon&r=g\",\"caption\":\"Reda\\u00e7\\u00e3o\"}}]}<\/script>\n<!-- \/ Yoast SEO plugin. -->","wps_subtitle":"","_links":{"self":[{"href":"https:\/\/tribunadapraia.com.br\/index.php?rest_route=\/wp\/v2\/posts\/1644"}],"collection":[{"href":"https:\/\/tribunadapraia.com.br\/index.php?rest_route=\/wp\/v2\/posts"}],"about":[{"href":"https:\/\/tribunadapraia.com.br\/index.php?rest_route=\/wp\/v2\/types\/post"}],"author":[{"embeddable":true,"href":"https:\/\/tribunadapraia.com.br\/index.php?rest_route=\/wp\/v2\/users\/3"}],"replies":[{"embeddable":true,"href":"https:\/\/tribunadapraia.com.br\/index.php?rest_route=%2Fwp%2Fv2%2Fcomments&post=1644"}],"version-history":[{"count":1,"href":"https:\/\/tribunadapraia.com.br\/index.php?rest_route=\/wp\/v2\/posts\/1644\/revisions"}],"predecessor-version":[{"id":1646,"href":"https:\/\/tribunadapraia.com.br\/index.php?rest_route=\/wp\/v2\/posts\/1644\/revisions\/1646"}],"wp:featuredmedia":[{"embeddable":true,"href":"https:\/\/tribunadapraia.com.br\/index.php?rest_route=\/wp\/v2\/media\/1645"}],"wp:attachment":[{"href":"https:\/\/tribunadapraia.com.br\/index.php?rest_route=%2Fwp%2Fv2%2Fmedia&parent=1644"}],"wp:term":[{"taxonomy":"category","embeddable":true,"href":"https:\/\/tribunadapraia.com.br\/index.php?rest_route=%2Fwp%2Fv2%2Fcategories&post=1644"},{"taxonomy":"post_tag","embeddable":true,"href":"https:\/\/tribunadapraia.com.br\/index.php?rest_route=%2Fwp%2Fv2%2Ftags&post=1644"}],"curies":[{"name":"wp","href":"https:\/\/api.w.org\/{rel}","templated":true}]}}