{"id":1641,"date":"2020-08-14T00:10:38","date_gmt":"2020-08-14T03:10:38","guid":{"rendered":"https:\/\/tribunadapraia.com.br\/?p=1641"},"modified":"2020-08-14T00:10:38","modified_gmt":"2020-08-14T03:10:38","slug":"historiaviagem-do-imperador-dom-pedro-ii-ao-canal-do-pomonga","status":"publish","type":"post","link":"https:\/\/tribunadapraia.com.br\/?p=1641","title":{"rendered":"HIST\u00d3RIA:VIAGEM DO IMPERADOR DOM PEDRO II AO CANAL DO POMONGA"},"content":{"rendered":"<p>O Imperador Dom Pedro II esteve na Boca da Barra de Pirambu em 16 de janeiro de 1860, almo\u00e7ando no povoado Porto Grande (atualmente em ru\u00ednas) e passando de galeota em frente ao local onde atualmente se encontra o povoado Canal de S\u00e3o Sebasti\u00e3o<\/p>\n<p>H\u00e1 na Prov\u00edncia de Sergipe um Vale de excessiva fertilidade, a que est\u00e1 ligada a origem da riqueza futura da Prov\u00edncia. S\u00e3o as ub\u00e9rrimas plan\u00edcies do Japaratuba. Abrir a navega\u00e7\u00e3o desde este vale at\u00e9 a barra do Cotinguiba \u00e9 um servi\u00e7o de espantoso alcance para esta Prov\u00edncia. \u00c9 esta a obra que tem sido empreendida, e continuada por duas Administra\u00e7\u00f5es, que tem feito grandes servi\u00e7os \u00e0 Prov\u00edncia de Sergipe. Foi a Administra\u00e7\u00e3o do finado Dr. Jo\u00e3o Dabnei de Avelar Brotero, atual do Exm. Sr. Dr. Manuel da Cunha Galv\u00e3o[1].<\/p>\n<p>Temos diante dos olhos a planta desta obra util\u00edssima, sob o titulo \u2013\u201cProjeto de um canal de navega\u00e7\u00e3o entre o Rio Japaratuba, e o Rio Pomonga, estudo sob a dire\u00e7\u00e3o do Exm. Sr. Dr. Manuel da Cunha Galv\u00e3o, Presidente da Prov\u00edncia, pelo Engenheiro Civil Euz\u00e9bio Stevaux\u201d.[2]<\/p>\n<p>\u00c9 um precioso trabalho este.<\/p>\n<p>Aquela obra important\u00edssima n\u00e3o podia deixar de merecer a aten\u00e7\u00e3o de S. M. o Imperador durante sua estada em Sergipe. Zeloso como \u00e9 S. M. por tudo que diz respeito aos melhoramentos do Pa\u00eds, procura sempre a ocasi\u00e3o de por si mesmo estuda-los, examinando minuciosamente o que a eles \u00e9 concernente.<\/p>\n<p>No dia 16 de Janeiro, apesar de ter chegado de Laranjeiras a 1 hora da madrugada, \u00e0 s 5 horas da manh\u00e3 estava S. M. de p\u00e9 para ir visitar o canal do Pomonga e Japaratuba.<\/p>\n<p>\u00c0s 6 horas da manh\u00e3 saiu o Imperador do Pa\u00e7o, acompanhado de toda sua comitiva, menos o Sr. Vereador Pedreira, e o Sr. Mordomo Melo, que ficaram no Pa\u00e7o ao servi\u00e7o de S. M. a Imperatriz, e o Sr. C\u00f4nego Melo, que ficou ao lado do Sr. Dion\u00edsio Feij\u00f3, que se achava muito doente. Al\u00e9m da comitiva, acompanham a S. M. o Sr. Presidente da Prov\u00edncia, o Sr. Chefe de Policia, e muitos outros Cavalheiros, e entre os quais os dois Engenheiros ao servi\u00e7o da Prov\u00edncia. \u00c0s 6 horas da manh\u00e3 embarca para a barra dos coqueiros, donde tinha de ir por terra examinar os lugares por onde passaria o canal.<\/p>\n<p>O embarque no Aracaj\u00fa, e o desembarque na barra dos Coqueiros foi acompanhado das cerim\u00f4nias do estilo. Da barra dos Coqueiros segue S. M. para o Porto-grande, lugar que fica \u00e0 margem do Japaratuba. Da\u00ed vai at\u00e9 a barra do Japaratuba, onde chegou as 9 horas da manh\u00e3. Examinou minuciosamente este lugar, fazendo algumas perguntas sobre a profundidade do rio neste lugar, e o embara\u00e7os que existem na sa\u00edda da barra. Dali voltou para o Porto-grande, onde almo\u00e7ou em casa do Sr. G\u00f3es. Neste lugar ouviu S. M. os pobres, e as pessoas que o procuravam para ter a honra de beijar-lhe a m\u00e3o. A\u00ed foram recitadas estas palavras:<\/p>\n<p>\u201cSENHOR. \u2013retumbando em nossos peitos harmoniosos c\u00e2nticos de louvor em A\u00e7\u00e3o de Gra\u00e7as ao Alt\u00edssimo que revelou a imperial visita dos Anjos Tutelares do Brasil \u00e0s Prov\u00edncias do Norte, entre as quais tocou por sorte ter a honra de ser agraciada a de Sergipe de que somos natos; e faltando-nos os necess\u00e1rios meios de podermos exprimir nosso pensamento do Solene Ato de Benefic\u00eancia praticado por Vossas Majestades Imperiais, que sol\u00edcitos em promover o bem \u00e0 seus Vassalos, n\u00e3o hesitar\u00e3o entregarem-se aos inc\u00f4modos de uma viagem, felizmente passando hoje neste porto, valemo-nos da d\u00e9bil pena com que apenas assinamos nossos pobres nomes, para manifestar a Vossas Majestades Imperiais, quanto submissos somos aos degraus excelso Trono, e quanto desejo temos hoje mais que nunca de possuirmos bens de fortuna consider\u00e1vel que nos coadjuvassem a apresentar neste encontro memor\u00e1vel um aparatoso ato de mem\u00f3ria digno de apre\u00e7o em sauda\u00e7\u00e3o e louvor de Vossa Majestade Imperial., da Soberana Imperatriz c\u00e2ndida M\u00e3e do Brasil, dos Augustos Pr\u00edncipes Preciosos Frutos desse Imperial Consorcio, que igualmente felicitamos, e por quem rogamos, a Vossas Majestades Imperiais, queiram aceitar o cordial afeto nascido dos nossos cora\u00e7\u00f5es todos os brasileiros, todos amantes de seu \u00cdnclito Monarca, e de toda Prole Imperial, a quem Deus guarde por s\u00e9culos infinitos.<\/p>\n<p>Senhor, se as opulentas Cidades, Vilas e Povoa\u00e7\u00f5es apresentaram aquela grandeza pr\u00f3pria em festejo das Magn\u00e2nimas Pessoas de Vossas Majestades Imperiais, que vos pode Senhor, oferecer uma terra isolada, uma malfadada Freguesia despojada de seus antigos foros como o Socorro!<\/p>\n<p>Ah! Senhor, os seus habitantes apresentam muito mais em ades\u00e3o e respeito a Vossas Majestades Imperiais; sua humildade e seu pr\u00f3prio sangue, seus firmes cora\u00e7\u00f5es que \u00e9 mais que tudo, n\u00e3o tem mais que ofertarem, d\u00e3o quanto podem: Aceitai Senhor, Aceitai.<\/p>\n<p>Porto-grande do Socorro 15 de Janeiro de 1860. \u2013\u201cJos\u00e9 Felipe de Ara\u00fajo Pinto, por si seus parentes e amigos.\u201d.<\/p>\n<p>\u00c0s 11 \u00bd horas[3] embarcou S. M. na galeota, acompanhado do Sr. Engenheiro Pirro, que levava a planta do Pomonga e Japaratuba, e o projeto de canaliza\u00e7\u00e3o feito pelo Sr. Stevaux, de que acima damos noticia.<\/p>\n<p>Na galeota percorreu S. M. todo o canal existente entre o Pomonga e Japaratuba, fazendo minuciosas reflex\u00f5es a respeito da dire\u00e7\u00e3o deste canal, e comparando-a com a do outro projetado. J\u00e1 no Pomonga, no lugar denominado Angelim entrou S. M. no Piraj\u00e1, para onde se passou com a sua comitiva, dirigindo\u2013se ao Aracaj\u00fa, onde desembarcou as 6 horas da tarde.<\/p>\n<p>Ao desembarcar foi recebido pela comiss\u00e3o do Aracaju, e por grande numero de Cidad\u00e3os que aflu\u00edam a saudar S. M. no meio de vivas.<\/p>\n<p>Foi uma das viagens mais inc\u00f4modas para o Imperador. Possa a visita imperial a estes lugares servir de incentivo aos representantes da Prov\u00edncia para empenharem seus esfor\u00e7os a fim de darem todo o adiantamento a esta obra, fazendo convergir para ela os recursos da Prov\u00edncia de Sergipe.[4]<\/p>\n<p>Fonte imensa de riqueza, esta obra pagar\u00e1 no futuro com usura todas as despesas que por hora s\u00e3o de urgente necessidade para levar a efeito o novo plano de canaliza\u00e7\u00e3o entre o rio Pomonga e Japaratuba.<\/p>\n<p>Bibliografia<\/p>\n<p>SANTOS, Luiz \u00c1lvares do. Viagem Imperial a Prov\u00edncia de Sergipe. 2\u00aa Ed. Revisada e Anotada. (Introdu\u00e7\u00e3o e notas de Luiz Ant\u00f4nio Barreto). Aracaju: Degrase, 2005. pp 163-206. (No Prelo)<\/p>\n<p>Notas:<br \/>\n[1] Matem\u00e1tico, presidiu Sergipe de 7 de mar\u00e7o de1859 a 15 de agosto de1860<\/p>\n<p>[2] Um dos engenheiros contratados pela Prov\u00edncia, fez a planta do Canal do Pomonga..<\/p>\n<p>[3] 11:15h.<\/p>\n<p>[4] Havia um plano para ligar os ritos sergipanos, do S\u00e3o Francisco ao Real, atrav\u00e9s de canais.<\/p>\n","protected":false},"excerpt":{"rendered":"<p>O Imperador Dom Pedro II esteve na Boca da Barra de Pirambu em 16 de janeiro de 1860, almo\u00e7ando no povoado Porto Grande (atualmente em ru\u00ednas) e passando de galeota em frente ao local onde atualmente se encontra o povoado Canal de S\u00e3o Sebasti\u00e3o H\u00e1 na Prov\u00edncia de Sergipe um Vale de excessiva fertilidade, a que est\u00e1 ligada a origem da riqueza futura da Prov\u00edncia. S\u00e3o as ub\u00e9rrimas plan\u00edcies do<\/p>\n","protected":false},"author":3,"featured_media":1642,"comment_status":"open","ping_status":"open","sticky":false,"template":"","format":"standard","meta":[],"categories":[18],"tags":[],"yoast_head":"<!-- This site is optimized with the Yoast SEO plugin v16.3 - https:\/\/yoast.com\/wordpress\/plugins\/seo\/ -->\n<title>HIST\u00d3RIA:VIAGEM DO IMPERADOR DOM PEDRO II AO CANAL DO POMONGA - TRIBUNA DA PRAIA<\/title>\n<meta name=\"robots\" content=\"index, follow, max-snippet:-1, max-image-preview:large, max-video-preview:-1\" \/>\n<link rel=\"canonical\" href=\"https:\/\/tribunadapraia.com.br\/?p=1641\" \/>\n<meta property=\"og:locale\" content=\"pt_BR\" \/>\n<meta property=\"og:type\" content=\"article\" \/>\n<meta property=\"og:title\" content=\"HIST\u00d3RIA:VIAGEM DO IMPERADOR DOM PEDRO II AO CANAL DO POMONGA - TRIBUNA DA PRAIA\" \/>\n<meta property=\"og:description\" content=\"O Imperador Dom Pedro II esteve na Boca da Barra de Pirambu em 16 de janeiro de 1860, almo\u00e7ando no povoado Porto Grande (atualmente em ru\u00ednas) e passando de galeota em frente ao local onde atualmente se encontra o povoado Canal de S\u00e3o Sebasti\u00e3o H\u00e1 na Prov\u00edncia de Sergipe um Vale de excessiva fertilidade, a que est\u00e1 ligada a origem da riqueza futura da Prov\u00edncia. S\u00e3o as ub\u00e9rrimas plan\u00edcies do\" \/>\n<meta property=\"og:url\" content=\"https:\/\/tribunadapraia.com.br\/?p=1641\" \/>\n<meta property=\"og:site_name\" content=\"TRIBUNA DA PRAIA\" \/>\n<meta property=\"article:publisher\" content=\"https:\/\/www.facebook.com\/tribunadapraiaonline\/\" \/>\n<meta property=\"article:published_time\" content=\"2020-08-14T03:10:38+00:00\" \/>\n<meta property=\"og:image\" content=\"https:\/\/tribunadapraia.com.br\/wp-content\/uploads\/2020\/08\/IMG-20200814-WA0000.jpg\" \/>\n\t<meta property=\"og:image:width\" content=\"268\" \/>\n\t<meta property=\"og:image:height\" content=\"201\" \/>\n<meta name=\"twitter:card\" content=\"summary_large_image\" \/>\n<meta name=\"twitter:creator\" content=\"@Claudomir21\" \/>\n<meta name=\"twitter:site\" content=\"@Claudomir21\" \/>\n<meta name=\"twitter:label1\" content=\"Est. tempo de leitura\">\n\t<meta name=\"twitter:data1\" content=\"6 minutos\">\n<script type=\"application\/ld+json\" class=\"yoast-schema-graph\">{\"@context\":\"https:\/\/schema.org\",\"@graph\":[{\"@type\":\"Organization\",\"@id\":\"https:\/\/tribunadapraia.com.br\/#organization\",\"name\":\"Tribuna da Praia\",\"url\":\"https:\/\/tribunadapraia.com.br\/\",\"sameAs\":[\"https:\/\/www.facebook.com\/tribunadapraiaonline\/\",\"https:\/\/www.instagram.com\/claudomirtavares\/\",\"https:\/\/www.youtube.com\/channel\/UCwQf80nxiMzCefAyjbp53Rw\",\"https:\/\/twitter.com\/Claudomir21\"],\"logo\":{\"@type\":\"ImageObject\",\"@id\":\"https:\/\/tribunadapraia.com.br\/#logo\",\"inLanguage\":\"pt-BR\",\"url\":\"https:\/\/tribunadapraia.com.br\/wp-content\/uploads\/2020\/02\/logo.png\",\"contentUrl\":\"https:\/\/tribunadapraia.com.br\/wp-content\/uploads\/2020\/02\/logo.png\",\"width\":501,\"height\":121,\"caption\":\"Tribuna da Praia\"},\"image\":{\"@id\":\"https:\/\/tribunadapraia.com.br\/#logo\"}},{\"@type\":\"WebSite\",\"@id\":\"https:\/\/tribunadapraia.com.br\/#website\",\"url\":\"https:\/\/tribunadapraia.com.br\/\",\"name\":\"TRIBUNA DA PRAIA\",\"description\":\"O 1\\u00ba jornal do interior de Sergipe na internet\",\"publisher\":{\"@id\":\"https:\/\/tribunadapraia.com.br\/#organization\"},\"potentialAction\":[{\"@type\":\"SearchAction\",\"target\":\"https:\/\/tribunadapraia.com.br\/?s={search_term_string}\",\"query-input\":\"required name=search_term_string\"}],\"inLanguage\":\"pt-BR\"},{\"@type\":\"ImageObject\",\"@id\":\"https:\/\/tribunadapraia.com.br\/?p=1641#primaryimage\",\"inLanguage\":\"pt-BR\",\"url\":\"https:\/\/tribunadapraia.com.br\/wp-content\/uploads\/2020\/08\/IMG-20200814-WA0000.jpg\",\"contentUrl\":\"https:\/\/tribunadapraia.com.br\/wp-content\/uploads\/2020\/08\/IMG-20200814-WA0000.jpg\",\"width\":268,\"height\":201},{\"@type\":\"WebPage\",\"@id\":\"https:\/\/tribunadapraia.com.br\/?p=1641#webpage\",\"url\":\"https:\/\/tribunadapraia.com.br\/?p=1641\",\"name\":\"HIST\\u00d3RIA:VIAGEM DO IMPERADOR DOM PEDRO II AO CANAL DO POMONGA - TRIBUNA DA PRAIA\",\"isPartOf\":{\"@id\":\"https:\/\/tribunadapraia.com.br\/#website\"},\"primaryImageOfPage\":{\"@id\":\"https:\/\/tribunadapraia.com.br\/?p=1641#primaryimage\"},\"datePublished\":\"2020-08-14T03:10:38+00:00\",\"dateModified\":\"2020-08-14T03:10:38+00:00\",\"breadcrumb\":{\"@id\":\"https:\/\/tribunadapraia.com.br\/?p=1641#breadcrumb\"},\"inLanguage\":\"pt-BR\",\"potentialAction\":[{\"@type\":\"ReadAction\",\"target\":[\"https:\/\/tribunadapraia.com.br\/?p=1641\"]}]},{\"@type\":\"BreadcrumbList\",\"@id\":\"https:\/\/tribunadapraia.com.br\/?p=1641#breadcrumb\",\"itemListElement\":[{\"@type\":\"ListItem\",\"position\":1,\"item\":{\"@type\":\"WebPage\",\"@id\":\"https:\/\/tribunadapraia.com.br\/\",\"url\":\"https:\/\/tribunadapraia.com.br\/\",\"name\":\"In\\u00edcio\"}},{\"@type\":\"ListItem\",\"position\":2,\"item\":{\"@id\":\"https:\/\/tribunadapraia.com.br\/?p=1641#webpage\"}}]},{\"@type\":\"Article\",\"@id\":\"https:\/\/tribunadapraia.com.br\/?p=1641#article\",\"isPartOf\":{\"@id\":\"https:\/\/tribunadapraia.com.br\/?p=1641#webpage\"},\"author\":{\"@id\":\"https:\/\/tribunadapraia.com.br\/#\/schema\/person\/099fbbf59acc5895c0d7d52b4fc46c97\"},\"headline\":\"HIST\\u00d3RIA:VIAGEM DO IMPERADOR DOM PEDRO II AO CANAL DO POMONGA\",\"datePublished\":\"2020-08-14T03:10:38+00:00\",\"dateModified\":\"2020-08-14T03:10:38+00:00\",\"mainEntityOfPage\":{\"@id\":\"https:\/\/tribunadapraia.com.br\/?p=1641#webpage\"},\"wordCount\":1157,\"commentCount\":0,\"publisher\":{\"@id\":\"https:\/\/tribunadapraia.com.br\/#organization\"},\"image\":{\"@id\":\"https:\/\/tribunadapraia.com.br\/?p=1641#primaryimage\"},\"thumbnailUrl\":\"https:\/\/tribunadapraia.com.br\/wp-content\/uploads\/2020\/08\/IMG-20200814-WA0000.jpg\",\"articleSection\":[\"Not\\u00edcias\"],\"inLanguage\":\"pt-BR\",\"potentialAction\":[{\"@type\":\"CommentAction\",\"name\":\"Comment\",\"target\":[\"https:\/\/tribunadapraia.com.br\/?p=1641#respond\"]}]},{\"@type\":\"Person\",\"@id\":\"https:\/\/tribunadapraia.com.br\/#\/schema\/person\/099fbbf59acc5895c0d7d52b4fc46c97\",\"name\":\"Reda\\u00e7\\u00e3o\",\"image\":{\"@type\":\"ImageObject\",\"@id\":\"https:\/\/tribunadapraia.com.br\/#personlogo\",\"inLanguage\":\"pt-BR\",\"url\":\"https:\/\/secure.gravatar.com\/avatar\/91c8b91d2bfd7784eac5c3e055361f64?s=96&d=identicon&r=g\",\"contentUrl\":\"https:\/\/secure.gravatar.com\/avatar\/91c8b91d2bfd7784eac5c3e055361f64?s=96&d=identicon&r=g\",\"caption\":\"Reda\\u00e7\\u00e3o\"}}]}<\/script>\n<!-- \/ Yoast SEO plugin. -->","wps_subtitle":"","_links":{"self":[{"href":"https:\/\/tribunadapraia.com.br\/index.php?rest_route=\/wp\/v2\/posts\/1641"}],"collection":[{"href":"https:\/\/tribunadapraia.com.br\/index.php?rest_route=\/wp\/v2\/posts"}],"about":[{"href":"https:\/\/tribunadapraia.com.br\/index.php?rest_route=\/wp\/v2\/types\/post"}],"author":[{"embeddable":true,"href":"https:\/\/tribunadapraia.com.br\/index.php?rest_route=\/wp\/v2\/users\/3"}],"replies":[{"embeddable":true,"href":"https:\/\/tribunadapraia.com.br\/index.php?rest_route=%2Fwp%2Fv2%2Fcomments&post=1641"}],"version-history":[{"count":1,"href":"https:\/\/tribunadapraia.com.br\/index.php?rest_route=\/wp\/v2\/posts\/1641\/revisions"}],"predecessor-version":[{"id":1643,"href":"https:\/\/tribunadapraia.com.br\/index.php?rest_route=\/wp\/v2\/posts\/1641\/revisions\/1643"}],"wp:featuredmedia":[{"embeddable":true,"href":"https:\/\/tribunadapraia.com.br\/index.php?rest_route=\/wp\/v2\/media\/1642"}],"wp:attachment":[{"href":"https:\/\/tribunadapraia.com.br\/index.php?rest_route=%2Fwp%2Fv2%2Fmedia&parent=1641"}],"wp:term":[{"taxonomy":"category","embeddable":true,"href":"https:\/\/tribunadapraia.com.br\/index.php?rest_route=%2Fwp%2Fv2%2Fcategories&post=1641"},{"taxonomy":"post_tag","embeddable":true,"href":"https:\/\/tribunadapraia.com.br\/index.php?rest_route=%2Fwp%2Fv2%2Ftags&post=1641"}],"curies":[{"name":"wp","href":"https:\/\/api.w.org\/{rel}","templated":true}]}}