{"id":1638,"date":"2020-08-14T00:01:04","date_gmt":"2020-08-14T03:01:04","guid":{"rendered":"https:\/\/tribunadapraia.com.br\/?p=1638"},"modified":"2020-08-13T23:42:55","modified_gmt":"2020-08-14T02:42:55","slug":"serie-eleicoes-2020-oliveira-neto-o-embaixador-de-sao-miguel-a-voz-das-comunidades-rurais","status":"publish","type":"post","link":"https:\/\/tribunadapraia.com.br\/?p=1638","title":{"rendered":"S\u00e9rie ELEI\u00c7\u00d5ES 2020: Oliveira Neto, o embaixador de S\u00e3o Miguel, a voz das comunidades rurais"},"content":{"rendered":"<p>Sempre presente e com atua\u00e7\u00f5es marcantes em defesa do povo da zona rural do munic\u00edpio de Propri\u00e1, o radialista Oliveira Neto, t\u00eam se destacado como uma esp\u00e9cie de &#8220;embaixador dos povoados&#8221;, assim permita-me chamar, credenciando-se com legitimidade para ocupar um espa\u00e7o na C\u00e2mara de Vereadores, se colocando em defesa dessas comunidades (Alemanha, Boa Esperan\u00e7a, Brejo do Cajueiro, Coit\u00e9, Estiva, Rocinha, S\u00e3o Miguel, S\u00e3o Vicente e Santa Cruz).<\/p>\n<p>\u25a0 O grito das comunidades<\/p>\n<p>Nascido e criado no povoado Coit\u00e9, mesmo tendo morado 14 anos fora, Oliveira nunca perdeu sua humildade e identidade com seu povo. Atuante no r\u00e1dio com programas musical e esportivo, \u00e9 em sua p\u00e1gina nas redes sociais, que Oliveira Neto se tornou o grito das comunidades, sempre mostrando os problemas e cobrando os direitos e cidadania para o seu povo.<\/p>\n<p>\u25a0 A retribui\u00e7\u00e3o do povo<\/p>\n<p>Pr\u00e9 candidato a vereador pelo Republicanos, Oliveira certamente contar\u00e1 com o abra\u00e7o do povo que sempre defendeu.<\/p>\n<p>por ClaudOmir Tavares, cidad\u00e3o propriaense<\/p>\n","protected":false},"excerpt":{"rendered":"<p>Sempre presente e com atua\u00e7\u00f5es marcantes em defesa do povo da zona rural do munic\u00edpio de Propri\u00e1, o radialista Oliveira Neto, t\u00eam se destacado como uma esp\u00e9cie de &#8220;embaixador dos povoados&#8221;, assim permita-me chamar, credenciando-se com legitimidade para ocupar um espa\u00e7o na C\u00e2mara de Vereadores, se colocando em defesa dessas comunidades (Alemanha, Boa Esperan\u00e7a, Brejo do Cajueiro, Coit\u00e9, Estiva, Rocinha, S\u00e3o Miguel, S\u00e3o Vicente e Santa Cruz). \u25a0 O grito<\/p>\n","protected":false},"author":3,"featured_media":1639,"comment_status":"open","ping_status":"open","sticky":false,"template":"","format":"standard","meta":[],"categories":[18],"tags":[],"yoast_head":"<!-- This site is optimized with the Yoast SEO plugin v16.3 - https:\/\/yoast.com\/wordpress\/plugins\/seo\/ -->\n<title>S\u00e9rie ELEI\u00c7\u00d5ES 2020: Oliveira Neto, o embaixador de S\u00e3o Miguel, a voz das comunidades rurais - TRIBUNA DA PRAIA<\/title>\n<meta name=\"robots\" content=\"index, follow, max-snippet:-1, max-image-preview:large, max-video-preview:-1\" \/>\n<link rel=\"canonical\" href=\"https:\/\/tribunadapraia.com.br\/?p=1638\" \/>\n<meta property=\"og:locale\" content=\"pt_BR\" \/>\n<meta property=\"og:type\" content=\"article\" \/>\n<meta property=\"og:title\" content=\"S\u00e9rie ELEI\u00c7\u00d5ES 2020: Oliveira Neto, o embaixador de S\u00e3o Miguel, a voz das comunidades rurais - TRIBUNA DA PRAIA\" \/>\n<meta property=\"og:description\" content=\"Sempre presente e com atua\u00e7\u00f5es marcantes em defesa do povo da zona rural do munic\u00edpio de Propri\u00e1, o radialista Oliveira Neto, t\u00eam se destacado como uma esp\u00e9cie de &#8220;embaixador dos povoados&#8221;, assim permita-me chamar, credenciando-se com legitimidade para ocupar um espa\u00e7o na C\u00e2mara de Vereadores, se colocando em defesa dessas comunidades (Alemanha, Boa Esperan\u00e7a, Brejo do Cajueiro, Coit\u00e9, Estiva, Rocinha, S\u00e3o Miguel, S\u00e3o Vicente e Santa Cruz). \u25a0 O grito\" \/>\n<meta property=\"og:url\" content=\"https:\/\/tribunadapraia.com.br\/?p=1638\" \/>\n<meta property=\"og:site_name\" content=\"TRIBUNA DA PRAIA\" \/>\n<meta property=\"article:publisher\" content=\"https:\/\/www.facebook.com\/tribunadapraiaonline\/\" \/>\n<meta property=\"article:published_time\" content=\"2020-08-14T03:01:04+00:00\" \/>\n<meta property=\"article:modified_time\" content=\"2020-08-14T02:42:55+00:00\" \/>\n<meta property=\"og:image\" content=\"https:\/\/tribunadapraia.com.br\/wp-content\/uploads\/2020\/08\/IMG-20200813-WA0056.jpg\" \/>\n\t<meta property=\"og:image:width\" content=\"530\" \/>\n\t<meta property=\"og:image:height\" content=\"347\" \/>\n<meta name=\"twitter:card\" content=\"summary_large_image\" \/>\n<meta name=\"twitter:creator\" content=\"@Claudomir21\" \/>\n<meta name=\"twitter:site\" content=\"@Claudomir21\" \/>\n<meta name=\"twitter:label1\" content=\"Est. tempo de leitura\">\n\t<meta name=\"twitter:data1\" content=\"1 minuto\">\n<script type=\"application\/ld+json\" class=\"yoast-schema-graph\">{\"@context\":\"https:\/\/schema.org\",\"@graph\":[{\"@type\":\"Organization\",\"@id\":\"https:\/\/tribunadapraia.com.br\/#organization\",\"name\":\"Tribuna da Praia\",\"url\":\"https:\/\/tribunadapraia.com.br\/\",\"sameAs\":[\"https:\/\/www.facebook.com\/tribunadapraiaonline\/\",\"https:\/\/www.instagram.com\/claudomirtavares\/\",\"https:\/\/www.youtube.com\/channel\/UCwQf80nxiMzCefAyjbp53Rw\",\"https:\/\/twitter.com\/Claudomir21\"],\"logo\":{\"@type\":\"ImageObject\",\"@id\":\"https:\/\/tribunadapraia.com.br\/#logo\",\"inLanguage\":\"pt-BR\",\"url\":\"https:\/\/tribunadapraia.com.br\/wp-content\/uploads\/2020\/02\/logo.png\",\"contentUrl\":\"https:\/\/tribunadapraia.com.br\/wp-content\/uploads\/2020\/02\/logo.png\",\"width\":501,\"height\":121,\"caption\":\"Tribuna da Praia\"},\"image\":{\"@id\":\"https:\/\/tribunadapraia.com.br\/#logo\"}},{\"@type\":\"WebSite\",\"@id\":\"https:\/\/tribunadapraia.com.br\/#website\",\"url\":\"https:\/\/tribunadapraia.com.br\/\",\"name\":\"TRIBUNA DA PRAIA\",\"description\":\"O 1\\u00ba jornal do interior de Sergipe na internet\",\"publisher\":{\"@id\":\"https:\/\/tribunadapraia.com.br\/#organization\"},\"potentialAction\":[{\"@type\":\"SearchAction\",\"target\":\"https:\/\/tribunadapraia.com.br\/?s={search_term_string}\",\"query-input\":\"required name=search_term_string\"}],\"inLanguage\":\"pt-BR\"},{\"@type\":\"ImageObject\",\"@id\":\"https:\/\/tribunadapraia.com.br\/?p=1638#primaryimage\",\"inLanguage\":\"pt-BR\",\"url\":\"https:\/\/tribunadapraia.com.br\/wp-content\/uploads\/2020\/08\/IMG-20200813-WA0056.jpg\",\"contentUrl\":\"https:\/\/tribunadapraia.com.br\/wp-content\/uploads\/2020\/08\/IMG-20200813-WA0056.jpg\",\"width\":530,\"height\":347},{\"@type\":\"WebPage\",\"@id\":\"https:\/\/tribunadapraia.com.br\/?p=1638#webpage\",\"url\":\"https:\/\/tribunadapraia.com.br\/?p=1638\",\"name\":\"S\\u00e9rie ELEI\\u00c7\\u00d5ES 2020: Oliveira Neto, o embaixador de S\\u00e3o Miguel, a voz das comunidades rurais - TRIBUNA DA PRAIA\",\"isPartOf\":{\"@id\":\"https:\/\/tribunadapraia.com.br\/#website\"},\"primaryImageOfPage\":{\"@id\":\"https:\/\/tribunadapraia.com.br\/?p=1638#primaryimage\"},\"datePublished\":\"2020-08-14T03:01:04+00:00\",\"dateModified\":\"2020-08-14T02:42:55+00:00\",\"breadcrumb\":{\"@id\":\"https:\/\/tribunadapraia.com.br\/?p=1638#breadcrumb\"},\"inLanguage\":\"pt-BR\",\"potentialAction\":[{\"@type\":\"ReadAction\",\"target\":[\"https:\/\/tribunadapraia.com.br\/?p=1638\"]}]},{\"@type\":\"BreadcrumbList\",\"@id\":\"https:\/\/tribunadapraia.com.br\/?p=1638#breadcrumb\",\"itemListElement\":[{\"@type\":\"ListItem\",\"position\":1,\"item\":{\"@type\":\"WebPage\",\"@id\":\"https:\/\/tribunadapraia.com.br\/\",\"url\":\"https:\/\/tribunadapraia.com.br\/\",\"name\":\"In\\u00edcio\"}},{\"@type\":\"ListItem\",\"position\":2,\"item\":{\"@id\":\"https:\/\/tribunadapraia.com.br\/?p=1638#webpage\"}}]},{\"@type\":\"Article\",\"@id\":\"https:\/\/tribunadapraia.com.br\/?p=1638#article\",\"isPartOf\":{\"@id\":\"https:\/\/tribunadapraia.com.br\/?p=1638#webpage\"},\"author\":{\"@id\":\"https:\/\/tribunadapraia.com.br\/#\/schema\/person\/099fbbf59acc5895c0d7d52b4fc46c97\"},\"headline\":\"S\\u00e9rie ELEI\\u00c7\\u00d5ES 2020: Oliveira Neto, o embaixador de S\\u00e3o Miguel, a voz das comunidades rurais\",\"datePublished\":\"2020-08-14T03:01:04+00:00\",\"dateModified\":\"2020-08-14T02:42:55+00:00\",\"mainEntityOfPage\":{\"@id\":\"https:\/\/tribunadapraia.com.br\/?p=1638#webpage\"},\"wordCount\":186,\"commentCount\":0,\"publisher\":{\"@id\":\"https:\/\/tribunadapraia.com.br\/#organization\"},\"image\":{\"@id\":\"https:\/\/tribunadapraia.com.br\/?p=1638#primaryimage\"},\"thumbnailUrl\":\"https:\/\/tribunadapraia.com.br\/wp-content\/uploads\/2020\/08\/IMG-20200813-WA0056.jpg\",\"articleSection\":[\"Not\\u00edcias\"],\"inLanguage\":\"pt-BR\",\"potentialAction\":[{\"@type\":\"CommentAction\",\"name\":\"Comment\",\"target\":[\"https:\/\/tribunadapraia.com.br\/?p=1638#respond\"]}]},{\"@type\":\"Person\",\"@id\":\"https:\/\/tribunadapraia.com.br\/#\/schema\/person\/099fbbf59acc5895c0d7d52b4fc46c97\",\"name\":\"Reda\\u00e7\\u00e3o\",\"image\":{\"@type\":\"ImageObject\",\"@id\":\"https:\/\/tribunadapraia.com.br\/#personlogo\",\"inLanguage\":\"pt-BR\",\"url\":\"https:\/\/secure.gravatar.com\/avatar\/91c8b91d2bfd7784eac5c3e055361f64?s=96&d=identicon&r=g\",\"contentUrl\":\"https:\/\/secure.gravatar.com\/avatar\/91c8b91d2bfd7784eac5c3e055361f64?s=96&d=identicon&r=g\",\"caption\":\"Reda\\u00e7\\u00e3o\"}}]}<\/script>\n<!-- \/ Yoast SEO plugin. -->","wps_subtitle":"","_links":{"self":[{"href":"https:\/\/tribunadapraia.com.br\/index.php?rest_route=\/wp\/v2\/posts\/1638"}],"collection":[{"href":"https:\/\/tribunadapraia.com.br\/index.php?rest_route=\/wp\/v2\/posts"}],"about":[{"href":"https:\/\/tribunadapraia.com.br\/index.php?rest_route=\/wp\/v2\/types\/post"}],"author":[{"embeddable":true,"href":"https:\/\/tribunadapraia.com.br\/index.php?rest_route=\/wp\/v2\/users\/3"}],"replies":[{"embeddable":true,"href":"https:\/\/tribunadapraia.com.br\/index.php?rest_route=%2Fwp%2Fv2%2Fcomments&post=1638"}],"version-history":[{"count":1,"href":"https:\/\/tribunadapraia.com.br\/index.php?rest_route=\/wp\/v2\/posts\/1638\/revisions"}],"predecessor-version":[{"id":1640,"href":"https:\/\/tribunadapraia.com.br\/index.php?rest_route=\/wp\/v2\/posts\/1638\/revisions\/1640"}],"wp:featuredmedia":[{"embeddable":true,"href":"https:\/\/tribunadapraia.com.br\/index.php?rest_route=\/wp\/v2\/media\/1639"}],"wp:attachment":[{"href":"https:\/\/tribunadapraia.com.br\/index.php?rest_route=%2Fwp%2Fv2%2Fmedia&parent=1638"}],"wp:term":[{"taxonomy":"category","embeddable":true,"href":"https:\/\/tribunadapraia.com.br\/index.php?rest_route=%2Fwp%2Fv2%2Fcategories&post=1638"},{"taxonomy":"post_tag","embeddable":true,"href":"https:\/\/tribunadapraia.com.br\/index.php?rest_route=%2Fwp%2Fv2%2Ftags&post=1638"}],"curies":[{"name":"wp","href":"https:\/\/api.w.org\/{rel}","templated":true}]}}