{"id":1635,"date":"2020-08-13T01:19:23","date_gmt":"2020-08-13T04:19:23","guid":{"rendered":"https:\/\/tribunadapraia.com.br\/?p=1635"},"modified":"2020-08-13T01:19:23","modified_gmt":"2020-08-13T04:19:23","slug":"crimes-contra-a-humanidade-hiroshima-nagasaki-e-brasil","status":"publish","type":"post","link":"https:\/\/tribunadapraia.com.br\/?p=1635","title":{"rendered":"Crimes contra a humanidade: Hiroshima, Nagasaki e Brasil"},"content":{"rendered":"<p>Em 6 e 9 de agosto deste terr\u00edvel ano de 2020, completaram-se 75 anos do cometimento de crimes contra a humanidade perpetrados nas cidades de Hiroshima e Nagasaki.<\/p>\n<p>O Tribunal de Nuremberg julgou e condenou a altos oficiais e personalidades da Alemanha Nazista a diversas penas, de morte e de pris\u00e3o. Mas faltou um r\u00e9u em Nuremberg: o Presidente Harry Truman, dos Estados Unidos.<\/p>\n<p>Com a segunda guerra mundial nos seus estertores, em fevereiro de 1945, no Pal\u00e1cio de Livadia, em Ialta, na Crimeia, reuniram-se Franklin D. Roosevelt, Winston Churchill e Josef St\u00e1lin. Essa reuni\u00e3o passou para a hist\u00f3ria como a Confer\u00eancia de Ialta. Nela se decidiu a redemocratiza\u00e7\u00e3o da Europa, o restabelecimento de fronteiras anteriores \u00e0s conquistas nazistas e que, ap\u00f3s 90 dias da rendi\u00e7\u00e3o da Alemanha, a Uni\u00e3o Sovi\u00e9tica declararia guerra ao Jap\u00e3o e auxiliaria no esfor\u00e7o militar da invas\u00e3o daquele pa\u00eds.<\/p>\n<p>Mas, em abril de 1945, F. D. Roosevelt faleceu e foi sucedido por Harry Truman. Churchill, por sua vez, foi substitu\u00eddo por Clement Atlee, ap\u00f3s elei\u00e7\u00f5es gerais de 5 de julho do mesmo ano, no Reino Unido.<\/p>\n<p>O clima de entendimento entre as pot\u00eancias foi substitu\u00eddo pela desconfian\u00e7a rec\u00edproca, para dizer o m\u00ednimo. Era o come\u00e7o da esquentada Guerra Fria que ocorreu antes do fim da 2\u00aa GM.<\/p>\n<p>Apesar de o Jap\u00e3o estar sem condi\u00e7\u00f5es de continuar a guerra, temendo um predom\u00ednio sovi\u00e9tico na \u00e1rea a sudeste da URSS (Jap\u00e3o, Cor\u00e9ia e China), Truman se apressa a encerrar a guerra com o Jap\u00e3o de forma criminosa. Envia um ultimato, anunciando a exist\u00eancia de uma arma de excepcional capacidade destrutiva. Exigia a rendi\u00e7\u00e3o do Jap\u00e3o ou sua destrui\u00e7\u00e3o. O Jap\u00e3o n\u00e3o responde e Truman determina o lan\u00e7amento da bomba at\u00f4mica em Hiroshima.<\/p>\n<p>Nagasaki n\u00e3o estava no rol das cidades escolhidas para o lan\u00e7amento da segunda bomba. O alvo era a cidade de Kokura, mas esta n\u00e3o tinha condi\u00e7\u00f5es de visibilidade. Ent\u00e3o, em 9 de agosto de 1945, lan\u00e7ou-se a bomba em Nagasaki, uma cidade sem qualquer import\u00e2ncia militar.<\/p>\n<p>Em Hiroshima, a explos\u00e3o de 60 kg de U 235, equivalente a 12.500 toneladas de TNT, provocou a morte de 140.000 civis. O n\u00famero de sobreviventes foi superior a 300.000, que apresentaram efeitos de curto e longo termo decorrentes de doen\u00e7as provenientes da exposi\u00e7\u00e3o \u00e0 radia\u00e7\u00e3o.<\/p>\n<p>As bombas at\u00f4micas produziram efeitos arrasadores. No solo, a temperatura atingiu v\u00e1rios milh\u00f5es de graus sob o epicentro da explos\u00e3o. Num raio de 1 km, tudo foi instantaneamente vaporizado e reduzido a cinzas; at\u00e9 4 km do epicentro os pr\u00e9dios e os seres humanos sofreram combust\u00e3o instant\u00e2nea; num raio de 8 km, as pessoas sofreram queimaduras de 3\u00ba grau.<\/p>\n<p>Ap\u00f3s o calor, ocorreu uma onda de choque que provocou um efeito devastador, causado pela enorme press\u00e3o devida \u00e0 expans\u00e3o dos gases; essa onda de choque progrediu a uma velocidade de 1.000 km por hora, como se fosse um muro de ar s\u00f3lido. Ela reduziu a p\u00f3 tudo o que se encontrava num raio de dois quil\u00f4metros. Dos 90 mil pr\u00e9dios da cidade, 62 mil foram completamente destru\u00eddos.<\/p>\n<p>Um efeito ainda pouco conhecido em 1945 foi a radioatividade espalhada pela explos\u00e3o nuclear, que provocou c\u00e2ncer, leucemia e outras doen\u00e7as. Ela disseminou um terror muito maior do que outras conseq\u00fc\u00eancias, pois suas manifesta\u00e7\u00f5es s\u00f3 apareceriam dias, meses e at\u00e9 mesmo anos ap\u00f3s a explos\u00e3o.<\/p>\n<p>Atingindo, proposital e indiscriminadamente, a popula\u00e7\u00e3o civil das cidades bombardeadas, Harry Truman cometeu o crime de genoc\u00eddio, crime de guerra e contra a humanidade, mas nunca foi julgado a n\u00e3o ser pela hist\u00f3ria.<\/p>\n<p>Como justificativa desses crimes, Truman e outros americanos defensores do imperialismo, sob a hegemonia americana, afirmavam (e ainda alguns afirmam o mesmo hoje em dia) que o lan\u00e7amento das bombas nucleares em Hiroshima e Nagasaki evitou a morte de centenas de milhares de militares e civis. Isto \u00e9 uma fal\u00e1cia, pois \u00e9 imposs\u00edvel comensurar esses alegados n\u00fameros.<\/p>\n<p>Apesar dos lan\u00e7amentos criminosos, os EUA n\u00e3o intimidaram a URSS que, no mesmo dia 9 de agosto de 1945, come\u00e7ou a retomar a Manch\u00faria e, posteriormente, a invadir a as Ilhas Curilas. Em agosto de 1949, a URSS j\u00e1 possu\u00eda a bomba at\u00f4mica. Em outubro de 1949 foi proclamada a Rep\u00fablica Popular da China e em 1950 come\u00e7ou a Guerra da Cor\u00e9ia.<\/p>\n<p>Brasil<\/p>\n<p>Em 20 de julho deste ano, um membro do Supremo Tribunal Federal, o ministro Gilmar Mendes, em entrevista, afirmou que as for\u00e7as armadas brasileiras est\u00e3o em conluio com um genoc\u00eddio que estaria acontecendo no Brasil.<\/p>\n<p>\u00c9 muito importante que um membro da Suprema Corte, conhecido como algu\u00e9m politicamente conservador, use essa palavra, porque ele certamente n\u00e3o a usou por acaso. Ele \u00e9 algu\u00e9m que conhece o conceito de genoc\u00eddio, conhece a lei e n\u00e3o \u00e9 novo no mundo jur\u00eddico ou pol\u00edtico.<\/p>\n<p>Nosso infeliz desgoverno, desde o in\u00edcio da pandemia, a considerou um resfriado simples. N\u00e3o tentou salvar vidas humanas, mas reabrir a economia.<\/p>\n<p>E em agosto deste malfadado ano, atingimos a inacredit\u00e1vel cifra superior a 100 mil mortes e a mais de 3 milh\u00f5es de infectados em nosso triste pa\u00eds.<\/p>\n<p>Por outro \u00e2ngulo, n\u00e3o foram tomadas medidas sanit\u00e1rias para proteger a popula\u00e7\u00e3o ind\u00edgena brasileira.<\/p>\n<p>Na nova lei sobre a \u00e1gua, no Brasil, Bolsonaro vetou a distribui\u00e7\u00e3o de \u00e1gua pot\u00e1vel para os ind\u00edgenas.<\/p>\n<p>A pandemia de Covid-19 j\u00e1 afetou pelo menos 111 povos ind\u00edgenas, segundo o Comit\u00ea Nacional de Vida e Mem\u00f3ria Ind\u00edgenas. No balan\u00e7o do grupo, formado por l\u00edderes ind\u00edgenas, o n\u00famero total de infectados nestes grupos pelo novo coronav\u00edrus j\u00e1 atingiu 7.753 e o n\u00famero de mortes em 349.<\/p>\n<p>Al\u00e9m da pandemia, a popula\u00e7\u00e3o ind\u00edgena brasileira sofre com a queima de florestas em seus territ\u00f3rios.<\/p>\n<p>O Brasil encerrou 2019 com 318 mil km\u00b2 de \u00e1rea florestal consumida pelo fogo, segundo dados do Programa Queimadas, do INPE (Instituto Nacional de Pesquisas Espaciais). O n\u00famero \u00e9 quase o dobro do registrado no ano anterior: 86% superior ao de 2018 (170 mil km\u00b2). O ano passado foi o primeiro em que o INPE verificou um aumento na \u00e1rea queimada nos seis biomas brasileiros medidos em compara\u00e7\u00e3o com o per\u00edodo anterior.<\/p>\n<p>Os inc\u00eandios florestais s\u00e3o realizados por mineradores, madeireiros e propriet\u00e1rios ilegais de terras (grileiros) que exploram o agroneg\u00f3cio.<\/p>\n<p>Mas, a \u201cbomba\u201d destruidora desatada no Brasil, n\u00e3o para, lamentavelmente, por a\u00ed. Segundo, o G1, da Globo, em edi\u00e7\u00e3o do dia 6 de agosto, a taxa oficial de desemprego subiu para 13,3%, atingindo 12,8 milh\u00f5es de pessoas, com a observa\u00e7\u00e3o de que o \u201cdesemprego s\u00f3 n\u00e3o foi maior porque muita gente deixou de procurar emprego\u2026\u201d<\/p>\n<p>O desgoverno brasileiro aproveita a situa\u00e7\u00e3o para \u201cpassar a boiada\u201d neoliberal, com mais privatiza\u00e7\u00f5es e reforma tribut\u00e1ria, prevendo, entre outros, um novo tipo da velha CPMF. Ou seja, na realidade, confisco de sal\u00e1rios.<\/p>\n<p>Do ponto de vista econ\u00f4mico, para sair da situa\u00e7\u00e3o em que o Pa\u00eds se encontra, o \u201cmercado\u201d precisa de aumento do consumo para girar a roda da economia. Mas como haver\u00e1 aumento do consumo se h\u00e1 uma enorme taxa de desemprego e ainda pretendem, atrav\u00e9s da nova CPMF, \u201cconfiscar\u201d sal\u00e1rios?!<\/p>\n<p>\u00c9, no m\u00ednimo, uma outra burrice, entre as tantas desse desgoverno!<\/p>\n<p>Apesar de j\u00e1 longo este texto, falemos, um pouco, sobre a noticiada nota de 200 reais, deixando de lado se deve conter a figura do lobo-guar\u00e1 ou se deve ter a do vira-lata porque isso \u00e9 uma distra\u00e7\u00e3o do problema real.<\/p>\n<p>Parece uma coisa inocente, n\u00e3o \u00e9 mesmo? Mas n\u00e3o \u00e9. Embora possa haver recolhimento de notas velhas, a introdu\u00e7\u00e3o da nota de 200 reais implica na indesejada INFLA\u00c7\u00c3O, pois aumenta o meio circulante. At\u00e9 porque a infla\u00e7\u00e3o j\u00e1 chegou antes da nota de 200 reais. O IGP-M subiu 2,2% em julho passado , no acumulado, dos 12 \u00faltimos meses, atinge 9,3%! O IPCA acumulado est\u00e1 em 4,1%.<\/p>\n<p>Ent\u00e3o, some-se o desemprego, o confisco de sal\u00e1rios e a infla\u00e7\u00e3o e o resultado ser\u00e1 aumento da pobreza e diminui\u00e7\u00e3o da classe m\u00e9dia, bem como deteriora\u00e7\u00e3o da sa\u00fade p\u00fablica.<\/p>\n<p>Assim como em Hiroshima e Nagasaki, o Brasil sofre os efeitos de uma bomba devastadora \u2013 o neoliberalismo e os governos de tend\u00eancia fascist\u00f3ide, pois s\u00f3 nesses tipos de governo \u00e9 que o neoliberalismo pode se implantar.<\/p>\n","protected":false},"excerpt":{"rendered":"<p>Em 6 e 9 de agosto deste terr\u00edvel ano de 2020, completaram-se 75 anos do cometimento de crimes contra a humanidade perpetrados nas cidades de Hiroshima e Nagasaki. O Tribunal de Nuremberg julgou e condenou a altos oficiais e personalidades da Alemanha Nazista a diversas penas, de morte e de pris\u00e3o. Mas faltou um r\u00e9u em Nuremberg: o Presidente Harry Truman, dos Estados Unidos. Com a segunda guerra mundial nos<\/p>\n","protected":false},"author":3,"featured_media":1636,"comment_status":"open","ping_status":"open","sticky":false,"template":"","format":"standard","meta":[],"categories":[18],"tags":[],"yoast_head":"<!-- This site is optimized with the Yoast SEO plugin v16.3 - https:\/\/yoast.com\/wordpress\/plugins\/seo\/ -->\n<title>Crimes contra a humanidade: Hiroshima, Nagasaki e Brasil - TRIBUNA DA PRAIA<\/title>\n<meta name=\"robots\" content=\"index, follow, max-snippet:-1, max-image-preview:large, max-video-preview:-1\" \/>\n<link rel=\"canonical\" href=\"https:\/\/tribunadapraia.com.br\/?p=1635\" \/>\n<meta property=\"og:locale\" content=\"pt_BR\" \/>\n<meta property=\"og:type\" content=\"article\" \/>\n<meta property=\"og:title\" content=\"Crimes contra a humanidade: Hiroshima, Nagasaki e Brasil - TRIBUNA DA PRAIA\" \/>\n<meta property=\"og:description\" content=\"Em 6 e 9 de agosto deste terr\u00edvel ano de 2020, completaram-se 75 anos do cometimento de crimes contra a humanidade perpetrados nas cidades de Hiroshima e Nagasaki. O Tribunal de Nuremberg julgou e condenou a altos oficiais e personalidades da Alemanha Nazista a diversas penas, de morte e de pris\u00e3o. Mas faltou um r\u00e9u em Nuremberg: o Presidente Harry Truman, dos Estados Unidos. Com a segunda guerra mundial nos\" \/>\n<meta property=\"og:url\" content=\"https:\/\/tribunadapraia.com.br\/?p=1635\" \/>\n<meta property=\"og:site_name\" content=\"TRIBUNA DA PRAIA\" \/>\n<meta property=\"article:publisher\" content=\"https:\/\/www.facebook.com\/tribunadapraiaonline\/\" \/>\n<meta property=\"article:published_time\" content=\"2020-08-13T04:19:23+00:00\" \/>\n<meta property=\"og:image\" content=\"https:\/\/tribunadapraia.com.br\/wp-content\/uploads\/2020\/08\/IMG-20200813-WA0003.jpg\" \/>\n\t<meta property=\"og:image:width\" content=\"475\" \/>\n\t<meta property=\"og:image:height\" content=\"361\" \/>\n<meta name=\"twitter:card\" content=\"summary_large_image\" \/>\n<meta name=\"twitter:creator\" content=\"@Claudomir21\" \/>\n<meta name=\"twitter:site\" content=\"@Claudomir21\" \/>\n<meta name=\"twitter:label1\" content=\"Est. tempo de leitura\">\n\t<meta name=\"twitter:data1\" content=\"7 minutos\">\n<script type=\"application\/ld+json\" class=\"yoast-schema-graph\">{\"@context\":\"https:\/\/schema.org\",\"@graph\":[{\"@type\":\"Organization\",\"@id\":\"https:\/\/tribunadapraia.com.br\/#organization\",\"name\":\"Tribuna da Praia\",\"url\":\"https:\/\/tribunadapraia.com.br\/\",\"sameAs\":[\"https:\/\/www.facebook.com\/tribunadapraiaonline\/\",\"https:\/\/www.instagram.com\/claudomirtavares\/\",\"https:\/\/www.youtube.com\/channel\/UCwQf80nxiMzCefAyjbp53Rw\",\"https:\/\/twitter.com\/Claudomir21\"],\"logo\":{\"@type\":\"ImageObject\",\"@id\":\"https:\/\/tribunadapraia.com.br\/#logo\",\"inLanguage\":\"pt-BR\",\"url\":\"https:\/\/tribunadapraia.com.br\/wp-content\/uploads\/2020\/02\/logo.png\",\"contentUrl\":\"https:\/\/tribunadapraia.com.br\/wp-content\/uploads\/2020\/02\/logo.png\",\"width\":501,\"height\":121,\"caption\":\"Tribuna da Praia\"},\"image\":{\"@id\":\"https:\/\/tribunadapraia.com.br\/#logo\"}},{\"@type\":\"WebSite\",\"@id\":\"https:\/\/tribunadapraia.com.br\/#website\",\"url\":\"https:\/\/tribunadapraia.com.br\/\",\"name\":\"TRIBUNA DA PRAIA\",\"description\":\"O 1\\u00ba jornal do interior de Sergipe na internet\",\"publisher\":{\"@id\":\"https:\/\/tribunadapraia.com.br\/#organization\"},\"potentialAction\":[{\"@type\":\"SearchAction\",\"target\":\"https:\/\/tribunadapraia.com.br\/?s={search_term_string}\",\"query-input\":\"required name=search_term_string\"}],\"inLanguage\":\"pt-BR\"},{\"@type\":\"ImageObject\",\"@id\":\"https:\/\/tribunadapraia.com.br\/?p=1635#primaryimage\",\"inLanguage\":\"pt-BR\",\"url\":\"https:\/\/tribunadapraia.com.br\/wp-content\/uploads\/2020\/08\/IMG-20200813-WA0003.jpg\",\"contentUrl\":\"https:\/\/tribunadapraia.com.br\/wp-content\/uploads\/2020\/08\/IMG-20200813-WA0003.jpg\",\"width\":475,\"height\":361},{\"@type\":\"WebPage\",\"@id\":\"https:\/\/tribunadapraia.com.br\/?p=1635#webpage\",\"url\":\"https:\/\/tribunadapraia.com.br\/?p=1635\",\"name\":\"Crimes contra a humanidade: Hiroshima, Nagasaki e Brasil - TRIBUNA DA PRAIA\",\"isPartOf\":{\"@id\":\"https:\/\/tribunadapraia.com.br\/#website\"},\"primaryImageOfPage\":{\"@id\":\"https:\/\/tribunadapraia.com.br\/?p=1635#primaryimage\"},\"datePublished\":\"2020-08-13T04:19:23+00:00\",\"dateModified\":\"2020-08-13T04:19:23+00:00\",\"breadcrumb\":{\"@id\":\"https:\/\/tribunadapraia.com.br\/?p=1635#breadcrumb\"},\"inLanguage\":\"pt-BR\",\"potentialAction\":[{\"@type\":\"ReadAction\",\"target\":[\"https:\/\/tribunadapraia.com.br\/?p=1635\"]}]},{\"@type\":\"BreadcrumbList\",\"@id\":\"https:\/\/tribunadapraia.com.br\/?p=1635#breadcrumb\",\"itemListElement\":[{\"@type\":\"ListItem\",\"position\":1,\"item\":{\"@type\":\"WebPage\",\"@id\":\"https:\/\/tribunadapraia.com.br\/\",\"url\":\"https:\/\/tribunadapraia.com.br\/\",\"name\":\"In\\u00edcio\"}},{\"@type\":\"ListItem\",\"position\":2,\"item\":{\"@id\":\"https:\/\/tribunadapraia.com.br\/?p=1635#webpage\"}}]},{\"@type\":\"Article\",\"@id\":\"https:\/\/tribunadapraia.com.br\/?p=1635#article\",\"isPartOf\":{\"@id\":\"https:\/\/tribunadapraia.com.br\/?p=1635#webpage\"},\"author\":{\"@id\":\"https:\/\/tribunadapraia.com.br\/#\/schema\/person\/099fbbf59acc5895c0d7d52b4fc46c97\"},\"headline\":\"Crimes contra a humanidade: Hiroshima, Nagasaki e Brasil\",\"datePublished\":\"2020-08-13T04:19:23+00:00\",\"dateModified\":\"2020-08-13T04:19:23+00:00\",\"mainEntityOfPage\":{\"@id\":\"https:\/\/tribunadapraia.com.br\/?p=1635#webpage\"},\"wordCount\":1448,\"commentCount\":0,\"publisher\":{\"@id\":\"https:\/\/tribunadapraia.com.br\/#organization\"},\"image\":{\"@id\":\"https:\/\/tribunadapraia.com.br\/?p=1635#primaryimage\"},\"thumbnailUrl\":\"https:\/\/tribunadapraia.com.br\/wp-content\/uploads\/2020\/08\/IMG-20200813-WA0003.jpg\",\"articleSection\":[\"Not\\u00edcias\"],\"inLanguage\":\"pt-BR\",\"potentialAction\":[{\"@type\":\"CommentAction\",\"name\":\"Comment\",\"target\":[\"https:\/\/tribunadapraia.com.br\/?p=1635#respond\"]}]},{\"@type\":\"Person\",\"@id\":\"https:\/\/tribunadapraia.com.br\/#\/schema\/person\/099fbbf59acc5895c0d7d52b4fc46c97\",\"name\":\"Reda\\u00e7\\u00e3o\",\"image\":{\"@type\":\"ImageObject\",\"@id\":\"https:\/\/tribunadapraia.com.br\/#personlogo\",\"inLanguage\":\"pt-BR\",\"url\":\"https:\/\/secure.gravatar.com\/avatar\/91c8b91d2bfd7784eac5c3e055361f64?s=96&d=identicon&r=g\",\"contentUrl\":\"https:\/\/secure.gravatar.com\/avatar\/91c8b91d2bfd7784eac5c3e055361f64?s=96&d=identicon&r=g\",\"caption\":\"Reda\\u00e7\\u00e3o\"}}]}<\/script>\n<!-- \/ Yoast SEO plugin. -->","wps_subtitle":"","_links":{"self":[{"href":"https:\/\/tribunadapraia.com.br\/index.php?rest_route=\/wp\/v2\/posts\/1635"}],"collection":[{"href":"https:\/\/tribunadapraia.com.br\/index.php?rest_route=\/wp\/v2\/posts"}],"about":[{"href":"https:\/\/tribunadapraia.com.br\/index.php?rest_route=\/wp\/v2\/types\/post"}],"author":[{"embeddable":true,"href":"https:\/\/tribunadapraia.com.br\/index.php?rest_route=\/wp\/v2\/users\/3"}],"replies":[{"embeddable":true,"href":"https:\/\/tribunadapraia.com.br\/index.php?rest_route=%2Fwp%2Fv2%2Fcomments&post=1635"}],"version-history":[{"count":1,"href":"https:\/\/tribunadapraia.com.br\/index.php?rest_route=\/wp\/v2\/posts\/1635\/revisions"}],"predecessor-version":[{"id":1637,"href":"https:\/\/tribunadapraia.com.br\/index.php?rest_route=\/wp\/v2\/posts\/1635\/revisions\/1637"}],"wp:featuredmedia":[{"embeddable":true,"href":"https:\/\/tribunadapraia.com.br\/index.php?rest_route=\/wp\/v2\/media\/1636"}],"wp:attachment":[{"href":"https:\/\/tribunadapraia.com.br\/index.php?rest_route=%2Fwp%2Fv2%2Fmedia&parent=1635"}],"wp:term":[{"taxonomy":"category","embeddable":true,"href":"https:\/\/tribunadapraia.com.br\/index.php?rest_route=%2Fwp%2Fv2%2Fcategories&post=1635"},{"taxonomy":"post_tag","embeddable":true,"href":"https:\/\/tribunadapraia.com.br\/index.php?rest_route=%2Fwp%2Fv2%2Ftags&post=1635"}],"curies":[{"name":"wp","href":"https:\/\/api.w.org\/{rel}","templated":true}]}}