{"id":1620,"date":"2020-08-12T02:56:05","date_gmt":"2020-08-12T05:56:05","guid":{"rendered":"https:\/\/tribunadapraia.com.br\/?p=1620"},"modified":"2020-08-12T02:56:05","modified_gmt":"2020-08-12T05:56:05","slug":"28-anos-depois-pirambu-podera-eleger-uma-vereadora-combativa-a-primeira-foi-ivania-pereira-a-vanda-2","status":"publish","type":"post","link":"https:\/\/tribunadapraia.com.br\/?p=1620","title":{"rendered":"28 ANOS DEPOIS: Pirambu poder\u00e1 eleger uma vereadora combativa &#8211; a primeira foi Iv\u00e2nia Pereira, a Vanda"},"content":{"rendered":"<p>Em 1988 a sindicalista Iv\u00e2nia Pereira, a Vanda (PCdoB) foi eleita a primeira e mais combativa vereadora de Pirambu, cujo mandato produtivo, em sintonia com as causas populares, 28 anos depois de encerrado, ainda n\u00e3o teve paralelo em nossa hist\u00f3ria pol\u00edtica. Nascida em 24 de agosto de 1982, Jucileide Tavares era uma crian\u00e7a e j\u00e1 acompanhava as &#8220;pegadas&#8221; da atuante parlamentar, prima consangu\u00ednea em terceiro grau e com seu exemplo, trajet\u00f3ria inspiradora e estimulada por uma legi\u00e3o de apoiadores (jovens, mulheres, donas de casa. minorias, trabalhadores, ativistas culturais, ambientalistas, a professora, sindicalista e antenada cidad\u00e3, \u00e9 pr\u00e9-candidata a vereadora pelo PT e caso seja eleita, devolver\u00e1, 28 anos depois, a combatividade que tem sido ausente no Parlamento Municipal j\u00e1 algum tempo.<\/p>\n<p>por ClaudOmir Hetzog<\/p>\n","protected":false},"excerpt":{"rendered":"<p>Em 1988 a sindicalista Iv\u00e2nia Pereira, a Vanda (PCdoB) foi eleita a primeira e mais combativa vereadora de Pirambu, cujo mandato produtivo, em sintonia com as causas populares, 28 anos depois de encerrado, ainda n\u00e3o teve paralelo em nossa hist\u00f3ria pol\u00edtica. Nascida em 24 de agosto de 1982, Jucileide Tavares era uma crian\u00e7a e j\u00e1 acompanhava as &#8220;pegadas&#8221; da atuante parlamentar, prima consangu\u00ednea em terceiro grau e com seu exemplo,<\/p>\n","protected":false},"author":3,"featured_media":1621,"comment_status":"open","ping_status":"open","sticky":false,"template":"","format":"standard","meta":[],"categories":[18],"tags":[],"yoast_head":"<!-- This site is optimized with the Yoast SEO plugin v16.3 - https:\/\/yoast.com\/wordpress\/plugins\/seo\/ -->\n<title>28 ANOS DEPOIS: Pirambu poder\u00e1 eleger uma vereadora combativa - a primeira foi Iv\u00e2nia Pereira, a Vanda - TRIBUNA DA PRAIA<\/title>\n<meta name=\"robots\" content=\"index, follow, max-snippet:-1, max-image-preview:large, max-video-preview:-1\" \/>\n<link rel=\"canonical\" href=\"https:\/\/tribunadapraia.com.br\/?p=1620\" \/>\n<meta property=\"og:locale\" content=\"pt_BR\" \/>\n<meta property=\"og:type\" content=\"article\" \/>\n<meta property=\"og:title\" content=\"28 ANOS DEPOIS: Pirambu poder\u00e1 eleger uma vereadora combativa - a primeira foi Iv\u00e2nia Pereira, a Vanda - TRIBUNA DA PRAIA\" \/>\n<meta property=\"og:description\" content=\"Em 1988 a sindicalista Iv\u00e2nia Pereira, a Vanda (PCdoB) foi eleita a primeira e mais combativa vereadora de Pirambu, cujo mandato produtivo, em sintonia com as causas populares, 28 anos depois de encerrado, ainda n\u00e3o teve paralelo em nossa hist\u00f3ria pol\u00edtica. Nascida em 24 de agosto de 1982, Jucileide Tavares era uma crian\u00e7a e j\u00e1 acompanhava as &#8220;pegadas&#8221; da atuante parlamentar, prima consangu\u00ednea em terceiro grau e com seu exemplo,\" \/>\n<meta property=\"og:url\" content=\"https:\/\/tribunadapraia.com.br\/?p=1620\" \/>\n<meta property=\"og:site_name\" content=\"TRIBUNA DA PRAIA\" \/>\n<meta property=\"article:publisher\" content=\"https:\/\/www.facebook.com\/tribunadapraiaonline\/\" \/>\n<meta property=\"article:published_time\" content=\"2020-08-12T05:56:05+00:00\" \/>\n<meta property=\"og:image\" content=\"https:\/\/tribunadapraia.com.br\/wp-content\/uploads\/2020\/08\/IMG-20200812-WA0003.jpg\" \/>\n\t<meta property=\"og:image:width\" content=\"540\" \/>\n\t<meta property=\"og:image:height\" content=\"540\" \/>\n<meta name=\"twitter:card\" content=\"summary_large_image\" \/>\n<meta name=\"twitter:creator\" content=\"@Claudomir21\" \/>\n<meta name=\"twitter:site\" content=\"@Claudomir21\" \/>\n<meta name=\"twitter:label1\" content=\"Est. tempo de leitura\">\n\t<meta name=\"twitter:data1\" content=\"1 minuto\">\n<script type=\"application\/ld+json\" class=\"yoast-schema-graph\">{\"@context\":\"https:\/\/schema.org\",\"@graph\":[{\"@type\":\"Organization\",\"@id\":\"https:\/\/tribunadapraia.com.br\/#organization\",\"name\":\"Tribuna da Praia\",\"url\":\"https:\/\/tribunadapraia.com.br\/\",\"sameAs\":[\"https:\/\/www.facebook.com\/tribunadapraiaonline\/\",\"https:\/\/www.instagram.com\/claudomirtavares\/\",\"https:\/\/www.youtube.com\/channel\/UCwQf80nxiMzCefAyjbp53Rw\",\"https:\/\/twitter.com\/Claudomir21\"],\"logo\":{\"@type\":\"ImageObject\",\"@id\":\"https:\/\/tribunadapraia.com.br\/#logo\",\"inLanguage\":\"pt-BR\",\"url\":\"https:\/\/tribunadapraia.com.br\/wp-content\/uploads\/2020\/02\/logo.png\",\"contentUrl\":\"https:\/\/tribunadapraia.com.br\/wp-content\/uploads\/2020\/02\/logo.png\",\"width\":501,\"height\":121,\"caption\":\"Tribuna da Praia\"},\"image\":{\"@id\":\"https:\/\/tribunadapraia.com.br\/#logo\"}},{\"@type\":\"WebSite\",\"@id\":\"https:\/\/tribunadapraia.com.br\/#website\",\"url\":\"https:\/\/tribunadapraia.com.br\/\",\"name\":\"TRIBUNA DA PRAIA\",\"description\":\"O 1\\u00ba jornal do interior de Sergipe na internet\",\"publisher\":{\"@id\":\"https:\/\/tribunadapraia.com.br\/#organization\"},\"potentialAction\":[{\"@type\":\"SearchAction\",\"target\":\"https:\/\/tribunadapraia.com.br\/?s={search_term_string}\",\"query-input\":\"required name=search_term_string\"}],\"inLanguage\":\"pt-BR\"},{\"@type\":\"ImageObject\",\"@id\":\"https:\/\/tribunadapraia.com.br\/?p=1620#primaryimage\",\"inLanguage\":\"pt-BR\",\"url\":\"https:\/\/tribunadapraia.com.br\/wp-content\/uploads\/2020\/08\/IMG-20200812-WA0003.jpg\",\"contentUrl\":\"https:\/\/tribunadapraia.com.br\/wp-content\/uploads\/2020\/08\/IMG-20200812-WA0003.jpg\",\"width\":540,\"height\":540},{\"@type\":\"WebPage\",\"@id\":\"https:\/\/tribunadapraia.com.br\/?p=1620#webpage\",\"url\":\"https:\/\/tribunadapraia.com.br\/?p=1620\",\"name\":\"28 ANOS DEPOIS: Pirambu poder\\u00e1 eleger uma vereadora combativa - a primeira foi Iv\\u00e2nia Pereira, a Vanda - TRIBUNA DA PRAIA\",\"isPartOf\":{\"@id\":\"https:\/\/tribunadapraia.com.br\/#website\"},\"primaryImageOfPage\":{\"@id\":\"https:\/\/tribunadapraia.com.br\/?p=1620#primaryimage\"},\"datePublished\":\"2020-08-12T05:56:05+00:00\",\"dateModified\":\"2020-08-12T05:56:05+00:00\",\"breadcrumb\":{\"@id\":\"https:\/\/tribunadapraia.com.br\/?p=1620#breadcrumb\"},\"inLanguage\":\"pt-BR\",\"potentialAction\":[{\"@type\":\"ReadAction\",\"target\":[\"https:\/\/tribunadapraia.com.br\/?p=1620\"]}]},{\"@type\":\"BreadcrumbList\",\"@id\":\"https:\/\/tribunadapraia.com.br\/?p=1620#breadcrumb\",\"itemListElement\":[{\"@type\":\"ListItem\",\"position\":1,\"item\":{\"@type\":\"WebPage\",\"@id\":\"https:\/\/tribunadapraia.com.br\/\",\"url\":\"https:\/\/tribunadapraia.com.br\/\",\"name\":\"In\\u00edcio\"}},{\"@type\":\"ListItem\",\"position\":2,\"item\":{\"@id\":\"https:\/\/tribunadapraia.com.br\/?p=1620#webpage\"}}]},{\"@type\":\"Article\",\"@id\":\"https:\/\/tribunadapraia.com.br\/?p=1620#article\",\"isPartOf\":{\"@id\":\"https:\/\/tribunadapraia.com.br\/?p=1620#webpage\"},\"author\":{\"@id\":\"https:\/\/tribunadapraia.com.br\/#\/schema\/person\/099fbbf59acc5895c0d7d52b4fc46c97\"},\"headline\":\"28 ANOS DEPOIS: Pirambu poder\\u00e1 eleger uma vereadora combativa &#8211; a primeira foi Iv\\u00e2nia Pereira, a Vanda\",\"datePublished\":\"2020-08-12T05:56:05+00:00\",\"dateModified\":\"2020-08-12T05:56:05+00:00\",\"mainEntityOfPage\":{\"@id\":\"https:\/\/tribunadapraia.com.br\/?p=1620#webpage\"},\"wordCount\":144,\"commentCount\":0,\"publisher\":{\"@id\":\"https:\/\/tribunadapraia.com.br\/#organization\"},\"image\":{\"@id\":\"https:\/\/tribunadapraia.com.br\/?p=1620#primaryimage\"},\"thumbnailUrl\":\"https:\/\/tribunadapraia.com.br\/wp-content\/uploads\/2020\/08\/IMG-20200812-WA0003.jpg\",\"articleSection\":[\"Not\\u00edcias\"],\"inLanguage\":\"pt-BR\",\"potentialAction\":[{\"@type\":\"CommentAction\",\"name\":\"Comment\",\"target\":[\"https:\/\/tribunadapraia.com.br\/?p=1620#respond\"]}]},{\"@type\":\"Person\",\"@id\":\"https:\/\/tribunadapraia.com.br\/#\/schema\/person\/099fbbf59acc5895c0d7d52b4fc46c97\",\"name\":\"Reda\\u00e7\\u00e3o\",\"image\":{\"@type\":\"ImageObject\",\"@id\":\"https:\/\/tribunadapraia.com.br\/#personlogo\",\"inLanguage\":\"pt-BR\",\"url\":\"https:\/\/secure.gravatar.com\/avatar\/91c8b91d2bfd7784eac5c3e055361f64?s=96&d=identicon&r=g\",\"contentUrl\":\"https:\/\/secure.gravatar.com\/avatar\/91c8b91d2bfd7784eac5c3e055361f64?s=96&d=identicon&r=g\",\"caption\":\"Reda\\u00e7\\u00e3o\"}}]}<\/script>\n<!-- \/ Yoast SEO plugin. -->","wps_subtitle":"","_links":{"self":[{"href":"https:\/\/tribunadapraia.com.br\/index.php?rest_route=\/wp\/v2\/posts\/1620"}],"collection":[{"href":"https:\/\/tribunadapraia.com.br\/index.php?rest_route=\/wp\/v2\/posts"}],"about":[{"href":"https:\/\/tribunadapraia.com.br\/index.php?rest_route=\/wp\/v2\/types\/post"}],"author":[{"embeddable":true,"href":"https:\/\/tribunadapraia.com.br\/index.php?rest_route=\/wp\/v2\/users\/3"}],"replies":[{"embeddable":true,"href":"https:\/\/tribunadapraia.com.br\/index.php?rest_route=%2Fwp%2Fv2%2Fcomments&post=1620"}],"version-history":[{"count":1,"href":"https:\/\/tribunadapraia.com.br\/index.php?rest_route=\/wp\/v2\/posts\/1620\/revisions"}],"predecessor-version":[{"id":1622,"href":"https:\/\/tribunadapraia.com.br\/index.php?rest_route=\/wp\/v2\/posts\/1620\/revisions\/1622"}],"wp:featuredmedia":[{"embeddable":true,"href":"https:\/\/tribunadapraia.com.br\/index.php?rest_route=\/wp\/v2\/media\/1621"}],"wp:attachment":[{"href":"https:\/\/tribunadapraia.com.br\/index.php?rest_route=%2Fwp%2Fv2%2Fmedia&parent=1620"}],"wp:term":[{"taxonomy":"category","embeddable":true,"href":"https:\/\/tribunadapraia.com.br\/index.php?rest_route=%2Fwp%2Fv2%2Fcategories&post=1620"},{"taxonomy":"post_tag","embeddable":true,"href":"https:\/\/tribunadapraia.com.br\/index.php?rest_route=%2Fwp%2Fv2%2Ftags&post=1620"}],"curies":[{"name":"wp","href":"https:\/\/api.w.org\/{rel}","templated":true}]}}