{"id":1595,"date":"2020-08-08T09:18:46","date_gmt":"2020-08-08T12:18:46","guid":{"rendered":"https:\/\/tribunadapraia.com.br\/?p=1595"},"modified":"2020-08-08T09:18:46","modified_gmt":"2020-08-08T12:18:46","slug":"08-de-agosto-dia-do-orgulho-pirambuense-vamos-exercitar-nosso-sentimento-de-pertencimento","status":"publish","type":"post","link":"https:\/\/tribunadapraia.com.br\/?p=1595","title":{"rendered":"08 DE AGOSTO: Dia do orgulho pirambuense &#8211; vamos exercitar nosso sentimento de pertencimento"},"content":{"rendered":"<p>Assim como o 24 de Outubro \u00e9 o Dia da Sergipanidade, tamb\u00e9m temos nossos motivos para nos orgulhar<\/p>\n<p>At\u00e9 o ano 2011 Pirambu comemorava o 8 de agosto como sendo a data de sua emancipa\u00e7\u00e3o pol\u00edtica. Foram necess\u00e1rios muita insist\u00eancia de nossa parte e e de posse da farta documenta\u00e7\u00e3o para convencer a administra\u00e7\u00e3o municipal (luta iniciada desde o ano 2001) a fazer a revis\u00e3o hist\u00f3rica e a luz da Lei n\u00b0 1.234 de 26 de novembro de 1963, desde ent\u00e3o \u00e9 nesta data que celebramos a independ\u00eancia pol\u00edtica de Japaratuba da qual pertenc\u00edamos desde 24 de agosto de 1947.<\/p>\n<p>O 8 de agosto est\u00e1 associada \u00e0s etapas de instala\u00e7\u00e3o do munic\u00edpio de Pirambu que se deu em 1965, quando tivemos empossados os primeiros prefeito, vice-prefeito e vereadores (SILVA, Claudomir Tavares. Hist\u00f3ria de Pirambu. Pirambu: Tribuna da Praia, 2004), e sendo assim, propomos para essa data que atribuamos a ele o Dia do Orgulho Pirambuense, preservando-a n\u00e3o como mais um feriado, mas um marco a ser discutido em escolas, universo cultural e pela sociedade pirambuense.<\/p>\n<p>\u25a0 No Calend\u00e1rio Cultural<\/p>\n<p>Assim, de forma simb\u00f3lica, ele vem sendo o tema central das aulas de Sociedade &amp; Cultura desde 2016 na Escola Municipal Mario Trindade Cruz, na sede do munic\u00edpio, integranfo o Calenf\u00e1rio Cultural de Pirambu. Seria uma semelhan\u00e7a ao tratamento dado ao 24 de outubro que antes era celebrado como a Emancipa\u00e7\u00e3o Politica de Sergipe, at\u00e9 ser consolidado o 8 de agosto; data em que Dom Jo\u00e3o VI assinou o Decreto que tornava Sergipe independente da Bahia em 1820. Mas n\u00e3o abortamos o 24 de outubro do Calend\u00e1rio Cultural de nosso estado, dedicando a ele o &#8220;Dia da Sergipanidade&#8221;, tendo a historiadora Maria Th\u00e9tis Nunes (Sergipana do S\u00e9culo XX) produzido valioso \u00e1rtigo exaltando esse atributo.<\/p>\n<p>\u25a0 Somos todos\/as pirambuenses<\/p>\n<p>No nosso entendimento, pirambuense n\u00e3o \u00e9 necessariamente aquele aqui nascido ou honorificamente reconhecido pela C\u00e2mara de Vereadores, mas todos e todas que assim se identifiquem, sejam vindos do Porto Grande ou do Canal de S\u00e3o Sebasti\u00e3o (Bara dos Coqueiros), de Alagoas, Bahia, Cear\u00e1, Goi\u00e1s, Para\u00edba, Pernambuco, Piau\u00ed, Rio Grande do Norte ou de qualquer rinc\u00e3o do Brasil &#8211; e do Mundo.<\/p>\n<p>Nesta data, sejamos todos e todas pirambuenses.<\/p>\n<p>&#8212;&#8212;&#8212;-<\/p>\n<p>por Claudomir Tavares (52), Cidad\u00e3o Honor\u00e1rio de Pirambu, licenciado em Hist\u00f3ria pela UFS, professor da Escola Municipal Mario Trindade Cruz e do Col\u00e9gio Estafual Jos\u00e9 Amaral Lemos, membro da SCAP, da SOS Rio Japaratuba, do GEPEPP, do CEMARX e coordenador da RPCA Sergipe<\/p>\n","protected":false},"excerpt":{"rendered":"<p>Assim como o 24 de Outubro \u00e9 o Dia da Sergipanidade, tamb\u00e9m temos nossos motivos para nos orgulhar At\u00e9 o ano 2011 Pirambu comemorava o 8 de agosto como sendo a data de sua emancipa\u00e7\u00e3o pol\u00edtica. Foram necess\u00e1rios muita insist\u00eancia de nossa parte e e de posse da farta documenta\u00e7\u00e3o para convencer a administra\u00e7\u00e3o municipal (luta iniciada desde o ano 2001) a fazer a revis\u00e3o hist\u00f3rica e a luz da<\/p>\n","protected":false},"author":3,"featured_media":1596,"comment_status":"open","ping_status":"open","sticky":false,"template":"","format":"standard","meta":[],"categories":[18],"tags":[],"yoast_head":"<!-- This site is optimized with the Yoast SEO plugin v16.3 - https:\/\/yoast.com\/wordpress\/plugins\/seo\/ -->\n<title>08 DE AGOSTO: Dia do orgulho pirambuense - vamos exercitar nosso sentimento de pertencimento - TRIBUNA DA PRAIA<\/title>\n<meta name=\"robots\" content=\"index, follow, max-snippet:-1, max-image-preview:large, max-video-preview:-1\" \/>\n<link rel=\"canonical\" href=\"https:\/\/tribunadapraia.com.br\/?p=1595\" \/>\n<meta property=\"og:locale\" content=\"pt_BR\" \/>\n<meta property=\"og:type\" content=\"article\" \/>\n<meta property=\"og:title\" content=\"08 DE AGOSTO: Dia do orgulho pirambuense - vamos exercitar nosso sentimento de pertencimento - TRIBUNA DA PRAIA\" \/>\n<meta property=\"og:description\" content=\"Assim como o 24 de Outubro \u00e9 o Dia da Sergipanidade, tamb\u00e9m temos nossos motivos para nos orgulhar At\u00e9 o ano 2011 Pirambu comemorava o 8 de agosto como sendo a data de sua emancipa\u00e7\u00e3o pol\u00edtica. Foram necess\u00e1rios muita insist\u00eancia de nossa parte e e de posse da farta documenta\u00e7\u00e3o para convencer a administra\u00e7\u00e3o municipal (luta iniciada desde o ano 2001) a fazer a revis\u00e3o hist\u00f3rica e a luz da\" \/>\n<meta property=\"og:url\" content=\"https:\/\/tribunadapraia.com.br\/?p=1595\" \/>\n<meta property=\"og:site_name\" content=\"TRIBUNA DA PRAIA\" \/>\n<meta property=\"article:publisher\" content=\"https:\/\/www.facebook.com\/tribunadapraiaonline\/\" \/>\n<meta property=\"article:published_time\" content=\"2020-08-08T12:18:46+00:00\" \/>\n<meta property=\"og:image\" content=\"https:\/\/tribunadapraia.com.br\/wp-content\/uploads\/2020\/08\/IMG-20160808-WA0001.jpg\" \/>\n\t<meta property=\"og:image:width\" content=\"200\" \/>\n\t<meta property=\"og:image:height\" content=\"150\" \/>\n<meta name=\"twitter:card\" content=\"summary_large_image\" \/>\n<meta name=\"twitter:creator\" content=\"@Claudomir21\" \/>\n<meta name=\"twitter:site\" content=\"@Claudomir21\" \/>\n<meta name=\"twitter:label1\" content=\"Est. tempo de leitura\">\n\t<meta name=\"twitter:data1\" content=\"2 minutos\">\n<script type=\"application\/ld+json\" class=\"yoast-schema-graph\">{\"@context\":\"https:\/\/schema.org\",\"@graph\":[{\"@type\":\"Organization\",\"@id\":\"https:\/\/tribunadapraia.com.br\/#organization\",\"name\":\"Tribuna da Praia\",\"url\":\"https:\/\/tribunadapraia.com.br\/\",\"sameAs\":[\"https:\/\/www.facebook.com\/tribunadapraiaonline\/\",\"https:\/\/www.instagram.com\/claudomirtavares\/\",\"https:\/\/www.youtube.com\/channel\/UCwQf80nxiMzCefAyjbp53Rw\",\"https:\/\/twitter.com\/Claudomir21\"],\"logo\":{\"@type\":\"ImageObject\",\"@id\":\"https:\/\/tribunadapraia.com.br\/#logo\",\"inLanguage\":\"pt-BR\",\"url\":\"https:\/\/tribunadapraia.com.br\/wp-content\/uploads\/2020\/02\/logo.png\",\"contentUrl\":\"https:\/\/tribunadapraia.com.br\/wp-content\/uploads\/2020\/02\/logo.png\",\"width\":501,\"height\":121,\"caption\":\"Tribuna da Praia\"},\"image\":{\"@id\":\"https:\/\/tribunadapraia.com.br\/#logo\"}},{\"@type\":\"WebSite\",\"@id\":\"https:\/\/tribunadapraia.com.br\/#website\",\"url\":\"https:\/\/tribunadapraia.com.br\/\",\"name\":\"TRIBUNA DA PRAIA\",\"description\":\"O 1\\u00ba jornal do interior de Sergipe na internet\",\"publisher\":{\"@id\":\"https:\/\/tribunadapraia.com.br\/#organization\"},\"potentialAction\":[{\"@type\":\"SearchAction\",\"target\":\"https:\/\/tribunadapraia.com.br\/?s={search_term_string}\",\"query-input\":\"required name=search_term_string\"}],\"inLanguage\":\"pt-BR\"},{\"@type\":\"ImageObject\",\"@id\":\"https:\/\/tribunadapraia.com.br\/?p=1595#primaryimage\",\"inLanguage\":\"pt-BR\",\"url\":\"https:\/\/tribunadapraia.com.br\/wp-content\/uploads\/2020\/08\/IMG-20160808-WA0001.jpg\",\"contentUrl\":\"https:\/\/tribunadapraia.com.br\/wp-content\/uploads\/2020\/08\/IMG-20160808-WA0001.jpg\",\"width\":200,\"height\":150},{\"@type\":\"WebPage\",\"@id\":\"https:\/\/tribunadapraia.com.br\/?p=1595#webpage\",\"url\":\"https:\/\/tribunadapraia.com.br\/?p=1595\",\"name\":\"08 DE AGOSTO: Dia do orgulho pirambuense - vamos exercitar nosso sentimento de pertencimento - TRIBUNA DA PRAIA\",\"isPartOf\":{\"@id\":\"https:\/\/tribunadapraia.com.br\/#website\"},\"primaryImageOfPage\":{\"@id\":\"https:\/\/tribunadapraia.com.br\/?p=1595#primaryimage\"},\"datePublished\":\"2020-08-08T12:18:46+00:00\",\"dateModified\":\"2020-08-08T12:18:46+00:00\",\"breadcrumb\":{\"@id\":\"https:\/\/tribunadapraia.com.br\/?p=1595#breadcrumb\"},\"inLanguage\":\"pt-BR\",\"potentialAction\":[{\"@type\":\"ReadAction\",\"target\":[\"https:\/\/tribunadapraia.com.br\/?p=1595\"]}]},{\"@type\":\"BreadcrumbList\",\"@id\":\"https:\/\/tribunadapraia.com.br\/?p=1595#breadcrumb\",\"itemListElement\":[{\"@type\":\"ListItem\",\"position\":1,\"item\":{\"@type\":\"WebPage\",\"@id\":\"https:\/\/tribunadapraia.com.br\/\",\"url\":\"https:\/\/tribunadapraia.com.br\/\",\"name\":\"In\\u00edcio\"}},{\"@type\":\"ListItem\",\"position\":2,\"item\":{\"@id\":\"https:\/\/tribunadapraia.com.br\/?p=1595#webpage\"}}]},{\"@type\":\"Article\",\"@id\":\"https:\/\/tribunadapraia.com.br\/?p=1595#article\",\"isPartOf\":{\"@id\":\"https:\/\/tribunadapraia.com.br\/?p=1595#webpage\"},\"author\":{\"@id\":\"https:\/\/tribunadapraia.com.br\/#\/schema\/person\/099fbbf59acc5895c0d7d52b4fc46c97\"},\"headline\":\"08 DE AGOSTO: Dia do orgulho pirambuense &#8211; vamos exercitar nosso sentimento de pertencimento\",\"datePublished\":\"2020-08-08T12:18:46+00:00\",\"dateModified\":\"2020-08-08T12:18:46+00:00\",\"mainEntityOfPage\":{\"@id\":\"https:\/\/tribunadapraia.com.br\/?p=1595#webpage\"},\"wordCount\":439,\"commentCount\":0,\"publisher\":{\"@id\":\"https:\/\/tribunadapraia.com.br\/#organization\"},\"image\":{\"@id\":\"https:\/\/tribunadapraia.com.br\/?p=1595#primaryimage\"},\"thumbnailUrl\":\"https:\/\/tribunadapraia.com.br\/wp-content\/uploads\/2020\/08\/IMG-20160808-WA0001.jpg\",\"articleSection\":[\"Not\\u00edcias\"],\"inLanguage\":\"pt-BR\",\"potentialAction\":[{\"@type\":\"CommentAction\",\"name\":\"Comment\",\"target\":[\"https:\/\/tribunadapraia.com.br\/?p=1595#respond\"]}]},{\"@type\":\"Person\",\"@id\":\"https:\/\/tribunadapraia.com.br\/#\/schema\/person\/099fbbf59acc5895c0d7d52b4fc46c97\",\"name\":\"Reda\\u00e7\\u00e3o\",\"image\":{\"@type\":\"ImageObject\",\"@id\":\"https:\/\/tribunadapraia.com.br\/#personlogo\",\"inLanguage\":\"pt-BR\",\"url\":\"https:\/\/secure.gravatar.com\/avatar\/91c8b91d2bfd7784eac5c3e055361f64?s=96&d=identicon&r=g\",\"contentUrl\":\"https:\/\/secure.gravatar.com\/avatar\/91c8b91d2bfd7784eac5c3e055361f64?s=96&d=identicon&r=g\",\"caption\":\"Reda\\u00e7\\u00e3o\"}}]}<\/script>\n<!-- \/ Yoast SEO plugin. -->","wps_subtitle":"","_links":{"self":[{"href":"https:\/\/tribunadapraia.com.br\/index.php?rest_route=\/wp\/v2\/posts\/1595"}],"collection":[{"href":"https:\/\/tribunadapraia.com.br\/index.php?rest_route=\/wp\/v2\/posts"}],"about":[{"href":"https:\/\/tribunadapraia.com.br\/index.php?rest_route=\/wp\/v2\/types\/post"}],"author":[{"embeddable":true,"href":"https:\/\/tribunadapraia.com.br\/index.php?rest_route=\/wp\/v2\/users\/3"}],"replies":[{"embeddable":true,"href":"https:\/\/tribunadapraia.com.br\/index.php?rest_route=%2Fwp%2Fv2%2Fcomments&post=1595"}],"version-history":[{"count":1,"href":"https:\/\/tribunadapraia.com.br\/index.php?rest_route=\/wp\/v2\/posts\/1595\/revisions"}],"predecessor-version":[{"id":1597,"href":"https:\/\/tribunadapraia.com.br\/index.php?rest_route=\/wp\/v2\/posts\/1595\/revisions\/1597"}],"wp:featuredmedia":[{"embeddable":true,"href":"https:\/\/tribunadapraia.com.br\/index.php?rest_route=\/wp\/v2\/media\/1596"}],"wp:attachment":[{"href":"https:\/\/tribunadapraia.com.br\/index.php?rest_route=%2Fwp%2Fv2%2Fmedia&parent=1595"}],"wp:term":[{"taxonomy":"category","embeddable":true,"href":"https:\/\/tribunadapraia.com.br\/index.php?rest_route=%2Fwp%2Fv2%2Fcategories&post=1595"},{"taxonomy":"post_tag","embeddable":true,"href":"https:\/\/tribunadapraia.com.br\/index.php?rest_route=%2Fwp%2Fv2%2Ftags&post=1595"}],"curies":[{"name":"wp","href":"https:\/\/api.w.org\/{rel}","templated":true}]}}