{"id":1592,"date":"2020-08-06T03:13:08","date_gmt":"2020-08-06T06:13:08","guid":{"rendered":"https:\/\/tribunadapraia.com.br\/?p=1592"},"modified":"2020-08-06T03:13:08","modified_gmt":"2020-08-06T06:13:08","slug":"fique-de-olho-para-onde-vai-sergio-lima-em-pirambu","status":"publish","type":"post","link":"https:\/\/tribunadapraia.com.br\/?p=1592","title":{"rendered":"FIQUE DE OLHO: Para onde vai S\u00e9rgio Lima em Pirambu?"},"content":{"rendered":"<p>Ex-pr\u00e9-candidato a prefeito, o empres\u00e1rio e ex-vereador de Pirambu, ao se convencer que n\u00e3o tinha mais espa\u00e7o para manter seu projeto no MDB, que dever\u00e1 confirmar em conven\u00e7\u00e3o o nome de Jos\u00e9 Nilton Filho (Niltinho) como candidato a prefeito, &#8220;passou banha nos p\u00e9s&#8221; e aderiu a pr\u00e9-campanha de S\u00edlvia Cruz (PSB), n\u00e3o antes de posar para fotos ao lado dos pr\u00e9-candidatos a prefeito Cl\u00e9bio Gomes (PSD) e a vice-prefeito Elenilson D\u00e9da (PT).<\/p>\n<p>\u25cf Como um trof\u00e9u<\/p>\n<p>Sem dimensionar o potencisl pol\u00edtico e a estatura elritoral de S\u00e9rgio, o fato \u00e9 que ele est\u00e1 sendo apresentado como um trof\u00e9u, para impressionar s passionalidade da sociedade.. Nessa caso, a classifica\u00e7\u00e3o desse &#8220;campeonato eleitoral&#8221; est\u00e1 assim: 1\u00b0 Silvia (S\u00edlvia Cruz, Vado de Gago e S\u00e9rgio Lima?), 2\u00b0 Cl\u00e9bio (Cl\u00e9bio Gomrs e Elenilson D\u00e9da) e 3\u00b0 Niltinho (Nilton Filho), considerando a &#8220;distribui\u00e7\u00e3o&#8221; dos ent\u00e3o seis pr\u00e9-candidatos que se reuniram h\u00e1 pouco mais de um m\u00eas em uma resid\u00eancia da Rua Eup\u00eddio Pereira para assinsr o fracassado &#8220;pacto pela unidade&#8221;.<\/p>\n<p>\u25cf Sem tempo a perder<\/p>\n<p>Para o MDB, n\u00e3o houve defec\u00e7\u00e3o no projeto de Nilton Filho, pois o partido j\u00e1 havia definifo a chapa majorit\u00e1ria &#8220;puro-sangue&#8221;, tendo Jos\u00e9 Luiz Sandes como pr\u00e9-candidato a vice-prefeito.<\/p>\n<p>\u25cf Setia uma luta ingl\u00f3ria?<\/p>\n<p>Nas pr\u00f3ximas horas ou dias, orientado pelos caciques do partido, Cl\u00e9bio Gomrs manter\u00e1 di\u00e1logos bilsterais com Niltinho, S\u00edlvia Cruz e Vado de Gago, (ser\u00e1 que aceitaria ouvir a devolu\u00e7\u00e3o da proposta?), al\u00e9m de uma segunda rodada com S\u00e9rgio Lima que estaria &#8220;involueme&#8221;.<\/p>\n<p>\u25cf Guilherme de camarote<\/p>\n<p>Enquanto isso, o nome do vice na chapa do pre-candidato Guilhetme Melo (PL) j\u00e1 foi escolhido h\u00e1 cerca de tr\u00eas semanas, mas s\u00f3 ser\u00e1 revelado quando a heterog\u00eanea &#8220;oposi\u00e7\u00e3o&#8221; tomar uma decis\u00e3o &#8211; o nomr est\u00e1 condicionado ao n\u00famero de candidaturas que sobreviverem ao afumilamento entre 31 de agosto a 16 de setembro. Pravque pressa, ent\u00e3o?<\/p>\n<p>\u25cf A oposi\u00e7\u00e3o t\u00eam nome<\/p>\n<p>\u00danico pr\u00e9-candidato da oposi\u00e7\u00e3o em Pirambu, Ze Cl\u00e1udio da Concei\u00e7\u00e3o (PSOL) j\u00e1 t\u00eam chapa para submeter a conven\u00e7\u00e3o homologat\u00f3rua.<\/p>\n<p>&#8220;S\u00f3 sei que nada sei&#8221; (S\u00f3crates)<\/p>\n<p>por ClaudOmir Herzog (79) 99973.6883<\/p>\n","protected":false},"excerpt":{"rendered":"<p>Ex-pr\u00e9-candidato a prefeito, o empres\u00e1rio e ex-vereador de Pirambu, ao se convencer que n\u00e3o tinha mais espa\u00e7o para manter seu projeto no MDB, que dever\u00e1 confirmar em conven\u00e7\u00e3o o nome de Jos\u00e9 Nilton Filho (Niltinho) como candidato a prefeito, &#8220;passou banha nos p\u00e9s&#8221; e aderiu a pr\u00e9-campanha de S\u00edlvia Cruz (PSB), n\u00e3o antes de posar para fotos ao lado dos pr\u00e9-candidatos a prefeito Cl\u00e9bio Gomes (PSD) e a vice-prefeito Elenilson<\/p>\n","protected":false},"author":3,"featured_media":1593,"comment_status":"open","ping_status":"open","sticky":false,"template":"","format":"standard","meta":[],"categories":[18],"tags":[],"yoast_head":"<!-- This site is optimized with the Yoast SEO plugin v16.3 - https:\/\/yoast.com\/wordpress\/plugins\/seo\/ -->\n<title>FIQUE DE OLHO: Para onde vai S\u00e9rgio Lima em Pirambu? - TRIBUNA DA PRAIA<\/title>\n<meta name=\"robots\" content=\"index, follow, max-snippet:-1, max-image-preview:large, max-video-preview:-1\" \/>\n<link rel=\"canonical\" href=\"https:\/\/tribunadapraia.com.br\/?p=1592\" \/>\n<meta property=\"og:locale\" content=\"pt_BR\" \/>\n<meta property=\"og:type\" content=\"article\" \/>\n<meta property=\"og:title\" content=\"FIQUE DE OLHO: Para onde vai S\u00e9rgio Lima em Pirambu? - TRIBUNA DA PRAIA\" \/>\n<meta property=\"og:description\" content=\"Ex-pr\u00e9-candidato a prefeito, o empres\u00e1rio e ex-vereador de Pirambu, ao se convencer que n\u00e3o tinha mais espa\u00e7o para manter seu projeto no MDB, que dever\u00e1 confirmar em conven\u00e7\u00e3o o nome de Jos\u00e9 Nilton Filho (Niltinho) como candidato a prefeito, &#8220;passou banha nos p\u00e9s&#8221; e aderiu a pr\u00e9-campanha de S\u00edlvia Cruz (PSB), n\u00e3o antes de posar para fotos ao lado dos pr\u00e9-candidatos a prefeito Cl\u00e9bio Gomes (PSD) e a vice-prefeito Elenilson\" \/>\n<meta property=\"og:url\" content=\"https:\/\/tribunadapraia.com.br\/?p=1592\" \/>\n<meta property=\"og:site_name\" content=\"TRIBUNA DA PRAIA\" \/>\n<meta property=\"article:publisher\" content=\"https:\/\/www.facebook.com\/tribunadapraiaonline\/\" \/>\n<meta property=\"article:published_time\" content=\"2020-08-06T06:13:08+00:00\" \/>\n<meta property=\"og:image\" content=\"https:\/\/tribunadapraia.com.br\/wp-content\/uploads\/2020\/08\/wJeLBsGu_400x400.jpg\" \/>\n\t<meta property=\"og:image:width\" content=\"400\" \/>\n\t<meta property=\"og:image:height\" content=\"400\" \/>\n<meta name=\"twitter:card\" content=\"summary_large_image\" \/>\n<meta name=\"twitter:creator\" content=\"@Claudomir21\" \/>\n<meta name=\"twitter:site\" content=\"@Claudomir21\" \/>\n<meta name=\"twitter:label1\" content=\"Est. tempo de leitura\">\n\t<meta name=\"twitter:data1\" content=\"2 minutos\">\n<script type=\"application\/ld+json\" class=\"yoast-schema-graph\">{\"@context\":\"https:\/\/schema.org\",\"@graph\":[{\"@type\":\"Organization\",\"@id\":\"https:\/\/tribunadapraia.com.br\/#organization\",\"name\":\"Tribuna da Praia\",\"url\":\"https:\/\/tribunadapraia.com.br\/\",\"sameAs\":[\"https:\/\/www.facebook.com\/tribunadapraiaonline\/\",\"https:\/\/www.instagram.com\/claudomirtavares\/\",\"https:\/\/www.youtube.com\/channel\/UCwQf80nxiMzCefAyjbp53Rw\",\"https:\/\/twitter.com\/Claudomir21\"],\"logo\":{\"@type\":\"ImageObject\",\"@id\":\"https:\/\/tribunadapraia.com.br\/#logo\",\"inLanguage\":\"pt-BR\",\"url\":\"https:\/\/tribunadapraia.com.br\/wp-content\/uploads\/2020\/02\/logo.png\",\"contentUrl\":\"https:\/\/tribunadapraia.com.br\/wp-content\/uploads\/2020\/02\/logo.png\",\"width\":501,\"height\":121,\"caption\":\"Tribuna da Praia\"},\"image\":{\"@id\":\"https:\/\/tribunadapraia.com.br\/#logo\"}},{\"@type\":\"WebSite\",\"@id\":\"https:\/\/tribunadapraia.com.br\/#website\",\"url\":\"https:\/\/tribunadapraia.com.br\/\",\"name\":\"TRIBUNA DA PRAIA\",\"description\":\"O 1\\u00ba jornal do interior de Sergipe na internet\",\"publisher\":{\"@id\":\"https:\/\/tribunadapraia.com.br\/#organization\"},\"potentialAction\":[{\"@type\":\"SearchAction\",\"target\":\"https:\/\/tribunadapraia.com.br\/?s={search_term_string}\",\"query-input\":\"required name=search_term_string\"}],\"inLanguage\":\"pt-BR\"},{\"@type\":\"ImageObject\",\"@id\":\"https:\/\/tribunadapraia.com.br\/?p=1592#primaryimage\",\"inLanguage\":\"pt-BR\",\"url\":\"https:\/\/tribunadapraia.com.br\/wp-content\/uploads\/2020\/08\/wJeLBsGu_400x400.jpg\",\"contentUrl\":\"https:\/\/tribunadapraia.com.br\/wp-content\/uploads\/2020\/08\/wJeLBsGu_400x400.jpg\",\"width\":400,\"height\":400},{\"@type\":\"WebPage\",\"@id\":\"https:\/\/tribunadapraia.com.br\/?p=1592#webpage\",\"url\":\"https:\/\/tribunadapraia.com.br\/?p=1592\",\"name\":\"FIQUE DE OLHO: Para onde vai S\\u00e9rgio Lima em Pirambu? - TRIBUNA DA PRAIA\",\"isPartOf\":{\"@id\":\"https:\/\/tribunadapraia.com.br\/#website\"},\"primaryImageOfPage\":{\"@id\":\"https:\/\/tribunadapraia.com.br\/?p=1592#primaryimage\"},\"datePublished\":\"2020-08-06T06:13:08+00:00\",\"dateModified\":\"2020-08-06T06:13:08+00:00\",\"breadcrumb\":{\"@id\":\"https:\/\/tribunadapraia.com.br\/?p=1592#breadcrumb\"},\"inLanguage\":\"pt-BR\",\"potentialAction\":[{\"@type\":\"ReadAction\",\"target\":[\"https:\/\/tribunadapraia.com.br\/?p=1592\"]}]},{\"@type\":\"BreadcrumbList\",\"@id\":\"https:\/\/tribunadapraia.com.br\/?p=1592#breadcrumb\",\"itemListElement\":[{\"@type\":\"ListItem\",\"position\":1,\"item\":{\"@type\":\"WebPage\",\"@id\":\"https:\/\/tribunadapraia.com.br\/\",\"url\":\"https:\/\/tribunadapraia.com.br\/\",\"name\":\"In\\u00edcio\"}},{\"@type\":\"ListItem\",\"position\":2,\"item\":{\"@id\":\"https:\/\/tribunadapraia.com.br\/?p=1592#webpage\"}}]},{\"@type\":\"Article\",\"@id\":\"https:\/\/tribunadapraia.com.br\/?p=1592#article\",\"isPartOf\":{\"@id\":\"https:\/\/tribunadapraia.com.br\/?p=1592#webpage\"},\"author\":{\"@id\":\"https:\/\/tribunadapraia.com.br\/#\/schema\/person\/099fbbf59acc5895c0d7d52b4fc46c97\"},\"headline\":\"FIQUE DE OLHO: Para onde vai S\\u00e9rgio Lima em Pirambu?\",\"datePublished\":\"2020-08-06T06:13:08+00:00\",\"dateModified\":\"2020-08-06T06:13:08+00:00\",\"mainEntityOfPage\":{\"@id\":\"https:\/\/tribunadapraia.com.br\/?p=1592#webpage\"},\"wordCount\":395,\"commentCount\":0,\"publisher\":{\"@id\":\"https:\/\/tribunadapraia.com.br\/#organization\"},\"image\":{\"@id\":\"https:\/\/tribunadapraia.com.br\/?p=1592#primaryimage\"},\"thumbnailUrl\":\"https:\/\/tribunadapraia.com.br\/wp-content\/uploads\/2020\/08\/wJeLBsGu_400x400.jpg\",\"articleSection\":[\"Not\\u00edcias\"],\"inLanguage\":\"pt-BR\",\"potentialAction\":[{\"@type\":\"CommentAction\",\"name\":\"Comment\",\"target\":[\"https:\/\/tribunadapraia.com.br\/?p=1592#respond\"]}]},{\"@type\":\"Person\",\"@id\":\"https:\/\/tribunadapraia.com.br\/#\/schema\/person\/099fbbf59acc5895c0d7d52b4fc46c97\",\"name\":\"Reda\\u00e7\\u00e3o\",\"image\":{\"@type\":\"ImageObject\",\"@id\":\"https:\/\/tribunadapraia.com.br\/#personlogo\",\"inLanguage\":\"pt-BR\",\"url\":\"https:\/\/secure.gravatar.com\/avatar\/91c8b91d2bfd7784eac5c3e055361f64?s=96&d=identicon&r=g\",\"contentUrl\":\"https:\/\/secure.gravatar.com\/avatar\/91c8b91d2bfd7784eac5c3e055361f64?s=96&d=identicon&r=g\",\"caption\":\"Reda\\u00e7\\u00e3o\"}}]}<\/script>\n<!-- \/ Yoast SEO plugin. -->","wps_subtitle":"","_links":{"self":[{"href":"https:\/\/tribunadapraia.com.br\/index.php?rest_route=\/wp\/v2\/posts\/1592"}],"collection":[{"href":"https:\/\/tribunadapraia.com.br\/index.php?rest_route=\/wp\/v2\/posts"}],"about":[{"href":"https:\/\/tribunadapraia.com.br\/index.php?rest_route=\/wp\/v2\/types\/post"}],"author":[{"embeddable":true,"href":"https:\/\/tribunadapraia.com.br\/index.php?rest_route=\/wp\/v2\/users\/3"}],"replies":[{"embeddable":true,"href":"https:\/\/tribunadapraia.com.br\/index.php?rest_route=%2Fwp%2Fv2%2Fcomments&post=1592"}],"version-history":[{"count":1,"href":"https:\/\/tribunadapraia.com.br\/index.php?rest_route=\/wp\/v2\/posts\/1592\/revisions"}],"predecessor-version":[{"id":1594,"href":"https:\/\/tribunadapraia.com.br\/index.php?rest_route=\/wp\/v2\/posts\/1592\/revisions\/1594"}],"wp:featuredmedia":[{"embeddable":true,"href":"https:\/\/tribunadapraia.com.br\/index.php?rest_route=\/wp\/v2\/media\/1593"}],"wp:attachment":[{"href":"https:\/\/tribunadapraia.com.br\/index.php?rest_route=%2Fwp%2Fv2%2Fmedia&parent=1592"}],"wp:term":[{"taxonomy":"category","embeddable":true,"href":"https:\/\/tribunadapraia.com.br\/index.php?rest_route=%2Fwp%2Fv2%2Fcategories&post=1592"},{"taxonomy":"post_tag","embeddable":true,"href":"https:\/\/tribunadapraia.com.br\/index.php?rest_route=%2Fwp%2Fv2%2Ftags&post=1592"}],"curies":[{"name":"wp","href":"https:\/\/api.w.org\/{rel}","templated":true}]}}