{"id":1589,"date":"2020-08-06T02:06:23","date_gmt":"2020-08-06T05:06:23","guid":{"rendered":"https:\/\/tribunadapraia.com.br\/?p=1589"},"modified":"2020-08-06T02:06:58","modified_gmt":"2020-08-06T05:06:58","slug":"andre-moura-secretario-da-casa-civil-do-rj-e-condenado-por-improbidade-administrativa","status":"publish","type":"post","link":"https:\/\/tribunadapraia.com.br\/?p=1589","title":{"rendered":"Andr\u00e9 Moura, secret\u00e1rio da Casa Civil do RJ, \u00e9 condenado por improbidade administrativa"},"content":{"rendered":"<p>Andr\u00e9<\/p>\n<p>A Jus\u00e7a de Sergipe condenou o secret\u00e1rio por participar de um esquema de corrup\u00e7\u00e3o. Moura teve seus direitos pol\u00edticos suspensos por oito anos. A decis\u00e3o ainda cabe recurso.<\/p>\n<p>Por Pedro Figueiredo, RJ2<\/p>\n<p>O secret\u00e1rio da Casa Civil do Rio de Janeiro, Andr\u00e9 Moura, foi condenado pela Justi\u00e7a do Sergipe por improbidade administrativa. Na decis\u00e3o, o juiz Rinaldo Salvino concluiu que Moura teria participado de um esquema que usou dinheiro p\u00fablico para fazer compras em um mercado e em uma peixaria no interior do estado nordestino.<\/p>\n<p>Os desembargadores do Tribunal de Justi\u00e7a do Sergipe confirmaram a decis\u00e3o da primeira inst\u00e2ncia.<\/p>\n<p>Segundo a decis\u00e3o, o secret\u00e1rio, a esposa dele, Lara Moura, atual prefeita do munic\u00edpio de Japaratuba, e o ex-prefeito do munic\u00edpio de Pirambu, Juarez Batista, ficam com os direitos pol\u00edticos suspensos por oito anos. Vale lembrar que o processo ainda cabe recurso.<\/p>\n<p>Segundo a assessoria do secret\u00e1rio, Andr\u00e9 Moura n\u00e3o possui nenhuma condena\u00e7\u00e3o que impe\u00e7a de exercer suas fun\u00e7\u00f5es no Poder Executivo do Rio de Janeiro.<\/p>\n<p>Homem forte no RJ<br \/>\nNo \u00faltimo dia 23, Andr\u00e9 Moura foi nomeado pelo governador Wilson Witzel (PSC) como secret\u00e1rio da Casa Civil do Estado. Moura j\u00e1 havia ocupado esse cargo entre setembro de 2019 e maio de 2020.<\/p>\n<p>Um dos objetivos do governo ao recolocar Andr\u00e9 Moura como chefe da Casa Civil era contar com a sua articula\u00e7\u00e3o pol\u00edtica na Assembleia Legislativa do Rio (Alerj), para tentar barrar o processo de Impeachement contra o governador Wilson Witzel.<\/p>\n<p>No pedido de impeachement, os parlamentares alegam que Witzel cometeu crime de responsabilidade ao faltar com probidade na administra\u00e7\u00e3o p\u00fablica e que o governador agiu de modo incompat\u00edvel com a dignidade, a honra e o decoro do cargo.<\/p>\n<p>No pedido, s\u00e3o feitas as seguintes acusa\u00e7\u00f5es:<\/p>\n<p>Compra de respiradores no combate ao coronav\u00edrus com suspeita de superfaturamento.<br \/>\nConstru\u00e7\u00e3o dos hospitais de campanha, cuja licita\u00e7\u00e3o \u00e9 investigada.<br \/>\nSuposto v\u00ednculo de Witzel com o empres\u00e1rio M\u00e1rio Peixoto.<br \/>\nRevoga\u00e7\u00e3o da desqualifica\u00e7\u00e3o da OS Unir Sa\u00fade, que seria ligada ao empres\u00e1rio M\u00e1rio Peixoto e est\u00e1 sob suspeita do Minist\u00e9rio P\u00fablico Federal.<br \/>\nAndr\u00e9 Moura em Bras\u00edlia<\/p>\n<p>Deputado federal por dois mandatos, Andr\u00e9 Moura \u00e9 integrante hist\u00f3rico do PSC e fez parte da tropa de choque do ex-presidente da C\u00e2mara dos Deputados, Eduardo Cunha. Tamb\u00e9m foi l\u00edder do governo Michel Temer no Congresso.<\/p>\n<p>Filiado ao PSC de Sergipe, ele j\u00e1 foi prefeito da cidade de Pirambu, localizada naquele estado. Durante o exerc\u00edcio do mandato, Moura foi denunciado por forma\u00e7\u00e3o de quadrilha e desvio de recursos p\u00fablicos &#8211; ele ainda responde a esses dois processos no Supremo Tribunal Federal.<\/p>\n<p>fonte: G1 RJ<\/p>\n","protected":false},"excerpt":{"rendered":"<p>Andr\u00e9 A Jus\u00e7a de Sergipe condenou o secret\u00e1rio por participar de um esquema de corrup\u00e7\u00e3o. Moura teve seus direitos pol\u00edticos suspensos por oito anos. A decis\u00e3o ainda cabe recurso. Por Pedro Figueiredo, RJ2 O secret\u00e1rio da Casa Civil do Rio de Janeiro, Andr\u00e9 Moura, foi condenado pela Justi\u00e7a do Sergipe por improbidade administrativa. Na decis\u00e3o, o juiz Rinaldo Salvino concluiu que Moura teria participado de um esquema que usou dinheiro<\/p>\n","protected":false},"author":1,"featured_media":1590,"comment_status":"open","ping_status":"open","sticky":false,"template":"","format":"standard","meta":[],"categories":[18],"tags":[],"yoast_head":"<!-- This site is optimized with the Yoast SEO plugin v16.3 - https:\/\/yoast.com\/wordpress\/plugins\/seo\/ -->\n<title>Andr\u00e9 Moura, secret\u00e1rio da Casa Civil do RJ, \u00e9 condenado por improbidade administrativa - TRIBUNA DA PRAIA<\/title>\n<meta name=\"robots\" content=\"index, follow, max-snippet:-1, max-image-preview:large, max-video-preview:-1\" \/>\n<link rel=\"canonical\" href=\"https:\/\/tribunadapraia.com.br\/?p=1589\" \/>\n<meta property=\"og:locale\" content=\"pt_BR\" \/>\n<meta property=\"og:type\" content=\"article\" \/>\n<meta property=\"og:title\" content=\"Andr\u00e9 Moura, secret\u00e1rio da Casa Civil do RJ, \u00e9 condenado por improbidade administrativa - TRIBUNA DA PRAIA\" \/>\n<meta property=\"og:description\" content=\"Andr\u00e9 A Jus\u00e7a de Sergipe condenou o secret\u00e1rio por participar de um esquema de corrup\u00e7\u00e3o. Moura teve seus direitos pol\u00edticos suspensos por oito anos. A decis\u00e3o ainda cabe recurso. Por Pedro Figueiredo, RJ2 O secret\u00e1rio da Casa Civil do Rio de Janeiro, Andr\u00e9 Moura, foi condenado pela Justi\u00e7a do Sergipe por improbidade administrativa. Na decis\u00e3o, o juiz Rinaldo Salvino concluiu que Moura teria participado de um esquema que usou dinheiro\" \/>\n<meta property=\"og:url\" content=\"https:\/\/tribunadapraia.com.br\/?p=1589\" \/>\n<meta property=\"og:site_name\" content=\"TRIBUNA DA PRAIA\" \/>\n<meta property=\"article:publisher\" content=\"https:\/\/www.facebook.com\/tribunadapraiaonline\/\" \/>\n<meta property=\"article:published_time\" content=\"2020-08-06T05:06:23+00:00\" \/>\n<meta property=\"article:modified_time\" content=\"2020-08-06T05:06:58+00:00\" \/>\n<meta property=\"og:image\" content=\"https:\/\/tribunadapraia.com.br\/wp-content\/uploads\/2020\/08\/andre-moura.jpg\" \/>\n\t<meta property=\"og:image:width\" content=\"600\" \/>\n\t<meta property=\"og:image:height\" content=\"393\" \/>\n<meta name=\"twitter:card\" content=\"summary_large_image\" \/>\n<meta name=\"twitter:creator\" content=\"@Claudomir21\" \/>\n<meta name=\"twitter:site\" content=\"@Claudomir21\" \/>\n<meta name=\"twitter:label1\" content=\"Est. tempo de leitura\">\n\t<meta name=\"twitter:data1\" content=\"2 minutos\">\n<script type=\"application\/ld+json\" class=\"yoast-schema-graph\">{\"@context\":\"https:\/\/schema.org\",\"@graph\":[{\"@type\":\"Organization\",\"@id\":\"https:\/\/tribunadapraia.com.br\/#organization\",\"name\":\"Tribuna da Praia\",\"url\":\"https:\/\/tribunadapraia.com.br\/\",\"sameAs\":[\"https:\/\/www.facebook.com\/tribunadapraiaonline\/\",\"https:\/\/www.instagram.com\/claudomirtavares\/\",\"https:\/\/www.youtube.com\/channel\/UCwQf80nxiMzCefAyjbp53Rw\",\"https:\/\/twitter.com\/Claudomir21\"],\"logo\":{\"@type\":\"ImageObject\",\"@id\":\"https:\/\/tribunadapraia.com.br\/#logo\",\"inLanguage\":\"pt-BR\",\"url\":\"https:\/\/tribunadapraia.com.br\/wp-content\/uploads\/2020\/02\/logo.png\",\"contentUrl\":\"https:\/\/tribunadapraia.com.br\/wp-content\/uploads\/2020\/02\/logo.png\",\"width\":501,\"height\":121,\"caption\":\"Tribuna da Praia\"},\"image\":{\"@id\":\"https:\/\/tribunadapraia.com.br\/#logo\"}},{\"@type\":\"WebSite\",\"@id\":\"https:\/\/tribunadapraia.com.br\/#website\",\"url\":\"https:\/\/tribunadapraia.com.br\/\",\"name\":\"TRIBUNA DA PRAIA\",\"description\":\"O 1\\u00ba jornal do interior de Sergipe na internet\",\"publisher\":{\"@id\":\"https:\/\/tribunadapraia.com.br\/#organization\"},\"potentialAction\":[{\"@type\":\"SearchAction\",\"target\":\"https:\/\/tribunadapraia.com.br\/?s={search_term_string}\",\"query-input\":\"required name=search_term_string\"}],\"inLanguage\":\"pt-BR\"},{\"@type\":\"ImageObject\",\"@id\":\"https:\/\/tribunadapraia.com.br\/?p=1589#primaryimage\",\"inLanguage\":\"pt-BR\",\"url\":\"https:\/\/tribunadapraia.com.br\/wp-content\/uploads\/2020\/08\/andre-moura.jpg\",\"contentUrl\":\"https:\/\/tribunadapraia.com.br\/wp-content\/uploads\/2020\/08\/andre-moura.jpg\",\"width\":600,\"height\":393},{\"@type\":\"WebPage\",\"@id\":\"https:\/\/tribunadapraia.com.br\/?p=1589#webpage\",\"url\":\"https:\/\/tribunadapraia.com.br\/?p=1589\",\"name\":\"Andr\\u00e9 Moura, secret\\u00e1rio da Casa Civil do RJ, \\u00e9 condenado por improbidade administrativa - TRIBUNA DA PRAIA\",\"isPartOf\":{\"@id\":\"https:\/\/tribunadapraia.com.br\/#website\"},\"primaryImageOfPage\":{\"@id\":\"https:\/\/tribunadapraia.com.br\/?p=1589#primaryimage\"},\"datePublished\":\"2020-08-06T05:06:23+00:00\",\"dateModified\":\"2020-08-06T05:06:58+00:00\",\"breadcrumb\":{\"@id\":\"https:\/\/tribunadapraia.com.br\/?p=1589#breadcrumb\"},\"inLanguage\":\"pt-BR\",\"potentialAction\":[{\"@type\":\"ReadAction\",\"target\":[\"https:\/\/tribunadapraia.com.br\/?p=1589\"]}]},{\"@type\":\"BreadcrumbList\",\"@id\":\"https:\/\/tribunadapraia.com.br\/?p=1589#breadcrumb\",\"itemListElement\":[{\"@type\":\"ListItem\",\"position\":1,\"item\":{\"@type\":\"WebPage\",\"@id\":\"https:\/\/tribunadapraia.com.br\/\",\"url\":\"https:\/\/tribunadapraia.com.br\/\",\"name\":\"In\\u00edcio\"}},{\"@type\":\"ListItem\",\"position\":2,\"item\":{\"@id\":\"https:\/\/tribunadapraia.com.br\/?p=1589#webpage\"}}]},{\"@type\":\"Article\",\"@id\":\"https:\/\/tribunadapraia.com.br\/?p=1589#article\",\"isPartOf\":{\"@id\":\"https:\/\/tribunadapraia.com.br\/?p=1589#webpage\"},\"author\":{\"@id\":\"https:\/\/tribunadapraia.com.br\/#\/schema\/person\/326b0a9f3163b479142c64eba4928de0\"},\"headline\":\"Andr\\u00e9 Moura, secret\\u00e1rio da Casa Civil do RJ, \\u00e9 condenado por improbidade administrativa\",\"datePublished\":\"2020-08-06T05:06:23+00:00\",\"dateModified\":\"2020-08-06T05:06:58+00:00\",\"mainEntityOfPage\":{\"@id\":\"https:\/\/tribunadapraia.com.br\/?p=1589#webpage\"},\"wordCount\":486,\"commentCount\":0,\"publisher\":{\"@id\":\"https:\/\/tribunadapraia.com.br\/#organization\"},\"image\":{\"@id\":\"https:\/\/tribunadapraia.com.br\/?p=1589#primaryimage\"},\"thumbnailUrl\":\"https:\/\/tribunadapraia.com.br\/wp-content\/uploads\/2020\/08\/andre-moura.jpg\",\"articleSection\":[\"Not\\u00edcias\"],\"inLanguage\":\"pt-BR\",\"potentialAction\":[{\"@type\":\"CommentAction\",\"name\":\"Comment\",\"target\":[\"https:\/\/tribunadapraia.com.br\/?p=1589#respond\"]}]},{\"@type\":\"Person\",\"@id\":\"https:\/\/tribunadapraia.com.br\/#\/schema\/person\/326b0a9f3163b479142c64eba4928de0\",\"name\":\"tribunadapraia\",\"image\":{\"@type\":\"ImageObject\",\"@id\":\"https:\/\/tribunadapraia.com.br\/#personlogo\",\"inLanguage\":\"pt-BR\",\"url\":\"https:\/\/secure.gravatar.com\/avatar\/38b019c74762496076b7355024a0dad9?s=96&d=identicon&r=g\",\"contentUrl\":\"https:\/\/secure.gravatar.com\/avatar\/38b019c74762496076b7355024a0dad9?s=96&d=identicon&r=g\",\"caption\":\"tribunadapraia\"}}]}<\/script>\n<!-- \/ Yoast SEO plugin. -->","wps_subtitle":"","_links":{"self":[{"href":"https:\/\/tribunadapraia.com.br\/index.php?rest_route=\/wp\/v2\/posts\/1589"}],"collection":[{"href":"https:\/\/tribunadapraia.com.br\/index.php?rest_route=\/wp\/v2\/posts"}],"about":[{"href":"https:\/\/tribunadapraia.com.br\/index.php?rest_route=\/wp\/v2\/types\/post"}],"author":[{"embeddable":true,"href":"https:\/\/tribunadapraia.com.br\/index.php?rest_route=\/wp\/v2\/users\/1"}],"replies":[{"embeddable":true,"href":"https:\/\/tribunadapraia.com.br\/index.php?rest_route=%2Fwp%2Fv2%2Fcomments&post=1589"}],"version-history":[{"count":1,"href":"https:\/\/tribunadapraia.com.br\/index.php?rest_route=\/wp\/v2\/posts\/1589\/revisions"}],"predecessor-version":[{"id":1591,"href":"https:\/\/tribunadapraia.com.br\/index.php?rest_route=\/wp\/v2\/posts\/1589\/revisions\/1591"}],"wp:featuredmedia":[{"embeddable":true,"href":"https:\/\/tribunadapraia.com.br\/index.php?rest_route=\/wp\/v2\/media\/1590"}],"wp:attachment":[{"href":"https:\/\/tribunadapraia.com.br\/index.php?rest_route=%2Fwp%2Fv2%2Fmedia&parent=1589"}],"wp:term":[{"taxonomy":"category","embeddable":true,"href":"https:\/\/tribunadapraia.com.br\/index.php?rest_route=%2Fwp%2Fv2%2Fcategories&post=1589"},{"taxonomy":"post_tag","embeddable":true,"href":"https:\/\/tribunadapraia.com.br\/index.php?rest_route=%2Fwp%2Fv2%2Ftags&post=1589"}],"curies":[{"name":"wp","href":"https:\/\/api.w.org\/{rel}","templated":true}]}}