{"id":1582,"date":"2020-08-05T04:43:46","date_gmt":"2020-08-05T07:43:46","guid":{"rendered":"https:\/\/tribunadapraia.com.br\/?p=1582"},"modified":"2020-08-05T04:44:32","modified_gmt":"2020-08-05T07:44:32","slug":"07-08-dia-de-luta-contra-o-governo-bolsonaro-mourao","status":"publish","type":"post","link":"https:\/\/tribunadapraia.com.br\/?p=1582","title":{"rendered":"07\/08: Dia de Luta contra o Governo Bolsonaro\/Mour\u00e3o"},"content":{"rendered":"<p>O Brasil se aproxima dos 100 mil mortos pela Covid-19 e a tend\u00eancia \u00e9 o aumento cont\u00ednuo do n\u00famero de mortos. H\u00e1 semanas o Brasil acumula mortes di\u00e1rias de mais de mil pessoas. Perdemos amigos, familiares, conhecidos, fam\u00edlias foram devastadas por uma doen\u00e7a que encontrou, aqui no pa\u00eds, depois de d\u00e9cadas de sucateamento da sa\u00fade p\u00fablica, a precariza\u00e7\u00e3o das condi\u00e7\u00f5es de vida dos trabalhadores e a redu\u00e7\u00e3o dr\u00e1stica de direitos, um terreno f\u00e9rtil para a dissemina\u00e7\u00e3o de doen\u00e7as graves, ressaltando-se que o atual governo \u00e9 respons\u00e1vel pela maior trag\u00e9dia sanit\u00e1ria da hist\u00f3ria brasileira.<\/p>\n<p>O negacionismo e o comportamento anticient\u00edfico desse governo de extrema direita, comprometido com o que h\u00e1 de mais atrasado, conservador e reacion\u00e1rio no pa\u00eds, foram respons\u00e1veis por ampliar ainda mais a atual barb\u00e1rie experimentada pelo povo trabalhador brasileiro. A pol\u00edtica genocida camuflada por bravatas irrespons\u00e1veis e criminosas levou ao quadro atual de mortes e \u00e0 situa\u00e7\u00e3o que se aproxima rapidamente dos 3 milh\u00f5es de contaminados, em um cen\u00e1rio de reconhecida subnotifica\u00e7\u00e3o.<\/p>\n<p>O Governo Bolsonaro e seus aliados zombam da dor do povo brasileiro: dificultam o acesso ao fundo emergencial, desmantelam pol\u00edticas p\u00fablicas, aceleram o desmonte da sa\u00fade, intensificam a retirada de direitos e empurra, atendendo ao pedido dos ricos e poderosos, milh\u00f5es de trabalhadores para a forca, ao pressionar pela abertura indiscriminada das atividades econ\u00f4micas n\u00e3o essenciais. Comprovando o grau de aprofundamento das desigualdades sociais no pa\u00eds, segundo dados do IBGE, mais de 10 milh\u00f5es de brasileiros est\u00e3o afastados do trabalho por causa da COVID-19 e cerca de 30 milh\u00f5es de trabalhadores(as) tiveram seus rendimentos reduzidos. A renda da metade da popula\u00e7\u00e3o caiu 18%. A previs\u00e3o \u00e9 de que o PIB brasileiro caia em torno de 10%.<\/p>\n<p>Mais de 700 mil pequenas e m\u00e9dias empresas faliram, justamente aquelas que s\u00e3o respons\u00e1veis por manter a maioria dos empregos. Isso traduz um violento processo de oligopoliza\u00e7\u00e3o da economia, situa\u00e7\u00e3o inerente ao capitalismo, acirrada no momento das grandes crises, tal como esta que o mundo est\u00e1 vivenciando. Cerca de 40 milh\u00f5es est\u00e3o no mercado informal, ou seja, trabalhando nas condi\u00e7\u00f5es mais prec\u00e1rias, sem direitos trabalhistas e sem estabilidade. Com o crescimento brutal do desemprego, o aux\u00edlio emergencial de R$ 600 aprovado pelo Congresso Nacional, hoje distribu\u00eddo para cerca de 65 milh\u00f5es de brasileiros, \u00e9 o mecanismo que vem diminuindo os piores efeitos da crise junto \u00e0 classe trabalhadora.<\/p>\n<p>Enquanto isso, as bolsas sobem e os bilion\u00e1rios ganham com a crise, aplicando recursos na ciranda financeira. Com esse mecanismo, 42 bilion\u00e1rios brasileiros conseguiram aumentar suas fortunas em US $34 bilh\u00f5es (cerca de 170 bilh\u00f5es de reais) desde mar\u00e7o deste ano, conforme n\u00fameros divulgados pela Oxfam Internacional. Isto equivale a mais do que tudo o que foi gasto pelo governo federal com o aux\u00edlio emergencial, algo em torno de R$ 95 bilh\u00f5es. Ou seja, as crises no capitalismo sempre se apresentam como grandes oportunidades de neg\u00f3cios para a classe dominante, que se vale ainda mais da amplia\u00e7\u00e3o das desigualdades e da superexplora\u00e7\u00e3o dos trabalhadores.<\/p>\n<p>Mantendo seu compromisso em atender \u00fanica e exclusivamente os interesses do grande empresariado, o Governo de Bolsonaro, Mour\u00e3o e Guedes e o Congresso Nacional prop\u00f5em uma reforma tribut\u00e1ria voltada apenas \u00e0 tributa\u00e7\u00e3o do consumo e das transa\u00e7\u00f5es comerciais, que recair\u00e1 pesadamente sobre a classe trabalhadora, fazendo reduzir ainda mais a sua j\u00e1 ex\u00edgua renda, dado o efeito regressivo dessa medida. Nenhum tributo \u00e9 previsto sobre as gigantescas fortunas, que cresceram durante a pandemia, tampouco sobre os lucros vertiginosos e dividendos dos banqueiros e grandes empres\u00e1rios. O plano do Governo \u00e9 retirar ainda mais direitos da classe trabalhadora, com o congelamento dos sal\u00e1rios e o fim da estabilidade dos servidores p\u00fablicos, o avan\u00e7o das privatiza\u00e7\u00f5es de empresas e servi\u00e7os p\u00fablicos, a exemplo da privatiza\u00e7\u00e3o da \u00e1gua, a entrega das riquezas nacionais ao capital internacional e a submiss\u00e3o total ao imperialismo estadunidense.<\/p>\n<p>TRABALHADORES E TRABALHADORAS V\u00c3O \u00c0 LUTA!<\/p>\n<p>Diante desse quadro de ataques mais violentos aos direitos da classe trabalhadora, n\u00e3o h\u00e1 alternativa poss\u00edvel sen\u00e3o o caminho da luta organizada. Metal\u00fargicos da Grande Curitiba, Paran\u00e1, encontram-se em greve contra as demiss\u00f5es em massa promovidas pela Renault. Trabalhadores dos Correios se organizam para cruzar os bra\u00e7os em protesto contra as p\u00e9ssimas condi\u00e7\u00f5es de trabalho e o aumento da jornada e da precariza\u00e7\u00e3o durante a pandemia, por n\u00e3o receberem os equipamentos de seguran\u00e7a sanit\u00e1ria, al\u00e9m da luta contra a privatiza\u00e7\u00e3o dos servi\u00e7os. Trabalhadores de aplicativos j\u00e1 realizaram duas greves nacionais e seguem se articulando para o enfrentamento \u00e0 superexplora\u00e7\u00e3o imposta pelas empresas. Anunciam-se tamb\u00e9m greves de profissionais da educa\u00e7\u00e3o nos estados e munic\u00edpios em que governadores e prefeitos, subservientes aos interesses da iniciativa privada, pretendem retomar as aulas presenciais, mesmo sob o chamado \u201cmodelo h\u00edbrido\u201d em que os pais dos estudantes escolhem se enviar\u00e3o ou n\u00e3o seus filhos \u00e0s escolas, o que vai representar ainda mais explora\u00e7\u00e3o do professorado.<\/p>\n<p>Os trabalhadores e as trabalhadoras podem contar apenas com a pr\u00f3pria classe como aliada. No interior de uma ampla unidade de a\u00e7\u00e3o contra os retrocessos e ataques desferidos por governos e patr\u00f5es aos direitos sociais e \u00e0s liberdades democr\u00e1ticas, urge a constru\u00e7\u00e3o da nossa auto organiza\u00e7\u00e3o enquanto classe, de nossa autonomia pol\u00edtica e program\u00e1tica. \u00c9 preciso fazer avan\u00e7ar a luta para derrotar o governo de Bolsonaro, Mour\u00e3o e Guedes, bem como o conjunto da pol\u00edtica que esse grupo de extrema direita articula, aplicando uma agenda antipovo, ultraliberal, autorit\u00e1ria e golpista, em comum acordo com os grandes empres\u00e1rios e seus representantes reacion\u00e1rios no parlamento e na sociedade.<\/p>\n<p>Por isso tudo defendemos o fortalecimento da seguridade social e a amplia\u00e7\u00e3o da renda b\u00e1sica m\u00ednima, com garantia dos sal\u00e1rios, direitos e empregos, revoga\u00e7\u00e3o da EC do teto de gastos, suspens\u00e3o do pagamento da d\u00edvida, fim da lei de responsabilidade fiscal, revoga\u00e7\u00e3o das contarreformas da previd\u00eancia e trabalhista, combate \u00e0s privatiza\u00e7\u00f5es, \u00e0 destrui\u00e7\u00e3o ambiental, \u00e0 criminaliza\u00e7\u00e3o dos movimentos sociais, ao exterm\u00ednio sistem\u00e1tico da popula\u00e7\u00e3o negra, dos povos ind\u00edgenas, das LGBTs, \u00e0 viol\u00eancia contra a mulher e a todo tipo de opress\u00e3o e explora\u00e7\u00e3o. \u00c9 necess\u00e1rio fortalecer e construir o F\u00f3rum por Direitos e Liberdades Democr\u00e1ticas nos Estados, al\u00e9m de seguir participando dos espa\u00e7os unit\u00e1rios que agregam as organiza\u00e7\u00f5es pol\u00edticas e sociais em oposi\u00e7\u00e3o \u00e0 pol\u00edtica de terra arrasada do Governo Bolsonaro\/Mour\u00e3o, passo inicial para a constru\u00e7\u00e3o da alternativa anticapitalista e anti-imperialista, no rumo do Poder Popular e do Socialismo.<\/p>\n<p>No pr\u00f3ximo dia 07 de agosto, sexta-feira, est\u00e3o sendo organizados atos de rua em v\u00e1rias cidades brasileiras, como parte das jornadas de lutas da Campanha FORA BOLSONARO. A milit\u00e2ncia do PCB e dos Coletivos partid\u00e1rios que se encontra fora do grupo de risco, cumprindo as necess\u00e1rias medidas de seguran\u00e7a sanit\u00e1ria, mais uma vez se far\u00e1 presente, engrossando as manifesta\u00e7\u00f5es, na certeza de que somente a luta organizada dos trabalhadores, trabalhadoras e da juventude, nos locais de trabalho, nos bairros e nas ruas, ser\u00e1 capaz de barrar a pol\u00edtica genocida e a barb\u00e1rie em curso promovidas pelo capitalismo e seus prepostos.<\/p>\n<p>FORA BOLSONARO E MOUR\u00c3O!<\/p>\n<p>EM DEFESA DOS DIREITOS DA CLASSE TRABALHADORA E DAS LIBERDADES DEMOCR\u00c1TICAS!<\/p>\n<p>PELO PODER POPULAR, RUMO AO SOCIALISMO!<\/p>\n<p>Comiss\u00e3o Pol\u00edtica Nacional do Partido Comunista Brasileiro (PCB)<\/p>\n","protected":false},"excerpt":{"rendered":"<p>O Brasil se aproxima dos 100 mil mortos pela Covid-19 e a tend\u00eancia \u00e9 o aumento cont\u00ednuo do n\u00famero de mortos. H\u00e1 semanas o Brasil acumula mortes di\u00e1rias de mais de mil pessoas. Perdemos amigos, familiares, conhecidos, fam\u00edlias foram devastadas por uma doen\u00e7a que encontrou, aqui no pa\u00eds, depois de d\u00e9cadas de sucateamento da sa\u00fade p\u00fablica, a precariza\u00e7\u00e3o das condi\u00e7\u00f5es de vida dos trabalhadores e a redu\u00e7\u00e3o dr\u00e1stica de direitos,<\/p>\n","protected":false},"author":1,"featured_media":1583,"comment_status":"open","ping_status":"open","sticky":false,"template":"","format":"standard","meta":[],"categories":[18],"tags":[],"yoast_head":"<!-- This site is optimized with the Yoast SEO plugin v16.3 - https:\/\/yoast.com\/wordpress\/plugins\/seo\/ -->\n<title>07\/08: Dia de Luta contra o Governo Bolsonaro\/Mour\u00e3o - TRIBUNA DA PRAIA<\/title>\n<meta name=\"robots\" content=\"index, follow, max-snippet:-1, max-image-preview:large, max-video-preview:-1\" \/>\n<link rel=\"canonical\" href=\"https:\/\/tribunadapraia.com.br\/?p=1582\" \/>\n<meta property=\"og:locale\" content=\"pt_BR\" \/>\n<meta property=\"og:type\" content=\"article\" \/>\n<meta property=\"og:title\" content=\"07\/08: Dia de Luta contra o Governo Bolsonaro\/Mour\u00e3o - TRIBUNA DA PRAIA\" \/>\n<meta property=\"og:description\" content=\"O Brasil se aproxima dos 100 mil mortos pela Covid-19 e a tend\u00eancia \u00e9 o aumento cont\u00ednuo do n\u00famero de mortos. H\u00e1 semanas o Brasil acumula mortes di\u00e1rias de mais de mil pessoas. Perdemos amigos, familiares, conhecidos, fam\u00edlias foram devastadas por uma doen\u00e7a que encontrou, aqui no pa\u00eds, depois de d\u00e9cadas de sucateamento da sa\u00fade p\u00fablica, a precariza\u00e7\u00e3o das condi\u00e7\u00f5es de vida dos trabalhadores e a redu\u00e7\u00e3o dr\u00e1stica de direitos,\" \/>\n<meta property=\"og:url\" content=\"https:\/\/tribunadapraia.com.br\/?p=1582\" \/>\n<meta property=\"og:site_name\" content=\"TRIBUNA DA PRAIA\" \/>\n<meta property=\"article:publisher\" content=\"https:\/\/www.facebook.com\/tribunadapraiaonline\/\" \/>\n<meta property=\"article:published_time\" content=\"2020-08-05T07:43:46+00:00\" \/>\n<meta property=\"article:modified_time\" content=\"2020-08-05T07:44:32+00:00\" \/>\n<meta property=\"og:image\" content=\"https:\/\/tribunadapraia.com.br\/wp-content\/uploads\/2020\/08\/IMG-20200805-WA0000.jpg\" \/>\n\t<meta property=\"og:image:width\" content=\"768\" \/>\n\t<meta property=\"og:image:height\" content=\"509\" \/>\n<meta name=\"twitter:card\" content=\"summary_large_image\" \/>\n<meta name=\"twitter:creator\" content=\"@Claudomir21\" \/>\n<meta name=\"twitter:site\" content=\"@Claudomir21\" \/>\n<meta name=\"twitter:label1\" content=\"Est. tempo de leitura\">\n\t<meta name=\"twitter:data1\" content=\"7 minutos\">\n<script type=\"application\/ld+json\" class=\"yoast-schema-graph\">{\"@context\":\"https:\/\/schema.org\",\"@graph\":[{\"@type\":\"Organization\",\"@id\":\"https:\/\/tribunadapraia.com.br\/#organization\",\"name\":\"Tribuna da Praia\",\"url\":\"https:\/\/tribunadapraia.com.br\/\",\"sameAs\":[\"https:\/\/www.facebook.com\/tribunadapraiaonline\/\",\"https:\/\/www.instagram.com\/claudomirtavares\/\",\"https:\/\/www.youtube.com\/channel\/UCwQf80nxiMzCefAyjbp53Rw\",\"https:\/\/twitter.com\/Claudomir21\"],\"logo\":{\"@type\":\"ImageObject\",\"@id\":\"https:\/\/tribunadapraia.com.br\/#logo\",\"inLanguage\":\"pt-BR\",\"url\":\"https:\/\/tribunadapraia.com.br\/wp-content\/uploads\/2020\/02\/logo.png\",\"contentUrl\":\"https:\/\/tribunadapraia.com.br\/wp-content\/uploads\/2020\/02\/logo.png\",\"width\":501,\"height\":121,\"caption\":\"Tribuna da Praia\"},\"image\":{\"@id\":\"https:\/\/tribunadapraia.com.br\/#logo\"}},{\"@type\":\"WebSite\",\"@id\":\"https:\/\/tribunadapraia.com.br\/#website\",\"url\":\"https:\/\/tribunadapraia.com.br\/\",\"name\":\"TRIBUNA DA PRAIA\",\"description\":\"O 1\\u00ba jornal do interior de Sergipe na internet\",\"publisher\":{\"@id\":\"https:\/\/tribunadapraia.com.br\/#organization\"},\"potentialAction\":[{\"@type\":\"SearchAction\",\"target\":\"https:\/\/tribunadapraia.com.br\/?s={search_term_string}\",\"query-input\":\"required name=search_term_string\"}],\"inLanguage\":\"pt-BR\"},{\"@type\":\"ImageObject\",\"@id\":\"https:\/\/tribunadapraia.com.br\/?p=1582#primaryimage\",\"inLanguage\":\"pt-BR\",\"url\":\"https:\/\/tribunadapraia.com.br\/wp-content\/uploads\/2020\/08\/IMG-20200805-WA0000.jpg\",\"contentUrl\":\"https:\/\/tribunadapraia.com.br\/wp-content\/uploads\/2020\/08\/IMG-20200805-WA0000.jpg\",\"width\":768,\"height\":509},{\"@type\":\"WebPage\",\"@id\":\"https:\/\/tribunadapraia.com.br\/?p=1582#webpage\",\"url\":\"https:\/\/tribunadapraia.com.br\/?p=1582\",\"name\":\"07\/08: Dia de Luta contra o Governo Bolsonaro\/Mour\\u00e3o - TRIBUNA DA PRAIA\",\"isPartOf\":{\"@id\":\"https:\/\/tribunadapraia.com.br\/#website\"},\"primaryImageOfPage\":{\"@id\":\"https:\/\/tribunadapraia.com.br\/?p=1582#primaryimage\"},\"datePublished\":\"2020-08-05T07:43:46+00:00\",\"dateModified\":\"2020-08-05T07:44:32+00:00\",\"breadcrumb\":{\"@id\":\"https:\/\/tribunadapraia.com.br\/?p=1582#breadcrumb\"},\"inLanguage\":\"pt-BR\",\"potentialAction\":[{\"@type\":\"ReadAction\",\"target\":[\"https:\/\/tribunadapraia.com.br\/?p=1582\"]}]},{\"@type\":\"BreadcrumbList\",\"@id\":\"https:\/\/tribunadapraia.com.br\/?p=1582#breadcrumb\",\"itemListElement\":[{\"@type\":\"ListItem\",\"position\":1,\"item\":{\"@type\":\"WebPage\",\"@id\":\"https:\/\/tribunadapraia.com.br\/\",\"url\":\"https:\/\/tribunadapraia.com.br\/\",\"name\":\"In\\u00edcio\"}},{\"@type\":\"ListItem\",\"position\":2,\"item\":{\"@id\":\"https:\/\/tribunadapraia.com.br\/?p=1582#webpage\"}}]},{\"@type\":\"Article\",\"@id\":\"https:\/\/tribunadapraia.com.br\/?p=1582#article\",\"isPartOf\":{\"@id\":\"https:\/\/tribunadapraia.com.br\/?p=1582#webpage\"},\"author\":{\"@id\":\"https:\/\/tribunadapraia.com.br\/#\/schema\/person\/326b0a9f3163b479142c64eba4928de0\"},\"headline\":\"07\/08: Dia de Luta contra o Governo Bolsonaro\/Mour\\u00e3o\",\"datePublished\":\"2020-08-05T07:43:46+00:00\",\"dateModified\":\"2020-08-05T07:44:32+00:00\",\"mainEntityOfPage\":{\"@id\":\"https:\/\/tribunadapraia.com.br\/?p=1582#webpage\"},\"wordCount\":1316,\"commentCount\":0,\"publisher\":{\"@id\":\"https:\/\/tribunadapraia.com.br\/#organization\"},\"image\":{\"@id\":\"https:\/\/tribunadapraia.com.br\/?p=1582#primaryimage\"},\"thumbnailUrl\":\"https:\/\/tribunadapraia.com.br\/wp-content\/uploads\/2020\/08\/IMG-20200805-WA0000.jpg\",\"articleSection\":[\"Not\\u00edcias\"],\"inLanguage\":\"pt-BR\",\"potentialAction\":[{\"@type\":\"CommentAction\",\"name\":\"Comment\",\"target\":[\"https:\/\/tribunadapraia.com.br\/?p=1582#respond\"]}]},{\"@type\":\"Person\",\"@id\":\"https:\/\/tribunadapraia.com.br\/#\/schema\/person\/326b0a9f3163b479142c64eba4928de0\",\"name\":\"tribunadapraia\",\"image\":{\"@type\":\"ImageObject\",\"@id\":\"https:\/\/tribunadapraia.com.br\/#personlogo\",\"inLanguage\":\"pt-BR\",\"url\":\"https:\/\/secure.gravatar.com\/avatar\/38b019c74762496076b7355024a0dad9?s=96&d=identicon&r=g\",\"contentUrl\":\"https:\/\/secure.gravatar.com\/avatar\/38b019c74762496076b7355024a0dad9?s=96&d=identicon&r=g\",\"caption\":\"tribunadapraia\"}}]}<\/script>\n<!-- \/ Yoast SEO plugin. -->","wps_subtitle":"","_links":{"self":[{"href":"https:\/\/tribunadapraia.com.br\/index.php?rest_route=\/wp\/v2\/posts\/1582"}],"collection":[{"href":"https:\/\/tribunadapraia.com.br\/index.php?rest_route=\/wp\/v2\/posts"}],"about":[{"href":"https:\/\/tribunadapraia.com.br\/index.php?rest_route=\/wp\/v2\/types\/post"}],"author":[{"embeddable":true,"href":"https:\/\/tribunadapraia.com.br\/index.php?rest_route=\/wp\/v2\/users\/1"}],"replies":[{"embeddable":true,"href":"https:\/\/tribunadapraia.com.br\/index.php?rest_route=%2Fwp%2Fv2%2Fcomments&post=1582"}],"version-history":[{"count":1,"href":"https:\/\/tribunadapraia.com.br\/index.php?rest_route=\/wp\/v2\/posts\/1582\/revisions"}],"predecessor-version":[{"id":1584,"href":"https:\/\/tribunadapraia.com.br\/index.php?rest_route=\/wp\/v2\/posts\/1582\/revisions\/1584"}],"wp:featuredmedia":[{"embeddable":true,"href":"https:\/\/tribunadapraia.com.br\/index.php?rest_route=\/wp\/v2\/media\/1583"}],"wp:attachment":[{"href":"https:\/\/tribunadapraia.com.br\/index.php?rest_route=%2Fwp%2Fv2%2Fmedia&parent=1582"}],"wp:term":[{"taxonomy":"category","embeddable":true,"href":"https:\/\/tribunadapraia.com.br\/index.php?rest_route=%2Fwp%2Fv2%2Fcategories&post=1582"},{"taxonomy":"post_tag","embeddable":true,"href":"https:\/\/tribunadapraia.com.br\/index.php?rest_route=%2Fwp%2Fv2%2Ftags&post=1582"}],"curies":[{"name":"wp","href":"https:\/\/api.w.org\/{rel}","templated":true}]}}