{"id":1580,"date":"2020-08-04T09:56:51","date_gmt":"2020-08-04T12:56:51","guid":{"rendered":"https:\/\/tribunadapraia.com.br\/?p=1580"},"modified":"2020-08-04T09:57:29","modified_gmt":"2020-08-04T12:57:29","slug":"editorial-brasil-mostra-sua-cara","status":"publish","type":"post","link":"https:\/\/tribunadapraia.com.br\/?p=1580","title":{"rendered":"Editorial: BRASIL, MOSTRA SUA CARA!"},"content":{"rendered":"<p>A dire\u00e7\u00e3o da Petrobras segue em sua trajet\u00f3ria de destrui\u00e7\u00e3o n\u00e3o s\u00f3 da nossa principal estatal, como tamb\u00e9m do parque industrial nacional. A empresa anunciou recentemente o afretamento de tr\u00eas navios plataformas do tipo FPSO, que s\u00e3o unidades flutuantes de armazenamento e transfer\u00eancia, para o Campo de B\u00fazios, no pr\u00e9-sal da Bacia de Santos, not\u00edcia que animou a constru\u00e7\u00e3o naval brasileira, j\u00e1 que a execu\u00e7\u00e3o dessas obras por aqui seria um alento para um setor t\u00e3o afetado nos \u00faltimos tempos.<\/p>\n<p>S\u00f3 que a esperan\u00e7a durou pouco. Na \u00faltima sexta-feira, o presidente da empresa Roberto Castello Branco e o diretor de Explora\u00e7\u00e3o e Produ\u00e7\u00e3o Carlos Alberto de Oliveira, em uma entrevista, disseram que seguir\u00e3o a obrigatoriedade legal de cumprir apenas 25% de conte\u00fado local nacional. Ou seja, 75% da constru\u00e7\u00e3o das plataformas se dar\u00e1 no exterior, especialmente em pa\u00edses como China, Coreia do Sul e Cingapura, onde os custos de produ\u00e7\u00e3o s\u00e3o mais baixos por conta da precariedade da legisla\u00e7\u00e3o trabalhista, que limita enormemente o direito dos profissionais.<\/p>\n<p>\u00c9 mais uma das muitas iniciativas atentat\u00f3rias de um governo que est\u00e1 preocupado em entregar nossa ind\u00fastria, nossas estatais, ao capital estrangeiro. Mas eu gostaria tamb\u00e9m no espa\u00e7o editorial de hoje de ler um texto de autoria da jornalista Norma Couri, publicado na \u00faltima semana no site do Observat\u00f3rio da imprensa, que mostra bem a trag\u00e9dia que o pa\u00eds atravessa atualmente. O t\u00edtulo do artigo \u00e9 \u201cBrasil, mostra a sua cara\u201d.<\/p>\n<p>\u201cO Brasil dos 90 milh\u00f5es em a\u00e7\u00e3o da \u00e9poca da ditadura virou coveiro de 90 mil mortos e n\u00e3o foi \u2018pr\u00e1\u2019 frente como cantava o hino. Hoje quase n\u00e3o reconhecemos, como cantava Cazuza, a cara do lugar onde vivemos. Morremos sem entender o Brasil de hoje, a n\u00e3o ser recorrendo a Cartola, \u2018quando notares est\u00e1s \u00e0 beira do abismo [\u2026]\u2019 e a S\u00e9rgio Ricardo, \u2018 viu\/ como o mundo inteiro\/ ficou pequeno\/ E em nossas m\u00e3os\/ virou veneno [\u2026]\u2019. O desgoverno s\u00f3 pode ser lido ao contr\u00e1rio quando nega a verdade e afirma fake. Foi assim quando a extrema direita negou o Holocausto e os incr\u00e9dulos viram Hollywood na chegada do homem \u00e0 lua. Galileu tamb\u00e9m garantiu um e pur si muove \u00e0 terra e S\u00f3crates preferiu cicuta a ser condenado por suas ideias.<\/p>\n<p>H\u00e1 30 anos, o presidente M\u00e9dici virou manchete de jornal declarando \u2018Vivemos em Paz. \u00c9 um ambiente de paz e trabalho que, infelizmente tem sido deturpado por alguns \u00f3rg\u00e3os de imprensa europeia que procuram dar a falsa impress\u00e3o de que o governo brasileiro n\u00e3o respeita os direitos da pessoa humana\u2019.<\/p>\n<p>Rodamos, rodamos e ca\u00edmos na mesma armadilha, podemos redigir um tratado sobre a bestialidade humana, outro sobre a vergonha.<\/p>\n<p>N\u00e3o adianta tentar achar o culpado. Foi Ciro Gomes que n\u00e3o se aliou a Lula? Lula que repudiou Ciro? Fernando Haddad n\u00e3o aceitou ser vice de Ciro ou foi o contr\u00e1rio? Foi a sociedade remanescente da Marcha da Fam\u00edlia com Deus pela Liberdade de 1964 com medo da esquerda? A esquerda errou? Acabou? Concordamos com Golbery, a esquerda s\u00f3 se une na pris\u00e3o? Onde h\u00e1 sa\u00edda?<\/p>\n<p>Enquanto isso, Bolsonaro sofre a maior derrota no Congresso pela aprova\u00e7\u00e3o do FUNDEB: or\u00e7amento de R$ 168,5 bilh\u00f5es no ano passado, agora favorecendo 17 milh\u00f5es de novos alunos. O governo planejava tirar recursos da nossa vergonhosa educa\u00e7\u00e3o b\u00e1sica e m\u00e9dia para suprir a reformula\u00e7\u00e3o do Bolsa Fam\u00edlia. O Fundo Nacional de Desenvolvimento B\u00e1sico era aquilo que o ex-ministro da Educa\u00e7\u00e3o, Abraham Weintraub, chamava de \u2018reduto comunista\u2019, enquanto dan\u00e7ava na chuva imitando Gene Kelly, trocava letras como o Cebolinha e odiava a express\u00e3o \u2018povos ind\u00edgenas\u2019. Mas o que ouvimos de Bolsonaro logo depois da derrota, enquanto caminhava sem m\u00e1scara e vendia cloroquina at\u00e9 para as emas do Pal\u00e1cio, foi: \u2018o governo conseguiu mais uma vit\u00f3ria. A C\u00e2mara e o Executivo mostraram responsabilidade. Foi uma vota\u00e7\u00e3o quase un\u00e2nime, 7 votaram contra. Se votaram contra, t\u00eam seus motivos\u2019.<\/p>\n<p>N\u00e3o sabemos as emas, mas at\u00e9 o casal de araras-canind\u00e9, Waiwai e Mura, que encantavam a orla da Lagoa Rodrigo de Freitas no Rio, v\u00e3o se mudar para Cascais, em Portugal, com seu dono M\u00e1rio de Andrade Netto (M\u00e1rio Maluco) depois que seu quiosque point Palaphita Kitch fechou.<\/p>\n<p>N\u00f3s, que ficamos no meio da desconfigura\u00e7\u00e3o brasileira, cada vez que andamos mais voltamos a 30 anos atr\u00e1s.<\/p>\n<p>O governo j\u00e1 aplicou 30 investiga\u00e7\u00f5es baseadas na lei de Seguran\u00e7a Nacional, \u201centulho autorit\u00e1rio\u201d utilizado pela ditadura militar para calar a boca de opositores. Desde junho de 2016, um projeto do ent\u00e3o deputado Jair Bolsonaro pretende criminalizar elogio, prega\u00e7\u00e3o e apologia do \u201ccomunismo\u201d.<\/p>\n<p>O governo tamb\u00e9m elaborou uma \u201clista negra\u201d secreta com fotos e endere\u00e7os de 579 servidores federais e estaduais cr\u00edticos a Bolsonaro. S\u00e3o assinantes dos manifestos criados este ano (os 75%?) propondo uma alian\u00e7a popular antifascismo. Bolsonaro chamou quem se manifestou nas ruas contra ele de \u201cmarginais, terroristas, querendo quebrar o Brasil\u201d e deu poderes de \u201cintelig\u00eancia\u201d \u00e0 Secretaria de Opera\u00e7\u00f5es Vinculadas que elaborou a lista. A Seopi, subordinada ao ministro da Justi\u00e7a, Andr\u00e9 Mendon\u00e7a, vai distribuir os nomes a policiais civis e militares para, segundo eles, efetuarem \u201ca\u00e7\u00f5es de preven\u00e7\u00e3o, neutraliza\u00e7\u00e3o e repress\u00e3o de atos criminosos de qualquer natureza que atentem contra a ordem p\u00fablica, a incolumidade das pessoas e o patrim\u00f4nio\u201d.<\/p>\n<p>A ideia \u00e9 cada vez armar mais a popula\u00e7\u00e3o. J\u00e1 foram derrubadas tr\u00eas portarias que pretendiam exercer o rastreamento e controle de armas e contrabando a fac\u00e7\u00f5es criminosas. A \u2018bancada da bala\u2019 tenta acabar at\u00e9 com a ouvidoria da pol\u00edcia em S\u00e3o Paulo. Nunca se matou tanto. S\u00f3 em S\u00e3o Paulo as mortes por policiais aumentaram 20% durante a pandemia. No Brasil, uma pessoa \u00e9 morta a cada oito horas, negros e pardos \u00e0 frente.<\/p>\n<p>Bolsonaro s\u00f3 conversa com as emas desde que o ex-assessor parlamentar do Zero 1, Fabr\u00edcio Queiroz, foi preso. E depois que as contas que propagavam not\u00edcias falsas de 17 bolsonaristas foram banidas do Twitter e Facebook, por determina\u00e7\u00e3o do ministro Alexandre de Morais.<\/p>\n<p>Mas o Brasil \u2018dele\u2019 segue derretendo nossas conquistas.<\/p>\n<p>Na economia, a perspectiva de uma nova CPMF baila no ar e, se vingar o projeto de somar os tributos estaduais e municipais no IVA, Imposto de Valor Agregado, os impostos entre 29 e 35% ser\u00e3o os mais altos do mundo. Por enquanto a unifica\u00e7\u00e3o do PIS e Cofins j\u00e1 aumentaria a al\u00edquota de 3,5% para 12%.<\/p>\n<p>Atingiria inclusive a comercializa\u00e7\u00e3o dos livros. Livros s\u00e3o objetos pouco familiares aos bolsonaristas que ocuparam as pastas de Direitos Humanos, Educa\u00e7\u00e3o, o IPHAN, Funda\u00e7\u00e3o Palmares. Estranhos para os que esvaziaram a Cultura e a lei Rouanet, um dos maiores mecanismos de incentivo \u00e0 cultura no pa\u00eds. Sem resolver os problemas de sal\u00e1rios atrasados, risco de inc\u00eandio e abandono, o governo quer transferir de S\u00e3o Paulo para Bras\u00edlia, do maravilhoso abatedouro onde se instala, a Cinemateca. E acabar de vez com a produ\u00e7\u00e3o intelectual, leia-se comunista, da Casa de Rui Barbosa. Oito artistas, professores e produtores culturais resolveram disputar elei\u00e7\u00e3o no Cidadania carioca criando a \u201cbancada do Livro\u201d, contra a da BBB, Bala, B\u00edblia, Boi.<\/p>\n<p>Na pol\u00edtica, a toda hora uma nova dela\u00e7\u00e3o apanha um pol\u00edtico e j\u00e1 sobram poucos. S\u00e3o 19 milh\u00f5es os brasileiros que desistiram at\u00e9 de procurar emprego, ou pela falta dele ou pelo medo do cont\u00e1gio, na escolha entre fome e morte. Na maior desigualdade social brasileira, 35 milh\u00f5es de casas permanecem sem redes de esgoto e quase 10 milh\u00f5es n\u00e3o contam com abastecimento de \u00e1gua.<\/p>\n<p>Na onda do esp\u00edrito da nega\u00e7\u00e3o, que \u00e9 a marca deste governo populista, diante de dez mil km\u00b2 de floresta destru\u00eddas ano passado e desmatamento aumentado em 28% em um ano, a ministra da Agricultura, Tereza Cristina, concede uma entrevista ao Valor afirmando \u201cNingu\u00e9m est\u00e1 aqui para descumprir a lei, muito pelo contr\u00e1rio\u201d. Elogia o ministro das boiadas, Ricardo Salles, e Bolsonaro diz que Salles fica. Mesmo sabendo que, com ele, a Europa retirar\u00e1 subs\u00eddios \u00e0 Amaz\u00f4nia, e que pa\u00edses s\u00e9rios nunca aceitar\u00e3o o genoc\u00eddio dos ind\u00edgenas. O Covid-19 j\u00e1 atingiu 143 etnias, matou 542 e infectou 16.656 ind\u00edgenas.<\/p>\n<p>De resto, passamos a barreira dos 2,5 milh\u00f5es e os contaminados s\u00f3 fazem aumentar. No clima surreal em que faltam respiradores, rem\u00e9dios e sobra cloroquina e corrup\u00e7\u00e3o na compra de material de sa\u00fade e venda de leitos, trabalhadores da Sa\u00fade denunciaram Bolsonaro no Tribunal Penal Internacional de Haia. Em resposta, a Justi\u00e7a brasileira vai desenterrar um cad\u00e1ver.<\/p>\n<p>\u00c9 o ditador paraguaio Alfredo Stroessner que se refugiou no Brasil em 1989 depois de in\u00fameras den\u00fancias de crimes pol\u00edticos e contra os direitos humanos. O general morreu no Brasil em 2006, aos 93 anos, e agora vai ser exumado para atender a um teste de paternidade de Enrique Alfredo Fleitas que alega ser seu filho. No ano passado, no banheiro da mans\u00e3o do general, tamb\u00e9m foram desenterrados tr\u00eas cr\u00e2nios e restos humanos, prov\u00e1veis v\u00edtimas entre os 2 mil desaparecidos durante os 35 anos em que liderou a mais longa ditadura da Am\u00e9rica do Sul. O Brasil nunca atendeu aos pedidos de extradi\u00e7\u00e3o. O general foi homenageado por Bolsonaro no ano passado durante a posse do novo diretor de Itaipu Binacional.<\/p>\n<p>Adianta pedir a cara do Brasil de volta?\u201d<\/p>\n<p>Fonte: Programa Faixa Livre<\/p>\n","protected":false},"excerpt":{"rendered":"<p>A dire\u00e7\u00e3o da Petrobras segue em sua trajet\u00f3ria de destrui\u00e7\u00e3o n\u00e3o s\u00f3 da nossa principal estatal, como tamb\u00e9m do parque industrial nacional. A empresa anunciou recentemente o afretamento de tr\u00eas navios plataformas do tipo FPSO, que s\u00e3o unidades flutuantes de armazenamento e transfer\u00eancia, para o Campo de B\u00fazios, no pr\u00e9-sal da Bacia de Santos, not\u00edcia que animou a constru\u00e7\u00e3o naval brasileira, j\u00e1 que a execu\u00e7\u00e3o dessas obras por aqui seria<\/p>\n","protected":false},"author":1,"featured_media":1275,"comment_status":"open","ping_status":"open","sticky":false,"template":"","format":"standard","meta":[],"categories":[18],"tags":[],"yoast_head":"<!-- This site is optimized with the Yoast SEO plugin v16.3 - https:\/\/yoast.com\/wordpress\/plugins\/seo\/ -->\n<title>Editorial: BRASIL, MOSTRA SUA CARA! - TRIBUNA DA PRAIA<\/title>\n<meta name=\"robots\" content=\"index, follow, max-snippet:-1, max-image-preview:large, max-video-preview:-1\" \/>\n<link rel=\"canonical\" href=\"https:\/\/tribunadapraia.com.br\/?p=1580\" \/>\n<meta property=\"og:locale\" content=\"pt_BR\" \/>\n<meta property=\"og:type\" content=\"article\" \/>\n<meta property=\"og:title\" content=\"Editorial: BRASIL, MOSTRA SUA CARA! - TRIBUNA DA PRAIA\" \/>\n<meta property=\"og:description\" content=\"A dire\u00e7\u00e3o da Petrobras segue em sua trajet\u00f3ria de destrui\u00e7\u00e3o n\u00e3o s\u00f3 da nossa principal estatal, como tamb\u00e9m do parque industrial nacional. A empresa anunciou recentemente o afretamento de tr\u00eas navios plataformas do tipo FPSO, que s\u00e3o unidades flutuantes de armazenamento e transfer\u00eancia, para o Campo de B\u00fazios, no pr\u00e9-sal da Bacia de Santos, not\u00edcia que animou a constru\u00e7\u00e3o naval brasileira, j\u00e1 que a execu\u00e7\u00e3o dessas obras por aqui seria\" \/>\n<meta property=\"og:url\" content=\"https:\/\/tribunadapraia.com.br\/?p=1580\" \/>\n<meta property=\"og:site_name\" content=\"TRIBUNA DA PRAIA\" \/>\n<meta property=\"article:publisher\" content=\"https:\/\/www.facebook.com\/tribunadapraiaonline\/\" \/>\n<meta property=\"article:published_time\" content=\"2020-08-04T12:56:51+00:00\" \/>\n<meta property=\"article:modified_time\" content=\"2020-08-04T12:57:29+00:00\" \/>\n<meta property=\"og:image\" content=\"https:\/\/tribunadapraia.com.br\/wp-content\/uploads\/2020\/05\/IMG-20200430-WA0008.jpg\" \/>\n\t<meta property=\"og:image:width\" content=\"1053\" \/>\n\t<meta property=\"og:image:height\" content=\"794\" \/>\n<meta name=\"twitter:card\" content=\"summary_large_image\" \/>\n<meta name=\"twitter:creator\" content=\"@Claudomir21\" \/>\n<meta name=\"twitter:site\" content=\"@Claudomir21\" \/>\n<meta name=\"twitter:label1\" content=\"Est. tempo de leitura\">\n\t<meta name=\"twitter:data1\" content=\"8 minutos\">\n<script type=\"application\/ld+json\" class=\"yoast-schema-graph\">{\"@context\":\"https:\/\/schema.org\",\"@graph\":[{\"@type\":\"Organization\",\"@id\":\"https:\/\/tribunadapraia.com.br\/#organization\",\"name\":\"Tribuna da Praia\",\"url\":\"https:\/\/tribunadapraia.com.br\/\",\"sameAs\":[\"https:\/\/www.facebook.com\/tribunadapraiaonline\/\",\"https:\/\/www.instagram.com\/claudomirtavares\/\",\"https:\/\/www.youtube.com\/channel\/UCwQf80nxiMzCefAyjbp53Rw\",\"https:\/\/twitter.com\/Claudomir21\"],\"logo\":{\"@type\":\"ImageObject\",\"@id\":\"https:\/\/tribunadapraia.com.br\/#logo\",\"inLanguage\":\"pt-BR\",\"url\":\"https:\/\/tribunadapraia.com.br\/wp-content\/uploads\/2020\/02\/logo.png\",\"contentUrl\":\"https:\/\/tribunadapraia.com.br\/wp-content\/uploads\/2020\/02\/logo.png\",\"width\":501,\"height\":121,\"caption\":\"Tribuna da Praia\"},\"image\":{\"@id\":\"https:\/\/tribunadapraia.com.br\/#logo\"}},{\"@type\":\"WebSite\",\"@id\":\"https:\/\/tribunadapraia.com.br\/#website\",\"url\":\"https:\/\/tribunadapraia.com.br\/\",\"name\":\"TRIBUNA DA PRAIA\",\"description\":\"O 1\\u00ba jornal do interior de Sergipe na internet\",\"publisher\":{\"@id\":\"https:\/\/tribunadapraia.com.br\/#organization\"},\"potentialAction\":[{\"@type\":\"SearchAction\",\"target\":\"https:\/\/tribunadapraia.com.br\/?s={search_term_string}\",\"query-input\":\"required name=search_term_string\"}],\"inLanguage\":\"pt-BR\"},{\"@type\":\"ImageObject\",\"@id\":\"https:\/\/tribunadapraia.com.br\/?p=1580#primaryimage\",\"inLanguage\":\"pt-BR\",\"url\":\"https:\/\/tribunadapraia.com.br\/wp-content\/uploads\/2020\/05\/IMG-20200430-WA0008.jpg\",\"contentUrl\":\"https:\/\/tribunadapraia.com.br\/wp-content\/uploads\/2020\/05\/IMG-20200430-WA0008.jpg\",\"width\":1053,\"height\":794},{\"@type\":\"WebPage\",\"@id\":\"https:\/\/tribunadapraia.com.br\/?p=1580#webpage\",\"url\":\"https:\/\/tribunadapraia.com.br\/?p=1580\",\"name\":\"Editorial: BRASIL, MOSTRA SUA CARA! - TRIBUNA DA PRAIA\",\"isPartOf\":{\"@id\":\"https:\/\/tribunadapraia.com.br\/#website\"},\"primaryImageOfPage\":{\"@id\":\"https:\/\/tribunadapraia.com.br\/?p=1580#primaryimage\"},\"datePublished\":\"2020-08-04T12:56:51+00:00\",\"dateModified\":\"2020-08-04T12:57:29+00:00\",\"breadcrumb\":{\"@id\":\"https:\/\/tribunadapraia.com.br\/?p=1580#breadcrumb\"},\"inLanguage\":\"pt-BR\",\"potentialAction\":[{\"@type\":\"ReadAction\",\"target\":[\"https:\/\/tribunadapraia.com.br\/?p=1580\"]}]},{\"@type\":\"BreadcrumbList\",\"@id\":\"https:\/\/tribunadapraia.com.br\/?p=1580#breadcrumb\",\"itemListElement\":[{\"@type\":\"ListItem\",\"position\":1,\"item\":{\"@type\":\"WebPage\",\"@id\":\"https:\/\/tribunadapraia.com.br\/\",\"url\":\"https:\/\/tribunadapraia.com.br\/\",\"name\":\"In\\u00edcio\"}},{\"@type\":\"ListItem\",\"position\":2,\"item\":{\"@id\":\"https:\/\/tribunadapraia.com.br\/?p=1580#webpage\"}}]},{\"@type\":\"Article\",\"@id\":\"https:\/\/tribunadapraia.com.br\/?p=1580#article\",\"isPartOf\":{\"@id\":\"https:\/\/tribunadapraia.com.br\/?p=1580#webpage\"},\"author\":{\"@id\":\"https:\/\/tribunadapraia.com.br\/#\/schema\/person\/326b0a9f3163b479142c64eba4928de0\"},\"headline\":\"Editorial: BRASIL, MOSTRA SUA CARA!\",\"datePublished\":\"2020-08-04T12:56:51+00:00\",\"dateModified\":\"2020-08-04T12:57:29+00:00\",\"mainEntityOfPage\":{\"@id\":\"https:\/\/tribunadapraia.com.br\/?p=1580#webpage\"},\"wordCount\":1636,\"commentCount\":0,\"publisher\":{\"@id\":\"https:\/\/tribunadapraia.com.br\/#organization\"},\"image\":{\"@id\":\"https:\/\/tribunadapraia.com.br\/?p=1580#primaryimage\"},\"thumbnailUrl\":\"https:\/\/tribunadapraia.com.br\/wp-content\/uploads\/2020\/05\/IMG-20200430-WA0008.jpg\",\"articleSection\":[\"Not\\u00edcias\"],\"inLanguage\":\"pt-BR\",\"potentialAction\":[{\"@type\":\"CommentAction\",\"name\":\"Comment\",\"target\":[\"https:\/\/tribunadapraia.com.br\/?p=1580#respond\"]}]},{\"@type\":\"Person\",\"@id\":\"https:\/\/tribunadapraia.com.br\/#\/schema\/person\/326b0a9f3163b479142c64eba4928de0\",\"name\":\"tribunadapraia\",\"image\":{\"@type\":\"ImageObject\",\"@id\":\"https:\/\/tribunadapraia.com.br\/#personlogo\",\"inLanguage\":\"pt-BR\",\"url\":\"https:\/\/secure.gravatar.com\/avatar\/38b019c74762496076b7355024a0dad9?s=96&d=identicon&r=g\",\"contentUrl\":\"https:\/\/secure.gravatar.com\/avatar\/38b019c74762496076b7355024a0dad9?s=96&d=identicon&r=g\",\"caption\":\"tribunadapraia\"}}]}<\/script>\n<!-- \/ Yoast SEO plugin. -->","wps_subtitle":"","_links":{"self":[{"href":"https:\/\/tribunadapraia.com.br\/index.php?rest_route=\/wp\/v2\/posts\/1580"}],"collection":[{"href":"https:\/\/tribunadapraia.com.br\/index.php?rest_route=\/wp\/v2\/posts"}],"about":[{"href":"https:\/\/tribunadapraia.com.br\/index.php?rest_route=\/wp\/v2\/types\/post"}],"author":[{"embeddable":true,"href":"https:\/\/tribunadapraia.com.br\/index.php?rest_route=\/wp\/v2\/users\/1"}],"replies":[{"embeddable":true,"href":"https:\/\/tribunadapraia.com.br\/index.php?rest_route=%2Fwp%2Fv2%2Fcomments&post=1580"}],"version-history":[{"count":1,"href":"https:\/\/tribunadapraia.com.br\/index.php?rest_route=\/wp\/v2\/posts\/1580\/revisions"}],"predecessor-version":[{"id":1581,"href":"https:\/\/tribunadapraia.com.br\/index.php?rest_route=\/wp\/v2\/posts\/1580\/revisions\/1581"}],"wp:featuredmedia":[{"embeddable":true,"href":"https:\/\/tribunadapraia.com.br\/index.php?rest_route=\/wp\/v2\/media\/1275"}],"wp:attachment":[{"href":"https:\/\/tribunadapraia.com.br\/index.php?rest_route=%2Fwp%2Fv2%2Fmedia&parent=1580"}],"wp:term":[{"taxonomy":"category","embeddable":true,"href":"https:\/\/tribunadapraia.com.br\/index.php?rest_route=%2Fwp%2Fv2%2Fcategories&post=1580"},{"taxonomy":"post_tag","embeddable":true,"href":"https:\/\/tribunadapraia.com.br\/index.php?rest_route=%2Fwp%2Fv2%2Ftags&post=1580"}],"curies":[{"name":"wp","href":"https:\/\/api.w.org\/{rel}","templated":true}]}}