{"id":1562,"date":"2020-07-31T08:07:31","date_gmt":"2020-07-31T11:07:31","guid":{"rendered":"https:\/\/tribunadapraia.com.br\/?p=1562"},"modified":"2020-07-31T08:12:09","modified_gmt":"2020-07-31T11:12:09","slug":"eleicoes-2020-republicanos-terao-candidato-proprio-para-prefeito-de-propria-e-anunciara-nome-nos-proximos-dias","status":"publish","type":"post","link":"https:\/\/tribunadapraia.com.br\/?p=1562","title":{"rendered":"ELEI\u00c7\u00d5ES 2020: Republicanos ter\u00e3o candidato pr\u00f3prio para prefeito de Propri\u00e1 e anunciar\u00e1 nome nos pr\u00f3ximos dias"},"content":{"rendered":"<p>Liderado pelo empres\u00e1rio e ex-prefeito Jos\u00e9 Am\u00e9rico (foto), o Republicano ter\u00e1 candidato pr\u00f3prio para prefeito de Propri\u00e1, no Baixo S\u00e3o Francisco, devendo anunciar nos pr\u00f3ximos diad o nome do pr\u00e9-candidato. Confira abaixo, na \u00edntegra, a nota divulgada pelo partido:<\/p>\n<p>&#8220;O Partido Rep\u00fablicano vem trabalhando em um projeto h\u00e1 quanto anos para apresentar a comunidade de Propri\u00e4 , projeto esse discutido e analisado para que a nossa cidade retome ao desenvolvimento na gera\u00e7\u00e3o de emprego e renda. Depois de analisar o momento pol\u00edtico e seu personagem, resolve lan\u00e7ar uma candidata pr\u00f3pria e discutir com a popula\u00e7\u00e3o o melhor caminh,, dentro de alguns dias estaremos apresentando nosso pr\u00e9 candidato!&#8221;.<\/p>\n<p>Por Reda\u00e7\u00e3o, com informa\u00e7\u00f5es do Republicanos\/Propri\u00e1 &#8211; Foto: Divulga\u00e7\u00e3o<\/p>\n","protected":false},"excerpt":{"rendered":"<p>Liderado pelo empres\u00e1rio e ex-prefeito Jos\u00e9 Am\u00e9rico (foto), o Republicano ter\u00e1 candidato pr\u00f3prio para prefeito de Propri\u00e1, no Baixo S\u00e3o Francisco, devendo anunciar nos pr\u00f3ximos diad o nome do pr\u00e9-candidato. Confira abaixo, na \u00edntegra, a nota divulgada pelo partido: &#8220;O Partido Rep\u00fablicano vem trabalhando em um projeto h\u00e1 quanto anos para apresentar a comunidade de Propri\u00e4 , projeto esse discutido e analisado para que a nossa cidade retome ao desenvolvimento<\/p>\n","protected":false},"author":1,"featured_media":1563,"comment_status":"open","ping_status":"open","sticky":false,"template":"","format":"standard","meta":[],"categories":[18],"tags":[],"yoast_head":"<!-- This site is optimized with the Yoast SEO plugin v16.3 - https:\/\/yoast.com\/wordpress\/plugins\/seo\/ -->\n<title>ELEI\u00c7\u00d5ES 2020: Republicanos ter\u00e3o candidato pr\u00f3prio para prefeito de Propri\u00e1 e anunciar\u00e1 nome nos pr\u00f3ximos dias - TRIBUNA DA PRAIA<\/title>\n<meta name=\"robots\" content=\"index, follow, max-snippet:-1, max-image-preview:large, max-video-preview:-1\" \/>\n<link rel=\"canonical\" href=\"https:\/\/tribunadapraia.com.br\/?p=1562\" \/>\n<meta property=\"og:locale\" content=\"pt_BR\" \/>\n<meta property=\"og:type\" content=\"article\" \/>\n<meta property=\"og:title\" content=\"ELEI\u00c7\u00d5ES 2020: Republicanos ter\u00e3o candidato pr\u00f3prio para prefeito de Propri\u00e1 e anunciar\u00e1 nome nos pr\u00f3ximos dias - TRIBUNA DA PRAIA\" \/>\n<meta property=\"og:description\" content=\"Liderado pelo empres\u00e1rio e ex-prefeito Jos\u00e9 Am\u00e9rico (foto), o Republicano ter\u00e1 candidato pr\u00f3prio para prefeito de Propri\u00e1, no Baixo S\u00e3o Francisco, devendo anunciar nos pr\u00f3ximos diad o nome do pr\u00e9-candidato. Confira abaixo, na \u00edntegra, a nota divulgada pelo partido: &#8220;O Partido Rep\u00fablicano vem trabalhando em um projeto h\u00e1 quanto anos para apresentar a comunidade de Propri\u00e4 , projeto esse discutido e analisado para que a nossa cidade retome ao desenvolvimento\" \/>\n<meta property=\"og:url\" content=\"https:\/\/tribunadapraia.com.br\/?p=1562\" \/>\n<meta property=\"og:site_name\" content=\"TRIBUNA DA PRAIA\" \/>\n<meta property=\"article:publisher\" content=\"https:\/\/www.facebook.com\/tribunadapraiaonline\/\" \/>\n<meta property=\"article:published_time\" content=\"2020-07-31T11:07:31+00:00\" \/>\n<meta property=\"article:modified_time\" content=\"2020-07-31T11:12:09+00:00\" \/>\n<meta property=\"og:image\" content=\"https:\/\/tribunadapraia.com.br\/wp-content\/uploads\/2020\/07\/Screenshot_20200731-074418.jpg\" \/>\n\t<meta property=\"og:image:width\" content=\"540\" \/>\n\t<meta property=\"og:image:height\" content=\"960\" \/>\n<meta name=\"twitter:card\" content=\"summary_large_image\" \/>\n<meta name=\"twitter:creator\" content=\"@Claudomir21\" \/>\n<meta name=\"twitter:site\" content=\"@Claudomir21\" \/>\n<meta name=\"twitter:label1\" content=\"Est. tempo de leitura\">\n\t<meta name=\"twitter:data1\" content=\"1 minuto\">\n<script type=\"application\/ld+json\" class=\"yoast-schema-graph\">{\"@context\":\"https:\/\/schema.org\",\"@graph\":[{\"@type\":\"Organization\",\"@id\":\"https:\/\/tribunadapraia.com.br\/#organization\",\"name\":\"Tribuna da Praia\",\"url\":\"https:\/\/tribunadapraia.com.br\/\",\"sameAs\":[\"https:\/\/www.facebook.com\/tribunadapraiaonline\/\",\"https:\/\/www.instagram.com\/claudomirtavares\/\",\"https:\/\/www.youtube.com\/channel\/UCwQf80nxiMzCefAyjbp53Rw\",\"https:\/\/twitter.com\/Claudomir21\"],\"logo\":{\"@type\":\"ImageObject\",\"@id\":\"https:\/\/tribunadapraia.com.br\/#logo\",\"inLanguage\":\"pt-BR\",\"url\":\"https:\/\/tribunadapraia.com.br\/wp-content\/uploads\/2020\/02\/logo.png\",\"contentUrl\":\"https:\/\/tribunadapraia.com.br\/wp-content\/uploads\/2020\/02\/logo.png\",\"width\":501,\"height\":121,\"caption\":\"Tribuna da Praia\"},\"image\":{\"@id\":\"https:\/\/tribunadapraia.com.br\/#logo\"}},{\"@type\":\"WebSite\",\"@id\":\"https:\/\/tribunadapraia.com.br\/#website\",\"url\":\"https:\/\/tribunadapraia.com.br\/\",\"name\":\"TRIBUNA DA PRAIA\",\"description\":\"O 1\\u00ba jornal do interior de Sergipe na internet\",\"publisher\":{\"@id\":\"https:\/\/tribunadapraia.com.br\/#organization\"},\"potentialAction\":[{\"@type\":\"SearchAction\",\"target\":\"https:\/\/tribunadapraia.com.br\/?s={search_term_string}\",\"query-input\":\"required name=search_term_string\"}],\"inLanguage\":\"pt-BR\"},{\"@type\":\"ImageObject\",\"@id\":\"https:\/\/tribunadapraia.com.br\/?p=1562#primaryimage\",\"inLanguage\":\"pt-BR\",\"url\":\"https:\/\/tribunadapraia.com.br\/wp-content\/uploads\/2020\/07\/Screenshot_20200731-074418.jpg\",\"contentUrl\":\"https:\/\/tribunadapraia.com.br\/wp-content\/uploads\/2020\/07\/Screenshot_20200731-074418.jpg\",\"width\":540,\"height\":960},{\"@type\":\"WebPage\",\"@id\":\"https:\/\/tribunadapraia.com.br\/?p=1562#webpage\",\"url\":\"https:\/\/tribunadapraia.com.br\/?p=1562\",\"name\":\"ELEI\\u00c7\\u00d5ES 2020: Republicanos ter\\u00e3o candidato pr\\u00f3prio para prefeito de Propri\\u00e1 e anunciar\\u00e1 nome nos pr\\u00f3ximos dias - TRIBUNA DA PRAIA\",\"isPartOf\":{\"@id\":\"https:\/\/tribunadapraia.com.br\/#website\"},\"primaryImageOfPage\":{\"@id\":\"https:\/\/tribunadapraia.com.br\/?p=1562#primaryimage\"},\"datePublished\":\"2020-07-31T11:07:31+00:00\",\"dateModified\":\"2020-07-31T11:12:09+00:00\",\"breadcrumb\":{\"@id\":\"https:\/\/tribunadapraia.com.br\/?p=1562#breadcrumb\"},\"inLanguage\":\"pt-BR\",\"potentialAction\":[{\"@type\":\"ReadAction\",\"target\":[\"https:\/\/tribunadapraia.com.br\/?p=1562\"]}]},{\"@type\":\"BreadcrumbList\",\"@id\":\"https:\/\/tribunadapraia.com.br\/?p=1562#breadcrumb\",\"itemListElement\":[{\"@type\":\"ListItem\",\"position\":1,\"item\":{\"@type\":\"WebPage\",\"@id\":\"https:\/\/tribunadapraia.com.br\/\",\"url\":\"https:\/\/tribunadapraia.com.br\/\",\"name\":\"In\\u00edcio\"}},{\"@type\":\"ListItem\",\"position\":2,\"item\":{\"@id\":\"https:\/\/tribunadapraia.com.br\/?p=1562#webpage\"}}]},{\"@type\":\"Article\",\"@id\":\"https:\/\/tribunadapraia.com.br\/?p=1562#article\",\"isPartOf\":{\"@id\":\"https:\/\/tribunadapraia.com.br\/?p=1562#webpage\"},\"author\":{\"@id\":\"https:\/\/tribunadapraia.com.br\/#\/schema\/person\/326b0a9f3163b479142c64eba4928de0\"},\"headline\":\"ELEI\\u00c7\\u00d5ES 2020: Republicanos ter\\u00e3o candidato pr\\u00f3prio para prefeito de Propri\\u00e1 e anunciar\\u00e1 nome nos pr\\u00f3ximos dias\",\"datePublished\":\"2020-07-31T11:07:31+00:00\",\"dateModified\":\"2020-07-31T11:12:09+00:00\",\"mainEntityOfPage\":{\"@id\":\"https:\/\/tribunadapraia.com.br\/?p=1562#webpage\"},\"wordCount\":150,\"commentCount\":2,\"publisher\":{\"@id\":\"https:\/\/tribunadapraia.com.br\/#organization\"},\"image\":{\"@id\":\"https:\/\/tribunadapraia.com.br\/?p=1562#primaryimage\"},\"thumbnailUrl\":\"https:\/\/tribunadapraia.com.br\/wp-content\/uploads\/2020\/07\/Screenshot_20200731-074418.jpg\",\"articleSection\":[\"Not\\u00edcias\"],\"inLanguage\":\"pt-BR\",\"potentialAction\":[{\"@type\":\"CommentAction\",\"name\":\"Comment\",\"target\":[\"https:\/\/tribunadapraia.com.br\/?p=1562#respond\"]}]},{\"@type\":\"Person\",\"@id\":\"https:\/\/tribunadapraia.com.br\/#\/schema\/person\/326b0a9f3163b479142c64eba4928de0\",\"name\":\"tribunadapraia\",\"image\":{\"@type\":\"ImageObject\",\"@id\":\"https:\/\/tribunadapraia.com.br\/#personlogo\",\"inLanguage\":\"pt-BR\",\"url\":\"https:\/\/secure.gravatar.com\/avatar\/38b019c74762496076b7355024a0dad9?s=96&d=identicon&r=g\",\"contentUrl\":\"https:\/\/secure.gravatar.com\/avatar\/38b019c74762496076b7355024a0dad9?s=96&d=identicon&r=g\",\"caption\":\"tribunadapraia\"}}]}<\/script>\n<!-- \/ Yoast SEO plugin. -->","wps_subtitle":"","_links":{"self":[{"href":"https:\/\/tribunadapraia.com.br\/index.php?rest_route=\/wp\/v2\/posts\/1562"}],"collection":[{"href":"https:\/\/tribunadapraia.com.br\/index.php?rest_route=\/wp\/v2\/posts"}],"about":[{"href":"https:\/\/tribunadapraia.com.br\/index.php?rest_route=\/wp\/v2\/types\/post"}],"author":[{"embeddable":true,"href":"https:\/\/tribunadapraia.com.br\/index.php?rest_route=\/wp\/v2\/users\/1"}],"replies":[{"embeddable":true,"href":"https:\/\/tribunadapraia.com.br\/index.php?rest_route=%2Fwp%2Fv2%2Fcomments&post=1562"}],"version-history":[{"count":1,"href":"https:\/\/tribunadapraia.com.br\/index.php?rest_route=\/wp\/v2\/posts\/1562\/revisions"}],"predecessor-version":[{"id":1564,"href":"https:\/\/tribunadapraia.com.br\/index.php?rest_route=\/wp\/v2\/posts\/1562\/revisions\/1564"}],"wp:featuredmedia":[{"embeddable":true,"href":"https:\/\/tribunadapraia.com.br\/index.php?rest_route=\/wp\/v2\/media\/1563"}],"wp:attachment":[{"href":"https:\/\/tribunadapraia.com.br\/index.php?rest_route=%2Fwp%2Fv2%2Fmedia&parent=1562"}],"wp:term":[{"taxonomy":"category","embeddable":true,"href":"https:\/\/tribunadapraia.com.br\/index.php?rest_route=%2Fwp%2Fv2%2Fcategories&post=1562"},{"taxonomy":"post_tag","embeddable":true,"href":"https:\/\/tribunadapraia.com.br\/index.php?rest_route=%2Fwp%2Fv2%2Ftags&post=1562"}],"curies":[{"name":"wp","href":"https:\/\/api.w.org\/{rel}","templated":true}]}}