{"id":1553,"date":"2020-07-29T08:20:24","date_gmt":"2020-07-29T11:20:24","guid":{"rendered":"https:\/\/tribunadapraia.com.br\/?p=1553"},"modified":"2020-07-29T08:20:24","modified_gmt":"2020-07-29T11:20:24","slug":"em-defesa-do-povo-de-barra-dos-coqueiros-manifesto-dos-partidos-e-pre-candidatos-da-oposicao","status":"publish","type":"post","link":"https:\/\/tribunadapraia.com.br\/?p=1553","title":{"rendered":"EM DEFESA DO POVO DE BARRA DOS COQUEIROS (Manifesto dos partidos e pr\u00e9-candidatos da oposi\u00e7\u00e3o)"},"content":{"rendered":"<p>Barra dos Coqueiros hoje \u00e9 um dos munic\u00edpios mais ricos do Estado. De 2013 a 2019 a arrecada\u00e7\u00e3o da prefeitura foi mais de 600.000.000,00 (seiscentos milh\u00f5es de reais). Por\u00e9m, nosso povo ainda amarga \u00edndices de pobreza, moradia e desemprego crescentes. Os servi\u00e7os p\u00fablicos de educa\u00e7\u00e3o, sa\u00fade e assist\u00eancia social s\u00e3o muito prec\u00e1rios e a nossa juventude n\u00e3o tem esperan\u00e7a num futuro melhor.<\/p>\n<p>A iniciativa privada (CELSE, ALPHAVILLE, DAMHA dentre outras) tem feito sua parte inclusive executando in\u00fameras obras de infra &#8211; estrutura que s\u00e3o \u00fateis e embelezam nossa cidade. Por outro lado, essa iniciativa esconde a incompet\u00eancia do atual prefeito. As poucas obras executadas pela prefeitura n\u00e3o t\u00eam qualidade, as recentemente inauguradas j\u00e1 est\u00e3o precisando de reparos, e o mais grave, essas obras s\u00e3o extremamente caras, com in\u00fameros aditivos o que as encarece ainda mais.<\/p>\n<p>Desde que assumiu o governo em 2013, o atual Prefeito n\u00e3o parou de inchar a m\u00e1quina administrativa criando cargos, multiplicando contratos e terceirizando os servi\u00e7os. Em plena crise econ\u00f4mica, o Prefeito aumentou de 16 para 27 o n\u00famero de secret\u00e1rios, ou seja, o munic\u00edpio que tem pouco mais de 30 mil habitantes, possui mais secret\u00e1rios que o Estado de Sergipe (14 secret\u00e1rios), mais que o Governo Federal (22 ministros).<\/p>\n<p>Se compararmos a outros munic\u00edpios o absurdo aumenta. Itabaiana, que possui 95 mil habitantes disp\u00f5e de 18 secretarias. A cidade de Lagarto que tem 104 mil habitantes, a prefeitura possui apenas 16 secretarias. J\u00e1 em S\u00e3o Crist\u00f3v\u00e3o, com mais de 85 mil habitantes, o Prefeito administra com 17 secretarias. \u00c9 um verdadeiro esc\u00e2ndalo que h\u00e1 muito tempo merecia providencias dos \u00f3rg\u00e3os de controle.<\/p>\n<p>Ao povo da cidade, nesse per\u00edodo, foi negado, pela pr\u00f3pria prefeitura, o emprego nas empresas que t\u00eam se instalado ou prestam servi\u00e7os no munic\u00edpio sob a alega\u00e7\u00e3o de falta de qualifica\u00e7\u00e3o. Muito cinismo quando a gente sabe que essa qualifica\u00e7\u00e3o \u00e9 responsabilidade da pr\u00f3pria prefeitura. Resta ent\u00e3o, a esmola do programa de cesta b\u00e1sica que estranhamente, nesses sete anos de governo, n\u00e3o conseguiu tirar ningu\u00e9m da situa\u00e7\u00e3o de vulnerabilidade social.<br \/>\nPor tudo isso, os partidos de oposi\u00e7\u00e3o de Barra dos Coqueiros. DEM, PT, REPUBLICANOS, SOLIDARIEDADE e UP, se uniram num projeto de mudan\u00e7a para nossa cidade. Avaliamos que esse \u00e9 o \u00fanico caminho para impedir a continuidade dessa pol\u00edtica que s\u00f3 beneficiou o Prefeito, sua fam\u00edlia e seus amigos.<\/p>\n<p>Esse grupo ent\u00e3o, assume publicamente, o compromisso de uni\u00e3o na elei\u00e7\u00e3o 2020. Os pr\u00e9-candidatos PASTORA SALETE, GILSON DOS ANJOS, CL\u00c1UDIO CADUCHA e ALYSSON SOUZA, ser\u00e3o submetidos a crit\u00e9rios objetivos com a participa\u00e7\u00e3o da popula\u00e7\u00e3o e com base neles ser\u00e1 apresentada ao povo de Barra dos Coqueiros, CHAPA \u00daNICA, apoiada pelo grupo para disputar o pleito deste ano de 2020 com um programa de governo que distribua os frutos do progresso alcan\u00e7ado com toda a popula\u00e7\u00e3o da nossa querida cidade.<\/p>\n","protected":false},"excerpt":{"rendered":"<p>Barra dos Coqueiros hoje \u00e9 um dos munic\u00edpios mais ricos do Estado. De 2013 a 2019 a arrecada\u00e7\u00e3o da prefeitura foi mais de 600.000.000,00 (seiscentos milh\u00f5es de reais). Por\u00e9m, nosso povo ainda amarga \u00edndices de pobreza, moradia e desemprego crescentes. Os servi\u00e7os p\u00fablicos de educa\u00e7\u00e3o, sa\u00fade e assist\u00eancia social s\u00e3o muito prec\u00e1rios e a nossa juventude n\u00e3o tem esperan\u00e7a num futuro melhor. A iniciativa privada (CELSE, ALPHAVILLE, DAMHA dentre outras)<\/p>\n","protected":false},"author":3,"featured_media":1554,"comment_status":"open","ping_status":"open","sticky":false,"template":"","format":"standard","meta":[],"categories":[18],"tags":[],"yoast_head":"<!-- This site is optimized with the Yoast SEO plugin v16.3 - https:\/\/yoast.com\/wordpress\/plugins\/seo\/ -->\n<title>EM DEFESA DO POVO DE BARRA DOS COQUEIROS (Manifesto dos partidos e pr\u00e9-candidatos da oposi\u00e7\u00e3o) - TRIBUNA DA PRAIA<\/title>\n<meta name=\"robots\" content=\"index, follow, max-snippet:-1, max-image-preview:large, max-video-preview:-1\" \/>\n<link rel=\"canonical\" href=\"https:\/\/tribunadapraia.com.br\/?p=1553\" \/>\n<meta property=\"og:locale\" content=\"pt_BR\" \/>\n<meta property=\"og:type\" content=\"article\" \/>\n<meta property=\"og:title\" content=\"EM DEFESA DO POVO DE BARRA DOS COQUEIROS (Manifesto dos partidos e pr\u00e9-candidatos da oposi\u00e7\u00e3o) - TRIBUNA DA PRAIA\" \/>\n<meta property=\"og:description\" content=\"Barra dos Coqueiros hoje \u00e9 um dos munic\u00edpios mais ricos do Estado. De 2013 a 2019 a arrecada\u00e7\u00e3o da prefeitura foi mais de 600.000.000,00 (seiscentos milh\u00f5es de reais). Por\u00e9m, nosso povo ainda amarga \u00edndices de pobreza, moradia e desemprego crescentes. Os servi\u00e7os p\u00fablicos de educa\u00e7\u00e3o, sa\u00fade e assist\u00eancia social s\u00e3o muito prec\u00e1rios e a nossa juventude n\u00e3o tem esperan\u00e7a num futuro melhor. A iniciativa privada (CELSE, ALPHAVILLE, DAMHA dentre outras)\" \/>\n<meta property=\"og:url\" content=\"https:\/\/tribunadapraia.com.br\/?p=1553\" \/>\n<meta property=\"og:site_name\" content=\"TRIBUNA DA PRAIA\" \/>\n<meta property=\"article:publisher\" content=\"https:\/\/www.facebook.com\/tribunadapraiaonline\/\" \/>\n<meta property=\"article:published_time\" content=\"2020-07-29T11:20:24+00:00\" \/>\n<meta property=\"og:image\" content=\"https:\/\/tribunadapraia.com.br\/wp-content\/uploads\/2020\/07\/IMG-20200729-WA0009.jpg\" \/>\n\t<meta property=\"og:image:width\" content=\"636\" \/>\n\t<meta property=\"og:image:height\" content=\"318\" \/>\n<meta name=\"twitter:card\" content=\"summary_large_image\" \/>\n<meta name=\"twitter:creator\" content=\"@Claudomir21\" \/>\n<meta name=\"twitter:site\" content=\"@Claudomir21\" \/>\n<meta name=\"twitter:label1\" content=\"Est. tempo de leitura\">\n\t<meta name=\"twitter:data1\" content=\"3 minutos\">\n<script type=\"application\/ld+json\" class=\"yoast-schema-graph\">{\"@context\":\"https:\/\/schema.org\",\"@graph\":[{\"@type\":\"Organization\",\"@id\":\"https:\/\/tribunadapraia.com.br\/#organization\",\"name\":\"Tribuna da Praia\",\"url\":\"https:\/\/tribunadapraia.com.br\/\",\"sameAs\":[\"https:\/\/www.facebook.com\/tribunadapraiaonline\/\",\"https:\/\/www.instagram.com\/claudomirtavares\/\",\"https:\/\/www.youtube.com\/channel\/UCwQf80nxiMzCefAyjbp53Rw\",\"https:\/\/twitter.com\/Claudomir21\"],\"logo\":{\"@type\":\"ImageObject\",\"@id\":\"https:\/\/tribunadapraia.com.br\/#logo\",\"inLanguage\":\"pt-BR\",\"url\":\"https:\/\/tribunadapraia.com.br\/wp-content\/uploads\/2020\/02\/logo.png\",\"contentUrl\":\"https:\/\/tribunadapraia.com.br\/wp-content\/uploads\/2020\/02\/logo.png\",\"width\":501,\"height\":121,\"caption\":\"Tribuna da Praia\"},\"image\":{\"@id\":\"https:\/\/tribunadapraia.com.br\/#logo\"}},{\"@type\":\"WebSite\",\"@id\":\"https:\/\/tribunadapraia.com.br\/#website\",\"url\":\"https:\/\/tribunadapraia.com.br\/\",\"name\":\"TRIBUNA DA PRAIA\",\"description\":\"O 1\\u00ba jornal do interior de Sergipe na internet\",\"publisher\":{\"@id\":\"https:\/\/tribunadapraia.com.br\/#organization\"},\"potentialAction\":[{\"@type\":\"SearchAction\",\"target\":\"https:\/\/tribunadapraia.com.br\/?s={search_term_string}\",\"query-input\":\"required name=search_term_string\"}],\"inLanguage\":\"pt-BR\"},{\"@type\":\"ImageObject\",\"@id\":\"https:\/\/tribunadapraia.com.br\/?p=1553#primaryimage\",\"inLanguage\":\"pt-BR\",\"url\":\"https:\/\/tribunadapraia.com.br\/wp-content\/uploads\/2020\/07\/IMG-20200729-WA0009.jpg\",\"contentUrl\":\"https:\/\/tribunadapraia.com.br\/wp-content\/uploads\/2020\/07\/IMG-20200729-WA0009.jpg\",\"width\":636,\"height\":318},{\"@type\":\"WebPage\",\"@id\":\"https:\/\/tribunadapraia.com.br\/?p=1553#webpage\",\"url\":\"https:\/\/tribunadapraia.com.br\/?p=1553\",\"name\":\"EM DEFESA DO POVO DE BARRA DOS COQUEIROS (Manifesto dos partidos e pr\\u00e9-candidatos da oposi\\u00e7\\u00e3o) - TRIBUNA DA PRAIA\",\"isPartOf\":{\"@id\":\"https:\/\/tribunadapraia.com.br\/#website\"},\"primaryImageOfPage\":{\"@id\":\"https:\/\/tribunadapraia.com.br\/?p=1553#primaryimage\"},\"datePublished\":\"2020-07-29T11:20:24+00:00\",\"dateModified\":\"2020-07-29T11:20:24+00:00\",\"breadcrumb\":{\"@id\":\"https:\/\/tribunadapraia.com.br\/?p=1553#breadcrumb\"},\"inLanguage\":\"pt-BR\",\"potentialAction\":[{\"@type\":\"ReadAction\",\"target\":[\"https:\/\/tribunadapraia.com.br\/?p=1553\"]}]},{\"@type\":\"BreadcrumbList\",\"@id\":\"https:\/\/tribunadapraia.com.br\/?p=1553#breadcrumb\",\"itemListElement\":[{\"@type\":\"ListItem\",\"position\":1,\"item\":{\"@type\":\"WebPage\",\"@id\":\"https:\/\/tribunadapraia.com.br\/\",\"url\":\"https:\/\/tribunadapraia.com.br\/\",\"name\":\"In\\u00edcio\"}},{\"@type\":\"ListItem\",\"position\":2,\"item\":{\"@id\":\"https:\/\/tribunadapraia.com.br\/?p=1553#webpage\"}}]},{\"@type\":\"Article\",\"@id\":\"https:\/\/tribunadapraia.com.br\/?p=1553#article\",\"isPartOf\":{\"@id\":\"https:\/\/tribunadapraia.com.br\/?p=1553#webpage\"},\"author\":{\"@id\":\"https:\/\/tribunadapraia.com.br\/#\/schema\/person\/099fbbf59acc5895c0d7d52b4fc46c97\"},\"headline\":\"EM DEFESA DO POVO DE BARRA DOS COQUEIROS (Manifesto dos partidos e pr\\u00e9-candidatos da oposi\\u00e7\\u00e3o)\",\"datePublished\":\"2020-07-29T11:20:24+00:00\",\"dateModified\":\"2020-07-29T11:20:24+00:00\",\"mainEntityOfPage\":{\"@id\":\"https:\/\/tribunadapraia.com.br\/?p=1553#webpage\"},\"wordCount\":527,\"commentCount\":0,\"publisher\":{\"@id\":\"https:\/\/tribunadapraia.com.br\/#organization\"},\"image\":{\"@id\":\"https:\/\/tribunadapraia.com.br\/?p=1553#primaryimage\"},\"thumbnailUrl\":\"https:\/\/tribunadapraia.com.br\/wp-content\/uploads\/2020\/07\/IMG-20200729-WA0009.jpg\",\"articleSection\":[\"Not\\u00edcias\"],\"inLanguage\":\"pt-BR\",\"potentialAction\":[{\"@type\":\"CommentAction\",\"name\":\"Comment\",\"target\":[\"https:\/\/tribunadapraia.com.br\/?p=1553#respond\"]}]},{\"@type\":\"Person\",\"@id\":\"https:\/\/tribunadapraia.com.br\/#\/schema\/person\/099fbbf59acc5895c0d7d52b4fc46c97\",\"name\":\"Reda\\u00e7\\u00e3o\",\"image\":{\"@type\":\"ImageObject\",\"@id\":\"https:\/\/tribunadapraia.com.br\/#personlogo\",\"inLanguage\":\"pt-BR\",\"url\":\"https:\/\/secure.gravatar.com\/avatar\/91c8b91d2bfd7784eac5c3e055361f64?s=96&d=identicon&r=g\",\"contentUrl\":\"https:\/\/secure.gravatar.com\/avatar\/91c8b91d2bfd7784eac5c3e055361f64?s=96&d=identicon&r=g\",\"caption\":\"Reda\\u00e7\\u00e3o\"}}]}<\/script>\n<!-- \/ Yoast SEO plugin. -->","wps_subtitle":"","_links":{"self":[{"href":"https:\/\/tribunadapraia.com.br\/index.php?rest_route=\/wp\/v2\/posts\/1553"}],"collection":[{"href":"https:\/\/tribunadapraia.com.br\/index.php?rest_route=\/wp\/v2\/posts"}],"about":[{"href":"https:\/\/tribunadapraia.com.br\/index.php?rest_route=\/wp\/v2\/types\/post"}],"author":[{"embeddable":true,"href":"https:\/\/tribunadapraia.com.br\/index.php?rest_route=\/wp\/v2\/users\/3"}],"replies":[{"embeddable":true,"href":"https:\/\/tribunadapraia.com.br\/index.php?rest_route=%2Fwp%2Fv2%2Fcomments&post=1553"}],"version-history":[{"count":1,"href":"https:\/\/tribunadapraia.com.br\/index.php?rest_route=\/wp\/v2\/posts\/1553\/revisions"}],"predecessor-version":[{"id":1555,"href":"https:\/\/tribunadapraia.com.br\/index.php?rest_route=\/wp\/v2\/posts\/1553\/revisions\/1555"}],"wp:featuredmedia":[{"embeddable":true,"href":"https:\/\/tribunadapraia.com.br\/index.php?rest_route=\/wp\/v2\/media\/1554"}],"wp:attachment":[{"href":"https:\/\/tribunadapraia.com.br\/index.php?rest_route=%2Fwp%2Fv2%2Fmedia&parent=1553"}],"wp:term":[{"taxonomy":"category","embeddable":true,"href":"https:\/\/tribunadapraia.com.br\/index.php?rest_route=%2Fwp%2Fv2%2Fcategories&post=1553"},{"taxonomy":"post_tag","embeddable":true,"href":"https:\/\/tribunadapraia.com.br\/index.php?rest_route=%2Fwp%2Fv2%2Ftags&post=1553"}],"curies":[{"name":"wp","href":"https:\/\/api.w.org\/{rel}","templated":true}]}}