{"id":1547,"date":"2020-07-27T04:17:49","date_gmt":"2020-07-27T07:17:49","guid":{"rendered":"https:\/\/tribunadapraia.com.br\/?p=1547"},"modified":"2020-07-27T04:31:18","modified_gmt":"2020-07-27T07:31:18","slug":"beto-sat-ecos-de-liberdade-cidadania-e-oportunidades-104-motivos-para-um-protagonismo-em-propria","status":"publish","type":"post","link":"https:\/\/tribunadapraia.com.br\/?p=1547","title":{"rendered":"BETO SAT: Ecos de liberdade, cidadania e oportunidades, 104 motivos para um protagonismo em Propri\u00e1"},"content":{"rendered":"<p>\u00c0s elei\u00e7\u00f5es municipais 2020 em Propri\u00e1, distante 98 km da capital, Aracaju ser\u00e3o marcadas benignamente pelo protagonismo de alguns &#8220;atores&#8221; sociais que tem impresso nas \u00faltimas d\u00e9cadas, \u00e0s mais iluminadas p\u00e1ginas, cujo norte apontam para ecos de cidadania, liberdade de express\u00e3o, de pertencimento e oportunidades a dezenas de r\u00e1diocomunicadores que lhes devotam imensur\u00e1vel gratid\u00e3o.<\/p>\n<p>Funcion\u00e1rio p\u00fablico aposentado, com relevantes servi\u00e7os prestados a educa\u00e7\u00e3o de Sergipe, empres\u00e1rio e express\u00e3o da radiodifus\u00e3o comunit\u00e1ria no Baixo S\u00e3o Francisco &#8211; respeitado, querido e admirado por colegas e contempor\u00e2neos em todo estado, Carlos Alberto Gomes de Novais, o Beto Sat (foto) t\u00eam 104 motivos e legitimidade para disputar um mandato majorit\u00e1rio ou proporcional e estimulado por uma legi\u00e3o crescente de amigos, de todas \u00e0s vertentes, matizes e segmentos, est\u00e1 se habilitando (\u00e9 pr\u00e9-candidato) para disputar um mandato de vereador na Princesinha do S\u00e3o Francisco.<\/p>\n<p>Credenciais profissionais, lastro de comprovada experi\u00eancia, estatura pol\u00edtica e eleitoral, s\u00e3o adjetivos que se aplicam a este qualificado quadro da melhor cepa, consoante reconhecimento de organismos individuais e coletivos, hist\u00f3ricos e imediatos do povo ribeirinho, do qual Beto \u00e9 um de seus principsis expoentes.<\/p>\n<p>por ClaudOmir Herzog, cidad\u00e3o honor\u00e1rio propriaense<\/p>\n","protected":false},"excerpt":{"rendered":"<p>\u00c0s elei\u00e7\u00f5es municipais 2020 em Propri\u00e1, distante 98 km da capital, Aracaju ser\u00e3o marcadas benignamente pelo protagonismo de alguns &#8220;atores&#8221; sociais que tem impresso nas \u00faltimas d\u00e9cadas, \u00e0s mais iluminadas p\u00e1ginas, cujo norte apontam para ecos de cidadania, liberdade de express\u00e3o, de pertencimento e oportunidades a dezenas de r\u00e1diocomunicadores que lhes devotam imensur\u00e1vel gratid\u00e3o. Funcion\u00e1rio p\u00fablico aposentado, com relevantes servi\u00e7os prestados a educa\u00e7\u00e3o de Sergipe, empres\u00e1rio e express\u00e3o da radiodifus\u00e3o<\/p>\n","protected":false},"author":3,"featured_media":1550,"comment_status":"open","ping_status":"open","sticky":false,"template":"","format":"standard","meta":[],"categories":[18],"tags":[],"yoast_head":"<!-- This site is optimized with the Yoast SEO plugin v16.3 - https:\/\/yoast.com\/wordpress\/plugins\/seo\/ -->\n<title>BETO SAT: Ecos de liberdade, cidadania e oportunidades, 104 motivos para um protagonismo em Propri\u00e1 - TRIBUNA DA PRAIA<\/title>\n<meta name=\"robots\" content=\"index, follow, max-snippet:-1, max-image-preview:large, max-video-preview:-1\" \/>\n<link rel=\"canonical\" href=\"https:\/\/tribunadapraia.com.br\/?p=1547\" \/>\n<meta property=\"og:locale\" content=\"pt_BR\" \/>\n<meta property=\"og:type\" content=\"article\" \/>\n<meta property=\"og:title\" content=\"BETO SAT: Ecos de liberdade, cidadania e oportunidades, 104 motivos para um protagonismo em Propri\u00e1 - TRIBUNA DA PRAIA\" \/>\n<meta property=\"og:description\" content=\"\u00c0s elei\u00e7\u00f5es municipais 2020 em Propri\u00e1, distante 98 km da capital, Aracaju ser\u00e3o marcadas benignamente pelo protagonismo de alguns &#8220;atores&#8221; sociais que tem impresso nas \u00faltimas d\u00e9cadas, \u00e0s mais iluminadas p\u00e1ginas, cujo norte apontam para ecos de cidadania, liberdade de express\u00e3o, de pertencimento e oportunidades a dezenas de r\u00e1diocomunicadores que lhes devotam imensur\u00e1vel gratid\u00e3o. Funcion\u00e1rio p\u00fablico aposentado, com relevantes servi\u00e7os prestados a educa\u00e7\u00e3o de Sergipe, empres\u00e1rio e express\u00e3o da radiodifus\u00e3o\" \/>\n<meta property=\"og:url\" content=\"https:\/\/tribunadapraia.com.br\/?p=1547\" \/>\n<meta property=\"og:site_name\" content=\"TRIBUNA DA PRAIA\" \/>\n<meta property=\"article:publisher\" content=\"https:\/\/www.facebook.com\/tribunadapraiaonline\/\" \/>\n<meta property=\"article:published_time\" content=\"2020-07-27T07:17:49+00:00\" \/>\n<meta property=\"article:modified_time\" content=\"2020-07-27T07:31:18+00:00\" \/>\n<meta property=\"og:image\" content=\"https:\/\/tribunadapraia.com.br\/wp-content\/uploads\/2020\/07\/IMG_20200727_042642_093.jpg\" \/>\n\t<meta property=\"og:image:width\" content=\"540\" \/>\n\t<meta property=\"og:image:height\" content=\"517\" \/>\n<meta name=\"twitter:card\" content=\"summary_large_image\" \/>\n<meta name=\"twitter:creator\" content=\"@Claudomir21\" \/>\n<meta name=\"twitter:site\" content=\"@Claudomir21\" \/>\n<meta name=\"twitter:label1\" content=\"Est. tempo de leitura\">\n\t<meta name=\"twitter:data1\" content=\"1 minuto\">\n<script type=\"application\/ld+json\" class=\"yoast-schema-graph\">{\"@context\":\"https:\/\/schema.org\",\"@graph\":[{\"@type\":\"Organization\",\"@id\":\"https:\/\/tribunadapraia.com.br\/#organization\",\"name\":\"Tribuna da Praia\",\"url\":\"https:\/\/tribunadapraia.com.br\/\",\"sameAs\":[\"https:\/\/www.facebook.com\/tribunadapraiaonline\/\",\"https:\/\/www.instagram.com\/claudomirtavares\/\",\"https:\/\/www.youtube.com\/channel\/UCwQf80nxiMzCefAyjbp53Rw\",\"https:\/\/twitter.com\/Claudomir21\"],\"logo\":{\"@type\":\"ImageObject\",\"@id\":\"https:\/\/tribunadapraia.com.br\/#logo\",\"inLanguage\":\"pt-BR\",\"url\":\"https:\/\/tribunadapraia.com.br\/wp-content\/uploads\/2020\/02\/logo.png\",\"contentUrl\":\"https:\/\/tribunadapraia.com.br\/wp-content\/uploads\/2020\/02\/logo.png\",\"width\":501,\"height\":121,\"caption\":\"Tribuna da Praia\"},\"image\":{\"@id\":\"https:\/\/tribunadapraia.com.br\/#logo\"}},{\"@type\":\"WebSite\",\"@id\":\"https:\/\/tribunadapraia.com.br\/#website\",\"url\":\"https:\/\/tribunadapraia.com.br\/\",\"name\":\"TRIBUNA DA PRAIA\",\"description\":\"O 1\\u00ba jornal do interior de Sergipe na internet\",\"publisher\":{\"@id\":\"https:\/\/tribunadapraia.com.br\/#organization\"},\"potentialAction\":[{\"@type\":\"SearchAction\",\"target\":\"https:\/\/tribunadapraia.com.br\/?s={search_term_string}\",\"query-input\":\"required name=search_term_string\"}],\"inLanguage\":\"pt-BR\"},{\"@type\":\"ImageObject\",\"@id\":\"https:\/\/tribunadapraia.com.br\/?p=1547#primaryimage\",\"inLanguage\":\"pt-BR\",\"url\":\"https:\/\/tribunadapraia.com.br\/wp-content\/uploads\/2020\/07\/IMG_20200727_042642_093.jpg\",\"contentUrl\":\"https:\/\/tribunadapraia.com.br\/wp-content\/uploads\/2020\/07\/IMG_20200727_042642_093.jpg\",\"width\":540,\"height\":517},{\"@type\":\"WebPage\",\"@id\":\"https:\/\/tribunadapraia.com.br\/?p=1547#webpage\",\"url\":\"https:\/\/tribunadapraia.com.br\/?p=1547\",\"name\":\"BETO SAT: Ecos de liberdade, cidadania e oportunidades, 104 motivos para um protagonismo em Propri\\u00e1 - TRIBUNA DA PRAIA\",\"isPartOf\":{\"@id\":\"https:\/\/tribunadapraia.com.br\/#website\"},\"primaryImageOfPage\":{\"@id\":\"https:\/\/tribunadapraia.com.br\/?p=1547#primaryimage\"},\"datePublished\":\"2020-07-27T07:17:49+00:00\",\"dateModified\":\"2020-07-27T07:31:18+00:00\",\"breadcrumb\":{\"@id\":\"https:\/\/tribunadapraia.com.br\/?p=1547#breadcrumb\"},\"inLanguage\":\"pt-BR\",\"potentialAction\":[{\"@type\":\"ReadAction\",\"target\":[\"https:\/\/tribunadapraia.com.br\/?p=1547\"]}]},{\"@type\":\"BreadcrumbList\",\"@id\":\"https:\/\/tribunadapraia.com.br\/?p=1547#breadcrumb\",\"itemListElement\":[{\"@type\":\"ListItem\",\"position\":1,\"item\":{\"@type\":\"WebPage\",\"@id\":\"https:\/\/tribunadapraia.com.br\/\",\"url\":\"https:\/\/tribunadapraia.com.br\/\",\"name\":\"In\\u00edcio\"}},{\"@type\":\"ListItem\",\"position\":2,\"item\":{\"@id\":\"https:\/\/tribunadapraia.com.br\/?p=1547#webpage\"}}]},{\"@type\":\"Article\",\"@id\":\"https:\/\/tribunadapraia.com.br\/?p=1547#article\",\"isPartOf\":{\"@id\":\"https:\/\/tribunadapraia.com.br\/?p=1547#webpage\"},\"author\":{\"@id\":\"https:\/\/tribunadapraia.com.br\/#\/schema\/person\/099fbbf59acc5895c0d7d52b4fc46c97\"},\"headline\":\"BETO SAT: Ecos de liberdade, cidadania e oportunidades, 104 motivos para um protagonismo em Propri\\u00e1\",\"datePublished\":\"2020-07-27T07:17:49+00:00\",\"dateModified\":\"2020-07-27T07:31:18+00:00\",\"mainEntityOfPage\":{\"@id\":\"https:\/\/tribunadapraia.com.br\/?p=1547#webpage\"},\"wordCount\":227,\"commentCount\":0,\"publisher\":{\"@id\":\"https:\/\/tribunadapraia.com.br\/#organization\"},\"image\":{\"@id\":\"https:\/\/tribunadapraia.com.br\/?p=1547#primaryimage\"},\"thumbnailUrl\":\"https:\/\/tribunadapraia.com.br\/wp-content\/uploads\/2020\/07\/IMG_20200727_042642_093.jpg\",\"articleSection\":[\"Not\\u00edcias\"],\"inLanguage\":\"pt-BR\",\"potentialAction\":[{\"@type\":\"CommentAction\",\"name\":\"Comment\",\"target\":[\"https:\/\/tribunadapraia.com.br\/?p=1547#respond\"]}]},{\"@type\":\"Person\",\"@id\":\"https:\/\/tribunadapraia.com.br\/#\/schema\/person\/099fbbf59acc5895c0d7d52b4fc46c97\",\"name\":\"Reda\\u00e7\\u00e3o\",\"image\":{\"@type\":\"ImageObject\",\"@id\":\"https:\/\/tribunadapraia.com.br\/#personlogo\",\"inLanguage\":\"pt-BR\",\"url\":\"https:\/\/secure.gravatar.com\/avatar\/91c8b91d2bfd7784eac5c3e055361f64?s=96&d=identicon&r=g\",\"contentUrl\":\"https:\/\/secure.gravatar.com\/avatar\/91c8b91d2bfd7784eac5c3e055361f64?s=96&d=identicon&r=g\",\"caption\":\"Reda\\u00e7\\u00e3o\"}}]}<\/script>\n<!-- \/ Yoast SEO plugin. -->","wps_subtitle":"","_links":{"self":[{"href":"https:\/\/tribunadapraia.com.br\/index.php?rest_route=\/wp\/v2\/posts\/1547"}],"collection":[{"href":"https:\/\/tribunadapraia.com.br\/index.php?rest_route=\/wp\/v2\/posts"}],"about":[{"href":"https:\/\/tribunadapraia.com.br\/index.php?rest_route=\/wp\/v2\/types\/post"}],"author":[{"embeddable":true,"href":"https:\/\/tribunadapraia.com.br\/index.php?rest_route=\/wp\/v2\/users\/3"}],"replies":[{"embeddable":true,"href":"https:\/\/tribunadapraia.com.br\/index.php?rest_route=%2Fwp%2Fv2%2Fcomments&post=1547"}],"version-history":[{"count":1,"href":"https:\/\/tribunadapraia.com.br\/index.php?rest_route=\/wp\/v2\/posts\/1547\/revisions"}],"predecessor-version":[{"id":1549,"href":"https:\/\/tribunadapraia.com.br\/index.php?rest_route=\/wp\/v2\/posts\/1547\/revisions\/1549"}],"wp:featuredmedia":[{"embeddable":true,"href":"https:\/\/tribunadapraia.com.br\/index.php?rest_route=\/wp\/v2\/media\/1550"}],"wp:attachment":[{"href":"https:\/\/tribunadapraia.com.br\/index.php?rest_route=%2Fwp%2Fv2%2Fmedia&parent=1547"}],"wp:term":[{"taxonomy":"category","embeddable":true,"href":"https:\/\/tribunadapraia.com.br\/index.php?rest_route=%2Fwp%2Fv2%2Fcategories&post=1547"},{"taxonomy":"post_tag","embeddable":true,"href":"https:\/\/tribunadapraia.com.br\/index.php?rest_route=%2Fwp%2Fv2%2Ftags&post=1547"}],"curies":[{"name":"wp","href":"https:\/\/api.w.org\/{rel}","templated":true}]}}