{"id":1535,"date":"2020-07-20T02:08:38","date_gmt":"2020-07-20T05:08:38","guid":{"rendered":"https:\/\/tribunadapraia.com.br\/?p=1535"},"modified":"2020-07-20T02:17:08","modified_gmt":"2020-07-20T05:17:08","slug":"memorias-vera-cruz-o-primeiro-e-unico-cinema-de-pirambu-foi-criado-por-evando-dos-santos","status":"publish","type":"post","link":"https:\/\/tribunadapraia.com.br\/?p=1535","title":{"rendered":"Mem\u00f3rias: Vera Cruz, o primeiro (e \u00fanico) cinema de Pirambu foi criado por &#8220;Evando&#8221; dos Santos"},"content":{"rendered":"<p>Ha 40 anos era lan\u00e7ado por Evandro dos Santos (pai do vereador Weverton Xavier) o primeiro cinema (e \u00fanico) da Hist\u00f3ria de Pirambu. Localizado na Pra\u00e7a NS do Carmo (local onde atualmente est\u00e1 a loja MAJU &#8211; Material de Constru\u00e7\u00e3o, o Cine Vera Cruz exibia filmes (n\u00e3o in\u00e9ditos) em sua maioria de artes marciais (karat\u00ea), encenados no papel principal pelo ator sino-americano Bruce Lee (Lee Jun-fan; 27\/11\/1940 \u2013 20\/07\/1973) Teve vida curta, mas marcou uma gera\u00e7\u00e3o hoje na faixa et\u00e1ria entre 45 e 75 anos (eu tinha a \u00e9poca 12 anos de idade completados em 28 de julho daquele ano)..<\/p>\n<p>por ClaudOmir Herzog<\/p>\n","protected":false},"excerpt":{"rendered":"<p>Ha 40 anos era lan\u00e7ado por Evandro dos Santos (pai do vereador Weverton Xavier) o primeiro cinema (e \u00fanico) da Hist\u00f3ria de Pirambu. Localizado na Pra\u00e7a NS do Carmo (local onde atualmente est\u00e1 a loja MAJU &#8211; Material de Constru\u00e7\u00e3o, o Cine Vera Cruz exibia filmes (n\u00e3o in\u00e9ditos) em sua maioria de artes marciais (karat\u00ea), encenados no papel principal pelo ator sino-americano Bruce Lee (Lee Jun-fan; 27\/11\/1940 \u2013 20\/07\/1973) Teve<\/p>\n","protected":false},"author":3,"featured_media":1536,"comment_status":"open","ping_status":"open","sticky":false,"template":"","format":"standard","meta":[],"categories":[18],"tags":[],"yoast_head":"<!-- This site is optimized with the Yoast SEO plugin v16.3 - https:\/\/yoast.com\/wordpress\/plugins\/seo\/ -->\n<title>Mem\u00f3rias: Vera Cruz, o primeiro (e \u00fanico) cinema de Pirambu foi criado por &quot;Evando&quot; dos Santos - TRIBUNA DA PRAIA<\/title>\n<meta name=\"robots\" content=\"index, follow, max-snippet:-1, max-image-preview:large, max-video-preview:-1\" \/>\n<link rel=\"canonical\" href=\"https:\/\/tribunadapraia.com.br\/?p=1535\" \/>\n<meta property=\"og:locale\" content=\"pt_BR\" \/>\n<meta property=\"og:type\" content=\"article\" \/>\n<meta property=\"og:title\" content=\"Mem\u00f3rias: Vera Cruz, o primeiro (e \u00fanico) cinema de Pirambu foi criado por &quot;Evando&quot; dos Santos - TRIBUNA DA PRAIA\" \/>\n<meta property=\"og:description\" content=\"Ha 40 anos era lan\u00e7ado por Evandro dos Santos (pai do vereador Weverton Xavier) o primeiro cinema (e \u00fanico) da Hist\u00f3ria de Pirambu. Localizado na Pra\u00e7a NS do Carmo (local onde atualmente est\u00e1 a loja MAJU &#8211; Material de Constru\u00e7\u00e3o, o Cine Vera Cruz exibia filmes (n\u00e3o in\u00e9ditos) em sua maioria de artes marciais (karat\u00ea), encenados no papel principal pelo ator sino-americano Bruce Lee (Lee Jun-fan; 27\/11\/1940 \u2013 20\/07\/1973) Teve\" \/>\n<meta property=\"og:url\" content=\"https:\/\/tribunadapraia.com.br\/?p=1535\" \/>\n<meta property=\"og:site_name\" content=\"TRIBUNA DA PRAIA\" \/>\n<meta property=\"article:publisher\" content=\"https:\/\/www.facebook.com\/tribunadapraiaonline\/\" \/>\n<meta property=\"article:published_time\" content=\"2020-07-20T05:08:38+00:00\" \/>\n<meta property=\"article:modified_time\" content=\"2020-07-20T05:17:08+00:00\" \/>\n<meta property=\"og:image\" content=\"https:\/\/tribunadapraia.com.br\/wp-content\/uploads\/2020\/07\/Screenshot_20200720-015234.jpg\" \/>\n\t<meta property=\"og:image:width\" content=\"540\" \/>\n\t<meta property=\"og:image:height\" content=\"960\" \/>\n<meta name=\"twitter:card\" content=\"summary_large_image\" \/>\n<meta name=\"twitter:creator\" content=\"@Claudomir21\" \/>\n<meta name=\"twitter:site\" content=\"@Claudomir21\" \/>\n<meta name=\"twitter:label1\" content=\"Est. tempo de leitura\">\n\t<meta name=\"twitter:data1\" content=\"1 minuto\">\n<script type=\"application\/ld+json\" class=\"yoast-schema-graph\">{\"@context\":\"https:\/\/schema.org\",\"@graph\":[{\"@type\":\"Organization\",\"@id\":\"https:\/\/tribunadapraia.com.br\/#organization\",\"name\":\"Tribuna da Praia\",\"url\":\"https:\/\/tribunadapraia.com.br\/\",\"sameAs\":[\"https:\/\/www.facebook.com\/tribunadapraiaonline\/\",\"https:\/\/www.instagram.com\/claudomirtavares\/\",\"https:\/\/www.youtube.com\/channel\/UCwQf80nxiMzCefAyjbp53Rw\",\"https:\/\/twitter.com\/Claudomir21\"],\"logo\":{\"@type\":\"ImageObject\",\"@id\":\"https:\/\/tribunadapraia.com.br\/#logo\",\"inLanguage\":\"pt-BR\",\"url\":\"https:\/\/tribunadapraia.com.br\/wp-content\/uploads\/2020\/02\/logo.png\",\"contentUrl\":\"https:\/\/tribunadapraia.com.br\/wp-content\/uploads\/2020\/02\/logo.png\",\"width\":501,\"height\":121,\"caption\":\"Tribuna da Praia\"},\"image\":{\"@id\":\"https:\/\/tribunadapraia.com.br\/#logo\"}},{\"@type\":\"WebSite\",\"@id\":\"https:\/\/tribunadapraia.com.br\/#website\",\"url\":\"https:\/\/tribunadapraia.com.br\/\",\"name\":\"TRIBUNA DA PRAIA\",\"description\":\"O 1\\u00ba jornal do interior de Sergipe na internet\",\"publisher\":{\"@id\":\"https:\/\/tribunadapraia.com.br\/#organization\"},\"potentialAction\":[{\"@type\":\"SearchAction\",\"target\":\"https:\/\/tribunadapraia.com.br\/?s={search_term_string}\",\"query-input\":\"required name=search_term_string\"}],\"inLanguage\":\"pt-BR\"},{\"@type\":\"ImageObject\",\"@id\":\"https:\/\/tribunadapraia.com.br\/?p=1535#primaryimage\",\"inLanguage\":\"pt-BR\",\"url\":\"https:\/\/tribunadapraia.com.br\/wp-content\/uploads\/2020\/07\/Screenshot_20200720-015234.jpg\",\"contentUrl\":\"https:\/\/tribunadapraia.com.br\/wp-content\/uploads\/2020\/07\/Screenshot_20200720-015234.jpg\",\"width\":540,\"height\":960},{\"@type\":\"WebPage\",\"@id\":\"https:\/\/tribunadapraia.com.br\/?p=1535#webpage\",\"url\":\"https:\/\/tribunadapraia.com.br\/?p=1535\",\"name\":\"Mem\\u00f3rias: Vera Cruz, o primeiro (e \\u00fanico) cinema de Pirambu foi criado por \\\"Evando\\\" dos Santos - TRIBUNA DA PRAIA\",\"isPartOf\":{\"@id\":\"https:\/\/tribunadapraia.com.br\/#website\"},\"primaryImageOfPage\":{\"@id\":\"https:\/\/tribunadapraia.com.br\/?p=1535#primaryimage\"},\"datePublished\":\"2020-07-20T05:08:38+00:00\",\"dateModified\":\"2020-07-20T05:17:08+00:00\",\"breadcrumb\":{\"@id\":\"https:\/\/tribunadapraia.com.br\/?p=1535#breadcrumb\"},\"inLanguage\":\"pt-BR\",\"potentialAction\":[{\"@type\":\"ReadAction\",\"target\":[\"https:\/\/tribunadapraia.com.br\/?p=1535\"]}]},{\"@type\":\"BreadcrumbList\",\"@id\":\"https:\/\/tribunadapraia.com.br\/?p=1535#breadcrumb\",\"itemListElement\":[{\"@type\":\"ListItem\",\"position\":1,\"item\":{\"@type\":\"WebPage\",\"@id\":\"https:\/\/tribunadapraia.com.br\/\",\"url\":\"https:\/\/tribunadapraia.com.br\/\",\"name\":\"In\\u00edcio\"}},{\"@type\":\"ListItem\",\"position\":2,\"item\":{\"@id\":\"https:\/\/tribunadapraia.com.br\/?p=1535#webpage\"}}]},{\"@type\":\"Article\",\"@id\":\"https:\/\/tribunadapraia.com.br\/?p=1535#article\",\"isPartOf\":{\"@id\":\"https:\/\/tribunadapraia.com.br\/?p=1535#webpage\"},\"author\":{\"@id\":\"https:\/\/tribunadapraia.com.br\/#\/schema\/person\/099fbbf59acc5895c0d7d52b4fc46c97\"},\"headline\":\"Mem\\u00f3rias: Vera Cruz, o primeiro (e \\u00fanico) cinema de Pirambu foi criado por &#8220;Evando&#8221; dos Santos\",\"datePublished\":\"2020-07-20T05:08:38+00:00\",\"dateModified\":\"2020-07-20T05:17:08+00:00\",\"mainEntityOfPage\":{\"@id\":\"https:\/\/tribunadapraia.com.br\/?p=1535#webpage\"},\"wordCount\":120,\"commentCount\":0,\"publisher\":{\"@id\":\"https:\/\/tribunadapraia.com.br\/#organization\"},\"image\":{\"@id\":\"https:\/\/tribunadapraia.com.br\/?p=1535#primaryimage\"},\"thumbnailUrl\":\"https:\/\/tribunadapraia.com.br\/wp-content\/uploads\/2020\/07\/Screenshot_20200720-015234.jpg\",\"articleSection\":[\"Not\\u00edcias\"],\"inLanguage\":\"pt-BR\",\"potentialAction\":[{\"@type\":\"CommentAction\",\"name\":\"Comment\",\"target\":[\"https:\/\/tribunadapraia.com.br\/?p=1535#respond\"]}]},{\"@type\":\"Person\",\"@id\":\"https:\/\/tribunadapraia.com.br\/#\/schema\/person\/099fbbf59acc5895c0d7d52b4fc46c97\",\"name\":\"Reda\\u00e7\\u00e3o\",\"image\":{\"@type\":\"ImageObject\",\"@id\":\"https:\/\/tribunadapraia.com.br\/#personlogo\",\"inLanguage\":\"pt-BR\",\"url\":\"https:\/\/secure.gravatar.com\/avatar\/91c8b91d2bfd7784eac5c3e055361f64?s=96&d=identicon&r=g\",\"contentUrl\":\"https:\/\/secure.gravatar.com\/avatar\/91c8b91d2bfd7784eac5c3e055361f64?s=96&d=identicon&r=g\",\"caption\":\"Reda\\u00e7\\u00e3o\"}}]}<\/script>\n<!-- \/ Yoast SEO plugin. -->","wps_subtitle":"","_links":{"self":[{"href":"https:\/\/tribunadapraia.com.br\/index.php?rest_route=\/wp\/v2\/posts\/1535"}],"collection":[{"href":"https:\/\/tribunadapraia.com.br\/index.php?rest_route=\/wp\/v2\/posts"}],"about":[{"href":"https:\/\/tribunadapraia.com.br\/index.php?rest_route=\/wp\/v2\/types\/post"}],"author":[{"embeddable":true,"href":"https:\/\/tribunadapraia.com.br\/index.php?rest_route=\/wp\/v2\/users\/3"}],"replies":[{"embeddable":true,"href":"https:\/\/tribunadapraia.com.br\/index.php?rest_route=%2Fwp%2Fv2%2Fcomments&post=1535"}],"version-history":[{"count":3,"href":"https:\/\/tribunadapraia.com.br\/index.php?rest_route=\/wp\/v2\/posts\/1535\/revisions"}],"predecessor-version":[{"id":1539,"href":"https:\/\/tribunadapraia.com.br\/index.php?rest_route=\/wp\/v2\/posts\/1535\/revisions\/1539"}],"wp:featuredmedia":[{"embeddable":true,"href":"https:\/\/tribunadapraia.com.br\/index.php?rest_route=\/wp\/v2\/media\/1536"}],"wp:attachment":[{"href":"https:\/\/tribunadapraia.com.br\/index.php?rest_route=%2Fwp%2Fv2%2Fmedia&parent=1535"}],"wp:term":[{"taxonomy":"category","embeddable":true,"href":"https:\/\/tribunadapraia.com.br\/index.php?rest_route=%2Fwp%2Fv2%2Fcategories&post=1535"},{"taxonomy":"post_tag","embeddable":true,"href":"https:\/\/tribunadapraia.com.br\/index.php?rest_route=%2Fwp%2Fv2%2Ftags&post=1535"}],"curies":[{"name":"wp","href":"https:\/\/api.w.org\/{rel}","templated":true}]}}