{"id":1521,"date":"2020-07-13T18:30:27","date_gmt":"2020-07-13T21:30:27","guid":{"rendered":"https:\/\/tribunadapraia.com.br\/?p=1521"},"modified":"2020-07-13T18:33:28","modified_gmt":"2020-07-13T21:33:28","slug":"opiniao-reflexoes-acerca-da-eleicao-2020-em-cedro-de-sao-joao-se-parte-i","status":"publish","type":"post","link":"https:\/\/tribunadapraia.com.br\/?p=1521","title":{"rendered":"Opini\u00e3o: Reflex\u00f5es acerca da elei\u00e7\u00e3o 2020 em Cedro de S\u00e3o Jo\u00e3o\/SE &#8211; Parte I."},"content":{"rendered":"<p>&#8220;Nada \u00e9 mais seuro que consultar a raz\u00e3o em todas as ocasi\u00f5es.\u201d (Sat\u00edricon, Petr\u00f4nio)<\/p>\n<p>Voc\u00ea sabe o que \u00e9 um dilema? Um dilema \u00e9 quando voc\u00ea est\u00e1 numa situa\u00e7\u00e3o dif\u00edcil, sem sa\u00edda conveniente, onde h\u00e1 a necessidade de escolher entre duas sa\u00eddas ambas insatisfat\u00f3rias. Lendo a sequ\u00eancia do texto, voc\u00ea vai entender o porqu\u00ea dessa introdu\u00e7\u00e3o.<br \/>\nEstamos \u00e0s v\u00e9speras de uma nova elei\u00e7\u00e3o e se realmente nos preocup\u00e1ssemos com o futuro do nosso munic\u00edpio, com o nosso futuro particular e o de nossos(as) filhos(as), precisar\u00edamos, assim penso, antes de vestir uma cor, afixar cartazes e nomes nas fachadas e empunhar bandeiras de candidatos ou partidos; antes de assumirmos qualquer das posturas citadas devemos antes realizar uma qualificada avalia\u00e7\u00e3o dos(as) candidatos(as) a prefeito(a) e vereador(a) de Cedro de S\u00e3o Jo\u00e3o. Essas an\u00e1lises s\u00e3o urgentes e de elevada import\u00e2ncia, pois em v\u00e1rios aspectos a m\u00e1 escolha impacta diretamente nos problemas mais delicados das pessoas e da cidade. \u00c9 sabido que muitos munic\u00edpio dependem \u00fanica e exclusivamente de recursos e\/ou a\u00e7\u00f5es do Governo Estadual e Federal, por\u00e9m muitas das conquistas ou fracassos, muitos avan\u00e7os ou retrocessos, dependem especificamente da compet\u00eancia da gest\u00e3o municipal, da\u00ed a preocupa\u00e7\u00e3o em n\u00e3o escolher esse(a) ou aquele(a) candidato(a) por impulso e paix\u00e3o, afinal como dizia o poderoso chef\u00e3o [mafioso italiano] a paix\u00e3o turva a raz\u00e3o e nos impede de enxergar os fatos com a devida clareza.<\/p>\n<p>At\u00e9 o momento, ainda que n\u00e3o tenham ocorrido as conven\u00e7\u00f5es partid\u00e1rias, pasmem, j\u00e1 existem duas candidaturas postas nas ruas e na boca dos eleitores da pacata Cedro de S\u00e3o Jo\u00e3o, situa\u00e7\u00e3o decepcionante para alguns mun\u00edcipes, pois soa agressivo para \u00e0queles(as) eleitores(as) de inclina\u00e7\u00e3o republicanas observar os candidatos se imporem \u00e0 popula\u00e7\u00e3o, sem o aguardar dos ritos do c\u00f3digo eleitoral vigente, ou seja, as candidaturas declaradas j\u00e1 se iniciam ao arrepio da lei, p\u00e9ssimo sinal para quem aguarda vinda de tempos melhores. A realidade parece caminhar na contram\u00e3o do que diz um conterr\u00e2neo em seu espa\u00e7o de recado :\u201cn\u00e3o acredito apenas numa terceira via, e sim, acredito em v\u00e1rias\u201d. Ou seja, muitas outras pessoas de nosso munic\u00edpio re\u00fane condi\u00e7\u00f5es plenas para lan\u00e7ar-se candidatos(as) \u00e0 prefeitura da cidade, refiro-me a pessoas com capacidades intelectuais e morais que os credenciam a disputar a vaga de prefeito(a) de Cedro; contudo por motivos, talvez, particulares ou de descren\u00e7a no sistema e no eleitorado local, n\u00e3o ousam tentar entrar no p\u00e1reo da aprecia\u00e7\u00e3o popular.<\/p>\n<p>Quais s\u00e3o os atributos do cargo alvo da disputa, descobrir os problemas estruturais, as necessidades e os desejos da popula\u00e7\u00e3o, estabelecer um relacionamento cordial com qualquer pessoa, demonstrar interesse nas sugest\u00f5es da popula\u00e7\u00e3o, atualizar os mun\u00edcipes sobre os recursos e a\u00e7\u00f5es do poder p\u00fablico, possuir uma atitude de procurar constantemente o benef\u00edcio coletivo, estimular a independ\u00eancia econ\u00f4mica dos indiv\u00edduos; esses s\u00e3o apenas alguns dos atributos de um gestor. Vale lembrar tamb\u00e9m, que um prefeito n\u00e3o administra a cidade, ele administra a prefeitura. E, a partir desta, coopera com os demais que j\u00e1 realizam em seu espa\u00e7o sua parcela de colabora\u00e7\u00e3o para o bom andamento do munic\u00edpio. Estou falando aqui de empreendedores, donos de lojas e mercadinhos, aut\u00f4nomos, l\u00edderes religiosos, entre outro que, de forma an\u00f4nima e silenciosa, administram o cotidiano da cidade. Pessoas essas que, infelizmente, s\u00e3o negligenciadas pelas autoridades p\u00fablicas de Cedro de S\u00e3o Jo\u00e3o.<\/p>\n<p>Mas por que estou a chamar a aten\u00e7\u00e3o dos eleitores locais para os riscos e perigos das elei\u00e7\u00f5es que ora se anunciam?<\/p>\n<p>Ora, sabe-se que a anunciada candidata Laiana Costa \u00e9, \u201cem verdade vos digo\u201d, o codinome Neudo Alves ou, como alguns j\u00e1 dizem, laranja de Neudo ou ainda, numa linguagem mais sofisticada, Laiana Costa poderia ser caracterizada como um \u00edcone, um avatar, uma sombra. Apontamentos \u00e0 parte, vale ressaltar que se trata, pelo menos at\u00e9 o momento, de uma pessoa e de uma profissional respons\u00e1vel, educada, gentil, entre outras qualidades.<\/p>\n<p>Levanto outra quest\u00e3o, que requer e anseia por melhores esclarecimentos, com tantas figuras tradicionais da pol\u00edtica de Cedro de S\u00e3o Jo\u00e3o ansiando por se manterem usufruindo da prefeitura de Cedro, por que Laiana Costa como candidata a prefeita pelo DEM e n\u00e3o estas figuras as quais me refiro? Ser\u00e1 que \u00e9 por que ela \u00e9 uma rec\u00e9m-chegada e soaria melhor alternativa, seria pelo fato da mesma ser uma jovem vision\u00e1ria, que enxerga erros invis\u00edveis para os que est\u00e3o muito perto da realidade? Ou ser\u00e1 com apatia desses l\u00edderes em rela\u00e7\u00e3o ao comando assumido por Neudo Alves dentro do partido e da cidade?<br \/>\nA resposta \u00e9 N\u00c3O!<br \/>\nE aqui justifico melhor minha afirma\u00e7\u00e3o. Essas tradicionais lideran\u00e7as pol\u00edticas de Cedro de S\u00e3o Jo\u00e3o, est\u00e3o todas com s\u00e9rios problemas na justi\u00e7a, justamente por terem sido desonestos com o dinheiro p\u00fablico. Justamente por terem feito dos seus mandatos n\u00e3o um servi\u00e7o em favor da comunidade e sim a favor do interesse pr\u00f3prio. Sen\u00e3o, vejamos:<\/p>\n<p>\uf0d8 Luiz Delfino de Souza, o Le\u00e3o: que j\u00e1 exerceu influ\u00eancia significativa nas elei\u00e7\u00f5es municipais, depois do envolvimento na pistolagem do promotor de justi\u00e7a Valdir de Feitas Dantas e de improbidade administrativa, hoje est\u00e1 exclu\u00eddo de cargo p\u00fablico ou pol\u00edtico. Bom, isso \u00e9 o que entendo e espero n\u00e3o estar errado na minha an\u00e1lise.<\/p>\n<p>\uf0d8 Luiz Delfino de Souza J\u00fanior, Juca: Juca obedece \u00e0 risca o que diz o senso comum sobre o papel de um vice: \u201cvice e nada \u00e9 a mesma coisa\u201d. O que impede um vice-prefeito de propor algum projeto junto \u00e0 c\u00e2mara? Nada impede! Mas &#8230; Ent\u00e3o Juca nem fl\u00f3i nem contrib\u00f3i, nem anais nem menstruais, nem alhos e nem bugalhos, nem caga e nem quer desocupar a moita.<\/p>\n<p>\uf0d8 Marcos da Costa Santana, Bosquete: \u201cl\u00edder\u201d do PMDB, talvez o maior advers\u00e1rio pol\u00edtico do DEM na atualidade [apesar de julg\u00e1-lo algu\u00e9m sem express\u00e3o hoje], al\u00e9m de ter sido condenado legalmente pelo Minist\u00e9rio P\u00fablico Federal por improbidade administrativa, est\u00e1 t\u00e3o inexpress\u00edvel na pol\u00edtica municipal que se manifestou em apoio ao atual prefeito Neudo Alves, apoio t\u00e3o significativo como o de uma atadura num cad\u00e1ver. (Relembre o que muitos mun\u00edcipes comentavam da presen\u00e7a de Marcos acompanhando Neudo nos natais dos bairros). \u00c9 prova viva da pior pol\u00edtica a ser praticada, a pol\u00edtica da rasteira e da conveni\u00eancia, pois algu\u00e9m que fez oposi\u00e7\u00e3o aos dois mandatos do atual gestor, se colocar ao final dos oito anos em favor e subserviente ao seu opositor \u00e9 no m\u00ednimo julgar pouco inteligente quem, aqui, vota.<\/p>\n<p>\uf0d8 Jailton Santos Rocha, A Morte: condenado por improbidade administrativa em dois momentos, como ex-vereador e ex-prefeito, hoje trabalha como vigilante numa escola municipal pagando o famoso sursis [esp\u00e9cie de abrandamento da pena condenat\u00f3ria]. Acredito que se o mesmo fizer uma an\u00e1lise sincera da sua capacidade pol\u00edtica, ficar\u00e1 no posto de vigilante a se dispor a concorrer a qualquer outra atividade p\u00fablica, pois n\u00f3s e ele pr\u00f3prio sabemos que at\u00e9 como vigilante ele representa uma m\u00e1 aplica\u00e7\u00e3o do dinheiro p\u00fablico.<\/p>\n<p>\uf0d8 Juraci Ramos Rocha, Jura: era um potencial candidato a prefeito de Cedro, mas, provavelmente por consequ\u00eancias dos erros cometidos em conluio com o irm\u00e3o citado acima, que atualmente est\u00e1 como vigilante, Juraci tamb\u00e9m responde por improbidade administrativa e, por isso mesmo, est\u00e1 fora da disputa pol\u00edtica em cedro; falo fora por entender que n\u00e3o ser\u00e1 candidato, pois lamentavelmente esse tipo de pessoa n\u00e3o senta no div\u00e3 para refletir por seus erros, enquanto se encontra ineleg\u00edvel, ao contr\u00e1rio, feito ave de rapina, corre para os bra\u00e7os de algum candidato para mendigar uma secretaria ou coisa assemelhada.<\/p>\n<p>\uf0d8 Neudo Alves: Esse merece um estudo \u00e0 parte, seria uma esp\u00e9cie de Candido ou o otimista de Voltaire \u00e0s avessas. Vejamos, quebrou a D&#8217;\u00c1vila, fracassou como representante da cervejaria Schin na regi\u00e3o, uma trag\u00e9dia na mete\u00f3rica gest\u00e3o do Ciretran de Propri\u00e1, al\u00e9m de outras proezas j\u00e1 conhecidas de todos(as) na cidade de Cedro de S\u00e3o Jo\u00e3o. Por fim, problemas na Prefeitura de Cedro, vamos elencar algumas: A\u00e7\u00e3o da Energisa contra o munic\u00edpio com suspeita de improbidade administrativa (processo n\u00ba 37.19.01.0094); Nepotismo (processo n\u00ba 37.18.01.0105); irregularidade na obra da pra\u00e7a de eventos (processo n\u00ba 37.17.01.0061) ; Uso de objetos p\u00fablicos para fins particulares (processo n\u00ba 37.19.01.0090); A\u00e7\u00e3o civil p\u00fablica contra o secret\u00e1rio Aquira por desvio de sementes (processo n\u00ba 37.18.01.0051); rumores de irregularidades no concurso p\u00fablico do munic\u00edpio; Hillux alugada em nome da Secretaria de Educa\u00e7\u00e3o (em andamento), mas \u00e0 disposi\u00e7\u00e3o do prefeito, tipo desvio de finalidade.<\/p>\n<p>Traduzido: Os nomes dos figur\u00f5es de Cedro est\u00e3o praticamente todos com alguma condena\u00e7\u00e3o ou ser\u00e3o futuros potenciais condenados. Os que n\u00e3o est\u00e3o, n\u00e3o ousam se candidatar justamente porque ter\u00e1 que suportar o conv\u00edvio com os acima citados mediante eventuais alian\u00e7as.<\/p>\n<p>\u00c9 nesse contexto que apresentaram Laiana Costa como candidata. Sem d\u00favida, esta est\u00e1 sendo usada e qui\u00e7\u00e1 \u201cabusada\u201d, tendo em vista que essas figuras de uma forma ou de outra se beneficiar\u00e3o [em uma poss\u00edvel vit\u00f3ria] da prefeitura de Cedro e querem continuar se beneficiando, s\u00e3o lideran\u00e7as pol\u00edticas que n\u00e3o deixam nada, mas levam muito, e mesmo assim ganham brilho nas cabe\u00e7as e nas bocas de parcelas significativas e importantes dos eleitores cedrenses. Portanto, Laiana Costa \u00e9, nessas condi\u00e7\u00f5es, uma inventada, inaut\u00eantica, uma apar\u00eancia. Diz um poeta que as apar\u00eancias enganam!<\/p>\n<p>E para fazer frente a todos esses malfeitores citados acima, eis que surge uma luz [como diz a garotada, \u201cS\u00f3 que n\u00e3o!\u201d], eis que surge um mocinho para combater os vil\u00f5es, um outro candidato, j\u00e1 confirmado, a prefeito, Dr. Roberto Lima. Vamos ao perfil do candidato, j\u00e1 foi condenado por crimes contra o patrim\u00f4nio e apropria\u00e7\u00e3o ind\u00e9bita quando prefeito de Cedro, largou a gest\u00e3o nas m\u00e3os de pessoas de pouca \u00edndole e seres humanos pouco afeitos aos princ\u00edpios de nobreza coletiva, verdadeiras aves de rapinas, que usaram o dinheiro p\u00fablico para se enriquecerem, lembrem-se bem do tesoureiro que usava mala preta, bigode bem aparado, falava pouco e anda feito \u201csonso\u201d nas ruas, reparti\u00e7\u00f5es e bancos, vestia-se bem, mas sua alma se arrastava no lodo. H\u00e1 quem acredite que Dr. Roberto Lima ter\u00e1 sua candidatura condenada pela justi\u00e7a eleitoral. Por\u00e9m, enquanto isso, segue o mesmo a fazer campanha livremente, ou melhor, quase livremente, pois recentemente ao divulgar nas redes sociais uma entrevista que faria em uma r\u00e1dio comunit\u00e1ria do munic\u00edpio de Propri\u00e1, um outro personagem conhecido em nossa cidade [tamb\u00e9m com pretens\u00f5es de ser candidato a prefeito, se ainda n\u00e3o o foi \u00e9 porque n\u00e3o achou solo f\u00e9rtil nem cedeu um mil\u00e9simo em sua exc\u00eantrica vaidade], refiro-me ao outro Dr. Ailton Rocha, que expos a seguinte mensagem nos coment\u00e1rios da postagem nas redes sociais \u201cEsse cara [Roberto Lima] n\u00e3o tem a m\u00ednima condi\u00e7\u00e3o de voltar a ser prefeito. Tem problema mental [\u00e9 um psicopata], n\u00e3o tem condi\u00e7\u00e3o moral [\u00e9 um corrupto] e n\u00e3o tem \u00e9tica [\u00e9 um mau car\u00e1ter]. Como bem cantou o poeta: as suas ideias n\u00e3o correspondem aos fatos.\u201d N\u00e3o sei se devemos levantar em conta o que disse o Dr. Ailton Rocha, pois em seguida um filho de Cedro fez o seguinte coment\u00e1rio as palavras de Ailton, \u201c \u00c9 revoltado [Dr. Ailton Rocha] com o povo de Cedro porque queria ser prefeito de Cedro\u201d. Mas uma coisa \u00e9 certa, Dr. Roberto Lima e Dr. Ailton Rocha s\u00e3o pessoas pr\u00f3ximas, pois o Dr. Roberto Lima publicou livro e CD com textos de sua autoria e a voz que gravou as letras foi a da esposa do amigo Dr. Ailton Rocha, logo o que esperar de declara\u00e7\u00f5es t\u00e3o fortes vinda de uma pessoa t\u00e3o pr\u00f3xima do ent\u00e3o candidato Dr. Roberto? Sabemos tamb\u00e9m que foi divulgada uma nota de retrata\u00e7\u00e3o acerca do coment\u00e1rio feito por Dr. Ailton Rocha, mas a quest\u00e3o \u00e9 que quem assina a retra\u00e7\u00e3o s\u00e3o familiares e simp\u00e1ticos da candidatura de Dr. Roberto, por\u00e9m o Dr. Ailton n\u00e3o assina a nota, o que imaginarmos, n\u00e3o assina porque a vaidade exc\u00eantrica [como dito antes] n\u00e3o permite se retratar ou porque as palavras s\u00e3o verdadeiras? Eis uma d\u00favida.<\/p>\n<p>O grupo que apoia o candidato a prefeito Roberto Lima n\u00e3o \u00e9 composto por figuras t\u00e3o not\u00f3ria quanto o grupo que apoia \u201cLaiana Costa\u201d, salvo Dr. Kleber (Buxudo). E onde Buxudo estiver n\u00e3o existe desejo de mudan\u00e7as com vistas \u00e0 melhoria. E uma coisa se mostra evidente, parece que parcela da popula\u00e7\u00e3o acredita que as pessoas que apoiam Dr. Roberto Lima esperam que com uma poss\u00edvel vit\u00f3ria do mesmo, resgatem a oportunidade de se beneficiarem das abundantes riquezas da Prefeitura local.<\/p>\n<p>De um lado, Laiana Costa prefere estar mal acompanhada do que s\u00f3. Do outro, Dr. Roberto Lima, \u201cprefere\u201d estar s\u00f3 a mal acompanhado.<\/p>\n<p>Ent\u00e3o, estar alinhado com qualquer um dos dois grupos \u00e9 querer fazer parte do mesmo!<br \/>\nAgora, voc\u00ea leitor(a)\/eleitor(a), uma vez alcan\u00e7ada a compreens\u00e3o, entendendo com precis\u00e3o o que \u00e9 um dilema, finalmente a raz\u00e3o pr\u00e1tica se imp\u00f5e e lhe imprime a seguinte quest\u00e3o: dos males, qual o menos pior? Ou abister-se?<\/p>\n<p>(Lembre-se: &#8220;um mal \u00e9 um mal. Menor, m\u00e9dio ou maior, tanto faz &#8230;!&#8221;)<\/p>\n<p>Enviado por e-leitor cedrense que preservamos o nome para evitar retalia\u00e7\u00f5es.<\/p>\n","protected":false},"excerpt":{"rendered":"<p>&#8220;Nada \u00e9 mais seuro que consultar a raz\u00e3o em todas as ocasi\u00f5es.\u201d (Sat\u00edricon, Petr\u00f4nio) Voc\u00ea sabe o que \u00e9 um dilema? Um dilema \u00e9 quando voc\u00ea est\u00e1 numa situa\u00e7\u00e3o dif\u00edcil, sem sa\u00edda conveniente, onde h\u00e1 a necessidade de escolher entre duas sa\u00eddas ambas insatisfat\u00f3rias. Lendo a sequ\u00eancia do texto, voc\u00ea vai entender o porqu\u00ea dessa introdu\u00e7\u00e3o. Estamos \u00e0s v\u00e9speras de uma nova elei\u00e7\u00e3o e se realmente nos preocup\u00e1ssemos com o<\/p>\n","protected":false},"author":1,"featured_media":1522,"comment_status":"open","ping_status":"open","sticky":false,"template":"","format":"standard","meta":[],"categories":[18],"tags":[],"yoast_head":"<!-- This site is optimized with the Yoast SEO plugin v16.3 - https:\/\/yoast.com\/wordpress\/plugins\/seo\/ -->\n<title>Opini\u00e3o: Reflex\u00f5es acerca da elei\u00e7\u00e3o 2020 em Cedro de S\u00e3o Jo\u00e3o\/SE - Parte I. - TRIBUNA DA PRAIA<\/title>\n<meta name=\"robots\" content=\"index, follow, max-snippet:-1, max-image-preview:large, max-video-preview:-1\" \/>\n<link rel=\"canonical\" href=\"https:\/\/tribunadapraia.com.br\/?p=1521\" \/>\n<meta property=\"og:locale\" content=\"pt_BR\" \/>\n<meta property=\"og:type\" content=\"article\" \/>\n<meta property=\"og:title\" content=\"Opini\u00e3o: Reflex\u00f5es acerca da elei\u00e7\u00e3o 2020 em Cedro de S\u00e3o Jo\u00e3o\/SE - Parte I. - TRIBUNA DA PRAIA\" \/>\n<meta property=\"og:description\" content=\"&#8220;Nada \u00e9 mais seuro que consultar a raz\u00e3o em todas as ocasi\u00f5es.\u201d (Sat\u00edricon, Petr\u00f4nio) Voc\u00ea sabe o que \u00e9 um dilema? Um dilema \u00e9 quando voc\u00ea est\u00e1 numa situa\u00e7\u00e3o dif\u00edcil, sem sa\u00edda conveniente, onde h\u00e1 a necessidade de escolher entre duas sa\u00eddas ambas insatisfat\u00f3rias. Lendo a sequ\u00eancia do texto, voc\u00ea vai entender o porqu\u00ea dessa introdu\u00e7\u00e3o. Estamos \u00e0s v\u00e9speras de uma nova elei\u00e7\u00e3o e se realmente nos preocup\u00e1ssemos com o\" \/>\n<meta property=\"og:url\" content=\"https:\/\/tribunadapraia.com.br\/?p=1521\" \/>\n<meta property=\"og:site_name\" content=\"TRIBUNA DA PRAIA\" \/>\n<meta property=\"article:publisher\" content=\"https:\/\/www.facebook.com\/tribunadapraiaonline\/\" \/>\n<meta property=\"article:published_time\" content=\"2020-07-13T21:30:27+00:00\" \/>\n<meta property=\"article:modified_time\" content=\"2020-07-13T21:33:28+00:00\" \/>\n<meta property=\"og:image\" content=\"https:\/\/tribunadapraia.com.br\/wp-content\/uploads\/2020\/07\/CORETO-EM-CEDRO.png\" \/>\n\t<meta property=\"og:image:width\" content=\"450\" \/>\n\t<meta property=\"og:image:height\" content=\"342\" \/>\n<meta name=\"twitter:card\" content=\"summary_large_image\" \/>\n<meta name=\"twitter:creator\" content=\"@Claudomir21\" \/>\n<meta name=\"twitter:site\" content=\"@Claudomir21\" \/>\n<meta name=\"twitter:label1\" content=\"Est. tempo de leitura\">\n\t<meta name=\"twitter:data1\" content=\"12 minutos\">\n<script type=\"application\/ld+json\" class=\"yoast-schema-graph\">{\"@context\":\"https:\/\/schema.org\",\"@graph\":[{\"@type\":\"Organization\",\"@id\":\"https:\/\/tribunadapraia.com.br\/#organization\",\"name\":\"Tribuna da Praia\",\"url\":\"https:\/\/tribunadapraia.com.br\/\",\"sameAs\":[\"https:\/\/www.facebook.com\/tribunadapraiaonline\/\",\"https:\/\/www.instagram.com\/claudomirtavares\/\",\"https:\/\/www.youtube.com\/channel\/UCwQf80nxiMzCefAyjbp53Rw\",\"https:\/\/twitter.com\/Claudomir21\"],\"logo\":{\"@type\":\"ImageObject\",\"@id\":\"https:\/\/tribunadapraia.com.br\/#logo\",\"inLanguage\":\"pt-BR\",\"url\":\"https:\/\/tribunadapraia.com.br\/wp-content\/uploads\/2020\/02\/logo.png\",\"contentUrl\":\"https:\/\/tribunadapraia.com.br\/wp-content\/uploads\/2020\/02\/logo.png\",\"width\":501,\"height\":121,\"caption\":\"Tribuna da Praia\"},\"image\":{\"@id\":\"https:\/\/tribunadapraia.com.br\/#logo\"}},{\"@type\":\"WebSite\",\"@id\":\"https:\/\/tribunadapraia.com.br\/#website\",\"url\":\"https:\/\/tribunadapraia.com.br\/\",\"name\":\"TRIBUNA DA PRAIA\",\"description\":\"O 1\\u00ba jornal do interior de Sergipe na internet\",\"publisher\":{\"@id\":\"https:\/\/tribunadapraia.com.br\/#organization\"},\"potentialAction\":[{\"@type\":\"SearchAction\",\"target\":\"https:\/\/tribunadapraia.com.br\/?s={search_term_string}\",\"query-input\":\"required name=search_term_string\"}],\"inLanguage\":\"pt-BR\"},{\"@type\":\"ImageObject\",\"@id\":\"https:\/\/tribunadapraia.com.br\/?p=1521#primaryimage\",\"inLanguage\":\"pt-BR\",\"url\":\"https:\/\/tribunadapraia.com.br\/wp-content\/uploads\/2020\/07\/CORETO-EM-CEDRO.png\",\"contentUrl\":\"https:\/\/tribunadapraia.com.br\/wp-content\/uploads\/2020\/07\/CORETO-EM-CEDRO.png\",\"width\":450,\"height\":342},{\"@type\":\"WebPage\",\"@id\":\"https:\/\/tribunadapraia.com.br\/?p=1521#webpage\",\"url\":\"https:\/\/tribunadapraia.com.br\/?p=1521\",\"name\":\"Opini\\u00e3o: Reflex\\u00f5es acerca da elei\\u00e7\\u00e3o 2020 em Cedro de S\\u00e3o Jo\\u00e3o\/SE - Parte I. - TRIBUNA DA PRAIA\",\"isPartOf\":{\"@id\":\"https:\/\/tribunadapraia.com.br\/#website\"},\"primaryImageOfPage\":{\"@id\":\"https:\/\/tribunadapraia.com.br\/?p=1521#primaryimage\"},\"datePublished\":\"2020-07-13T21:30:27+00:00\",\"dateModified\":\"2020-07-13T21:33:28+00:00\",\"breadcrumb\":{\"@id\":\"https:\/\/tribunadapraia.com.br\/?p=1521#breadcrumb\"},\"inLanguage\":\"pt-BR\",\"potentialAction\":[{\"@type\":\"ReadAction\",\"target\":[\"https:\/\/tribunadapraia.com.br\/?p=1521\"]}]},{\"@type\":\"BreadcrumbList\",\"@id\":\"https:\/\/tribunadapraia.com.br\/?p=1521#breadcrumb\",\"itemListElement\":[{\"@type\":\"ListItem\",\"position\":1,\"item\":{\"@type\":\"WebPage\",\"@id\":\"https:\/\/tribunadapraia.com.br\/\",\"url\":\"https:\/\/tribunadapraia.com.br\/\",\"name\":\"In\\u00edcio\"}},{\"@type\":\"ListItem\",\"position\":2,\"item\":{\"@id\":\"https:\/\/tribunadapraia.com.br\/?p=1521#webpage\"}}]},{\"@type\":\"Article\",\"@id\":\"https:\/\/tribunadapraia.com.br\/?p=1521#article\",\"isPartOf\":{\"@id\":\"https:\/\/tribunadapraia.com.br\/?p=1521#webpage\"},\"author\":{\"@id\":\"https:\/\/tribunadapraia.com.br\/#\/schema\/person\/326b0a9f3163b479142c64eba4928de0\"},\"headline\":\"Opini\\u00e3o: Reflex\\u00f5es acerca da elei\\u00e7\\u00e3o 2020 em Cedro de S\\u00e3o Jo\\u00e3o\/SE &#8211; Parte I.\",\"datePublished\":\"2020-07-13T21:30:27+00:00\",\"dateModified\":\"2020-07-13T21:33:28+00:00\",\"mainEntityOfPage\":{\"@id\":\"https:\/\/tribunadapraia.com.br\/?p=1521#webpage\"},\"wordCount\":2395,\"commentCount\":0,\"publisher\":{\"@id\":\"https:\/\/tribunadapraia.com.br\/#organization\"},\"image\":{\"@id\":\"https:\/\/tribunadapraia.com.br\/?p=1521#primaryimage\"},\"thumbnailUrl\":\"https:\/\/tribunadapraia.com.br\/wp-content\/uploads\/2020\/07\/CORETO-EM-CEDRO.png\",\"articleSection\":[\"Not\\u00edcias\"],\"inLanguage\":\"pt-BR\",\"potentialAction\":[{\"@type\":\"CommentAction\",\"name\":\"Comment\",\"target\":[\"https:\/\/tribunadapraia.com.br\/?p=1521#respond\"]}]},{\"@type\":\"Person\",\"@id\":\"https:\/\/tribunadapraia.com.br\/#\/schema\/person\/326b0a9f3163b479142c64eba4928de0\",\"name\":\"tribunadapraia\",\"image\":{\"@type\":\"ImageObject\",\"@id\":\"https:\/\/tribunadapraia.com.br\/#personlogo\",\"inLanguage\":\"pt-BR\",\"url\":\"https:\/\/secure.gravatar.com\/avatar\/38b019c74762496076b7355024a0dad9?s=96&d=identicon&r=g\",\"contentUrl\":\"https:\/\/secure.gravatar.com\/avatar\/38b019c74762496076b7355024a0dad9?s=96&d=identicon&r=g\",\"caption\":\"tribunadapraia\"}}]}<\/script>\n<!-- \/ Yoast SEO plugin. -->","wps_subtitle":"","_links":{"self":[{"href":"https:\/\/tribunadapraia.com.br\/index.php?rest_route=\/wp\/v2\/posts\/1521"}],"collection":[{"href":"https:\/\/tribunadapraia.com.br\/index.php?rest_route=\/wp\/v2\/posts"}],"about":[{"href":"https:\/\/tribunadapraia.com.br\/index.php?rest_route=\/wp\/v2\/types\/post"}],"author":[{"embeddable":true,"href":"https:\/\/tribunadapraia.com.br\/index.php?rest_route=\/wp\/v2\/users\/1"}],"replies":[{"embeddable":true,"href":"https:\/\/tribunadapraia.com.br\/index.php?rest_route=%2Fwp%2Fv2%2Fcomments&post=1521"}],"version-history":[{"count":3,"href":"https:\/\/tribunadapraia.com.br\/index.php?rest_route=\/wp\/v2\/posts\/1521\/revisions"}],"predecessor-version":[{"id":1526,"href":"https:\/\/tribunadapraia.com.br\/index.php?rest_route=\/wp\/v2\/posts\/1521\/revisions\/1526"}],"wp:featuredmedia":[{"embeddable":true,"href":"https:\/\/tribunadapraia.com.br\/index.php?rest_route=\/wp\/v2\/media\/1522"}],"wp:attachment":[{"href":"https:\/\/tribunadapraia.com.br\/index.php?rest_route=%2Fwp%2Fv2%2Fmedia&parent=1521"}],"wp:term":[{"taxonomy":"category","embeddable":true,"href":"https:\/\/tribunadapraia.com.br\/index.php?rest_route=%2Fwp%2Fv2%2Fcategories&post=1521"},{"taxonomy":"post_tag","embeddable":true,"href":"https:\/\/tribunadapraia.com.br\/index.php?rest_route=%2Fwp%2Fv2%2Ftags&post=1521"}],"curies":[{"name":"wp","href":"https:\/\/api.w.org\/{rel}","templated":true}]}}