{"id":1510,"date":"2020-07-12T04:26:39","date_gmt":"2020-07-12T07:26:39","guid":{"rendered":"https:\/\/tribunadapraia.com.br\/?p=1510"},"modified":"2020-07-12T04:27:27","modified_gmt":"2020-07-12T07:27:27","slug":"alexis-pedrao-vamos-transformar-aracaju-em-uma-cidade-para-a-maioria-afirma-pre-candidato-a-prefeito-de-aracaju","status":"publish","type":"post","link":"https:\/\/tribunadapraia.com.br\/?p=1510","title":{"rendered":"ALEXIS PEDR\u00c3O: &#8220;Vamos transformar Aracaju em uma cidade para a maioria&#8221;, afirma pr\u00e9-candidato a prefeito de Aracaju"},"content":{"rendered":"<p>Hoje aceitei o chamado de diversos companheiros e companheiras de caminhada para representar uma proposta pol\u00edtica coletiva: Transformar Aracaju em uma cidade para a maioria! Fui indicado pelo PSOL como pr\u00e9-candidato a prefeito de Aracaju.<\/p>\n<p>Me sinto profundamente agradecido e com uma imensa responsabilidade a partir desse momento. Filho mais velho de Naput e Sonia, nasci nas ruas de terra do bairro Cidade Nova em Feira de Santana e me criei na Coroa do Meio em Aracaju. Nossa fam\u00edlia passou por muitas dificuldades, mas n\u00e3o desistimos. Trabalho, estudo e crio meus filhos. Jamais pensei em estar como pr\u00e9-candidato a prefeito da capital. Ainda mais num momento t\u00e3o dif\u00edcil de pandemia, desemprego e exterm\u00ednio do nosso povo. Mas \u00e9 preciso enfrentar os desafios para ter esperan\u00e7a em dias melhores.<\/p>\n<p>Vamos denunciar o governo genocida de Bolsonaro, buscar a mais ampla unidade dos setores populares e ocupar os espa\u00e7os sempre negados ao povo negro! \u00c9 um orgulho ser pr\u00e9-candidato pelo PSOL, um partido comprometido com as lutas e o socialismo. Agrade\u00e7o cada apoio recebido e fa\u00e7o o convite para lutarmos juntos por esse projeto. \u00c9 tempo de nos fortalecermos!<\/p>\n<p>Alexis Pedr\u00e3o<\/p>\n","protected":false},"excerpt":{"rendered":"<p>Hoje aceitei o chamado de diversos companheiros e companheiras de caminhada para representar uma proposta pol\u00edtica coletiva: Transformar Aracaju em uma cidade para a maioria! Fui indicado pelo PSOL como pr\u00e9-candidato a prefeito de Aracaju. Me sinto profundamente agradecido e com uma imensa responsabilidade a partir desse momento. Filho mais velho de Naput e Sonia, nasci nas ruas de terra do bairro Cidade Nova em Feira de Santana e me<\/p>\n","protected":false},"author":1,"featured_media":1511,"comment_status":"open","ping_status":"open","sticky":false,"template":"","format":"standard","meta":[],"categories":[18],"tags":[],"yoast_head":"<!-- This site is optimized with the Yoast SEO plugin v16.3 - https:\/\/yoast.com\/wordpress\/plugins\/seo\/ -->\n<title>ALEXIS PEDR\u00c3O: &quot;Vamos transformar Aracaju em uma cidade para a maioria&quot;, afirma pr\u00e9-candidato a prefeito de Aracaju - TRIBUNA DA PRAIA<\/title>\n<meta name=\"robots\" content=\"index, follow, max-snippet:-1, max-image-preview:large, max-video-preview:-1\" \/>\n<link rel=\"canonical\" href=\"https:\/\/tribunadapraia.com.br\/?p=1510\" \/>\n<meta property=\"og:locale\" content=\"pt_BR\" \/>\n<meta property=\"og:type\" content=\"article\" \/>\n<meta property=\"og:title\" content=\"ALEXIS PEDR\u00c3O: &quot;Vamos transformar Aracaju em uma cidade para a maioria&quot;, afirma pr\u00e9-candidato a prefeito de Aracaju - TRIBUNA DA PRAIA\" \/>\n<meta property=\"og:description\" content=\"Hoje aceitei o chamado de diversos companheiros e companheiras de caminhada para representar uma proposta pol\u00edtica coletiva: Transformar Aracaju em uma cidade para a maioria! Fui indicado pelo PSOL como pr\u00e9-candidato a prefeito de Aracaju. Me sinto profundamente agradecido e com uma imensa responsabilidade a partir desse momento. Filho mais velho de Naput e Sonia, nasci nas ruas de terra do bairro Cidade Nova em Feira de Santana e me\" \/>\n<meta property=\"og:url\" content=\"https:\/\/tribunadapraia.com.br\/?p=1510\" \/>\n<meta property=\"og:site_name\" content=\"TRIBUNA DA PRAIA\" \/>\n<meta property=\"article:publisher\" content=\"https:\/\/www.facebook.com\/tribunadapraiaonline\/\" \/>\n<meta property=\"article:published_time\" content=\"2020-07-12T07:26:39+00:00\" \/>\n<meta property=\"article:modified_time\" content=\"2020-07-12T07:27:27+00:00\" \/>\n<meta property=\"og:image\" content=\"https:\/\/tribunadapraia.com.br\/wp-content\/uploads\/2020\/07\/FB_IMG_1594538095762.jpg\" \/>\n\t<meta property=\"og:image:width\" content=\"552\" \/>\n\t<meta property=\"og:image:height\" content=\"467\" \/>\n<meta name=\"twitter:card\" content=\"summary_large_image\" \/>\n<meta name=\"twitter:creator\" content=\"@Claudomir21\" \/>\n<meta name=\"twitter:site\" content=\"@Claudomir21\" \/>\n<meta name=\"twitter:label1\" content=\"Est. tempo de leitura\">\n\t<meta name=\"twitter:data1\" content=\"1 minuto\">\n<script type=\"application\/ld+json\" class=\"yoast-schema-graph\">{\"@context\":\"https:\/\/schema.org\",\"@graph\":[{\"@type\":\"Organization\",\"@id\":\"https:\/\/tribunadapraia.com.br\/#organization\",\"name\":\"Tribuna da Praia\",\"url\":\"https:\/\/tribunadapraia.com.br\/\",\"sameAs\":[\"https:\/\/www.facebook.com\/tribunadapraiaonline\/\",\"https:\/\/www.instagram.com\/claudomirtavares\/\",\"https:\/\/www.youtube.com\/channel\/UCwQf80nxiMzCefAyjbp53Rw\",\"https:\/\/twitter.com\/Claudomir21\"],\"logo\":{\"@type\":\"ImageObject\",\"@id\":\"https:\/\/tribunadapraia.com.br\/#logo\",\"inLanguage\":\"pt-BR\",\"url\":\"https:\/\/tribunadapraia.com.br\/wp-content\/uploads\/2020\/02\/logo.png\",\"contentUrl\":\"https:\/\/tribunadapraia.com.br\/wp-content\/uploads\/2020\/02\/logo.png\",\"width\":501,\"height\":121,\"caption\":\"Tribuna da Praia\"},\"image\":{\"@id\":\"https:\/\/tribunadapraia.com.br\/#logo\"}},{\"@type\":\"WebSite\",\"@id\":\"https:\/\/tribunadapraia.com.br\/#website\",\"url\":\"https:\/\/tribunadapraia.com.br\/\",\"name\":\"TRIBUNA DA PRAIA\",\"description\":\"O 1\\u00ba jornal do interior de Sergipe na internet\",\"publisher\":{\"@id\":\"https:\/\/tribunadapraia.com.br\/#organization\"},\"potentialAction\":[{\"@type\":\"SearchAction\",\"target\":\"https:\/\/tribunadapraia.com.br\/?s={search_term_string}\",\"query-input\":\"required name=search_term_string\"}],\"inLanguage\":\"pt-BR\"},{\"@type\":\"ImageObject\",\"@id\":\"https:\/\/tribunadapraia.com.br\/?p=1510#primaryimage\",\"inLanguage\":\"pt-BR\",\"url\":\"https:\/\/tribunadapraia.com.br\/wp-content\/uploads\/2020\/07\/FB_IMG_1594538095762.jpg\",\"contentUrl\":\"https:\/\/tribunadapraia.com.br\/wp-content\/uploads\/2020\/07\/FB_IMG_1594538095762.jpg\",\"width\":552,\"height\":467},{\"@type\":\"WebPage\",\"@id\":\"https:\/\/tribunadapraia.com.br\/?p=1510#webpage\",\"url\":\"https:\/\/tribunadapraia.com.br\/?p=1510\",\"name\":\"ALEXIS PEDR\\u00c3O: \\\"Vamos transformar Aracaju em uma cidade para a maioria\\\", afirma pr\\u00e9-candidato a prefeito de Aracaju - TRIBUNA DA PRAIA\",\"isPartOf\":{\"@id\":\"https:\/\/tribunadapraia.com.br\/#website\"},\"primaryImageOfPage\":{\"@id\":\"https:\/\/tribunadapraia.com.br\/?p=1510#primaryimage\"},\"datePublished\":\"2020-07-12T07:26:39+00:00\",\"dateModified\":\"2020-07-12T07:27:27+00:00\",\"breadcrumb\":{\"@id\":\"https:\/\/tribunadapraia.com.br\/?p=1510#breadcrumb\"},\"inLanguage\":\"pt-BR\",\"potentialAction\":[{\"@type\":\"ReadAction\",\"target\":[\"https:\/\/tribunadapraia.com.br\/?p=1510\"]}]},{\"@type\":\"BreadcrumbList\",\"@id\":\"https:\/\/tribunadapraia.com.br\/?p=1510#breadcrumb\",\"itemListElement\":[{\"@type\":\"ListItem\",\"position\":1,\"item\":{\"@type\":\"WebPage\",\"@id\":\"https:\/\/tribunadapraia.com.br\/\",\"url\":\"https:\/\/tribunadapraia.com.br\/\",\"name\":\"In\\u00edcio\"}},{\"@type\":\"ListItem\",\"position\":2,\"item\":{\"@id\":\"https:\/\/tribunadapraia.com.br\/?p=1510#webpage\"}}]},{\"@type\":\"Article\",\"@id\":\"https:\/\/tribunadapraia.com.br\/?p=1510#article\",\"isPartOf\":{\"@id\":\"https:\/\/tribunadapraia.com.br\/?p=1510#webpage\"},\"author\":{\"@id\":\"https:\/\/tribunadapraia.com.br\/#\/schema\/person\/326b0a9f3163b479142c64eba4928de0\"},\"headline\":\"ALEXIS PEDR\\u00c3O: &#8220;Vamos transformar Aracaju em uma cidade para a maioria&#8221;, afirma pr\\u00e9-candidato a prefeito de Aracaju\",\"datePublished\":\"2020-07-12T07:26:39+00:00\",\"dateModified\":\"2020-07-12T07:27:27+00:00\",\"mainEntityOfPage\":{\"@id\":\"https:\/\/tribunadapraia.com.br\/?p=1510#webpage\"},\"wordCount\":219,\"commentCount\":0,\"publisher\":{\"@id\":\"https:\/\/tribunadapraia.com.br\/#organization\"},\"image\":{\"@id\":\"https:\/\/tribunadapraia.com.br\/?p=1510#primaryimage\"},\"thumbnailUrl\":\"https:\/\/tribunadapraia.com.br\/wp-content\/uploads\/2020\/07\/FB_IMG_1594538095762.jpg\",\"articleSection\":[\"Not\\u00edcias\"],\"inLanguage\":\"pt-BR\",\"potentialAction\":[{\"@type\":\"CommentAction\",\"name\":\"Comment\",\"target\":[\"https:\/\/tribunadapraia.com.br\/?p=1510#respond\"]}]},{\"@type\":\"Person\",\"@id\":\"https:\/\/tribunadapraia.com.br\/#\/schema\/person\/326b0a9f3163b479142c64eba4928de0\",\"name\":\"tribunadapraia\",\"image\":{\"@type\":\"ImageObject\",\"@id\":\"https:\/\/tribunadapraia.com.br\/#personlogo\",\"inLanguage\":\"pt-BR\",\"url\":\"https:\/\/secure.gravatar.com\/avatar\/38b019c74762496076b7355024a0dad9?s=96&d=identicon&r=g\",\"contentUrl\":\"https:\/\/secure.gravatar.com\/avatar\/38b019c74762496076b7355024a0dad9?s=96&d=identicon&r=g\",\"caption\":\"tribunadapraia\"}}]}<\/script>\n<!-- \/ Yoast SEO plugin. -->","wps_subtitle":"","_links":{"self":[{"href":"https:\/\/tribunadapraia.com.br\/index.php?rest_route=\/wp\/v2\/posts\/1510"}],"collection":[{"href":"https:\/\/tribunadapraia.com.br\/index.php?rest_route=\/wp\/v2\/posts"}],"about":[{"href":"https:\/\/tribunadapraia.com.br\/index.php?rest_route=\/wp\/v2\/types\/post"}],"author":[{"embeddable":true,"href":"https:\/\/tribunadapraia.com.br\/index.php?rest_route=\/wp\/v2\/users\/1"}],"replies":[{"embeddable":true,"href":"https:\/\/tribunadapraia.com.br\/index.php?rest_route=%2Fwp%2Fv2%2Fcomments&post=1510"}],"version-history":[{"count":1,"href":"https:\/\/tribunadapraia.com.br\/index.php?rest_route=\/wp\/v2\/posts\/1510\/revisions"}],"predecessor-version":[{"id":1512,"href":"https:\/\/tribunadapraia.com.br\/index.php?rest_route=\/wp\/v2\/posts\/1510\/revisions\/1512"}],"wp:featuredmedia":[{"embeddable":true,"href":"https:\/\/tribunadapraia.com.br\/index.php?rest_route=\/wp\/v2\/media\/1511"}],"wp:attachment":[{"href":"https:\/\/tribunadapraia.com.br\/index.php?rest_route=%2Fwp%2Fv2%2Fmedia&parent=1510"}],"wp:term":[{"taxonomy":"category","embeddable":true,"href":"https:\/\/tribunadapraia.com.br\/index.php?rest_route=%2Fwp%2Fv2%2Fcategories&post=1510"},{"taxonomy":"post_tag","embeddable":true,"href":"https:\/\/tribunadapraia.com.br\/index.php?rest_route=%2Fwp%2Fv2%2Ftags&post=1510"}],"curies":[{"name":"wp","href":"https:\/\/api.w.org\/{rel}","templated":true}]}}