{"id":1505,"date":"2020-07-07T13:46:36","date_gmt":"2020-07-07T16:46:36","guid":{"rendered":"https:\/\/tribunadapraia.com.br\/?p=1505"},"modified":"2020-07-07T13:57:46","modified_gmt":"2020-07-07T16:57:46","slug":"o-cd-um-olhar-sobre-o-lario-do-grupo-folclorico-lario-da-tartaruga-comemora-13-anos-de-lancamento","status":"publish","type":"post","link":"https:\/\/tribunadapraia.com.br\/?p=1505","title":{"rendered":"O CD \u201cUm olhar sobre o Lari\u00f4\u201d, do Grupo Folcl\u00f3rico Lari\u00f4 da Tartaruga comemora 13 anos de lan\u00e7amento"},"content":{"rendered":"<p>No dia 07\/07\/07, coincid\u00eancias cabal\u00edsticas a parte, esta data foi comemorada em grande estilo: estava saindo do forno o primeiro e at\u00e9 o momento \u00fanico CD do Grupo Folcl\u00f3rico Lari\u00f4 da Tartaruga.<br \/>\nO Clubinho da Tartaruga foi o cen\u00e1rio. A noite era de gala. O \u201c\u00d3scar\u201d de Pirambu. Reuniu, al\u00e9m dos homenageados integrantes do Grupo Folcl\u00f3rico Lari\u00f4 da Tartaruga, v\u00e1rias personalidades regionais. Nomes do folclore sergipano, artistas, m\u00fasicos, jornalistas e boa parte da comunidade local.<br \/>\nForam muitas emo\u00e7\u00f5es! Tamb\u00e9m prestigiaram as comemora\u00e7\u00f5es os designers gr\u00e1ficos idealizadores da capa e encarte do CD, personagens not\u00e1veis na regi\u00e3o como Dudu do Cart\u00f3rio (in memoria), Idelfonso (in memoria), l\u00edder do Bacamarteiros, autoridades locais, volunt\u00e1rios e convidados especiais.<br \/>\nA noite iniciou com um cortejo pelas ruas da cidade, ciceroneados pelo Batalh\u00e3o do Bacamarteiro de Aguada, Carm\u00f3polis\/SE. Com seus tiros de bacamartes anunciaram o grande evento, que foi regado com um coquetel de comidinhas regionais, a exemplo do beiju molhado, p\u00e9 de moleque, sar\u00f4io, m\u00e1 casado e outras iguarias preparadas por Missininha e a fam\u00edlia de Aguilhadas, povoado de Pirambu.<br \/>\nO Banco do Nordeste enviou um representante, afinal o CD foi produzido com recursos do projeto encaminhado pela Bi\u00f3loga Dayse Rocha, intitulado: \u201cUnhas, Dentes e Can\u00e7\u00f5es em Defesa da Cultura\u201d atrav\u00e9s do Programa BNB de Cultura, e teve como objetivo divulgar o Grupo Folcl\u00f3rico, visando o seu desenvolvimento sustent\u00e1vel e criando oportunidades para apresenta\u00e7\u00f5es em outras regi\u00f5es. O patroc\u00ednio incluiu a produ\u00e7\u00e3o de mil c\u00f3pias do CD com repert\u00f3rio que reuniu cantigas in\u00e9ditas e tradicionais do grupo. Os recursos adquiridos com a venda dos CD\u00b4s foram revertidos integralmente para o Lari\u00f4 da Tartaruga.<br \/>\nEste CD foi fruto de uma grava\u00e7\u00e3o ao vivo, em 2001, quando o Grupo participou da I Mostra de M\u00fasica Sergipana em S\u00e3o Paulo, com o show &#8220;Lembran\u00e7as de Pirambu\u201d.<br \/>\nO Lari\u00f4 segundo Dayse Rocha:<br \/>\nCom caracter\u00edsticas pr\u00f3prias da regi\u00e3o, o Lari\u00f4 da Tartaruga mistura um pouco do Batalh\u00e3o, samba de coco, Batuque e Cantiga de Roda. Os integrantes, em n\u00famero de 20 pares, dan\u00e7am ao som do ganzar, afox\u00e9, atabaque, agog\u00f4 e porca, obedecendo ao som do apito do mestre para a troca de damas durante a dan\u00e7a de roda. Os ensaios s\u00e3o realizados no Clubinho da Tartaruga e chegam a durar cerca de quatro horas seguidas. O grupo \u00e9 formado por pescadores, aposentados, beneficiadoras de camar\u00e3o, crian\u00e7as e adolescentes com idades que variam entre nove e 80 anos. Quando as pessoas iam tapar casas de taipa, os amigos faziam mutir\u00e3o. \u00c0 noite, para garantir que a casa tivesse um piso compactado, todos se reuniam com seus instrumentos (pandeiro, um tronco oco com borracha de c\u00e2mara de ar de pneu, e alguns improvisos) e pisavam firme, dan\u00e7ando o batuque, a brincadeira de roda e a brincadeira de par, sem hora para acabar. O grupo folcl\u00f3rico foi reorganizado a partir de 1995 com o apoio do Projeto Tamar\/Ibama e Petrobras e, desde ent\u00e3o, tem sido uma refer\u00eancia no folclore de Pirambu.<br \/>\nMuitos lembram com facilidade dos momentos em que come\u00e7aram no Lari\u00f4. Jaci Rosa dos Santos, ou \u201cDona Jaci\u201d, compositora e cantora, lembra parte da inf\u00e2ncia nas rodas da fam\u00edlia. \u201cDesde menina via minhas tias brincarem. Ficava sentadinha observando. At\u00e9 que entrava. E isso dura at\u00e9 hoje. N\u00e3o sei de onde tiro for\u00e7as\u201d. E brinca: \u201cn\u00e3o pretendo parar, a n\u00e3o ser que eu fa\u00e7a outra \u2018viagem\u2019\u201d.<\/p>\n<p>Dayse Aparecida Rocha, \u00e9 Bi\u00f3loga, comunicadora popular da R\u00e1dio Serigy, e foi coordenadora do Lari\u00f4 da Tartaruga de 1995 a 2009.<\/p>\n","protected":false},"excerpt":{"rendered":"<p>No dia 07\/07\/07, coincid\u00eancias cabal\u00edsticas a parte, esta data foi comemorada em grande estilo: estava saindo do forno o primeiro e at\u00e9 o momento \u00fanico CD do Grupo Folcl\u00f3rico Lari\u00f4 da Tartaruga. O Clubinho da Tartaruga foi o cen\u00e1rio. A noite era de gala. O \u201c\u00d3scar\u201d de Pirambu. Reuniu, al\u00e9m dos homenageados integrantes do Grupo Folcl\u00f3rico Lari\u00f4 da Tartaruga, v\u00e1rias personalidades regionais. Nomes do folclore sergipano, artistas, m\u00fasicos, jornalistas e<\/p>\n","protected":false},"author":1,"featured_media":1506,"comment_status":"open","ping_status":"open","sticky":false,"template":"","format":"standard","meta":[],"categories":[18],"tags":[],"yoast_head":"<!-- This site is optimized with the Yoast SEO plugin v16.3 - https:\/\/yoast.com\/wordpress\/plugins\/seo\/ -->\n<title>O CD \u201cUm olhar sobre o Lari\u00f4\u201d, do Grupo Folcl\u00f3rico Lari\u00f4 da Tartaruga comemora 13 anos de lan\u00e7amento - TRIBUNA DA PRAIA<\/title>\n<meta name=\"robots\" content=\"index, follow, max-snippet:-1, max-image-preview:large, max-video-preview:-1\" \/>\n<link rel=\"canonical\" href=\"https:\/\/tribunadapraia.com.br\/?p=1505\" \/>\n<meta property=\"og:locale\" content=\"pt_BR\" \/>\n<meta property=\"og:type\" content=\"article\" \/>\n<meta property=\"og:title\" content=\"O CD \u201cUm olhar sobre o Lari\u00f4\u201d, do Grupo Folcl\u00f3rico Lari\u00f4 da Tartaruga comemora 13 anos de lan\u00e7amento - TRIBUNA DA PRAIA\" \/>\n<meta property=\"og:description\" content=\"No dia 07\/07\/07, coincid\u00eancias cabal\u00edsticas a parte, esta data foi comemorada em grande estilo: estava saindo do forno o primeiro e at\u00e9 o momento \u00fanico CD do Grupo Folcl\u00f3rico Lari\u00f4 da Tartaruga. O Clubinho da Tartaruga foi o cen\u00e1rio. A noite era de gala. O \u201c\u00d3scar\u201d de Pirambu. Reuniu, al\u00e9m dos homenageados integrantes do Grupo Folcl\u00f3rico Lari\u00f4 da Tartaruga, v\u00e1rias personalidades regionais. Nomes do folclore sergipano, artistas, m\u00fasicos, jornalistas e\" \/>\n<meta property=\"og:url\" content=\"https:\/\/tribunadapraia.com.br\/?p=1505\" \/>\n<meta property=\"og:site_name\" content=\"TRIBUNA DA PRAIA\" \/>\n<meta property=\"article:publisher\" content=\"https:\/\/www.facebook.com\/tribunadapraiaonline\/\" \/>\n<meta property=\"article:published_time\" content=\"2020-07-07T16:46:36+00:00\" \/>\n<meta property=\"article:modified_time\" content=\"2020-07-07T16:57:46+00:00\" \/>\n<meta property=\"og:image\" content=\"https:\/\/tribunadapraia.com.br\/wp-content\/uploads\/2020\/07\/capa-cd.jpg\" \/>\n\t<meta property=\"og:image:width\" content=\"225\" \/>\n\t<meta property=\"og:image:height\" content=\"224\" \/>\n<meta name=\"twitter:card\" content=\"summary_large_image\" \/>\n<meta name=\"twitter:creator\" content=\"@Claudomir21\" \/>\n<meta name=\"twitter:site\" content=\"@Claudomir21\" \/>\n<meta name=\"twitter:label1\" content=\"Est. tempo de leitura\">\n\t<meta name=\"twitter:data1\" content=\"3 minutos\">\n<script type=\"application\/ld+json\" class=\"yoast-schema-graph\">{\"@context\":\"https:\/\/schema.org\",\"@graph\":[{\"@type\":\"Organization\",\"@id\":\"https:\/\/tribunadapraia.com.br\/#organization\",\"name\":\"Tribuna da Praia\",\"url\":\"https:\/\/tribunadapraia.com.br\/\",\"sameAs\":[\"https:\/\/www.facebook.com\/tribunadapraiaonline\/\",\"https:\/\/www.instagram.com\/claudomirtavares\/\",\"https:\/\/www.youtube.com\/channel\/UCwQf80nxiMzCefAyjbp53Rw\",\"https:\/\/twitter.com\/Claudomir21\"],\"logo\":{\"@type\":\"ImageObject\",\"@id\":\"https:\/\/tribunadapraia.com.br\/#logo\",\"inLanguage\":\"pt-BR\",\"url\":\"https:\/\/tribunadapraia.com.br\/wp-content\/uploads\/2020\/02\/logo.png\",\"contentUrl\":\"https:\/\/tribunadapraia.com.br\/wp-content\/uploads\/2020\/02\/logo.png\",\"width\":501,\"height\":121,\"caption\":\"Tribuna da Praia\"},\"image\":{\"@id\":\"https:\/\/tribunadapraia.com.br\/#logo\"}},{\"@type\":\"WebSite\",\"@id\":\"https:\/\/tribunadapraia.com.br\/#website\",\"url\":\"https:\/\/tribunadapraia.com.br\/\",\"name\":\"TRIBUNA DA PRAIA\",\"description\":\"O 1\\u00ba jornal do interior de Sergipe na internet\",\"publisher\":{\"@id\":\"https:\/\/tribunadapraia.com.br\/#organization\"},\"potentialAction\":[{\"@type\":\"SearchAction\",\"target\":\"https:\/\/tribunadapraia.com.br\/?s={search_term_string}\",\"query-input\":\"required name=search_term_string\"}],\"inLanguage\":\"pt-BR\"},{\"@type\":\"ImageObject\",\"@id\":\"https:\/\/tribunadapraia.com.br\/?p=1505#primaryimage\",\"inLanguage\":\"pt-BR\",\"url\":\"https:\/\/tribunadapraia.com.br\/wp-content\/uploads\/2020\/07\/capa-cd.jpg\",\"contentUrl\":\"https:\/\/tribunadapraia.com.br\/wp-content\/uploads\/2020\/07\/capa-cd.jpg\",\"width\":225,\"height\":224},{\"@type\":\"WebPage\",\"@id\":\"https:\/\/tribunadapraia.com.br\/?p=1505#webpage\",\"url\":\"https:\/\/tribunadapraia.com.br\/?p=1505\",\"name\":\"O CD \\u201cUm olhar sobre o Lari\\u00f4\\u201d, do Grupo Folcl\\u00f3rico Lari\\u00f4 da Tartaruga comemora 13 anos de lan\\u00e7amento - TRIBUNA DA PRAIA\",\"isPartOf\":{\"@id\":\"https:\/\/tribunadapraia.com.br\/#website\"},\"primaryImageOfPage\":{\"@id\":\"https:\/\/tribunadapraia.com.br\/?p=1505#primaryimage\"},\"datePublished\":\"2020-07-07T16:46:36+00:00\",\"dateModified\":\"2020-07-07T16:57:46+00:00\",\"breadcrumb\":{\"@id\":\"https:\/\/tribunadapraia.com.br\/?p=1505#breadcrumb\"},\"inLanguage\":\"pt-BR\",\"potentialAction\":[{\"@type\":\"ReadAction\",\"target\":[\"https:\/\/tribunadapraia.com.br\/?p=1505\"]}]},{\"@type\":\"BreadcrumbList\",\"@id\":\"https:\/\/tribunadapraia.com.br\/?p=1505#breadcrumb\",\"itemListElement\":[{\"@type\":\"ListItem\",\"position\":1,\"item\":{\"@type\":\"WebPage\",\"@id\":\"https:\/\/tribunadapraia.com.br\/\",\"url\":\"https:\/\/tribunadapraia.com.br\/\",\"name\":\"In\\u00edcio\"}},{\"@type\":\"ListItem\",\"position\":2,\"item\":{\"@id\":\"https:\/\/tribunadapraia.com.br\/?p=1505#webpage\"}}]},{\"@type\":\"Article\",\"@id\":\"https:\/\/tribunadapraia.com.br\/?p=1505#article\",\"isPartOf\":{\"@id\":\"https:\/\/tribunadapraia.com.br\/?p=1505#webpage\"},\"author\":{\"@id\":\"https:\/\/tribunadapraia.com.br\/#\/schema\/person\/326b0a9f3163b479142c64eba4928de0\"},\"headline\":\"O CD \\u201cUm olhar sobre o Lari\\u00f4\\u201d, do Grupo Folcl\\u00f3rico Lari\\u00f4 da Tartaruga comemora 13 anos de lan\\u00e7amento\",\"datePublished\":\"2020-07-07T16:46:36+00:00\",\"dateModified\":\"2020-07-07T16:57:46+00:00\",\"mainEntityOfPage\":{\"@id\":\"https:\/\/tribunadapraia.com.br\/?p=1505#webpage\"},\"wordCount\":650,\"commentCount\":0,\"publisher\":{\"@id\":\"https:\/\/tribunadapraia.com.br\/#organization\"},\"image\":{\"@id\":\"https:\/\/tribunadapraia.com.br\/?p=1505#primaryimage\"},\"thumbnailUrl\":\"https:\/\/tribunadapraia.com.br\/wp-content\/uploads\/2020\/07\/capa-cd.jpg\",\"articleSection\":[\"Not\\u00edcias\"],\"inLanguage\":\"pt-BR\",\"potentialAction\":[{\"@type\":\"CommentAction\",\"name\":\"Comment\",\"target\":[\"https:\/\/tribunadapraia.com.br\/?p=1505#respond\"]}]},{\"@type\":\"Person\",\"@id\":\"https:\/\/tribunadapraia.com.br\/#\/schema\/person\/326b0a9f3163b479142c64eba4928de0\",\"name\":\"tribunadapraia\",\"image\":{\"@type\":\"ImageObject\",\"@id\":\"https:\/\/tribunadapraia.com.br\/#personlogo\",\"inLanguage\":\"pt-BR\",\"url\":\"https:\/\/secure.gravatar.com\/avatar\/38b019c74762496076b7355024a0dad9?s=96&d=identicon&r=g\",\"contentUrl\":\"https:\/\/secure.gravatar.com\/avatar\/38b019c74762496076b7355024a0dad9?s=96&d=identicon&r=g\",\"caption\":\"tribunadapraia\"}}]}<\/script>\n<!-- \/ Yoast SEO plugin. -->","wps_subtitle":"","_links":{"self":[{"href":"https:\/\/tribunadapraia.com.br\/index.php?rest_route=\/wp\/v2\/posts\/1505"}],"collection":[{"href":"https:\/\/tribunadapraia.com.br\/index.php?rest_route=\/wp\/v2\/posts"}],"about":[{"href":"https:\/\/tribunadapraia.com.br\/index.php?rest_route=\/wp\/v2\/types\/post"}],"author":[{"embeddable":true,"href":"https:\/\/tribunadapraia.com.br\/index.php?rest_route=\/wp\/v2\/users\/1"}],"replies":[{"embeddable":true,"href":"https:\/\/tribunadapraia.com.br\/index.php?rest_route=%2Fwp%2Fv2%2Fcomments&post=1505"}],"version-history":[{"count":3,"href":"https:\/\/tribunadapraia.com.br\/index.php?rest_route=\/wp\/v2\/posts\/1505\/revisions"}],"predecessor-version":[{"id":1509,"href":"https:\/\/tribunadapraia.com.br\/index.php?rest_route=\/wp\/v2\/posts\/1505\/revisions\/1509"}],"wp:featuredmedia":[{"embeddable":true,"href":"https:\/\/tribunadapraia.com.br\/index.php?rest_route=\/wp\/v2\/media\/1506"}],"wp:attachment":[{"href":"https:\/\/tribunadapraia.com.br\/index.php?rest_route=%2Fwp%2Fv2%2Fmedia&parent=1505"}],"wp:term":[{"taxonomy":"category","embeddable":true,"href":"https:\/\/tribunadapraia.com.br\/index.php?rest_route=%2Fwp%2Fv2%2Fcategories&post=1505"},{"taxonomy":"post_tag","embeddable":true,"href":"https:\/\/tribunadapraia.com.br\/index.php?rest_route=%2Fwp%2Fv2%2Ftags&post=1505"}],"curies":[{"name":"wp","href":"https:\/\/api.w.org\/{rel}","templated":true}]}}