{"id":1502,"date":"2020-07-07T07:06:24","date_gmt":"2020-07-07T10:06:24","guid":{"rendered":"https:\/\/tribunadapraia.com.br\/?p=1502"},"modified":"2020-07-07T07:06:24","modified_gmt":"2020-07-07T10:06:24","slug":"para-onde-vai-qual-o-caminho-natural-de-renatinho-valberto-e-denise","status":"publish","type":"post","link":"https:\/\/tribunadapraia.com.br\/?p=1502","title":{"rendered":"Para onde vai? Qual o caminho natural de Renatinho &#8230; Valberto e Denise?"},"content":{"rendered":"<p>Eis que n\u00e3o se atiram pedras em \u00e1rvores que n\u00e3o d\u00e3o frutos. Os ataques engendrados por advers\u00e1rios contra o ex-prefeito Renato Brand\u00e3o n\u00e3o s\u00e3o gratuitas, mas em fun\u00e7\u00e3o da estatura pol\u00edtica e eleitoral acumulada por este l\u00edder populista em mais de 30 anos de vida p\u00fablica (14 deles commandato eletivo). Isso est\u00e1 sendo motivado por conta da possibilidade cada vez mais real de uma chapa com potencial eleitoral aglutinando Valberto Lima (MDB) e Denise Brand\u00e3o, irm\u00e3 do ex-deputado e com razo\u00e1vel aceita\u00e7\u00e3o popular, o que lhe credencia.<\/p>\n<p>Atirem a primeira pedra aqueles que nunca cometeram tais pecados. Quando os ataques a Renatinho t\u00eam certos remetentes com telhados de vidros, \u00e9 no m\u00ednimo estranho, mas pr\u00f3prio de quem estando com a &#8220;baleadeira&#8221; (estilingue) na m\u00e3o, joga com tais t\u00e1ticas j\u00e1 t\u00e3o conhecidas e marcadas.<\/p>\n<p>\u25a0 Em tempos quentes, as melhores \u00e1rvores s\u00e3o \u00e0s mais frondosa<\/p>\n<p>Com a irrevers\u00edvel pr\u00e9-candidatura do ex-prefeito Luciano Nascimrnto a Prefeitura de Propri\u00e1, j\u00e1 se ensaiam algumas indisfar\u00e7\u00e1veis movimenta\u00e7\u00f4es em dire\u00e7\u00e3o ao ex-deputado que dar\u00e1 uma resposta nos pr\u00f4ximos dias, confirmando os progn\u00f3sticos do DEM Nacional que o t\u00eam entre as prioridades de olho em 2022. Luciano t\u00eam sobre a mesa um leque de ascenos e cortejos para escolher qual o melhor nome (e cen\u00e1rio) para vice, mas o far\u00e1 com o repouso do travesseiro.<\/p>\n<p>Uma nova polariza\u00e7\u00e3o como n\u00e3o vista h\u00e1 16 anos est\u00e1 a caminho em Propri\u00e1 e os progn\u00f3stocos insofism\u00e1veis apontam para uma disputa entre o MDB e o DEM, que atrairiam cada, alguns sat\u00e9lites que j\u00e1 come\u00e7am a reavaliar &#8211; sem admitir publicamente &#8211; o quadro e se re-posicionar neste &#8220;domin\u00f3&#8221; que est\u00e1 se convertendo a pol\u00edtica da Princesinha do S\u00e3o Francisco. Ningu\u00e9m quer &#8220;pingar&#8221;, pois os eleitores est\u00e3o de olho em cada assentada de &#8220;peda&#8221; (sem &#8220;caga-fogo&#8221;) &#8211; se me entendem.<\/p>\n<p>por ClaudOmir Herzog<\/p>\n<p>Para onde vai? Qual o caminho natural de Renatinho &#8230; Valberto e Denise?<\/p>\n","protected":false},"excerpt":{"rendered":"<p>Eis que n\u00e3o se atiram pedras em \u00e1rvores que n\u00e3o d\u00e3o frutos. Os ataques engendrados por advers\u00e1rios contra o ex-prefeito Renato Brand\u00e3o n\u00e3o s\u00e3o gratuitas, mas em fun\u00e7\u00e3o da estatura pol\u00edtica e eleitoral acumulada por este l\u00edder populista em mais de 30 anos de vida p\u00fablica (14 deles commandato eletivo). Isso est\u00e1 sendo motivado por conta da possibilidade cada vez mais real de uma chapa com potencial eleitoral aglutinando Valberto<\/p>\n","protected":false},"author":3,"featured_media":1503,"comment_status":"open","ping_status":"open","sticky":false,"template":"","format":"standard","meta":[],"categories":[18],"tags":[],"yoast_head":"<!-- This site is optimized with the Yoast SEO plugin v16.3 - https:\/\/yoast.com\/wordpress\/plugins\/seo\/ -->\n<title>Para onde vai? Qual o caminho natural de Renatinho ... Valberto e Denise? - TRIBUNA DA PRAIA<\/title>\n<meta name=\"robots\" content=\"index, follow, max-snippet:-1, max-image-preview:large, max-video-preview:-1\" \/>\n<link rel=\"canonical\" href=\"https:\/\/tribunadapraia.com.br\/?p=1502\" \/>\n<meta property=\"og:locale\" content=\"pt_BR\" \/>\n<meta property=\"og:type\" content=\"article\" \/>\n<meta property=\"og:title\" content=\"Para onde vai? Qual o caminho natural de Renatinho ... Valberto e Denise? - TRIBUNA DA PRAIA\" \/>\n<meta property=\"og:description\" content=\"Eis que n\u00e3o se atiram pedras em \u00e1rvores que n\u00e3o d\u00e3o frutos. Os ataques engendrados por advers\u00e1rios contra o ex-prefeito Renato Brand\u00e3o n\u00e3o s\u00e3o gratuitas, mas em fun\u00e7\u00e3o da estatura pol\u00edtica e eleitoral acumulada por este l\u00edder populista em mais de 30 anos de vida p\u00fablica (14 deles commandato eletivo). Isso est\u00e1 sendo motivado por conta da possibilidade cada vez mais real de uma chapa com potencial eleitoral aglutinando Valberto\" \/>\n<meta property=\"og:url\" content=\"https:\/\/tribunadapraia.com.br\/?p=1502\" \/>\n<meta property=\"og:site_name\" content=\"TRIBUNA DA PRAIA\" \/>\n<meta property=\"article:publisher\" content=\"https:\/\/www.facebook.com\/tribunadapraiaonline\/\" \/>\n<meta property=\"article:published_time\" content=\"2020-07-07T10:06:24+00:00\" \/>\n<meta property=\"og:image\" content=\"https:\/\/tribunadapraia.com.br\/wp-content\/uploads\/2020\/07\/tres-pecas-domino.jpg\" \/>\n\t<meta property=\"og:image:width\" content=\"1280\" \/>\n\t<meta property=\"og:image:height\" content=\"912\" \/>\n<meta name=\"twitter:card\" content=\"summary_large_image\" \/>\n<meta name=\"twitter:creator\" content=\"@Claudomir21\" \/>\n<meta name=\"twitter:site\" content=\"@Claudomir21\" \/>\n<meta name=\"twitter:label1\" content=\"Est. tempo de leitura\">\n\t<meta name=\"twitter:data1\" content=\"2 minutos\">\n<script type=\"application\/ld+json\" class=\"yoast-schema-graph\">{\"@context\":\"https:\/\/schema.org\",\"@graph\":[{\"@type\":\"Organization\",\"@id\":\"https:\/\/tribunadapraia.com.br\/#organization\",\"name\":\"Tribuna da Praia\",\"url\":\"https:\/\/tribunadapraia.com.br\/\",\"sameAs\":[\"https:\/\/www.facebook.com\/tribunadapraiaonline\/\",\"https:\/\/www.instagram.com\/claudomirtavares\/\",\"https:\/\/www.youtube.com\/channel\/UCwQf80nxiMzCefAyjbp53Rw\",\"https:\/\/twitter.com\/Claudomir21\"],\"logo\":{\"@type\":\"ImageObject\",\"@id\":\"https:\/\/tribunadapraia.com.br\/#logo\",\"inLanguage\":\"pt-BR\",\"url\":\"https:\/\/tribunadapraia.com.br\/wp-content\/uploads\/2020\/02\/logo.png\",\"contentUrl\":\"https:\/\/tribunadapraia.com.br\/wp-content\/uploads\/2020\/02\/logo.png\",\"width\":501,\"height\":121,\"caption\":\"Tribuna da Praia\"},\"image\":{\"@id\":\"https:\/\/tribunadapraia.com.br\/#logo\"}},{\"@type\":\"WebSite\",\"@id\":\"https:\/\/tribunadapraia.com.br\/#website\",\"url\":\"https:\/\/tribunadapraia.com.br\/\",\"name\":\"TRIBUNA DA PRAIA\",\"description\":\"O 1\\u00ba jornal do interior de Sergipe na internet\",\"publisher\":{\"@id\":\"https:\/\/tribunadapraia.com.br\/#organization\"},\"potentialAction\":[{\"@type\":\"SearchAction\",\"target\":\"https:\/\/tribunadapraia.com.br\/?s={search_term_string}\",\"query-input\":\"required name=search_term_string\"}],\"inLanguage\":\"pt-BR\"},{\"@type\":\"ImageObject\",\"@id\":\"https:\/\/tribunadapraia.com.br\/?p=1502#primaryimage\",\"inLanguage\":\"pt-BR\",\"url\":\"https:\/\/tribunadapraia.com.br\/wp-content\/uploads\/2020\/07\/tres-pecas-domino.jpg\",\"contentUrl\":\"https:\/\/tribunadapraia.com.br\/wp-content\/uploads\/2020\/07\/tres-pecas-domino.jpg\",\"width\":1280,\"height\":912},{\"@type\":\"WebPage\",\"@id\":\"https:\/\/tribunadapraia.com.br\/?p=1502#webpage\",\"url\":\"https:\/\/tribunadapraia.com.br\/?p=1502\",\"name\":\"Para onde vai? Qual o caminho natural de Renatinho ... Valberto e Denise? - TRIBUNA DA PRAIA\",\"isPartOf\":{\"@id\":\"https:\/\/tribunadapraia.com.br\/#website\"},\"primaryImageOfPage\":{\"@id\":\"https:\/\/tribunadapraia.com.br\/?p=1502#primaryimage\"},\"datePublished\":\"2020-07-07T10:06:24+00:00\",\"dateModified\":\"2020-07-07T10:06:24+00:00\",\"breadcrumb\":{\"@id\":\"https:\/\/tribunadapraia.com.br\/?p=1502#breadcrumb\"},\"inLanguage\":\"pt-BR\",\"potentialAction\":[{\"@type\":\"ReadAction\",\"target\":[\"https:\/\/tribunadapraia.com.br\/?p=1502\"]}]},{\"@type\":\"BreadcrumbList\",\"@id\":\"https:\/\/tribunadapraia.com.br\/?p=1502#breadcrumb\",\"itemListElement\":[{\"@type\":\"ListItem\",\"position\":1,\"item\":{\"@type\":\"WebPage\",\"@id\":\"https:\/\/tribunadapraia.com.br\/\",\"url\":\"https:\/\/tribunadapraia.com.br\/\",\"name\":\"In\\u00edcio\"}},{\"@type\":\"ListItem\",\"position\":2,\"item\":{\"@id\":\"https:\/\/tribunadapraia.com.br\/?p=1502#webpage\"}}]},{\"@type\":\"Article\",\"@id\":\"https:\/\/tribunadapraia.com.br\/?p=1502#article\",\"isPartOf\":{\"@id\":\"https:\/\/tribunadapraia.com.br\/?p=1502#webpage\"},\"author\":{\"@id\":\"https:\/\/tribunadapraia.com.br\/#\/schema\/person\/099fbbf59acc5895c0d7d52b4fc46c97\"},\"headline\":\"Para onde vai? Qual o caminho natural de Renatinho &#8230; Valberto e Denise?\",\"datePublished\":\"2020-07-07T10:06:24+00:00\",\"dateModified\":\"2020-07-07T10:06:24+00:00\",\"mainEntityOfPage\":{\"@id\":\"https:\/\/tribunadapraia.com.br\/?p=1502#webpage\"},\"wordCount\":361,\"commentCount\":1,\"publisher\":{\"@id\":\"https:\/\/tribunadapraia.com.br\/#organization\"},\"image\":{\"@id\":\"https:\/\/tribunadapraia.com.br\/?p=1502#primaryimage\"},\"thumbnailUrl\":\"https:\/\/tribunadapraia.com.br\/wp-content\/uploads\/2020\/07\/tres-pecas-domino.jpg\",\"articleSection\":[\"Not\\u00edcias\"],\"inLanguage\":\"pt-BR\",\"potentialAction\":[{\"@type\":\"CommentAction\",\"name\":\"Comment\",\"target\":[\"https:\/\/tribunadapraia.com.br\/?p=1502#respond\"]}]},{\"@type\":\"Person\",\"@id\":\"https:\/\/tribunadapraia.com.br\/#\/schema\/person\/099fbbf59acc5895c0d7d52b4fc46c97\",\"name\":\"Reda\\u00e7\\u00e3o\",\"image\":{\"@type\":\"ImageObject\",\"@id\":\"https:\/\/tribunadapraia.com.br\/#personlogo\",\"inLanguage\":\"pt-BR\",\"url\":\"https:\/\/secure.gravatar.com\/avatar\/91c8b91d2bfd7784eac5c3e055361f64?s=96&d=identicon&r=g\",\"contentUrl\":\"https:\/\/secure.gravatar.com\/avatar\/91c8b91d2bfd7784eac5c3e055361f64?s=96&d=identicon&r=g\",\"caption\":\"Reda\\u00e7\\u00e3o\"}}]}<\/script>\n<!-- \/ Yoast SEO plugin. -->","wps_subtitle":"","_links":{"self":[{"href":"https:\/\/tribunadapraia.com.br\/index.php?rest_route=\/wp\/v2\/posts\/1502"}],"collection":[{"href":"https:\/\/tribunadapraia.com.br\/index.php?rest_route=\/wp\/v2\/posts"}],"about":[{"href":"https:\/\/tribunadapraia.com.br\/index.php?rest_route=\/wp\/v2\/types\/post"}],"author":[{"embeddable":true,"href":"https:\/\/tribunadapraia.com.br\/index.php?rest_route=\/wp\/v2\/users\/3"}],"replies":[{"embeddable":true,"href":"https:\/\/tribunadapraia.com.br\/index.php?rest_route=%2Fwp%2Fv2%2Fcomments&post=1502"}],"version-history":[{"count":1,"href":"https:\/\/tribunadapraia.com.br\/index.php?rest_route=\/wp\/v2\/posts\/1502\/revisions"}],"predecessor-version":[{"id":1504,"href":"https:\/\/tribunadapraia.com.br\/index.php?rest_route=\/wp\/v2\/posts\/1502\/revisions\/1504"}],"wp:featuredmedia":[{"embeddable":true,"href":"https:\/\/tribunadapraia.com.br\/index.php?rest_route=\/wp\/v2\/media\/1503"}],"wp:attachment":[{"href":"https:\/\/tribunadapraia.com.br\/index.php?rest_route=%2Fwp%2Fv2%2Fmedia&parent=1502"}],"wp:term":[{"taxonomy":"category","embeddable":true,"href":"https:\/\/tribunadapraia.com.br\/index.php?rest_route=%2Fwp%2Fv2%2Fcategories&post=1502"},{"taxonomy":"post_tag","embeddable":true,"href":"https:\/\/tribunadapraia.com.br\/index.php?rest_route=%2Fwp%2Fv2%2Ftags&post=1502"}],"curies":[{"name":"wp","href":"https:\/\/api.w.org\/{rel}","templated":true}]}}