{"id":1495,"date":"2020-07-06T05:15:20","date_gmt":"2020-07-06T08:15:20","guid":{"rendered":"https:\/\/tribunadapraia.com.br\/?p=1495"},"modified":"2020-07-06T05:15:20","modified_gmt":"2020-07-06T08:15:20","slug":"tony-moreno-radialista-e-servidor-da-saude-e-pre-candidato-a-vereador-em-propria","status":"publish","type":"post","link":"https:\/\/tribunadapraia.com.br\/?p=1495","title":{"rendered":"TONY MORENO: Radialista e servidor da Sa\u00fade, \u00e9 pr\u00e9-candidato a vereador em Propri\u00e1"},"content":{"rendered":"<p>O radualista Ant\u00f4nio Jos\u00e9 da Silva Santos, o Tony Moreno, apresentador do programa &#8220;Ao p\u00e9 do Botequim&#8221;, uma das maiores audi\u00eancias da na R\u00e1dio Propri\u00e1 FM, \u00e9 pr\u00e9-candidato a vereador pelo Republicanos no munic\u00edpio ribeirinho. Cronista desportivo, com atua\u00e7\u00e3o em emissoras de r\u00e1dio na capital, Aracaju e Penedo, em Alagoas, Tony Moreno \u00e9 tamb\u00e9m servidor efetivo da Sa\u00fade, lotafo na Cl\u00ednica M\u00e1rcia Dantas, prestando relevantes servi\u00e7os \u00e0s comubidade dos bairros Matadouro, Poeira e Prainha, na Zona Leste daquele munic\u00edpio.<\/p>\n<p>Com inser\u00e7\u00e3o social em todas \u00e0s faixas et\u00e1rias, classes e bairros, Toinho \u00e9 una das refer\u00eabcias em car\u00e1ter ilibado e respejto na cidade e povoados da Princesinha do S\u00e3o Franciaco, tendo legitimidade e representatividade para disputar uma das duas vagas que dever\u00e3o ser alcan\u00e7adas pelo seu partido nas elei\u00e7\u00f5es de 15 de novembro de 2020.<\/p>\n<p>Ao justifocar os motivos que o levaram a tomar esta decis\u00e3o, ele declarou que \u00e9 &#8220;pre candidato por entender que a atividade parlamentar \u00e9 um dever e nao uma obriga\u00e7\u00e3o&#8221;, disse e acrescentou que quando deixa o seu nome a disposi\u00e7\u00e3o do partido &#8220;\u00e9 para ser um fiscal do povo e atender os anseios da comunidade&#8221;, concluiu Moreno.<\/p>\n<p>por ClaudOmir Herzog<\/p>\n","protected":false},"excerpt":{"rendered":"<p>O radualista Ant\u00f4nio Jos\u00e9 da Silva Santos, o Tony Moreno, apresentador do programa &#8220;Ao p\u00e9 do Botequim&#8221;, uma das maiores audi\u00eancias da na R\u00e1dio Propri\u00e1 FM, \u00e9 pr\u00e9-candidato a vereador pelo Republicanos no munic\u00edpio ribeirinho. Cronista desportivo, com atua\u00e7\u00e3o em emissoras de r\u00e1dio na capital, Aracaju e Penedo, em Alagoas, Tony Moreno \u00e9 tamb\u00e9m servidor efetivo da Sa\u00fade, lotafo na Cl\u00ednica M\u00e1rcia Dantas, prestando relevantes servi\u00e7os \u00e0s comubidade dos bairros<\/p>\n","protected":false},"author":3,"featured_media":1496,"comment_status":"open","ping_status":"open","sticky":false,"template":"","format":"standard","meta":[],"categories":[18],"tags":[],"yoast_head":"<!-- This site is optimized with the Yoast SEO plugin v16.3 - https:\/\/yoast.com\/wordpress\/plugins\/seo\/ -->\n<title>TONY MORENO: Radialista e servidor da Sa\u00fade, \u00e9 pr\u00e9-candidato a vereador em Propri\u00e1 - TRIBUNA DA PRAIA<\/title>\n<meta name=\"robots\" content=\"index, follow, max-snippet:-1, max-image-preview:large, max-video-preview:-1\" \/>\n<link rel=\"canonical\" href=\"https:\/\/tribunadapraia.com.br\/?p=1495\" \/>\n<meta property=\"og:locale\" content=\"pt_BR\" \/>\n<meta property=\"og:type\" content=\"article\" \/>\n<meta property=\"og:title\" content=\"TONY MORENO: Radialista e servidor da Sa\u00fade, \u00e9 pr\u00e9-candidato a vereador em Propri\u00e1 - TRIBUNA DA PRAIA\" \/>\n<meta property=\"og:description\" content=\"O radualista Ant\u00f4nio Jos\u00e9 da Silva Santos, o Tony Moreno, apresentador do programa &#8220;Ao p\u00e9 do Botequim&#8221;, uma das maiores audi\u00eancias da na R\u00e1dio Propri\u00e1 FM, \u00e9 pr\u00e9-candidato a vereador pelo Republicanos no munic\u00edpio ribeirinho. Cronista desportivo, com atua\u00e7\u00e3o em emissoras de r\u00e1dio na capital, Aracaju e Penedo, em Alagoas, Tony Moreno \u00e9 tamb\u00e9m servidor efetivo da Sa\u00fade, lotafo na Cl\u00ednica M\u00e1rcia Dantas, prestando relevantes servi\u00e7os \u00e0s comubidade dos bairros\" \/>\n<meta property=\"og:url\" content=\"https:\/\/tribunadapraia.com.br\/?p=1495\" \/>\n<meta property=\"og:site_name\" content=\"TRIBUNA DA PRAIA\" \/>\n<meta property=\"article:publisher\" content=\"https:\/\/www.facebook.com\/tribunadapraiaonline\/\" \/>\n<meta property=\"article:published_time\" content=\"2020-07-06T08:15:20+00:00\" \/>\n<meta property=\"og:image\" content=\"https:\/\/tribunadapraia.com.br\/wp-content\/uploads\/2020\/07\/IMG-20200706-WA0000.jpg\" \/>\n\t<meta property=\"og:image:width\" content=\"540\" \/>\n\t<meta property=\"og:image:height\" content=\"313\" \/>\n<meta name=\"twitter:card\" content=\"summary_large_image\" \/>\n<meta name=\"twitter:creator\" content=\"@Claudomir21\" \/>\n<meta name=\"twitter:site\" content=\"@Claudomir21\" \/>\n<meta name=\"twitter:label1\" content=\"Est. tempo de leitura\">\n\t<meta name=\"twitter:data1\" content=\"1 minuto\">\n<script type=\"application\/ld+json\" class=\"yoast-schema-graph\">{\"@context\":\"https:\/\/schema.org\",\"@graph\":[{\"@type\":\"Organization\",\"@id\":\"https:\/\/tribunadapraia.com.br\/#organization\",\"name\":\"Tribuna da Praia\",\"url\":\"https:\/\/tribunadapraia.com.br\/\",\"sameAs\":[\"https:\/\/www.facebook.com\/tribunadapraiaonline\/\",\"https:\/\/www.instagram.com\/claudomirtavares\/\",\"https:\/\/www.youtube.com\/channel\/UCwQf80nxiMzCefAyjbp53Rw\",\"https:\/\/twitter.com\/Claudomir21\"],\"logo\":{\"@type\":\"ImageObject\",\"@id\":\"https:\/\/tribunadapraia.com.br\/#logo\",\"inLanguage\":\"pt-BR\",\"url\":\"https:\/\/tribunadapraia.com.br\/wp-content\/uploads\/2020\/02\/logo.png\",\"contentUrl\":\"https:\/\/tribunadapraia.com.br\/wp-content\/uploads\/2020\/02\/logo.png\",\"width\":501,\"height\":121,\"caption\":\"Tribuna da Praia\"},\"image\":{\"@id\":\"https:\/\/tribunadapraia.com.br\/#logo\"}},{\"@type\":\"WebSite\",\"@id\":\"https:\/\/tribunadapraia.com.br\/#website\",\"url\":\"https:\/\/tribunadapraia.com.br\/\",\"name\":\"TRIBUNA DA PRAIA\",\"description\":\"O 1\\u00ba jornal do interior de Sergipe na internet\",\"publisher\":{\"@id\":\"https:\/\/tribunadapraia.com.br\/#organization\"},\"potentialAction\":[{\"@type\":\"SearchAction\",\"target\":\"https:\/\/tribunadapraia.com.br\/?s={search_term_string}\",\"query-input\":\"required name=search_term_string\"}],\"inLanguage\":\"pt-BR\"},{\"@type\":\"ImageObject\",\"@id\":\"https:\/\/tribunadapraia.com.br\/?p=1495#primaryimage\",\"inLanguage\":\"pt-BR\",\"url\":\"https:\/\/tribunadapraia.com.br\/wp-content\/uploads\/2020\/07\/IMG-20200706-WA0000.jpg\",\"contentUrl\":\"https:\/\/tribunadapraia.com.br\/wp-content\/uploads\/2020\/07\/IMG-20200706-WA0000.jpg\",\"width\":540,\"height\":313},{\"@type\":\"WebPage\",\"@id\":\"https:\/\/tribunadapraia.com.br\/?p=1495#webpage\",\"url\":\"https:\/\/tribunadapraia.com.br\/?p=1495\",\"name\":\"TONY MORENO: Radialista e servidor da Sa\\u00fade, \\u00e9 pr\\u00e9-candidato a vereador em Propri\\u00e1 - TRIBUNA DA PRAIA\",\"isPartOf\":{\"@id\":\"https:\/\/tribunadapraia.com.br\/#website\"},\"primaryImageOfPage\":{\"@id\":\"https:\/\/tribunadapraia.com.br\/?p=1495#primaryimage\"},\"datePublished\":\"2020-07-06T08:15:20+00:00\",\"dateModified\":\"2020-07-06T08:15:20+00:00\",\"breadcrumb\":{\"@id\":\"https:\/\/tribunadapraia.com.br\/?p=1495#breadcrumb\"},\"inLanguage\":\"pt-BR\",\"potentialAction\":[{\"@type\":\"ReadAction\",\"target\":[\"https:\/\/tribunadapraia.com.br\/?p=1495\"]}]},{\"@type\":\"BreadcrumbList\",\"@id\":\"https:\/\/tribunadapraia.com.br\/?p=1495#breadcrumb\",\"itemListElement\":[{\"@type\":\"ListItem\",\"position\":1,\"item\":{\"@type\":\"WebPage\",\"@id\":\"https:\/\/tribunadapraia.com.br\/\",\"url\":\"https:\/\/tribunadapraia.com.br\/\",\"name\":\"In\\u00edcio\"}},{\"@type\":\"ListItem\",\"position\":2,\"item\":{\"@id\":\"https:\/\/tribunadapraia.com.br\/?p=1495#webpage\"}}]},{\"@type\":\"Article\",\"@id\":\"https:\/\/tribunadapraia.com.br\/?p=1495#article\",\"isPartOf\":{\"@id\":\"https:\/\/tribunadapraia.com.br\/?p=1495#webpage\"},\"author\":{\"@id\":\"https:\/\/tribunadapraia.com.br\/#\/schema\/person\/099fbbf59acc5895c0d7d52b4fc46c97\"},\"headline\":\"TONY MORENO: Radialista e servidor da Sa\\u00fade, \\u00e9 pr\\u00e9-candidato a vereador em Propri\\u00e1\",\"datePublished\":\"2020-07-06T08:15:20+00:00\",\"dateModified\":\"2020-07-06T08:15:20+00:00\",\"mainEntityOfPage\":{\"@id\":\"https:\/\/tribunadapraia.com.br\/?p=1495#webpage\"},\"wordCount\":225,\"commentCount\":0,\"publisher\":{\"@id\":\"https:\/\/tribunadapraia.com.br\/#organization\"},\"image\":{\"@id\":\"https:\/\/tribunadapraia.com.br\/?p=1495#primaryimage\"},\"thumbnailUrl\":\"https:\/\/tribunadapraia.com.br\/wp-content\/uploads\/2020\/07\/IMG-20200706-WA0000.jpg\",\"articleSection\":[\"Not\\u00edcias\"],\"inLanguage\":\"pt-BR\",\"potentialAction\":[{\"@type\":\"CommentAction\",\"name\":\"Comment\",\"target\":[\"https:\/\/tribunadapraia.com.br\/?p=1495#respond\"]}]},{\"@type\":\"Person\",\"@id\":\"https:\/\/tribunadapraia.com.br\/#\/schema\/person\/099fbbf59acc5895c0d7d52b4fc46c97\",\"name\":\"Reda\\u00e7\\u00e3o\",\"image\":{\"@type\":\"ImageObject\",\"@id\":\"https:\/\/tribunadapraia.com.br\/#personlogo\",\"inLanguage\":\"pt-BR\",\"url\":\"https:\/\/secure.gravatar.com\/avatar\/91c8b91d2bfd7784eac5c3e055361f64?s=96&d=identicon&r=g\",\"contentUrl\":\"https:\/\/secure.gravatar.com\/avatar\/91c8b91d2bfd7784eac5c3e055361f64?s=96&d=identicon&r=g\",\"caption\":\"Reda\\u00e7\\u00e3o\"}}]}<\/script>\n<!-- \/ Yoast SEO plugin. -->","wps_subtitle":"","_links":{"self":[{"href":"https:\/\/tribunadapraia.com.br\/index.php?rest_route=\/wp\/v2\/posts\/1495"}],"collection":[{"href":"https:\/\/tribunadapraia.com.br\/index.php?rest_route=\/wp\/v2\/posts"}],"about":[{"href":"https:\/\/tribunadapraia.com.br\/index.php?rest_route=\/wp\/v2\/types\/post"}],"author":[{"embeddable":true,"href":"https:\/\/tribunadapraia.com.br\/index.php?rest_route=\/wp\/v2\/users\/3"}],"replies":[{"embeddable":true,"href":"https:\/\/tribunadapraia.com.br\/index.php?rest_route=%2Fwp%2Fv2%2Fcomments&post=1495"}],"version-history":[{"count":1,"href":"https:\/\/tribunadapraia.com.br\/index.php?rest_route=\/wp\/v2\/posts\/1495\/revisions"}],"predecessor-version":[{"id":1497,"href":"https:\/\/tribunadapraia.com.br\/index.php?rest_route=\/wp\/v2\/posts\/1495\/revisions\/1497"}],"wp:featuredmedia":[{"embeddable":true,"href":"https:\/\/tribunadapraia.com.br\/index.php?rest_route=\/wp\/v2\/media\/1496"}],"wp:attachment":[{"href":"https:\/\/tribunadapraia.com.br\/index.php?rest_route=%2Fwp%2Fv2%2Fmedia&parent=1495"}],"wp:term":[{"taxonomy":"category","embeddable":true,"href":"https:\/\/tribunadapraia.com.br\/index.php?rest_route=%2Fwp%2Fv2%2Fcategories&post=1495"},{"taxonomy":"post_tag","embeddable":true,"href":"https:\/\/tribunadapraia.com.br\/index.php?rest_route=%2Fwp%2Fv2%2Ftags&post=1495"}],"curies":[{"name":"wp","href":"https:\/\/api.w.org\/{rel}","templated":true}]}}